{"id":48279,"date":"2021-02-23T08:25:46","date_gmt":"2021-02-23T11:25:46","guid":{"rendered":"https:\/\/dana.com.br\/canaldana\/?p=48279"},"modified":"2021-02-23T08:25:46","modified_gmt":"2021-02-23T11:25:46","slug":"trt-mantem-bloqueio-de-bens-da-ford-taubate","status":"publish","type":"post","link":"https:\/\/dana.com.br\/canaldana\/2021\/02\/23\/trt-mantem-bloqueio-de-bens-da-ford-taubate\/","title":{"rendered":"TRT mant\u00e9m bloqueio de bens da Ford Taubat\u00e9"},"content":{"rendered":"<p><em>AutoInd\u00fastria<\/em><\/p>\n<p>&nbsp;<\/p>\n<p>No mesmo dia em que o Tribunal Regional do Trabalho da 15\u00aa Regi\u00e3o (TRT-15), em Campinas, SP, apreciou um pedido de liminar em mandado de seguran\u00e7a impetrado pela Ford, parte dos funcion\u00e1rios da f\u00e1brica de Taubat\u00e9 retornou ao trabalho para produzir pe\u00e7as a serem destinadas ao mercado de reposi\u00e7\u00e3o. Segundo a montadora, com esse mesmo objetivo as atividades foram retomadas tamb\u00e9m nesta segunda-feira, 22, em Cama\u00e7ari, BA.<\/p>\n<p>&nbsp;<\/p>\n<p>No caso de Taubat\u00e9, onde s\u00e3o produzidos motores e transmiss\u00f5es, o Sindmetau, que representa os metal\u00fargicos da regi\u00e3o, informa que o retorno envolveu 130 dos 830 funcion\u00e1rios diretos. At\u00e9 330 trabalhadores devem ser convocados, de forma escalonada, ao longo desta semana. O importante, segundo a entidade, \u00e9 que todos os funcion\u00e1rios t\u00eam garantidos sal\u00e1rios e benef\u00edcios at\u00e9 que as negocia\u00e7\u00f5es com a empresa sejam conclu\u00eddas.<\/p>\n<p>&nbsp;<\/p>\n<p>Tal garantia consta de senten\u00e7a da desembargadora Maria da Gra\u00e7a Bonan\u00e7a Barbos, do TRT-15, que manteve parcialmente a decis\u00e3o cautelar obtida pelo MPT, Minist\u00e9rio P\u00fablico do Trabalho, contra a Ford no \u00faltimo dia 5 de fevereiro. Al\u00e9m de n\u00e3o poder alienar bens e maquin\u00e1rio da f\u00e1brica em Taubat\u00e9, a montadora n\u00e3o pode praticar dispensa coletiva sem pr\u00e9via negocia\u00e7\u00e3o.<\/p>\n<p>&nbsp;<\/p>\n<p>A empresa tamb\u00e9m est\u00e1 proibida de suspender pagamento dos sal\u00e1rios e licen\u00e7as remuneradas enquanto os contratos de trabalho estiverem em vigor, assim como de oferecer propostas ou valores de forma individual aos trabalhadores. Em caso de descumprimento, ser\u00e1 aplicada multa de R$ 100 mil por cada trabalhador atingido ou por cada m\u00e1quina ou bem removido da unidade fabril.<\/p>\n<p>&nbsp;<\/p>\n<p>O Sindmetau lembra que a primeira camada de prote\u00e7\u00e3o aos trabalhadores \u00e9 um acordo de estabilidade firmado em fevereiro do ano passado, que tem validade at\u00e9 31 de dezembro de 2021. \u201cEstamos fiscalizando a retomada parcial da f\u00e1brica de Tuabate. Uma das quest\u00f5es que mais nos preocupava era a quest\u00e3o de seguran\u00e7a dos trabalhadores e trabalhadoras\u201d, explica o coordenador sindical na Ford, Sinvaldo Cruz.<\/p>\n<p>&nbsp;<\/p>\n<p>Representantes do Sindmetau e da diretoria mundial da Ford devem se reunir at\u00e9 a pr\u00f3xima quinta-feira, 25. O objetivo dos metal\u00fargicos \u00e9 tentar reverter a sa\u00edda da montadora do pa\u00eds. \u201c\u00c9 \u00f3bvio que a gente sabe que \u00e9 muito dif\u00edcil. Mas essa foi uma decis\u00e3o unilateral que a Ford tomou, sem dar ao menos a oportunidade para que pud\u00e9ssemos criar algumas alternativas, que permitissem sua perman\u00eancia na cidade de Taubat\u00e9\u201d, lembra Sinvaldo.<\/p>\n<p>&nbsp;<\/p>\n<p>Com rela\u00e7\u00e3o \u00e0 senten\u00e7a do TRT-15, houve atendimento parcial aos pedidos da Ford. Ao contr\u00e1rio do que havia determinado o MPT, a montadora n\u00e3o est\u00e1 mais obrigada a fornecer, no prazo de 30 dias, um cronograma de negocia\u00e7\u00e3o coletiva com o sindicato dos trabalhadores.<\/p>\n<p>&nbsp;<\/p>\n<p>Segundo a desembargadora, \u201ca dimens\u00e3o da empresa, o n\u00famero de empregos diretos e indiretos atingidos e o impacto social para o Pa\u00eds n\u00e3o comportam uma solu\u00e7\u00e3o simplista para o caso\u201d. (AutoInd\u00fastria)<\/p>\n","protected":false},"excerpt":{"rendered":"<p>AutoInd\u00fastria &nbsp; No mesmo dia em que o Tribunal Regional do Trabalho da 15\u00aa Regi\u00e3o (TRT-15), em Campinas, SP, apreciou um pedido de liminar em mandado de seguran\u00e7a impetrado pela Ford, parte dos funcion\u00e1rios da f\u00e1brica de Taubat\u00e9 retornou ao trabalho para produzir pe\u00e7as a serem destinadas ao mercado de reposi\u00e7\u00e3o. Segundo a montadora, com\u2026 <a class=\"readmore\" href=\"https:\/\/dana.com.br\/canaldana\/2021\/02\/23\/trt-mantem-bloqueio-de-bens-da-ford-taubate\/\">Leia mais \u00bb<\/a><\/p>\n","protected":false},"author":3,"featured_media":0,"comment_status":"closed","ping_status":"closed","sticky":false,"template":"","format":"standard","meta":{"_acf_changed":false,"footnotes":""},"categories":[61],"tags":[],"class_list":["post-48279","post","type-post","status-publish","format-standard","hentry","category-destaques"],"acf":[],"yoast_head":"<!-- This site is optimized with the Yoast SEO plugin v27.3 - https:\/\/yoast.com\/product\/yoast-seo-wordpress\/ -->\n<title>TRT mant\u00e9m bloqueio de bens da Ford Taubat\u00e9 - Canal Dana<\/title>\n<meta name=\"robots\" content=\"index, follow, max-snippet:-1, max-image-preview:large, max-video-preview:-1\" \/>\n<link rel=\"canonical\" href=\"https:\/\/dana.com.br\/canaldana\/2021\/02\/23\/trt-mantem-bloqueio-de-bens-da-ford-taubate\/\" \/>\n<meta property=\"og:locale\" content=\"pt_BR\" \/>\n<meta property=\"og:type\" content=\"article\" \/>\n<meta property=\"og:title\" content=\"TRT mant\u00e9m bloqueio de bens da Ford Taubat\u00e9 - Canal Dana\" \/>\n<meta property=\"og:description\" content=\"AutoInd\u00fastria &nbsp; No mesmo dia em que o Tribunal Regional do Trabalho da 15\u00aa Regi\u00e3o (TRT-15), em Campinas, SP, apreciou um pedido de liminar em mandado de seguran\u00e7a impetrado pela Ford, parte dos funcion\u00e1rios da f\u00e1brica de Taubat\u00e9 retornou ao trabalho para produzir pe\u00e7as a serem destinadas ao mercado de reposi\u00e7\u00e3o. Segundo a montadora, com\u2026 Leia mais \u00bb\" \/>\n<meta property=\"og:url\" content=\"https:\/\/dana.com.br\/canaldana\/2021\/02\/23\/trt-mantem-bloqueio-de-bens-da-ford-taubate\/\" \/>\n<meta property=\"og:site_name\" content=\"Canal Dana\" \/>\n<meta property=\"article:published_time\" content=\"2021-02-23T11:25:46+00:00\" \/>\n<meta name=\"author\" content=\"Canal Dana\" \/>\n<meta name=\"twitter:card\" content=\"summary_large_image\" \/>\n<meta name=\"twitter:label1\" content=\"Escrito por\" \/>\n\t<meta name=\"twitter:data1\" content=\"Canal Dana\" \/>\n\t<meta name=\"twitter:label2\" content=\"Est. tempo de leitura\" \/>\n\t<meta name=\"twitter:data2\" content=\"3 minutos\" \/>\n<script type=\"application\/ld+json\" class=\"yoast-schema-graph\">{\"@context\":\"https:\\\/\\\/schema.org\",\"@graph\":[{\"@type\":\"Article\",\"@id\":\"https:\\\/\\\/dana.com.br\\\/canaldana\\\/2021\\\/02\\\/23\\\/trt-mantem-bloqueio-de-bens-da-ford-taubate\\\/#article\",\"isPartOf\":{\"@id\":\"https:\\\/\\\/dana.com.br\\\/canaldana\\\/2021\\\/02\\\/23\\\/trt-mantem-bloqueio-de-bens-da-ford-taubate\\\/\"},\"author\":{\"name\":\"Canal Dana\",\"@id\":\"https:\\\/\\\/dana.com.br\\\/canaldana\\\/#\\\/schema\\\/person\\\/3c21f22f56fcf3bc46b94bc60ea4fef6\"},\"headline\":\"TRT mant\u00e9m bloqueio de bens da Ford Taubat\u00e9\",\"datePublished\":\"2021-02-23T11:25:46+00:00\",\"mainEntityOfPage\":{\"@id\":\"https:\\\/\\\/dana.com.br\\\/canaldana\\\/2021\\\/02\\\/23\\\/trt-mantem-bloqueio-de-bens-da-ford-taubate\\\/\"},\"wordCount\":521,\"articleSection\":[\"Destaques\"],\"inLanguage\":\"pt-BR\"},{\"@type\":\"WebPage\",\"@id\":\"https:\\\/\\\/dana.com.br\\\/canaldana\\\/2021\\\/02\\\/23\\\/trt-mantem-bloqueio-de-bens-da-ford-taubate\\\/\",\"url\":\"https:\\\/\\\/dana.com.br\\\/canaldana\\\/2021\\\/02\\\/23\\\/trt-mantem-bloqueio-de-bens-da-ford-taubate\\\/\",\"name\":\"TRT mant\u00e9m bloqueio de bens da Ford Taubat\u00e9 - Canal Dana\",\"isPartOf\":{\"@id\":\"https:\\\/\\\/dana.com.br\\\/canaldana\\\/#website\"},\"datePublished\":\"2021-02-23T11:25:46+00:00\",\"author\":{\"@id\":\"https:\\\/\\\/dana.com.br\\\/canaldana\\\/#\\\/schema\\\/person\\\/3c21f22f56fcf3bc46b94bc60ea4fef6\"},\"breadcrumb\":{\"@id\":\"https:\\\/\\\/dana.com.br\\\/canaldana\\\/2021\\\/02\\\/23\\\/trt-mantem-bloqueio-de-bens-da-ford-taubate\\\/#breadcrumb\"},\"inLanguage\":\"pt-BR\",\"potentialAction\":[{\"@type\":\"ReadAction\",\"target\":[\"https:\\\/\\\/dana.com.br\\\/canaldana\\\/2021\\\/02\\\/23\\\/trt-mantem-bloqueio-de-bens-da-ford-taubate\\\/\"]}]},{\"@type\":\"BreadcrumbList\",\"@id\":\"https:\\\/\\\/dana.com.br\\\/canaldana\\\/2021\\\/02\\\/23\\\/trt-mantem-bloqueio-de-bens-da-ford-taubate\\\/#breadcrumb\",\"itemListElement\":[{\"@type\":\"ListItem\",\"position\":1,\"name\":\"Home\",\"item\":\"https:\\\/\\\/dana.com.br\\\/canaldana\\\/\"},{\"@type\":\"ListItem\",\"position\":2,\"name\":\"Destaques\",\"item\":\"https:\\\/\\\/dana.com.br\\\/canaldana\\\/destaques\\\/\"},{\"@type\":\"ListItem\",\"position\":3,\"name\":\"TRT mant\u00e9m bloqueio de bens da Ford Taubat\u00e9\"}]},{\"@type\":\"WebSite\",\"@id\":\"https:\\\/\\\/dana.com.br\\\/canaldana\\\/#website\",\"url\":\"https:\\\/\\\/dana.com.br\\\/canaldana\\\/\",\"name\":\"Canal Dana\",\"description\":\"Informativo com as principais not\u00edcias da ind\u00fastria automotiva\",\"potentialAction\":[{\"@type\":\"SearchAction\",\"target\":{\"@type\":\"EntryPoint\",\"urlTemplate\":\"https:\\\/\\\/dana.com.br\\\/canaldana\\\/?s={search_term_string}\"},\"query-input\":{\"@type\":\"PropertyValueSpecification\",\"valueRequired\":true,\"valueName\":\"search_term_string\"}}],\"inLanguage\":\"pt-BR\"},{\"@type\":\"Person\",\"@id\":\"https:\\\/\\\/dana.com.br\\\/canaldana\\\/#\\\/schema\\\/person\\\/3c21f22f56fcf3bc46b94bc60ea4fef6\",\"name\":\"Canal Dana\",\"image\":{\"@type\":\"ImageObject\",\"inLanguage\":\"pt-BR\",\"@id\":\"https:\\\/\\\/secure.gravatar.com\\\/avatar\\\/420aaf9278582877d9018637c6817617705899d2858d7572ef0fe59a6b6454b4?s=96&d=mm&r=g\",\"url\":\"https:\\\/\\\/secure.gravatar.com\\\/avatar\\\/420aaf9278582877d9018637c6817617705899d2858d7572ef0fe59a6b6454b4?s=96&d=mm&r=g\",\"contentUrl\":\"https:\\\/\\\/secure.gravatar.com\\\/avatar\\\/420aaf9278582877d9018637c6817617705899d2858d7572ef0fe59a6b6454b4?s=96&d=mm&r=g\",\"caption\":\"Canal Dana\"},\"url\":\"https:\\\/\\\/dana.com.br\\\/canaldana\\\/author\\\/cdeditor\\\/\"}]}<\/script>\n<!-- \/ Yoast SEO plugin. -->","yoast_head_json":{"title":"TRT mant\u00e9m bloqueio de bens da Ford Taubat\u00e9 - Canal Dana","robots":{"index":"index","follow":"follow","max-snippet":"max-snippet:-1","max-image-preview":"max-image-preview:large","max-video-preview":"max-video-preview:-1"},"canonical":"https:\/\/dana.com.br\/canaldana\/2021\/02\/23\/trt-mantem-bloqueio-de-bens-da-ford-taubate\/","og_locale":"pt_BR","og_type":"article","og_title":"TRT mant\u00e9m bloqueio de bens da Ford Taubat\u00e9 - Canal Dana","og_description":"AutoInd\u00fastria &nbsp; No mesmo dia em que o Tribunal Regional do Trabalho da 15\u00aa Regi\u00e3o (TRT-15), em Campinas, SP, apreciou um pedido de liminar em mandado de seguran\u00e7a impetrado pela Ford, parte dos funcion\u00e1rios da f\u00e1brica de Taubat\u00e9 retornou ao trabalho para produzir pe\u00e7as a serem destinadas ao mercado de reposi\u00e7\u00e3o. Segundo a montadora, com\u2026 Leia mais \u00bb","og_url":"https:\/\/dana.com.br\/canaldana\/2021\/02\/23\/trt-mantem-bloqueio-de-bens-da-ford-taubate\/","og_site_name":"Canal Dana","article_published_time":"2021-02-23T11:25:46+00:00","author":"Canal Dana","twitter_card":"summary_large_image","twitter_misc":{"Escrito por":"Canal Dana","Est. tempo de leitura":"3 minutos"},"schema":{"@context":"https:\/\/schema.org","@graph":[{"@type":"Article","@id":"https:\/\/dana.com.br\/canaldana\/2021\/02\/23\/trt-mantem-bloqueio-de-bens-da-ford-taubate\/#article","isPartOf":{"@id":"https:\/\/dana.com.br\/canaldana\/2021\/02\/23\/trt-mantem-bloqueio-de-bens-da-ford-taubate\/"},"author":{"name":"Canal Dana","@id":"https:\/\/dana.com.br\/canaldana\/#\/schema\/person\/3c21f22f56fcf3bc46b94bc60ea4fef6"},"headline":"TRT mant\u00e9m bloqueio de bens da Ford Taubat\u00e9","datePublished":"2021-02-23T11:25:46+00:00","mainEntityOfPage":{"@id":"https:\/\/dana.com.br\/canaldana\/2021\/02\/23\/trt-mantem-bloqueio-de-bens-da-ford-taubate\/"},"wordCount":521,"articleSection":["Destaques"],"inLanguage":"pt-BR"},{"@type":"WebPage","@id":"https:\/\/dana.com.br\/canaldana\/2021\/02\/23\/trt-mantem-bloqueio-de-bens-da-ford-taubate\/","url":"https:\/\/dana.com.br\/canaldana\/2021\/02\/23\/trt-mantem-bloqueio-de-bens-da-ford-taubate\/","name":"TRT mant\u00e9m bloqueio de bens da Ford Taubat\u00e9 - Canal Dana","isPartOf":{"@id":"https:\/\/dana.com.br\/canaldana\/#website"},"datePublished":"2021-02-23T11:25:46+00:00","author":{"@id":"https:\/\/dana.com.br\/canaldana\/#\/schema\/person\/3c21f22f56fcf3bc46b94bc60ea4fef6"},"breadcrumb":{"@id":"https:\/\/dana.com.br\/canaldana\/2021\/02\/23\/trt-mantem-bloqueio-de-bens-da-ford-taubate\/#breadcrumb"},"inLanguage":"pt-BR","potentialAction":[{"@type":"ReadAction","target":["https:\/\/dana.com.br\/canaldana\/2021\/02\/23\/trt-mantem-bloqueio-de-bens-da-ford-taubate\/"]}]},{"@type":"BreadcrumbList","@id":"https:\/\/dana.com.br\/canaldana\/2021\/02\/23\/trt-mantem-bloqueio-de-bens-da-ford-taubate\/#breadcrumb","itemListElement":[{"@type":"ListItem","position":1,"name":"Home","item":"https:\/\/dana.com.br\/canaldana\/"},{"@type":"ListItem","position":2,"name":"Destaques","item":"https:\/\/dana.com.br\/canaldana\/destaques\/"},{"@type":"ListItem","position":3,"name":"TRT mant\u00e9m bloqueio de bens da Ford Taubat\u00e9"}]},{"@type":"WebSite","@id":"https:\/\/dana.com.br\/canaldana\/#website","url":"https:\/\/dana.com.br\/canaldana\/","name":"Canal Dana","description":"Informativo com as principais not\u00edcias da ind\u00fastria automotiva","potentialAction":[{"@type":"SearchAction","target":{"@type":"EntryPoint","urlTemplate":"https:\/\/dana.com.br\/canaldana\/?s={search_term_string}"},"query-input":{"@type":"PropertyValueSpecification","valueRequired":true,"valueName":"search_term_string"}}],"inLanguage":"pt-BR"},{"@type":"Person","@id":"https:\/\/dana.com.br\/canaldana\/#\/schema\/person\/3c21f22f56fcf3bc46b94bc60ea4fef6","name":"Canal Dana","image":{"@type":"ImageObject","inLanguage":"pt-BR","@id":"https:\/\/secure.gravatar.com\/avatar\/420aaf9278582877d9018637c6817617705899d2858d7572ef0fe59a6b6454b4?s=96&d=mm&r=g","url":"https:\/\/secure.gravatar.com\/avatar\/420aaf9278582877d9018637c6817617705899d2858d7572ef0fe59a6b6454b4?s=96&d=mm&r=g","contentUrl":"https:\/\/secure.gravatar.com\/avatar\/420aaf9278582877d9018637c6817617705899d2858d7572ef0fe59a6b6454b4?s=96&d=mm&r=g","caption":"Canal Dana"},"url":"https:\/\/dana.com.br\/canaldana\/author\/cdeditor\/"}]}},"_links":{"self":[{"href":"https:\/\/dana.com.br\/canaldana\/wp-json\/wp\/v2\/posts\/48279","targetHints":{"allow":["GET"]}}],"collection":[{"href":"https:\/\/dana.com.br\/canaldana\/wp-json\/wp\/v2\/posts"}],"about":[{"href":"https:\/\/dana.com.br\/canaldana\/wp-json\/wp\/v2\/types\/post"}],"author":[{"embeddable":true,"href":"https:\/\/dana.com.br\/canaldana\/wp-json\/wp\/v2\/users\/3"}],"replies":[{"embeddable":true,"href":"https:\/\/dana.com.br\/canaldana\/wp-json\/wp\/v2\/comments?post=48279"}],"version-history":[{"count":0,"href":"https:\/\/dana.com.br\/canaldana\/wp-json\/wp\/v2\/posts\/48279\/revisions"}],"wp:attachment":[{"href":"https:\/\/dana.com.br\/canaldana\/wp-json\/wp\/v2\/media?parent=48279"}],"wp:term":[{"taxonomy":"category","embeddable":true,"href":"https:\/\/dana.com.br\/canaldana\/wp-json\/wp\/v2\/categories?post=48279"},{"taxonomy":"post_tag","embeddable":true,"href":"https:\/\/dana.com.br\/canaldana\/wp-json\/wp\/v2\/tags?post=48279"}],"curies":[{"name":"wp","href":"https:\/\/api.w.org\/{rel}","templated":true}]}}