{"id":48261,"date":"2021-02-23T08:20:37","date_gmt":"2021-02-23T11:20:37","guid":{"rendered":"https:\/\/dana.com.br\/canaldana\/?p=48261"},"modified":"2021-02-23T08:20:37","modified_gmt":"2021-02-23T11:20:37","slug":"mercedes-benz-vans-traz-seu-novo-conceito-de-atendimento-para-o-primeiro-van-center-do-nordeste","status":"publish","type":"post","link":"https:\/\/dana.com.br\/canaldana\/2021\/02\/23\/mercedes-benz-vans-traz-seu-novo-conceito-de-atendimento-para-o-primeiro-van-center-do-nordeste\/","title":{"rendered":"Mercedes-Benz Vans traz seu novo conceito de atendimento para o primeiro Van Center do Nordeste"},"content":{"rendered":"<p><em>Di\u00e1rio do Transporte<\/em><\/p>\n<p>&nbsp;<\/p>\n<p>A Mercedes-Benz Vans apresenta o seu novo conceito de atendimento ao cliente no Van Center da Cear\u00e1 Diesel, em fevereiro na cidade de Fortaleza. Al\u00e9m de ser a primeira loja exclusiva do Nordeste com o portf\u00f3lio da linha Sprinter, o concession\u00e1rio investiu em inova\u00e7\u00e3o e modernizou sua instala\u00e7\u00e3o nas \u00e1reas de vendas e p\u00f3s-venda para oferecer uma experi\u00eancia mais digital aos clientes.<\/p>\n<p>&nbsp;<\/p>\n<p>\u201c\u00c9 com grande satisfa\u00e7\u00e3o que inauguramos mais um Van Center no Brasil. O grande diferencial dessa unidade \u00e9 a nova experi\u00eancia de atendimento Mercedes-Benz Vans, que traz inova\u00e7\u00e3o em toda a infraestrutura e equipe especializada para oferecer as melhores solu\u00e7\u00f5es e produtos aos clientes deste segmento\u201d, destaca Jefferson Ferrarez, presidente e CEO Mercedes-Benz Cars &amp; Vans Brasil.<\/p>\n<p>&nbsp;<\/p>\n<p>Desde 2012, ocorre a implementa\u00e7\u00e3o das unidades de Van Center para acompanhar o crescimento da linha de neg\u00f3cios de Vans no mercado brasileiro. Atualmente, existem oito pontos totalmente dedicados \u00e0 linha Sprinter, sendo tr\u00eas no Rio de Janeiro, dois em Belo Horizonte, um em S\u00e3o Paulo, um em Curitiba e agora, o Van Center de Fortaleza.<\/p>\n<p>&nbsp;<\/p>\n<p>Os clientes da Cear\u00e1 Diesel podem conferir a nova experi\u00eancia de atendimento Mercedes-Benz Vans que coloca o cliente no centro de todos os seus processos e busca oferecer a melhor experi\u00eancia de vendas e servi\u00e7os por meio de novos processos digitais em um espa\u00e7o de mais de sete mil metros quadrados que conta com design moderno e diferentes formatos de atendimento. A inaugura\u00e7\u00e3o do Van Center acontece de forma totalmente digital no Facebook e Instagram do concession\u00e1rio nessa semana.<\/p>\n<p>&nbsp;<\/p>\n<p>\u201cCom essa nova estrutura exclusiva e equipe dedicada \u00e0 Sprinter, oferecemos aos nossos clientes atendimento especializado a cada demanda e necessidade, al\u00e9m de m\u00e1xima agilidade nos servi\u00e7os de p\u00f3s-venda para assegurar a produtividade nas atividades de transporte\u201d ressalva Marcelo Oliveira, diretor comercial da Cear\u00e1 Diesel.<\/p>\n<p>&nbsp;<\/p>\n<p>A Cear\u00e1 Diesel, que pertence ao Grupo Guanabara, foi fundada com a jun\u00e7\u00e3o de duas concession\u00e1rias Mercedes-Benz (a Aguanambi Diesel e a NovaTerra Diesel) em 1998. Hoje, a empresa possui a matriz em Fortaleza e filiais em Juazeiro do Norte e em Sobral.<\/p>\n<p>&nbsp;<\/p>\n<p><strong>Servi\u00e7o<\/strong><\/p>\n<p><strong>\u00a0<\/strong><\/p>\n<p><strong>Cear\u00e1 Diesel Fortaleza<\/strong><\/p>\n<p><strong>Endere\u00e7o:<\/strong> Av. Aguanambi, 2.269 \u2013 F\u00e1tima, Fortaleza \u2013 CE, 60055-401, Brasil<\/p>\n<p><strong>Telefone:<\/strong> (85) 4012-6500<\/p>\n<p><strong>Website:<\/strong> <a href=\"https:\/\/cearadiesel.com.br\">https:\/\/cearadiesel.com.br<\/a><\/p>\n<p><strong>Facebook:<\/strong> <a href=\"https:\/\/www.facebook.com\/CearaDiesel\" target=\"_blank\" rel=\"noopener noreferrer\">https:\/\/www.facebook.com\/CearaDiesel<\/a><\/p>\n<p><strong>Instagram:<\/strong> @cearadiesel<\/p>\n<p>(Di\u00e1rio do Transporte)<\/p>\n","protected":false},"excerpt":{"rendered":"<p>Di\u00e1rio do Transporte &nbsp; A Mercedes-Benz Vans apresenta o seu novo conceito de atendimento ao cliente no Van Center da Cear\u00e1 Diesel, em fevereiro na cidade de Fortaleza. Al\u00e9m de ser a primeira loja exclusiva do Nordeste com o portf\u00f3lio da linha Sprinter, o concession\u00e1rio investiu em inova\u00e7\u00e3o e modernizou sua instala\u00e7\u00e3o nas \u00e1reas de\u2026 <a class=\"readmore\" href=\"https:\/\/dana.com.br\/canaldana\/2021\/02\/23\/mercedes-benz-vans-traz-seu-novo-conceito-de-atendimento-para-o-primeiro-van-center-do-nordeste\/\">Leia mais \u00bb<\/a><\/p>\n","protected":false},"author":3,"featured_media":0,"comment_status":"closed","ping_status":"closed","sticky":false,"template":"","format":"standard","meta":{"_acf_changed":false,"footnotes":""},"categories":[79],"tags":[],"class_list":["post-48261","post","type-post","status-publish","format-standard","hentry","category-mercado"],"acf":[],"yoast_head":"<!-- This site is optimized with the Yoast SEO plugin v27.3 - https:\/\/yoast.com\/product\/yoast-seo-wordpress\/ -->\n<title>Mercedes-Benz Vans traz seu novo conceito de atendimento para o primeiro Van Center do Nordeste - Canal Dana<\/title>\n<meta name=\"robots\" content=\"index, follow, max-snippet:-1, max-image-preview:large, max-video-preview:-1\" \/>\n<link rel=\"canonical\" href=\"https:\/\/dana.com.br\/canaldana\/2021\/02\/23\/mercedes-benz-vans-traz-seu-novo-conceito-de-atendimento-para-o-primeiro-van-center-do-nordeste\/\" \/>\n<meta property=\"og:locale\" content=\"pt_BR\" \/>\n<meta property=\"og:type\" content=\"article\" \/>\n<meta property=\"og:title\" content=\"Mercedes-Benz Vans traz seu novo conceito de atendimento para o primeiro Van Center do Nordeste - Canal Dana\" \/>\n<meta property=\"og:description\" content=\"Di\u00e1rio do Transporte &nbsp; A Mercedes-Benz Vans apresenta o seu novo conceito de atendimento ao cliente no Van Center da Cear\u00e1 Diesel, em fevereiro na cidade de Fortaleza. Al\u00e9m de ser a primeira loja exclusiva do Nordeste com o portf\u00f3lio da linha Sprinter, o concession\u00e1rio investiu em inova\u00e7\u00e3o e modernizou sua instala\u00e7\u00e3o nas \u00e1reas de\u2026 Leia mais \u00bb\" \/>\n<meta property=\"og:url\" content=\"https:\/\/dana.com.br\/canaldana\/2021\/02\/23\/mercedes-benz-vans-traz-seu-novo-conceito-de-atendimento-para-o-primeiro-van-center-do-nordeste\/\" \/>\n<meta property=\"og:site_name\" content=\"Canal Dana\" \/>\n<meta property=\"article:published_time\" content=\"2021-02-23T11:20:37+00:00\" \/>\n<meta name=\"author\" content=\"Canal Dana\" \/>\n<meta name=\"twitter:card\" content=\"summary_large_image\" \/>\n<meta name=\"twitter:label1\" content=\"Escrito por\" \/>\n\t<meta name=\"twitter:data1\" content=\"Canal Dana\" \/>\n\t<meta name=\"twitter:label2\" content=\"Est. tempo de leitura\" \/>\n\t<meta name=\"twitter:data2\" content=\"2 minutos\" \/>\n<script type=\"application\/ld+json\" class=\"yoast-schema-graph\">{\"@context\":\"https:\\\/\\\/schema.org\",\"@graph\":[{\"@type\":\"Article\",\"@id\":\"https:\\\/\\\/dana.com.br\\\/canaldana\\\/2021\\\/02\\\/23\\\/mercedes-benz-vans-traz-seu-novo-conceito-de-atendimento-para-o-primeiro-van-center-do-nordeste\\\/#article\",\"isPartOf\":{\"@id\":\"https:\\\/\\\/dana.com.br\\\/canaldana\\\/2021\\\/02\\\/23\\\/mercedes-benz-vans-traz-seu-novo-conceito-de-atendimento-para-o-primeiro-van-center-do-nordeste\\\/\"},\"author\":{\"name\":\"Canal Dana\",\"@id\":\"https:\\\/\\\/dana.com.br\\\/canaldana\\\/#\\\/schema\\\/person\\\/3c21f22f56fcf3bc46b94bc60ea4fef6\"},\"headline\":\"Mercedes-Benz Vans traz seu novo conceito de atendimento para o primeiro Van Center do Nordeste\",\"datePublished\":\"2021-02-23T11:20:37+00:00\",\"mainEntityOfPage\":{\"@id\":\"https:\\\/\\\/dana.com.br\\\/canaldana\\\/2021\\\/02\\\/23\\\/mercedes-benz-vans-traz-seu-novo-conceito-de-atendimento-para-o-primeiro-van-center-do-nordeste\\\/\"},\"wordCount\":423,\"articleSection\":[\"Mercado\"],\"inLanguage\":\"pt-BR\"},{\"@type\":\"WebPage\",\"@id\":\"https:\\\/\\\/dana.com.br\\\/canaldana\\\/2021\\\/02\\\/23\\\/mercedes-benz-vans-traz-seu-novo-conceito-de-atendimento-para-o-primeiro-van-center-do-nordeste\\\/\",\"url\":\"https:\\\/\\\/dana.com.br\\\/canaldana\\\/2021\\\/02\\\/23\\\/mercedes-benz-vans-traz-seu-novo-conceito-de-atendimento-para-o-primeiro-van-center-do-nordeste\\\/\",\"name\":\"Mercedes-Benz Vans traz seu novo conceito de atendimento para o primeiro Van Center do Nordeste - Canal Dana\",\"isPartOf\":{\"@id\":\"https:\\\/\\\/dana.com.br\\\/canaldana\\\/#website\"},\"datePublished\":\"2021-02-23T11:20:37+00:00\",\"author\":{\"@id\":\"https:\\\/\\\/dana.com.br\\\/canaldana\\\/#\\\/schema\\\/person\\\/3c21f22f56fcf3bc46b94bc60ea4fef6\"},\"breadcrumb\":{\"@id\":\"https:\\\/\\\/dana.com.br\\\/canaldana\\\/2021\\\/02\\\/23\\\/mercedes-benz-vans-traz-seu-novo-conceito-de-atendimento-para-o-primeiro-van-center-do-nordeste\\\/#breadcrumb\"},\"inLanguage\":\"pt-BR\",\"potentialAction\":[{\"@type\":\"ReadAction\",\"target\":[\"https:\\\/\\\/dana.com.br\\\/canaldana\\\/2021\\\/02\\\/23\\\/mercedes-benz-vans-traz-seu-novo-conceito-de-atendimento-para-o-primeiro-van-center-do-nordeste\\\/\"]}]},{\"@type\":\"BreadcrumbList\",\"@id\":\"https:\\\/\\\/dana.com.br\\\/canaldana\\\/2021\\\/02\\\/23\\\/mercedes-benz-vans-traz-seu-novo-conceito-de-atendimento-para-o-primeiro-van-center-do-nordeste\\\/#breadcrumb\",\"itemListElement\":[{\"@type\":\"ListItem\",\"position\":1,\"name\":\"Home\",\"item\":\"https:\\\/\\\/dana.com.br\\\/canaldana\\\/\"},{\"@type\":\"ListItem\",\"position\":2,\"name\":\"Mercado\",\"item\":\"https:\\\/\\\/dana.com.br\\\/canaldana\\\/mercado\\\/\"},{\"@type\":\"ListItem\",\"position\":3,\"name\":\"Mercedes-Benz Vans traz seu novo conceito de atendimento para o primeiro Van Center do Nordeste\"}]},{\"@type\":\"WebSite\",\"@id\":\"https:\\\/\\\/dana.com.br\\\/canaldana\\\/#website\",\"url\":\"https:\\\/\\\/dana.com.br\\\/canaldana\\\/\",\"name\":\"Canal Dana\",\"description\":\"Informativo com as principais not\u00edcias da ind\u00fastria automotiva\",\"potentialAction\":[{\"@type\":\"SearchAction\",\"target\":{\"@type\":\"EntryPoint\",\"urlTemplate\":\"https:\\\/\\\/dana.com.br\\\/canaldana\\\/?s={search_term_string}\"},\"query-input\":{\"@type\":\"PropertyValueSpecification\",\"valueRequired\":true,\"valueName\":\"search_term_string\"}}],\"inLanguage\":\"pt-BR\"},{\"@type\":\"Person\",\"@id\":\"https:\\\/\\\/dana.com.br\\\/canaldana\\\/#\\\/schema\\\/person\\\/3c21f22f56fcf3bc46b94bc60ea4fef6\",\"name\":\"Canal Dana\",\"image\":{\"@type\":\"ImageObject\",\"inLanguage\":\"pt-BR\",\"@id\":\"https:\\\/\\\/secure.gravatar.com\\\/avatar\\\/420aaf9278582877d9018637c6817617705899d2858d7572ef0fe59a6b6454b4?s=96&d=mm&r=g\",\"url\":\"https:\\\/\\\/secure.gravatar.com\\\/avatar\\\/420aaf9278582877d9018637c6817617705899d2858d7572ef0fe59a6b6454b4?s=96&d=mm&r=g\",\"contentUrl\":\"https:\\\/\\\/secure.gravatar.com\\\/avatar\\\/420aaf9278582877d9018637c6817617705899d2858d7572ef0fe59a6b6454b4?s=96&d=mm&r=g\",\"caption\":\"Canal Dana\"},\"url\":\"https:\\\/\\\/dana.com.br\\\/canaldana\\\/author\\\/cdeditor\\\/\"}]}<\/script>\n<!-- \/ Yoast SEO plugin. -->","yoast_head_json":{"title":"Mercedes-Benz Vans traz seu novo conceito de atendimento para o primeiro Van Center do Nordeste - Canal Dana","robots":{"index":"index","follow":"follow","max-snippet":"max-snippet:-1","max-image-preview":"max-image-preview:large","max-video-preview":"max-video-preview:-1"},"canonical":"https:\/\/dana.com.br\/canaldana\/2021\/02\/23\/mercedes-benz-vans-traz-seu-novo-conceito-de-atendimento-para-o-primeiro-van-center-do-nordeste\/","og_locale":"pt_BR","og_type":"article","og_title":"Mercedes-Benz Vans traz seu novo conceito de atendimento para o primeiro Van Center do Nordeste - Canal Dana","og_description":"Di\u00e1rio do Transporte &nbsp; A Mercedes-Benz Vans apresenta o seu novo conceito de atendimento ao cliente no Van Center da Cear\u00e1 Diesel, em fevereiro na cidade de Fortaleza. Al\u00e9m de ser a primeira loja exclusiva do Nordeste com o portf\u00f3lio da linha Sprinter, o concession\u00e1rio investiu em inova\u00e7\u00e3o e modernizou sua instala\u00e7\u00e3o nas \u00e1reas de\u2026 Leia mais \u00bb","og_url":"https:\/\/dana.com.br\/canaldana\/2021\/02\/23\/mercedes-benz-vans-traz-seu-novo-conceito-de-atendimento-para-o-primeiro-van-center-do-nordeste\/","og_site_name":"Canal Dana","article_published_time":"2021-02-23T11:20:37+00:00","author":"Canal Dana","twitter_card":"summary_large_image","twitter_misc":{"Escrito por":"Canal Dana","Est. tempo de leitura":"2 minutos"},"schema":{"@context":"https:\/\/schema.org","@graph":[{"@type":"Article","@id":"https:\/\/dana.com.br\/canaldana\/2021\/02\/23\/mercedes-benz-vans-traz-seu-novo-conceito-de-atendimento-para-o-primeiro-van-center-do-nordeste\/#article","isPartOf":{"@id":"https:\/\/dana.com.br\/canaldana\/2021\/02\/23\/mercedes-benz-vans-traz-seu-novo-conceito-de-atendimento-para-o-primeiro-van-center-do-nordeste\/"},"author":{"name":"Canal Dana","@id":"https:\/\/dana.com.br\/canaldana\/#\/schema\/person\/3c21f22f56fcf3bc46b94bc60ea4fef6"},"headline":"Mercedes-Benz Vans traz seu novo conceito de atendimento para o primeiro Van Center do Nordeste","datePublished":"2021-02-23T11:20:37+00:00","mainEntityOfPage":{"@id":"https:\/\/dana.com.br\/canaldana\/2021\/02\/23\/mercedes-benz-vans-traz-seu-novo-conceito-de-atendimento-para-o-primeiro-van-center-do-nordeste\/"},"wordCount":423,"articleSection":["Mercado"],"inLanguage":"pt-BR"},{"@type":"WebPage","@id":"https:\/\/dana.com.br\/canaldana\/2021\/02\/23\/mercedes-benz-vans-traz-seu-novo-conceito-de-atendimento-para-o-primeiro-van-center-do-nordeste\/","url":"https:\/\/dana.com.br\/canaldana\/2021\/02\/23\/mercedes-benz-vans-traz-seu-novo-conceito-de-atendimento-para-o-primeiro-van-center-do-nordeste\/","name":"Mercedes-Benz Vans traz seu novo conceito de atendimento para o primeiro Van Center do Nordeste - Canal Dana","isPartOf":{"@id":"https:\/\/dana.com.br\/canaldana\/#website"},"datePublished":"2021-02-23T11:20:37+00:00","author":{"@id":"https:\/\/dana.com.br\/canaldana\/#\/schema\/person\/3c21f22f56fcf3bc46b94bc60ea4fef6"},"breadcrumb":{"@id":"https:\/\/dana.com.br\/canaldana\/2021\/02\/23\/mercedes-benz-vans-traz-seu-novo-conceito-de-atendimento-para-o-primeiro-van-center-do-nordeste\/#breadcrumb"},"inLanguage":"pt-BR","potentialAction":[{"@type":"ReadAction","target":["https:\/\/dana.com.br\/canaldana\/2021\/02\/23\/mercedes-benz-vans-traz-seu-novo-conceito-de-atendimento-para-o-primeiro-van-center-do-nordeste\/"]}]},{"@type":"BreadcrumbList","@id":"https:\/\/dana.com.br\/canaldana\/2021\/02\/23\/mercedes-benz-vans-traz-seu-novo-conceito-de-atendimento-para-o-primeiro-van-center-do-nordeste\/#breadcrumb","itemListElement":[{"@type":"ListItem","position":1,"name":"Home","item":"https:\/\/dana.com.br\/canaldana\/"},{"@type":"ListItem","position":2,"name":"Mercado","item":"https:\/\/dana.com.br\/canaldana\/mercado\/"},{"@type":"ListItem","position":3,"name":"Mercedes-Benz Vans traz seu novo conceito de atendimento para o primeiro Van Center do Nordeste"}]},{"@type":"WebSite","@id":"https:\/\/dana.com.br\/canaldana\/#website","url":"https:\/\/dana.com.br\/canaldana\/","name":"Canal Dana","description":"Informativo com as principais not\u00edcias da ind\u00fastria automotiva","potentialAction":[{"@type":"SearchAction","target":{"@type":"EntryPoint","urlTemplate":"https:\/\/dana.com.br\/canaldana\/?s={search_term_string}"},"query-input":{"@type":"PropertyValueSpecification","valueRequired":true,"valueName":"search_term_string"}}],"inLanguage":"pt-BR"},{"@type":"Person","@id":"https:\/\/dana.com.br\/canaldana\/#\/schema\/person\/3c21f22f56fcf3bc46b94bc60ea4fef6","name":"Canal Dana","image":{"@type":"ImageObject","inLanguage":"pt-BR","@id":"https:\/\/secure.gravatar.com\/avatar\/420aaf9278582877d9018637c6817617705899d2858d7572ef0fe59a6b6454b4?s=96&d=mm&r=g","url":"https:\/\/secure.gravatar.com\/avatar\/420aaf9278582877d9018637c6817617705899d2858d7572ef0fe59a6b6454b4?s=96&d=mm&r=g","contentUrl":"https:\/\/secure.gravatar.com\/avatar\/420aaf9278582877d9018637c6817617705899d2858d7572ef0fe59a6b6454b4?s=96&d=mm&r=g","caption":"Canal Dana"},"url":"https:\/\/dana.com.br\/canaldana\/author\/cdeditor\/"}]}},"_links":{"self":[{"href":"https:\/\/dana.com.br\/canaldana\/wp-json\/wp\/v2\/posts\/48261","targetHints":{"allow":["GET"]}}],"collection":[{"href":"https:\/\/dana.com.br\/canaldana\/wp-json\/wp\/v2\/posts"}],"about":[{"href":"https:\/\/dana.com.br\/canaldana\/wp-json\/wp\/v2\/types\/post"}],"author":[{"embeddable":true,"href":"https:\/\/dana.com.br\/canaldana\/wp-json\/wp\/v2\/users\/3"}],"replies":[{"embeddable":true,"href":"https:\/\/dana.com.br\/canaldana\/wp-json\/wp\/v2\/comments?post=48261"}],"version-history":[{"count":0,"href":"https:\/\/dana.com.br\/canaldana\/wp-json\/wp\/v2\/posts\/48261\/revisions"}],"wp:attachment":[{"href":"https:\/\/dana.com.br\/canaldana\/wp-json\/wp\/v2\/media?parent=48261"}],"wp:term":[{"taxonomy":"category","embeddable":true,"href":"https:\/\/dana.com.br\/canaldana\/wp-json\/wp\/v2\/categories?post=48261"},{"taxonomy":"post_tag","embeddable":true,"href":"https:\/\/dana.com.br\/canaldana\/wp-json\/wp\/v2\/tags?post=48261"}],"curies":[{"name":"wp","href":"https:\/\/api.w.org\/{rel}","templated":true}]}}