{"id":4821,"date":"2015-12-09T09:03:08","date_gmt":"2015-12-09T11:03:08","guid":{"rendered":"http:\/\/dana.com.br\/canaldana\/?p=4821"},"modified":"2015-12-09T09:03:08","modified_gmt":"2015-12-09T11:03:08","slug":"brasil-e-uruguai-assinam-acordo-de-livre%c2%adcomercio-no-setor-automotivo","status":"publish","type":"post","link":"https:\/\/dana.com.br\/canaldana\/2015\/12\/09\/brasil-e-uruguai-assinam-acordo-de-livre%c2%adcomercio-no-setor-automotivo\/","title":{"rendered":"Brasil e Uruguai assinam acordo de livre\u00adcom\u00e9rcio no setor automotivo"},"content":{"rendered":"<p><em>Folha de S. Paulo<\/em><\/p>\n<p>&nbsp;<\/p>\n<p>Brasil e Uruguai assinam hoje (9) em Bras\u00edlia o primeiro acordo de livre\u00adcom\u00e9rcio do setor automotivo entre pa\u00edses do Mercosul.<\/p>\n<p>&nbsp;<\/p>\n<p>Trata\u00adse tamb\u00e9m do primeiro entendimento setorial do tipo que o Brasil ter\u00e1 com outro pa\u00eds \u2013 acordos em vigor com mercados bem maiores, como Argentina, Col\u00f4mbia e M\u00e9xico, preveem a comercializa\u00e7\u00e3o de ve\u00edculos e pe\u00e7as com tarifas zero, mas limitada a diferentes tipos de cotas.<\/p>\n<p>&nbsp;<\/p>\n<p>Para o governo, apesar de se tratar de um mercado modesto \u2013 os uruguaios compraram ao todo 57 mil ve\u00edculos no ano passado, 25% deles vindos do Brasil \u2013, o acordo \u00e9 importante porque abre um precedente que pode ajudar o Brasil em negocia\u00e7\u00f5es com outros parceiros.<\/p>\n<p>&nbsp;<\/p>\n<p>O setor automotivo n\u00e3o \u00e9 contemplado pelas regras de livre\u00adcom\u00e9rcio do Mercosul. Por se tratar de um mercado sens\u00edvel, as trocas s\u00e3o geridas por acordos espec\u00edficos.<\/p>\n<p>&nbsp;<\/p>\n<p>Em junho de 2016 vence o acordo setorial com a Argentina, maior importador de ve\u00edculos do Brasil, e o governo espera negociar a amplia\u00e7\u00e3o das regras de troca.<\/p>\n<p>&nbsp;<\/p>\n<p>&#8220;Ao fazer um acordo de livre\u00adcom\u00e9rcio com o Uruguai, a gente cria as bases para a &#8216;mercossuliza\u00e7\u00e3o&#8217; do setor automotivo&#8221;, afirmou o ministro Armando Monteiro Neto (Desenvolvimento, Ind\u00fastria e Com\u00e9rcio Exterior).<\/p>\n<p>&nbsp;<\/p>\n<p>Para ele, as perspectivas de negocia\u00e7\u00e3o com a Argentina s\u00e3o favor\u00e1veis com a elei\u00e7\u00e3o do presidente Maur\u00edcio Macri. &#8220;Os primeiros sinais que a gente recebeu s\u00e3o muito na dire\u00e7\u00e3o de revitalizar o com\u00e9rcio com o Brasil&#8221;.<\/p>\n<p>&nbsp;<\/p>\n<p><strong>Retra\u00e7\u00e3o<\/strong><\/p>\n<p>&nbsp;<\/p>\n<p>Diante da retra\u00e7\u00e3o da demanda dom\u00e9stica por carros a partir de 2013, a acelera\u00e7\u00e3o das negocia\u00e7\u00f5es de acordos automotivos com pa\u00edses vizinhos tem sido uma reivindica\u00e7\u00e3o das montadoras.<\/p>\n<p>&nbsp;<\/p>\n<p>A venda de ve\u00edculos no Brasil despencou 25% neste ano na compara\u00e7\u00e3o com 2014 at\u00e9 novembro, chegando a 2,3 milh\u00f5es de unidades. Na Argentina, a demanda caiu ainda mais, mas as exporta\u00e7\u00f5es brasileiras n\u00e3o recuaram em n\u00famero de ve\u00edculos.<\/p>\n<p>&nbsp;<\/p>\n<p>No Uruguai, a expectativa \u00e9 que as exporta\u00e7\u00f5es brasileiras possam ganhar terreno com a liberaliza\u00e7\u00e3o, em especial em rela\u00e7\u00e3o aos ve\u00edculos mexicanos, principal concorrente no pa\u00eds. Para terem direito \u00e0 tarifa zero, os produtos t\u00eam que ter um m\u00ednimo de conte\u00fado produzido regionalmente: 55% para carros vendidos pelo Brasil e 50% para os uruguaios.<\/p>\n<p>&nbsp;<\/p>\n<p>O acordo ser\u00e1 assinado pelos ministros Monteiro Neto, Mauro Vieira (Rela\u00e7\u00f5es Exteriores) e os ministros uruguaios equivalentes.<\/p>\n<p>Este ano, o pa\u00eds tamb\u00e9m renegociou um acordo com a Col\u00f4mbia, que envolveu aumento da cota de exporta\u00e7\u00e3o com tarifa zero.<\/p>\n<p>&nbsp;<\/p>\n<p>J\u00e1 com o M\u00e9xico, o esfor\u00e7o do Brasil no entendimento fechado em mar\u00e7o foi para conter o crescimento da cota.<\/p>\n<p>&nbsp;<\/p>\n<p>Os dois pa\u00edses j\u00e1 tiveram um acordo de livre\u00adcom\u00e9rcio automotivo entre 2002 e 2012, mas o governo Dilma pressionou por uma limita\u00e7\u00e3o das trocas depois que a balan\u00e7a passou a ser fortemente deficit\u00e1ria para o Brasil.<\/p>\n<p>&nbsp;<\/p>\n<p>Este ano, as exporta\u00e7\u00f5es de ve\u00edculos do Brasil para o M\u00e9xico est\u00e3o aumentando, favorecidas pela desvaloriza\u00e7\u00e3o do real. (Folha de S. Paulo\/Isabel Versiani)<\/p>\n","protected":false},"excerpt":{"rendered":"<p>Folha de S. Paulo &nbsp; Brasil e Uruguai assinam hoje (9) em Bras\u00edlia o primeiro acordo de livre\u00adcom\u00e9rcio do setor automotivo entre pa\u00edses do Mercosul. &nbsp; Trata\u00adse tamb\u00e9m do primeiro entendimento setorial do tipo que o Brasil ter\u00e1 com outro pa\u00eds \u2013 acordos em vigor com mercados bem maiores, como Argentina, Col\u00f4mbia e M\u00e9xico, preveem\u2026 <a class=\"readmore\" href=\"https:\/\/dana.com.br\/canaldana\/2015\/12\/09\/brasil-e-uruguai-assinam-acordo-de-livre%c2%adcomercio-no-setor-automotivo\/\">Leia mais \u00bb<\/a><\/p>\n","protected":false},"author":3,"featured_media":0,"comment_status":"closed","ping_status":"closed","sticky":false,"template":"","format":"standard","meta":{"_acf_changed":false,"footnotes":""},"categories":[61],"tags":[],"class_list":["post-4821","post","type-post","status-publish","format-standard","hentry","category-destaques"],"acf":[],"yoast_head":"<!-- This site is optimized with the Yoast SEO plugin v27.3 - https:\/\/yoast.com\/product\/yoast-seo-wordpress\/ -->\n<title>Brasil e Uruguai assinam acordo de livre\u00adcom\u00e9rcio no setor automotivo - Canal Dana<\/title>\n<meta name=\"robots\" content=\"index, follow, max-snippet:-1, max-image-preview:large, max-video-preview:-1\" \/>\n<link rel=\"canonical\" href=\"https:\/\/dana.com.br\/canaldana\/2015\/12\/09\/brasil-e-uruguai-assinam-acordo-de-livre\u00adcomercio-no-setor-automotivo\/\" \/>\n<meta property=\"og:locale\" content=\"pt_BR\" \/>\n<meta property=\"og:type\" content=\"article\" \/>\n<meta property=\"og:title\" content=\"Brasil e Uruguai assinam acordo de livre\u00adcom\u00e9rcio no setor automotivo - Canal Dana\" \/>\n<meta property=\"og:description\" content=\"Folha de S. Paulo &nbsp; Brasil e Uruguai assinam hoje (9) em Bras\u00edlia o primeiro acordo de livre\u00adcom\u00e9rcio do setor automotivo entre pa\u00edses do Mercosul. &nbsp; Trata\u00adse tamb\u00e9m do primeiro entendimento setorial do tipo que o Brasil ter\u00e1 com outro pa\u00eds \u2013 acordos em vigor com mercados bem maiores, como Argentina, Col\u00f4mbia e M\u00e9xico, preveem\u2026 Leia mais \u00bb\" \/>\n<meta property=\"og:url\" content=\"https:\/\/dana.com.br\/canaldana\/2015\/12\/09\/brasil-e-uruguai-assinam-acordo-de-livre\u00adcomercio-no-setor-automotivo\/\" \/>\n<meta property=\"og:site_name\" content=\"Canal Dana\" \/>\n<meta property=\"article:published_time\" content=\"2015-12-09T11:03:08+00:00\" \/>\n<meta name=\"author\" content=\"Canal Dana\" \/>\n<meta name=\"twitter:card\" content=\"summary_large_image\" \/>\n<meta name=\"twitter:label1\" content=\"Escrito por\" \/>\n\t<meta name=\"twitter:data1\" content=\"Canal Dana\" \/>\n\t<meta name=\"twitter:label2\" content=\"Est. tempo de leitura\" \/>\n\t<meta name=\"twitter:data2\" content=\"3 minutos\" \/>\n<script type=\"application\/ld+json\" class=\"yoast-schema-graph\">{\"@context\":\"https:\\\/\\\/schema.org\",\"@graph\":[{\"@type\":\"Article\",\"@id\":\"https:\\\/\\\/dana.com.br\\\/canaldana\\\/2015\\\/12\\\/09\\\/brasil-e-uruguai-assinam-acordo-de-livre%c2%adcomercio-no-setor-automotivo\\\/#article\",\"isPartOf\":{\"@id\":\"https:\\\/\\\/dana.com.br\\\/canaldana\\\/2015\\\/12\\\/09\\\/brasil-e-uruguai-assinam-acordo-de-livre%c2%adcomercio-no-setor-automotivo\\\/\"},\"author\":{\"name\":\"Canal Dana\",\"@id\":\"https:\\\/\\\/dana.com.br\\\/canaldana\\\/#\\\/schema\\\/person\\\/3c21f22f56fcf3bc46b94bc60ea4fef6\"},\"headline\":\"Brasil e Uruguai assinam acordo de livre\u00adcom\u00e9rcio no setor automotivo\",\"datePublished\":\"2015-12-09T11:03:08+00:00\",\"mainEntityOfPage\":{\"@id\":\"https:\\\/\\\/dana.com.br\\\/canaldana\\\/2015\\\/12\\\/09\\\/brasil-e-uruguai-assinam-acordo-de-livre%c2%adcomercio-no-setor-automotivo\\\/\"},\"wordCount\":561,\"articleSection\":[\"Destaques\"],\"inLanguage\":\"pt-BR\"},{\"@type\":\"WebPage\",\"@id\":\"https:\\\/\\\/dana.com.br\\\/canaldana\\\/2015\\\/12\\\/09\\\/brasil-e-uruguai-assinam-acordo-de-livre%c2%adcomercio-no-setor-automotivo\\\/\",\"url\":\"https:\\\/\\\/dana.com.br\\\/canaldana\\\/2015\\\/12\\\/09\\\/brasil-e-uruguai-assinam-acordo-de-livre%c2%adcomercio-no-setor-automotivo\\\/\",\"name\":\"Brasil e Uruguai assinam acordo de livre\u00adcom\u00e9rcio no setor automotivo - Canal Dana\",\"isPartOf\":{\"@id\":\"https:\\\/\\\/dana.com.br\\\/canaldana\\\/#website\"},\"datePublished\":\"2015-12-09T11:03:08+00:00\",\"author\":{\"@id\":\"https:\\\/\\\/dana.com.br\\\/canaldana\\\/#\\\/schema\\\/person\\\/3c21f22f56fcf3bc46b94bc60ea4fef6\"},\"breadcrumb\":{\"@id\":\"https:\\\/\\\/dana.com.br\\\/canaldana\\\/2015\\\/12\\\/09\\\/brasil-e-uruguai-assinam-acordo-de-livre%c2%adcomercio-no-setor-automotivo\\\/#breadcrumb\"},\"inLanguage\":\"pt-BR\",\"potentialAction\":[{\"@type\":\"ReadAction\",\"target\":[\"https:\\\/\\\/dana.com.br\\\/canaldana\\\/2015\\\/12\\\/09\\\/brasil-e-uruguai-assinam-acordo-de-livre%c2%adcomercio-no-setor-automotivo\\\/\"]}]},{\"@type\":\"BreadcrumbList\",\"@id\":\"https:\\\/\\\/dana.com.br\\\/canaldana\\\/2015\\\/12\\\/09\\\/brasil-e-uruguai-assinam-acordo-de-livre%c2%adcomercio-no-setor-automotivo\\\/#breadcrumb\",\"itemListElement\":[{\"@type\":\"ListItem\",\"position\":1,\"name\":\"Home\",\"item\":\"https:\\\/\\\/dana.com.br\\\/canaldana\\\/\"},{\"@type\":\"ListItem\",\"position\":2,\"name\":\"Destaques\",\"item\":\"https:\\\/\\\/dana.com.br\\\/canaldana\\\/destaques\\\/\"},{\"@type\":\"ListItem\",\"position\":3,\"name\":\"Brasil e Uruguai assinam acordo de livre\u00adcom\u00e9rcio no setor automotivo\"}]},{\"@type\":\"WebSite\",\"@id\":\"https:\\\/\\\/dana.com.br\\\/canaldana\\\/#website\",\"url\":\"https:\\\/\\\/dana.com.br\\\/canaldana\\\/\",\"name\":\"Canal Dana\",\"description\":\"Informativo com as principais not\u00edcias da ind\u00fastria automotiva\",\"potentialAction\":[{\"@type\":\"SearchAction\",\"target\":{\"@type\":\"EntryPoint\",\"urlTemplate\":\"https:\\\/\\\/dana.com.br\\\/canaldana\\\/?s={search_term_string}\"},\"query-input\":{\"@type\":\"PropertyValueSpecification\",\"valueRequired\":true,\"valueName\":\"search_term_string\"}}],\"inLanguage\":\"pt-BR\"},{\"@type\":\"Person\",\"@id\":\"https:\\\/\\\/dana.com.br\\\/canaldana\\\/#\\\/schema\\\/person\\\/3c21f22f56fcf3bc46b94bc60ea4fef6\",\"name\":\"Canal Dana\",\"image\":{\"@type\":\"ImageObject\",\"inLanguage\":\"pt-BR\",\"@id\":\"https:\\\/\\\/secure.gravatar.com\\\/avatar\\\/420aaf9278582877d9018637c6817617705899d2858d7572ef0fe59a6b6454b4?s=96&d=mm&r=g\",\"url\":\"https:\\\/\\\/secure.gravatar.com\\\/avatar\\\/420aaf9278582877d9018637c6817617705899d2858d7572ef0fe59a6b6454b4?s=96&d=mm&r=g\",\"contentUrl\":\"https:\\\/\\\/secure.gravatar.com\\\/avatar\\\/420aaf9278582877d9018637c6817617705899d2858d7572ef0fe59a6b6454b4?s=96&d=mm&r=g\",\"caption\":\"Canal Dana\"},\"url\":\"https:\\\/\\\/dana.com.br\\\/canaldana\\\/author\\\/cdeditor\\\/\"}]}<\/script>\n<!-- \/ Yoast SEO plugin. -->","yoast_head_json":{"title":"Brasil e Uruguai assinam acordo de livre\u00adcom\u00e9rcio no setor automotivo - Canal Dana","robots":{"index":"index","follow":"follow","max-snippet":"max-snippet:-1","max-image-preview":"max-image-preview:large","max-video-preview":"max-video-preview:-1"},"canonical":"https:\/\/dana.com.br\/canaldana\/2015\/12\/09\/brasil-e-uruguai-assinam-acordo-de-livre\u00adcomercio-no-setor-automotivo\/","og_locale":"pt_BR","og_type":"article","og_title":"Brasil e Uruguai assinam acordo de livre\u00adcom\u00e9rcio no setor automotivo - Canal Dana","og_description":"Folha de S. Paulo &nbsp; Brasil e Uruguai assinam hoje (9) em Bras\u00edlia o primeiro acordo de livre\u00adcom\u00e9rcio do setor automotivo entre pa\u00edses do Mercosul. &nbsp; Trata\u00adse tamb\u00e9m do primeiro entendimento setorial do tipo que o Brasil ter\u00e1 com outro pa\u00eds \u2013 acordos em vigor com mercados bem maiores, como Argentina, Col\u00f4mbia e M\u00e9xico, preveem\u2026 Leia mais \u00bb","og_url":"https:\/\/dana.com.br\/canaldana\/2015\/12\/09\/brasil-e-uruguai-assinam-acordo-de-livre\u00adcomercio-no-setor-automotivo\/","og_site_name":"Canal Dana","article_published_time":"2015-12-09T11:03:08+00:00","author":"Canal Dana","twitter_card":"summary_large_image","twitter_misc":{"Escrito por":"Canal Dana","Est. tempo de leitura":"3 minutos"},"schema":{"@context":"https:\/\/schema.org","@graph":[{"@type":"Article","@id":"https:\/\/dana.com.br\/canaldana\/2015\/12\/09\/brasil-e-uruguai-assinam-acordo-de-livre%c2%adcomercio-no-setor-automotivo\/#article","isPartOf":{"@id":"https:\/\/dana.com.br\/canaldana\/2015\/12\/09\/brasil-e-uruguai-assinam-acordo-de-livre%c2%adcomercio-no-setor-automotivo\/"},"author":{"name":"Canal Dana","@id":"https:\/\/dana.com.br\/canaldana\/#\/schema\/person\/3c21f22f56fcf3bc46b94bc60ea4fef6"},"headline":"Brasil e Uruguai assinam acordo de livre\u00adcom\u00e9rcio no setor automotivo","datePublished":"2015-12-09T11:03:08+00:00","mainEntityOfPage":{"@id":"https:\/\/dana.com.br\/canaldana\/2015\/12\/09\/brasil-e-uruguai-assinam-acordo-de-livre%c2%adcomercio-no-setor-automotivo\/"},"wordCount":561,"articleSection":["Destaques"],"inLanguage":"pt-BR"},{"@type":"WebPage","@id":"https:\/\/dana.com.br\/canaldana\/2015\/12\/09\/brasil-e-uruguai-assinam-acordo-de-livre%c2%adcomercio-no-setor-automotivo\/","url":"https:\/\/dana.com.br\/canaldana\/2015\/12\/09\/brasil-e-uruguai-assinam-acordo-de-livre%c2%adcomercio-no-setor-automotivo\/","name":"Brasil e Uruguai assinam acordo de livre\u00adcom\u00e9rcio no setor automotivo - Canal Dana","isPartOf":{"@id":"https:\/\/dana.com.br\/canaldana\/#website"},"datePublished":"2015-12-09T11:03:08+00:00","author":{"@id":"https:\/\/dana.com.br\/canaldana\/#\/schema\/person\/3c21f22f56fcf3bc46b94bc60ea4fef6"},"breadcrumb":{"@id":"https:\/\/dana.com.br\/canaldana\/2015\/12\/09\/brasil-e-uruguai-assinam-acordo-de-livre%c2%adcomercio-no-setor-automotivo\/#breadcrumb"},"inLanguage":"pt-BR","potentialAction":[{"@type":"ReadAction","target":["https:\/\/dana.com.br\/canaldana\/2015\/12\/09\/brasil-e-uruguai-assinam-acordo-de-livre%c2%adcomercio-no-setor-automotivo\/"]}]},{"@type":"BreadcrumbList","@id":"https:\/\/dana.com.br\/canaldana\/2015\/12\/09\/brasil-e-uruguai-assinam-acordo-de-livre%c2%adcomercio-no-setor-automotivo\/#breadcrumb","itemListElement":[{"@type":"ListItem","position":1,"name":"Home","item":"https:\/\/dana.com.br\/canaldana\/"},{"@type":"ListItem","position":2,"name":"Destaques","item":"https:\/\/dana.com.br\/canaldana\/destaques\/"},{"@type":"ListItem","position":3,"name":"Brasil e Uruguai assinam acordo de livre\u00adcom\u00e9rcio no setor automotivo"}]},{"@type":"WebSite","@id":"https:\/\/dana.com.br\/canaldana\/#website","url":"https:\/\/dana.com.br\/canaldana\/","name":"Canal Dana","description":"Informativo com as principais not\u00edcias da ind\u00fastria automotiva","potentialAction":[{"@type":"SearchAction","target":{"@type":"EntryPoint","urlTemplate":"https:\/\/dana.com.br\/canaldana\/?s={search_term_string}"},"query-input":{"@type":"PropertyValueSpecification","valueRequired":true,"valueName":"search_term_string"}}],"inLanguage":"pt-BR"},{"@type":"Person","@id":"https:\/\/dana.com.br\/canaldana\/#\/schema\/person\/3c21f22f56fcf3bc46b94bc60ea4fef6","name":"Canal Dana","image":{"@type":"ImageObject","inLanguage":"pt-BR","@id":"https:\/\/secure.gravatar.com\/avatar\/420aaf9278582877d9018637c6817617705899d2858d7572ef0fe59a6b6454b4?s=96&d=mm&r=g","url":"https:\/\/secure.gravatar.com\/avatar\/420aaf9278582877d9018637c6817617705899d2858d7572ef0fe59a6b6454b4?s=96&d=mm&r=g","contentUrl":"https:\/\/secure.gravatar.com\/avatar\/420aaf9278582877d9018637c6817617705899d2858d7572ef0fe59a6b6454b4?s=96&d=mm&r=g","caption":"Canal Dana"},"url":"https:\/\/dana.com.br\/canaldana\/author\/cdeditor\/"}]}},"_links":{"self":[{"href":"https:\/\/dana.com.br\/canaldana\/wp-json\/wp\/v2\/posts\/4821","targetHints":{"allow":["GET"]}}],"collection":[{"href":"https:\/\/dana.com.br\/canaldana\/wp-json\/wp\/v2\/posts"}],"about":[{"href":"https:\/\/dana.com.br\/canaldana\/wp-json\/wp\/v2\/types\/post"}],"author":[{"embeddable":true,"href":"https:\/\/dana.com.br\/canaldana\/wp-json\/wp\/v2\/users\/3"}],"replies":[{"embeddable":true,"href":"https:\/\/dana.com.br\/canaldana\/wp-json\/wp\/v2\/comments?post=4821"}],"version-history":[{"count":0,"href":"https:\/\/dana.com.br\/canaldana\/wp-json\/wp\/v2\/posts\/4821\/revisions"}],"wp:attachment":[{"href":"https:\/\/dana.com.br\/canaldana\/wp-json\/wp\/v2\/media?parent=4821"}],"wp:term":[{"taxonomy":"category","embeddable":true,"href":"https:\/\/dana.com.br\/canaldana\/wp-json\/wp\/v2\/categories?post=4821"},{"taxonomy":"post_tag","embeddable":true,"href":"https:\/\/dana.com.br\/canaldana\/wp-json\/wp\/v2\/tags?post=4821"}],"curies":[{"name":"wp","href":"https:\/\/api.w.org\/{rel}","templated":true}]}}