{"id":47853,"date":"2021-02-05T08:10:32","date_gmt":"2021-02-05T11:10:32","guid":{"rendered":"https:\/\/dana.com.br\/canaldana\/?p=47853"},"modified":"2021-02-05T08:10:32","modified_gmt":"2021-02-05T11:10:32","slug":"apple-e-hyundai-estao-perto-de-fechar-acordo-para-fabricar-carro-autonomo","status":"publish","type":"post","link":"https:\/\/dana.com.br\/canaldana\/2021\/02\/05\/apple-e-hyundai-estao-perto-de-fechar-acordo-para-fabricar-carro-autonomo\/","title":{"rendered":"Apple e Hyundai est\u00e3o perto de fechar acordo para fabricar carro aut\u00f4nomo"},"content":{"rendered":"<p><em>O Estado de S. Paulo<\/em><\/p>\n<p>&nbsp;<\/p>\n<p>A Apple e a Kia, bra\u00e7o da Hyundai, est\u00e3o nas \u00faltimas etapas para fechar um acordo que permitiria que a criadora do iPhone e a montadora sul-coreana fabricassem um carro aut\u00f4nomo na Ge\u00f3rgia, nos Estados Unidos, em 2024, conforme reportou na quarta-feira 3 o canal de televis\u00e3o CNBC, citando m\u00faltiplas fontes internas que falaram sob condi\u00e7\u00e3o de anonimato.<\/p>\n<p>&nbsp;<\/p>\n<p>A CNBC afirma que, al\u00e9m disso, \u00e9 poss\u00edvel que a Apple esteja em negocia\u00e7\u00e3o com outras montadoras e que a empresa exige que a montagem ocorra na Am\u00e9rica do Norte para que a gigante da tecnologia tenha total controle sobre o sistema operacional e sobre as pe\u00e7as do ve\u00edculo. O prazo de 2024 \u00e9 incerto e pode ser adiado, assim como o acordo pode ser descartado de \u00faltima hora, diz o canal de TV americano.<\/p>\n<p>&nbsp;<\/p>\n<p>A not\u00edcia surge na esteira de outros rumores que t\u00eam surgido na imprensa, que anteriormente afirmaram que o acordo entre a americana e a coreana seria firmado em mar\u00e7o deste ano. Em janeiro, a Hyundai confirmou, sem detalhar, que as negocia\u00e7\u00f5es com a Apple estavam em andamento<\/p>\n<p>&nbsp;<\/p>\n<p>&#8220;Os Apple Car n\u00e3o ser\u00e3o desenhados para ter um motorista e ser\u00e3o ve\u00edculos el\u00e9tricos aut\u00f4nomos para operar na \u00faltima milha&#8221;, disse uma das fontes \u00e0 CNBC, em refer\u00eancia \u00e0s rotas de entrega. Por isso, n\u00e3o est\u00e1 claro se o projeto da Apple \u00e9 construir primeiro um ve\u00edculo como vans ou caminh\u00f5es pr\u00f3prios para o setor de log\u00edstica &#8211; e, quando a tecnologia estiver amadurecida o suficiente, montar um carro para o consumidor final<\/p>\n<p>&nbsp;<\/p>\n<p>Chamado informalmente de Apple Car pela imprensa, a possibilidade de fabricar um ve\u00edculo nunca foi confirmada pela empresa americana, conhecida por manter os segredos at\u00e9 o \u00faltimo minuto. No entanto, rumores de um carro aut\u00f4nomo circulam desde 2014, quando surgiu o Projeto Titan, codinome interno na empresa para o desenvolvimento de um autom\u00f3vel que andasse sem motorista. Desde ent\u00e3o, diversos executivos de montadoras como BMW, Audi e Volkswagen foram contratados pela Apple.<\/p>\n<p>&nbsp;<\/p>\n<p>A Hyundai, por sua vez, vem investindo em diversas novas formas de mobilidade, como carros voadores de pouso vertical (eVTOL) para a Uber, um projeto pr\u00f3prio de ve\u00edculos aut\u00f4nomo e carros el\u00e9tricos. (O Estado de S. Paulo)<\/p>\n","protected":false},"excerpt":{"rendered":"<p>O Estado de S. Paulo &nbsp; A Apple e a Kia, bra\u00e7o da Hyundai, est\u00e3o nas \u00faltimas etapas para fechar um acordo que permitiria que a criadora do iPhone e a montadora sul-coreana fabricassem um carro aut\u00f4nomo na Ge\u00f3rgia, nos Estados Unidos, em 2024, conforme reportou na quarta-feira 3 o canal de televis\u00e3o CNBC, citando\u2026 <a class=\"readmore\" href=\"https:\/\/dana.com.br\/canaldana\/2021\/02\/05\/apple-e-hyundai-estao-perto-de-fechar-acordo-para-fabricar-carro-autonomo\/\">Leia mais \u00bb<\/a><\/p>\n","protected":false},"author":3,"featured_media":0,"comment_status":"closed","ping_status":"closed","sticky":false,"template":"","format":"standard","meta":{"_acf_changed":false,"footnotes":""},"categories":[79],"tags":[],"class_list":["post-47853","post","type-post","status-publish","format-standard","hentry","category-mercado"],"acf":[],"yoast_head":"<!-- This site is optimized with the Yoast SEO plugin v27.3 - https:\/\/yoast.com\/product\/yoast-seo-wordpress\/ -->\n<title>Apple e Hyundai est\u00e3o perto de fechar acordo para fabricar carro aut\u00f4nomo - Canal Dana<\/title>\n<meta name=\"robots\" content=\"index, follow, max-snippet:-1, max-image-preview:large, max-video-preview:-1\" \/>\n<link rel=\"canonical\" href=\"https:\/\/dana.com.br\/canaldana\/2021\/02\/05\/apple-e-hyundai-estao-perto-de-fechar-acordo-para-fabricar-carro-autonomo\/\" \/>\n<meta property=\"og:locale\" content=\"pt_BR\" \/>\n<meta property=\"og:type\" content=\"article\" \/>\n<meta property=\"og:title\" content=\"Apple e Hyundai est\u00e3o perto de fechar acordo para fabricar carro aut\u00f4nomo - Canal Dana\" \/>\n<meta property=\"og:description\" content=\"O Estado de S. Paulo &nbsp; A Apple e a Kia, bra\u00e7o da Hyundai, est\u00e3o nas \u00faltimas etapas para fechar um acordo que permitiria que a criadora do iPhone e a montadora sul-coreana fabricassem um carro aut\u00f4nomo na Ge\u00f3rgia, nos Estados Unidos, em 2024, conforme reportou na quarta-feira 3 o canal de televis\u00e3o CNBC, citando\u2026 Leia mais \u00bb\" \/>\n<meta property=\"og:url\" content=\"https:\/\/dana.com.br\/canaldana\/2021\/02\/05\/apple-e-hyundai-estao-perto-de-fechar-acordo-para-fabricar-carro-autonomo\/\" \/>\n<meta property=\"og:site_name\" content=\"Canal Dana\" \/>\n<meta property=\"article:published_time\" content=\"2021-02-05T11:10:32+00:00\" \/>\n<meta name=\"author\" content=\"Canal Dana\" \/>\n<meta name=\"twitter:card\" content=\"summary_large_image\" \/>\n<meta name=\"twitter:label1\" content=\"Escrito por\" \/>\n\t<meta name=\"twitter:data1\" content=\"Canal Dana\" \/>\n\t<meta name=\"twitter:label2\" content=\"Est. tempo de leitura\" \/>\n\t<meta name=\"twitter:data2\" content=\"2 minutos\" \/>\n<script type=\"application\/ld+json\" class=\"yoast-schema-graph\">{\"@context\":\"https:\\\/\\\/schema.org\",\"@graph\":[{\"@type\":\"Article\",\"@id\":\"https:\\\/\\\/dana.com.br\\\/canaldana\\\/2021\\\/02\\\/05\\\/apple-e-hyundai-estao-perto-de-fechar-acordo-para-fabricar-carro-autonomo\\\/#article\",\"isPartOf\":{\"@id\":\"https:\\\/\\\/dana.com.br\\\/canaldana\\\/2021\\\/02\\\/05\\\/apple-e-hyundai-estao-perto-de-fechar-acordo-para-fabricar-carro-autonomo\\\/\"},\"author\":{\"name\":\"Canal Dana\",\"@id\":\"https:\\\/\\\/dana.com.br\\\/canaldana\\\/#\\\/schema\\\/person\\\/3c21f22f56fcf3bc46b94bc60ea4fef6\"},\"headline\":\"Apple e Hyundai est\u00e3o perto de fechar acordo para fabricar carro aut\u00f4nomo\",\"datePublished\":\"2021-02-05T11:10:32+00:00\",\"mainEntityOfPage\":{\"@id\":\"https:\\\/\\\/dana.com.br\\\/canaldana\\\/2021\\\/02\\\/05\\\/apple-e-hyundai-estao-perto-de-fechar-acordo-para-fabricar-carro-autonomo\\\/\"},\"wordCount\":416,\"articleSection\":[\"Mercado\"],\"inLanguage\":\"pt-BR\"},{\"@type\":\"WebPage\",\"@id\":\"https:\\\/\\\/dana.com.br\\\/canaldana\\\/2021\\\/02\\\/05\\\/apple-e-hyundai-estao-perto-de-fechar-acordo-para-fabricar-carro-autonomo\\\/\",\"url\":\"https:\\\/\\\/dana.com.br\\\/canaldana\\\/2021\\\/02\\\/05\\\/apple-e-hyundai-estao-perto-de-fechar-acordo-para-fabricar-carro-autonomo\\\/\",\"name\":\"Apple e Hyundai est\u00e3o perto de fechar acordo para fabricar carro aut\u00f4nomo - Canal Dana\",\"isPartOf\":{\"@id\":\"https:\\\/\\\/dana.com.br\\\/canaldana\\\/#website\"},\"datePublished\":\"2021-02-05T11:10:32+00:00\",\"author\":{\"@id\":\"https:\\\/\\\/dana.com.br\\\/canaldana\\\/#\\\/schema\\\/person\\\/3c21f22f56fcf3bc46b94bc60ea4fef6\"},\"breadcrumb\":{\"@id\":\"https:\\\/\\\/dana.com.br\\\/canaldana\\\/2021\\\/02\\\/05\\\/apple-e-hyundai-estao-perto-de-fechar-acordo-para-fabricar-carro-autonomo\\\/#breadcrumb\"},\"inLanguage\":\"pt-BR\",\"potentialAction\":[{\"@type\":\"ReadAction\",\"target\":[\"https:\\\/\\\/dana.com.br\\\/canaldana\\\/2021\\\/02\\\/05\\\/apple-e-hyundai-estao-perto-de-fechar-acordo-para-fabricar-carro-autonomo\\\/\"]}]},{\"@type\":\"BreadcrumbList\",\"@id\":\"https:\\\/\\\/dana.com.br\\\/canaldana\\\/2021\\\/02\\\/05\\\/apple-e-hyundai-estao-perto-de-fechar-acordo-para-fabricar-carro-autonomo\\\/#breadcrumb\",\"itemListElement\":[{\"@type\":\"ListItem\",\"position\":1,\"name\":\"Home\",\"item\":\"https:\\\/\\\/dana.com.br\\\/canaldana\\\/\"},{\"@type\":\"ListItem\",\"position\":2,\"name\":\"Mercado\",\"item\":\"https:\\\/\\\/dana.com.br\\\/canaldana\\\/mercado\\\/\"},{\"@type\":\"ListItem\",\"position\":3,\"name\":\"Apple e Hyundai est\u00e3o perto de fechar acordo para fabricar carro aut\u00f4nomo\"}]},{\"@type\":\"WebSite\",\"@id\":\"https:\\\/\\\/dana.com.br\\\/canaldana\\\/#website\",\"url\":\"https:\\\/\\\/dana.com.br\\\/canaldana\\\/\",\"name\":\"Canal Dana\",\"description\":\"Informativo com as principais not\u00edcias da ind\u00fastria automotiva\",\"potentialAction\":[{\"@type\":\"SearchAction\",\"target\":{\"@type\":\"EntryPoint\",\"urlTemplate\":\"https:\\\/\\\/dana.com.br\\\/canaldana\\\/?s={search_term_string}\"},\"query-input\":{\"@type\":\"PropertyValueSpecification\",\"valueRequired\":true,\"valueName\":\"search_term_string\"}}],\"inLanguage\":\"pt-BR\"},{\"@type\":\"Person\",\"@id\":\"https:\\\/\\\/dana.com.br\\\/canaldana\\\/#\\\/schema\\\/person\\\/3c21f22f56fcf3bc46b94bc60ea4fef6\",\"name\":\"Canal Dana\",\"image\":{\"@type\":\"ImageObject\",\"inLanguage\":\"pt-BR\",\"@id\":\"https:\\\/\\\/secure.gravatar.com\\\/avatar\\\/420aaf9278582877d9018637c6817617705899d2858d7572ef0fe59a6b6454b4?s=96&d=mm&r=g\",\"url\":\"https:\\\/\\\/secure.gravatar.com\\\/avatar\\\/420aaf9278582877d9018637c6817617705899d2858d7572ef0fe59a6b6454b4?s=96&d=mm&r=g\",\"contentUrl\":\"https:\\\/\\\/secure.gravatar.com\\\/avatar\\\/420aaf9278582877d9018637c6817617705899d2858d7572ef0fe59a6b6454b4?s=96&d=mm&r=g\",\"caption\":\"Canal Dana\"},\"url\":\"https:\\\/\\\/dana.com.br\\\/canaldana\\\/author\\\/cdeditor\\\/\"}]}<\/script>\n<!-- \/ Yoast SEO plugin. -->","yoast_head_json":{"title":"Apple e Hyundai est\u00e3o perto de fechar acordo para fabricar carro aut\u00f4nomo - Canal Dana","robots":{"index":"index","follow":"follow","max-snippet":"max-snippet:-1","max-image-preview":"max-image-preview:large","max-video-preview":"max-video-preview:-1"},"canonical":"https:\/\/dana.com.br\/canaldana\/2021\/02\/05\/apple-e-hyundai-estao-perto-de-fechar-acordo-para-fabricar-carro-autonomo\/","og_locale":"pt_BR","og_type":"article","og_title":"Apple e Hyundai est\u00e3o perto de fechar acordo para fabricar carro aut\u00f4nomo - Canal Dana","og_description":"O Estado de S. Paulo &nbsp; A Apple e a Kia, bra\u00e7o da Hyundai, est\u00e3o nas \u00faltimas etapas para fechar um acordo que permitiria que a criadora do iPhone e a montadora sul-coreana fabricassem um carro aut\u00f4nomo na Ge\u00f3rgia, nos Estados Unidos, em 2024, conforme reportou na quarta-feira 3 o canal de televis\u00e3o CNBC, citando\u2026 Leia mais \u00bb","og_url":"https:\/\/dana.com.br\/canaldana\/2021\/02\/05\/apple-e-hyundai-estao-perto-de-fechar-acordo-para-fabricar-carro-autonomo\/","og_site_name":"Canal Dana","article_published_time":"2021-02-05T11:10:32+00:00","author":"Canal Dana","twitter_card":"summary_large_image","twitter_misc":{"Escrito por":"Canal Dana","Est. tempo de leitura":"2 minutos"},"schema":{"@context":"https:\/\/schema.org","@graph":[{"@type":"Article","@id":"https:\/\/dana.com.br\/canaldana\/2021\/02\/05\/apple-e-hyundai-estao-perto-de-fechar-acordo-para-fabricar-carro-autonomo\/#article","isPartOf":{"@id":"https:\/\/dana.com.br\/canaldana\/2021\/02\/05\/apple-e-hyundai-estao-perto-de-fechar-acordo-para-fabricar-carro-autonomo\/"},"author":{"name":"Canal Dana","@id":"https:\/\/dana.com.br\/canaldana\/#\/schema\/person\/3c21f22f56fcf3bc46b94bc60ea4fef6"},"headline":"Apple e Hyundai est\u00e3o perto de fechar acordo para fabricar carro aut\u00f4nomo","datePublished":"2021-02-05T11:10:32+00:00","mainEntityOfPage":{"@id":"https:\/\/dana.com.br\/canaldana\/2021\/02\/05\/apple-e-hyundai-estao-perto-de-fechar-acordo-para-fabricar-carro-autonomo\/"},"wordCount":416,"articleSection":["Mercado"],"inLanguage":"pt-BR"},{"@type":"WebPage","@id":"https:\/\/dana.com.br\/canaldana\/2021\/02\/05\/apple-e-hyundai-estao-perto-de-fechar-acordo-para-fabricar-carro-autonomo\/","url":"https:\/\/dana.com.br\/canaldana\/2021\/02\/05\/apple-e-hyundai-estao-perto-de-fechar-acordo-para-fabricar-carro-autonomo\/","name":"Apple e Hyundai est\u00e3o perto de fechar acordo para fabricar carro aut\u00f4nomo - Canal Dana","isPartOf":{"@id":"https:\/\/dana.com.br\/canaldana\/#website"},"datePublished":"2021-02-05T11:10:32+00:00","author":{"@id":"https:\/\/dana.com.br\/canaldana\/#\/schema\/person\/3c21f22f56fcf3bc46b94bc60ea4fef6"},"breadcrumb":{"@id":"https:\/\/dana.com.br\/canaldana\/2021\/02\/05\/apple-e-hyundai-estao-perto-de-fechar-acordo-para-fabricar-carro-autonomo\/#breadcrumb"},"inLanguage":"pt-BR","potentialAction":[{"@type":"ReadAction","target":["https:\/\/dana.com.br\/canaldana\/2021\/02\/05\/apple-e-hyundai-estao-perto-de-fechar-acordo-para-fabricar-carro-autonomo\/"]}]},{"@type":"BreadcrumbList","@id":"https:\/\/dana.com.br\/canaldana\/2021\/02\/05\/apple-e-hyundai-estao-perto-de-fechar-acordo-para-fabricar-carro-autonomo\/#breadcrumb","itemListElement":[{"@type":"ListItem","position":1,"name":"Home","item":"https:\/\/dana.com.br\/canaldana\/"},{"@type":"ListItem","position":2,"name":"Mercado","item":"https:\/\/dana.com.br\/canaldana\/mercado\/"},{"@type":"ListItem","position":3,"name":"Apple e Hyundai est\u00e3o perto de fechar acordo para fabricar carro aut\u00f4nomo"}]},{"@type":"WebSite","@id":"https:\/\/dana.com.br\/canaldana\/#website","url":"https:\/\/dana.com.br\/canaldana\/","name":"Canal Dana","description":"Informativo com as principais not\u00edcias da ind\u00fastria automotiva","potentialAction":[{"@type":"SearchAction","target":{"@type":"EntryPoint","urlTemplate":"https:\/\/dana.com.br\/canaldana\/?s={search_term_string}"},"query-input":{"@type":"PropertyValueSpecification","valueRequired":true,"valueName":"search_term_string"}}],"inLanguage":"pt-BR"},{"@type":"Person","@id":"https:\/\/dana.com.br\/canaldana\/#\/schema\/person\/3c21f22f56fcf3bc46b94bc60ea4fef6","name":"Canal Dana","image":{"@type":"ImageObject","inLanguage":"pt-BR","@id":"https:\/\/secure.gravatar.com\/avatar\/420aaf9278582877d9018637c6817617705899d2858d7572ef0fe59a6b6454b4?s=96&d=mm&r=g","url":"https:\/\/secure.gravatar.com\/avatar\/420aaf9278582877d9018637c6817617705899d2858d7572ef0fe59a6b6454b4?s=96&d=mm&r=g","contentUrl":"https:\/\/secure.gravatar.com\/avatar\/420aaf9278582877d9018637c6817617705899d2858d7572ef0fe59a6b6454b4?s=96&d=mm&r=g","caption":"Canal Dana"},"url":"https:\/\/dana.com.br\/canaldana\/author\/cdeditor\/"}]}},"_links":{"self":[{"href":"https:\/\/dana.com.br\/canaldana\/wp-json\/wp\/v2\/posts\/47853","targetHints":{"allow":["GET"]}}],"collection":[{"href":"https:\/\/dana.com.br\/canaldana\/wp-json\/wp\/v2\/posts"}],"about":[{"href":"https:\/\/dana.com.br\/canaldana\/wp-json\/wp\/v2\/types\/post"}],"author":[{"embeddable":true,"href":"https:\/\/dana.com.br\/canaldana\/wp-json\/wp\/v2\/users\/3"}],"replies":[{"embeddable":true,"href":"https:\/\/dana.com.br\/canaldana\/wp-json\/wp\/v2\/comments?post=47853"}],"version-history":[{"count":0,"href":"https:\/\/dana.com.br\/canaldana\/wp-json\/wp\/v2\/posts\/47853\/revisions"}],"wp:attachment":[{"href":"https:\/\/dana.com.br\/canaldana\/wp-json\/wp\/v2\/media?parent=47853"}],"wp:term":[{"taxonomy":"category","embeddable":true,"href":"https:\/\/dana.com.br\/canaldana\/wp-json\/wp\/v2\/categories?post=47853"},{"taxonomy":"post_tag","embeddable":true,"href":"https:\/\/dana.com.br\/canaldana\/wp-json\/wp\/v2\/tags?post=47853"}],"curies":[{"name":"wp","href":"https:\/\/api.w.org\/{rel}","templated":true}]}}