{"id":47330,"date":"2021-01-14T08:31:03","date_gmt":"2021-01-14T11:31:03","guid":{"rendered":"https:\/\/dana.com.br\/canaldana\/?p=47330"},"modified":"2021-01-14T08:31:03","modified_gmt":"2021-01-14T11:31:03","slug":"nao-queremos-subsidios-diz-anfavea","status":"publish","type":"post","link":"https:\/\/dana.com.br\/canaldana\/2021\/01\/14\/nao-queremos-subsidios-diz-anfavea\/","title":{"rendered":"&#8220;N\u00e3o queremos subs\u00eddios&#8221;, diz Anfavea"},"content":{"rendered":"<p><em>O Estado de S. Paulo <\/em><\/p>\n<p>&nbsp;<\/p>\n<p>O presidente da Associa\u00e7\u00e3o Nacional dos Fabricantes de Ve\u00edculos Automotores (Anfavea), Luiz Carlos Moraes, afirmou ontem que existe uma politiza\u00e7\u00e3o sobre o fechamento das f\u00e1bricas da Ford, anunciado na segunda-feira. Em vez de se discutir quem \u00e9 o culpado, segundo ele, o Pa\u00eds deveria debater como resolver a falta de competitividade da ind\u00fastria brasileira para evitar novos casos como o da montadora americana. Sem citar nomes, ele criticou ainda declara\u00e7\u00f5es de que o setor quer novos incentivos fiscais.<\/p>\n<p>&nbsp;<\/p>\n<p>\u201cN\u00e3o queremos subs\u00eddios, queremos competitividade\u201d, afirmou. Logo ap\u00f3s o an\u00fancio da Ford, o presidente Jair Bolsonaro disse que \u201cfaltou \u00e0 Ford dizer a verdade: querem subs\u00eddios\u201d. Segundo Moraes, nos encontros que o setor teve com o governo e nos estudos entregues \u00e0 equipe econ\u00f4mica nos \u00faltimos dois anos n\u00e3o havia pedidos de incentivos, apenas sugest\u00f5es de medidas para reduzir o chamado custo Brasil, para que as empresas de todos os setores possam atrair investimentos e competir melhor no mercado internacional.<\/p>\n<p>&nbsp;<\/p>\n<p>Ressaltou que h\u00e1 mais de tr\u00eas anos o setor vem apontando dificuldades em se fazer neg\u00f3cios no Brasil e em atrair investidores. Uma delas \u00e9 o \u201cmanic\u00f4mio tribut\u00e1rio\u201d que dificulta e encarece a produ\u00e7\u00e3o local. O termo tamb\u00e9m foi usado pelo presidente da C\u00e2mara, Rodrigo Maia, ao justificar o fechamento das tr\u00eas f\u00e1bricas da Ford \u2013 em Cama\u00e7ari (BA), Taubat\u00e9 (SP) e Horizonte (CE). Em 2019, o grupo j\u00e1 tinha fechado a unidade do ABC paulista.<\/p>\n<p>&nbsp;<\/p>\n<p>\u201cQuanto mais tempo levar para atacar os problemas cr\u00edticos como burocracia, carga tribut\u00e1ria e n\u00e3o devolu\u00e7\u00e3o de cr\u00e9ditos, mais aumenta o risco de solu\u00e7\u00f5es como a da Ford serem adotadas por outras empresas\u201d, disse o executivo, que tamb\u00e9m \u00e9 diretor da Mercedes-Benz, outra empresa que decidiu fechar a f\u00e1brica de autom\u00f3veis premium em Iracem\u00e1polis (SP), no m\u00eas passado. Segundo ele, cada vez fica mais dif\u00edcil defender novos investimentos com as matrizes.<\/p>\n<p>&nbsp;<\/p>\n<p>Ele tamb\u00e9m reclamou da forma que considera pejorativa como s\u00e3o tratados os benef\u00edcios fiscais. \u201cSe a carga n\u00e3o fosse elevada, n\u00e3o precisaria de incentivos.\u201d Ele citou o exemplo do programa Inovar-auto, que vigorou de 2012 a 2017, per\u00edodo em que as montadoras investiram R$ 25 bilh\u00f5es, dos quais 30% retornaram como apoio \u00e0s empresas por meio de cr\u00e9dito de Imposto sobre Produtos Industrializados (IPI) e foram aplicados em pesquisa e desenvolvimento de novas tecnologias.<\/p>\n<p>&nbsp;<\/p>\n<p>Um dos resultados foi a redu\u00e7\u00e3o de 12% do consumo de combust\u00edveis, o que resultou em economia anual de R$ 7 bilh\u00f5es aos consumidores. \u201c\u00c9 preciso parar com essa discuss\u00e3o de desmerecer o ativo que o Brasil tem que \u00e9 a ind\u00fastria automotiva, que traz novas tecnologias e empregos de qualidade\u201d, disse o presidente da Anfavea.<\/p>\n<p>&nbsp;<\/p>\n<p><strong>Ociosidade<\/strong><\/p>\n<p>&nbsp;<\/p>\n<p>O setor automotivo tinha capacidade t\u00e9cnica para produzir 5 milh\u00f5es de ve\u00edculos ao ano, n\u00famero que cair\u00e1 para 4,5 a 4,7 milh\u00f5es com as sa\u00eddas da Ford e da Mercedes. Ainda assim, o setor vai operar com ociosidade acima de 50%.<\/p>\n<p>&nbsp;<\/p>\n<p>Isso j\u00e1 era um problema para o setor desde 2014 e se agravou com a pandemia da covid-19. A situa\u00e7\u00e3o \u00e9 pior porque atualmente toda a ind\u00fastria global tamb\u00e9m opera com ociosidade e a disputa por mercados se torna mais forte, em especial nesse momento em que as f\u00e1bricas caminham para a eletrifica\u00e7\u00e3o e automa\u00e7\u00e3o dos ve\u00edculos.<\/p>\n<p>&nbsp;<\/p>\n<p>O Brasil ainda n\u00e3o discute uma pol\u00edtica para a transi\u00e7\u00e3o energ\u00e9tica. Para Moraes, as empresas v\u00e3o buscar pa\u00edses mais competitivos para colocar bilh\u00f5es em investimento nessa reestrutura\u00e7\u00e3o e, nesse jogo, \u201cestamos entrando sem chuteira, com bola murcha e camisas rasgadas\u201d.<\/p>\n<p>&nbsp;<\/p>\n<p>Moraes ressaltou ao menos um benef\u00edcio que surgiu da discuss\u00e3o sobre a Ford. \u201cA ficha caiu\u201d, disse ele. Segundo o executivo, v\u00e1rios parlamentares t\u00eam procurado a Anfavea para conversar sobre medidas que evitem a fuga de novas empresas. H\u00e1 v\u00e1rias reuni\u00f5es agendadas para os pr\u00f3ximos dias, afirmou ele. (O Estado de S. Paulo\/Cleide Silva)<\/p>\n","protected":false},"excerpt":{"rendered":"<p>O Estado de S. Paulo &nbsp; O presidente da Associa\u00e7\u00e3o Nacional dos Fabricantes de Ve\u00edculos Automotores (Anfavea), Luiz Carlos Moraes, afirmou ontem que existe uma politiza\u00e7\u00e3o sobre o fechamento das f\u00e1bricas da Ford, anunciado na segunda-feira. Em vez de se discutir quem \u00e9 o culpado, segundo ele, o Pa\u00eds deveria debater como resolver a falta\u2026 <a class=\"readmore\" href=\"https:\/\/dana.com.br\/canaldana\/2021\/01\/14\/nao-queremos-subsidios-diz-anfavea\/\">Leia mais \u00bb<\/a><\/p>\n","protected":false},"author":3,"featured_media":0,"comment_status":"closed","ping_status":"closed","sticky":false,"template":"","format":"standard","meta":{"_acf_changed":false,"footnotes":""},"categories":[61],"tags":[],"class_list":["post-47330","post","type-post","status-publish","format-standard","hentry","category-destaques"],"acf":[],"yoast_head":"<!-- This site is optimized with the Yoast SEO plugin v27.5 - https:\/\/yoast.com\/product\/yoast-seo-wordpress\/ -->\n<title>&quot;N\u00e3o queremos subs\u00eddios&quot;, diz Anfavea - Canal Dana<\/title>\n<meta name=\"robots\" content=\"index, follow, max-snippet:-1, max-image-preview:large, max-video-preview:-1\" \/>\n<link rel=\"canonical\" href=\"https:\/\/dana.com.br\/canaldana\/2021\/01\/14\/nao-queremos-subsidios-diz-anfavea\/\" \/>\n<meta property=\"og:locale\" content=\"pt_BR\" \/>\n<meta property=\"og:type\" content=\"article\" \/>\n<meta property=\"og:title\" content=\"&quot;N\u00e3o queremos subs\u00eddios&quot;, diz Anfavea - Canal Dana\" \/>\n<meta property=\"og:description\" content=\"O Estado de S. Paulo &nbsp; O presidente da Associa\u00e7\u00e3o Nacional dos Fabricantes de Ve\u00edculos Automotores (Anfavea), Luiz Carlos Moraes, afirmou ontem que existe uma politiza\u00e7\u00e3o sobre o fechamento das f\u00e1bricas da Ford, anunciado na segunda-feira. Em vez de se discutir quem \u00e9 o culpado, segundo ele, o Pa\u00eds deveria debater como resolver a falta\u2026 Leia mais \u00bb\" \/>\n<meta property=\"og:url\" content=\"https:\/\/dana.com.br\/canaldana\/2021\/01\/14\/nao-queremos-subsidios-diz-anfavea\/\" \/>\n<meta property=\"og:site_name\" content=\"Canal Dana\" \/>\n<meta property=\"article:published_time\" content=\"2021-01-14T11:31:03+00:00\" \/>\n<meta name=\"author\" content=\"Canal Dana\" \/>\n<meta name=\"twitter:card\" content=\"summary_large_image\" \/>\n<meta name=\"twitter:label1\" content=\"Escrito por\" \/>\n\t<meta name=\"twitter:data1\" content=\"Canal Dana\" \/>\n\t<meta name=\"twitter:label2\" content=\"Est. tempo de leitura\" \/>\n\t<meta name=\"twitter:data2\" content=\"4 minutos\" \/>\n<script type=\"application\/ld+json\" class=\"yoast-schema-graph\">{\"@context\":\"https:\\\/\\\/schema.org\",\"@graph\":[{\"@type\":\"Article\",\"@id\":\"https:\\\/\\\/dana.com.br\\\/canaldana\\\/2021\\\/01\\\/14\\\/nao-queremos-subsidios-diz-anfavea\\\/#article\",\"isPartOf\":{\"@id\":\"https:\\\/\\\/dana.com.br\\\/canaldana\\\/2021\\\/01\\\/14\\\/nao-queremos-subsidios-diz-anfavea\\\/\"},\"author\":{\"name\":\"Canal Dana\",\"@id\":\"https:\\\/\\\/dana.com.br\\\/canaldana\\\/#\\\/schema\\\/person\\\/3c21f22f56fcf3bc46b94bc60ea4fef6\"},\"headline\":\"&#8220;N\u00e3o queremos subs\u00eddios&#8221;, diz Anfavea\",\"datePublished\":\"2021-01-14T11:31:03+00:00\",\"mainEntityOfPage\":{\"@id\":\"https:\\\/\\\/dana.com.br\\\/canaldana\\\/2021\\\/01\\\/14\\\/nao-queremos-subsidios-diz-anfavea\\\/\"},\"wordCount\":709,\"articleSection\":[\"Destaques\"],\"inLanguage\":\"pt-BR\"},{\"@type\":\"WebPage\",\"@id\":\"https:\\\/\\\/dana.com.br\\\/canaldana\\\/2021\\\/01\\\/14\\\/nao-queremos-subsidios-diz-anfavea\\\/\",\"url\":\"https:\\\/\\\/dana.com.br\\\/canaldana\\\/2021\\\/01\\\/14\\\/nao-queremos-subsidios-diz-anfavea\\\/\",\"name\":\"\\\"N\u00e3o queremos subs\u00eddios\\\", diz Anfavea - Canal Dana\",\"isPartOf\":{\"@id\":\"https:\\\/\\\/dana.com.br\\\/canaldana\\\/#website\"},\"datePublished\":\"2021-01-14T11:31:03+00:00\",\"author\":{\"@id\":\"https:\\\/\\\/dana.com.br\\\/canaldana\\\/#\\\/schema\\\/person\\\/3c21f22f56fcf3bc46b94bc60ea4fef6\"},\"breadcrumb\":{\"@id\":\"https:\\\/\\\/dana.com.br\\\/canaldana\\\/2021\\\/01\\\/14\\\/nao-queremos-subsidios-diz-anfavea\\\/#breadcrumb\"},\"inLanguage\":\"pt-BR\",\"potentialAction\":[{\"@type\":\"ReadAction\",\"target\":[\"https:\\\/\\\/dana.com.br\\\/canaldana\\\/2021\\\/01\\\/14\\\/nao-queremos-subsidios-diz-anfavea\\\/\"]}]},{\"@type\":\"BreadcrumbList\",\"@id\":\"https:\\\/\\\/dana.com.br\\\/canaldana\\\/2021\\\/01\\\/14\\\/nao-queremos-subsidios-diz-anfavea\\\/#breadcrumb\",\"itemListElement\":[{\"@type\":\"ListItem\",\"position\":1,\"name\":\"Home\",\"item\":\"https:\\\/\\\/dana.com.br\\\/canaldana\\\/\"},{\"@type\":\"ListItem\",\"position\":2,\"name\":\"Destaques\",\"item\":\"https:\\\/\\\/dana.com.br\\\/canaldana\\\/destaques\\\/\"},{\"@type\":\"ListItem\",\"position\":3,\"name\":\"&#8220;N\u00e3o queremos subs\u00eddios&#8221;, diz Anfavea\"}]},{\"@type\":\"WebSite\",\"@id\":\"https:\\\/\\\/dana.com.br\\\/canaldana\\\/#website\",\"url\":\"https:\\\/\\\/dana.com.br\\\/canaldana\\\/\",\"name\":\"Canal Dana\",\"description\":\"Informativo com as principais not\u00edcias da ind\u00fastria automotiva\",\"potentialAction\":[{\"@type\":\"SearchAction\",\"target\":{\"@type\":\"EntryPoint\",\"urlTemplate\":\"https:\\\/\\\/dana.com.br\\\/canaldana\\\/?s={search_term_string}\"},\"query-input\":{\"@type\":\"PropertyValueSpecification\",\"valueRequired\":true,\"valueName\":\"search_term_string\"}}],\"inLanguage\":\"pt-BR\"},{\"@type\":\"Person\",\"@id\":\"https:\\\/\\\/dana.com.br\\\/canaldana\\\/#\\\/schema\\\/person\\\/3c21f22f56fcf3bc46b94bc60ea4fef6\",\"name\":\"Canal Dana\",\"image\":{\"@type\":\"ImageObject\",\"inLanguage\":\"pt-BR\",\"@id\":\"https:\\\/\\\/secure.gravatar.com\\\/avatar\\\/420aaf9278582877d9018637c6817617705899d2858d7572ef0fe59a6b6454b4?s=96&d=mm&r=g\",\"url\":\"https:\\\/\\\/secure.gravatar.com\\\/avatar\\\/420aaf9278582877d9018637c6817617705899d2858d7572ef0fe59a6b6454b4?s=96&d=mm&r=g\",\"contentUrl\":\"https:\\\/\\\/secure.gravatar.com\\\/avatar\\\/420aaf9278582877d9018637c6817617705899d2858d7572ef0fe59a6b6454b4?s=96&d=mm&r=g\",\"caption\":\"Canal Dana\"},\"url\":\"https:\\\/\\\/dana.com.br\\\/canaldana\\\/author\\\/cdeditor\\\/\"}]}<\/script>\n<!-- \/ Yoast SEO plugin. -->","yoast_head_json":{"title":"\"N\u00e3o queremos subs\u00eddios\", diz Anfavea - Canal Dana","robots":{"index":"index","follow":"follow","max-snippet":"max-snippet:-1","max-image-preview":"max-image-preview:large","max-video-preview":"max-video-preview:-1"},"canonical":"https:\/\/dana.com.br\/canaldana\/2021\/01\/14\/nao-queremos-subsidios-diz-anfavea\/","og_locale":"pt_BR","og_type":"article","og_title":"\"N\u00e3o queremos subs\u00eddios\", diz Anfavea - Canal Dana","og_description":"O Estado de S. Paulo &nbsp; O presidente da Associa\u00e7\u00e3o Nacional dos Fabricantes de Ve\u00edculos Automotores (Anfavea), Luiz Carlos Moraes, afirmou ontem que existe uma politiza\u00e7\u00e3o sobre o fechamento das f\u00e1bricas da Ford, anunciado na segunda-feira. Em vez de se discutir quem \u00e9 o culpado, segundo ele, o Pa\u00eds deveria debater como resolver a falta\u2026 Leia mais \u00bb","og_url":"https:\/\/dana.com.br\/canaldana\/2021\/01\/14\/nao-queremos-subsidios-diz-anfavea\/","og_site_name":"Canal Dana","article_published_time":"2021-01-14T11:31:03+00:00","author":"Canal Dana","twitter_card":"summary_large_image","twitter_misc":{"Escrito por":"Canal Dana","Est. tempo de leitura":"4 minutos"},"schema":{"@context":"https:\/\/schema.org","@graph":[{"@type":"Article","@id":"https:\/\/dana.com.br\/canaldana\/2021\/01\/14\/nao-queremos-subsidios-diz-anfavea\/#article","isPartOf":{"@id":"https:\/\/dana.com.br\/canaldana\/2021\/01\/14\/nao-queremos-subsidios-diz-anfavea\/"},"author":{"name":"Canal Dana","@id":"https:\/\/dana.com.br\/canaldana\/#\/schema\/person\/3c21f22f56fcf3bc46b94bc60ea4fef6"},"headline":"&#8220;N\u00e3o queremos subs\u00eddios&#8221;, diz Anfavea","datePublished":"2021-01-14T11:31:03+00:00","mainEntityOfPage":{"@id":"https:\/\/dana.com.br\/canaldana\/2021\/01\/14\/nao-queremos-subsidios-diz-anfavea\/"},"wordCount":709,"articleSection":["Destaques"],"inLanguage":"pt-BR"},{"@type":"WebPage","@id":"https:\/\/dana.com.br\/canaldana\/2021\/01\/14\/nao-queremos-subsidios-diz-anfavea\/","url":"https:\/\/dana.com.br\/canaldana\/2021\/01\/14\/nao-queremos-subsidios-diz-anfavea\/","name":"\"N\u00e3o queremos subs\u00eddios\", diz Anfavea - Canal Dana","isPartOf":{"@id":"https:\/\/dana.com.br\/canaldana\/#website"},"datePublished":"2021-01-14T11:31:03+00:00","author":{"@id":"https:\/\/dana.com.br\/canaldana\/#\/schema\/person\/3c21f22f56fcf3bc46b94bc60ea4fef6"},"breadcrumb":{"@id":"https:\/\/dana.com.br\/canaldana\/2021\/01\/14\/nao-queremos-subsidios-diz-anfavea\/#breadcrumb"},"inLanguage":"pt-BR","potentialAction":[{"@type":"ReadAction","target":["https:\/\/dana.com.br\/canaldana\/2021\/01\/14\/nao-queremos-subsidios-diz-anfavea\/"]}]},{"@type":"BreadcrumbList","@id":"https:\/\/dana.com.br\/canaldana\/2021\/01\/14\/nao-queremos-subsidios-diz-anfavea\/#breadcrumb","itemListElement":[{"@type":"ListItem","position":1,"name":"Home","item":"https:\/\/dana.com.br\/canaldana\/"},{"@type":"ListItem","position":2,"name":"Destaques","item":"https:\/\/dana.com.br\/canaldana\/destaques\/"},{"@type":"ListItem","position":3,"name":"&#8220;N\u00e3o queremos subs\u00eddios&#8221;, diz Anfavea"}]},{"@type":"WebSite","@id":"https:\/\/dana.com.br\/canaldana\/#website","url":"https:\/\/dana.com.br\/canaldana\/","name":"Canal Dana","description":"Informativo com as principais not\u00edcias da ind\u00fastria automotiva","potentialAction":[{"@type":"SearchAction","target":{"@type":"EntryPoint","urlTemplate":"https:\/\/dana.com.br\/canaldana\/?s={search_term_string}"},"query-input":{"@type":"PropertyValueSpecification","valueRequired":true,"valueName":"search_term_string"}}],"inLanguage":"pt-BR"},{"@type":"Person","@id":"https:\/\/dana.com.br\/canaldana\/#\/schema\/person\/3c21f22f56fcf3bc46b94bc60ea4fef6","name":"Canal Dana","image":{"@type":"ImageObject","inLanguage":"pt-BR","@id":"https:\/\/secure.gravatar.com\/avatar\/420aaf9278582877d9018637c6817617705899d2858d7572ef0fe59a6b6454b4?s=96&d=mm&r=g","url":"https:\/\/secure.gravatar.com\/avatar\/420aaf9278582877d9018637c6817617705899d2858d7572ef0fe59a6b6454b4?s=96&d=mm&r=g","contentUrl":"https:\/\/secure.gravatar.com\/avatar\/420aaf9278582877d9018637c6817617705899d2858d7572ef0fe59a6b6454b4?s=96&d=mm&r=g","caption":"Canal Dana"},"url":"https:\/\/dana.com.br\/canaldana\/author\/cdeditor\/"}]}},"_links":{"self":[{"href":"https:\/\/dana.com.br\/canaldana\/wp-json\/wp\/v2\/posts\/47330","targetHints":{"allow":["GET"]}}],"collection":[{"href":"https:\/\/dana.com.br\/canaldana\/wp-json\/wp\/v2\/posts"}],"about":[{"href":"https:\/\/dana.com.br\/canaldana\/wp-json\/wp\/v2\/types\/post"}],"author":[{"embeddable":true,"href":"https:\/\/dana.com.br\/canaldana\/wp-json\/wp\/v2\/users\/3"}],"replies":[{"embeddable":true,"href":"https:\/\/dana.com.br\/canaldana\/wp-json\/wp\/v2\/comments?post=47330"}],"version-history":[{"count":0,"href":"https:\/\/dana.com.br\/canaldana\/wp-json\/wp\/v2\/posts\/47330\/revisions"}],"wp:attachment":[{"href":"https:\/\/dana.com.br\/canaldana\/wp-json\/wp\/v2\/media?parent=47330"}],"wp:term":[{"taxonomy":"category","embeddable":true,"href":"https:\/\/dana.com.br\/canaldana\/wp-json\/wp\/v2\/categories?post=47330"},{"taxonomy":"post_tag","embeddable":true,"href":"https:\/\/dana.com.br\/canaldana\/wp-json\/wp\/v2\/tags?post=47330"}],"curies":[{"name":"wp","href":"https:\/\/api.w.org\/{rel}","templated":true}]}}