{"id":47320,"date":"2021-01-14T08:28:06","date_gmt":"2021-01-14T11:28:06","guid":{"rendered":"https:\/\/dana.com.br\/canaldana\/?p=47320"},"modified":"2021-01-14T08:28:06","modified_gmt":"2021-01-14T11:28:06","slug":"mercado-de-pneus-retrai-129-em-2020","status":"publish","type":"post","link":"https:\/\/dana.com.br\/canaldana\/2021\/01\/14\/mercado-de-pneus-retrai-129-em-2020\/","title":{"rendered":"Mercado de pneus retrai 12,9% em 2020"},"content":{"rendered":"<p><em>AutoInd\u00fastria<\/em><\/p>\n<p>&nbsp;<\/p>\n<p>Apesar das vendas crescentes nos \u00faltimos meses do ano, a ind\u00fastria de pneus n\u00e3o conseguiu compensar as perdas do primeiro semestre, provocadas pela chegada da Covid-19 no Pa\u00eds, e encerrou o ano com queda de 12,9% em suas vendas internas. Foram comercializadas quase 51,8 milh\u00f5es de unidades, ante as 59,5 milh\u00f5es de 2019.<\/p>\n<p>&nbsp;<\/p>\n<p>Todos os segmentos foram afetados pela pandemia, mas o que mais sofreu foi o de autom\u00f3veis, com recuo de 19,2% nas vendas totais, com uma baixa de 32% nos neg\u00f3cios diretos com as montadoras e de 13,4% no mercado de reposi\u00e7\u00e3o. O de comerciais leves teve retra\u00e7\u00e3o total de 13%, enquanto as vendas para o segmento de carga ca\u00edram apenas 1,8% e para o de duas rodas, 1,2%.<\/p>\n<p>&nbsp;<\/p>\n<p>Conforme balan\u00e7o divulgado pela Anip, Associa\u00e7\u00e3o Nacional da Ind\u00fastria de Pneum\u00e1ticos, na ter\u00e7a-feira, 12, o final de 2020 foi marcado por sucessivos meses de boas vendas, incluindo as de dezembro (4,82 milh\u00f5es de pneus), que foram 9,5% maiores do que as de id\u00eantico m\u00eas de um ano antes (4,4 milh\u00f5es).<\/p>\n<p>&nbsp;<\/p>\n<p>Nesse mesmo comparativo, houve eleva\u00e7\u00f5es de 27% em comerciais leves, de 25,8% nos pneus de carga e de 20,3% no de duas rodas, enquanto no caso dos autom\u00f3veis a queda foi de 1,9%.<\/p>\n<p>&nbsp;<\/p>\n<p>Apesar das dificuldades, a Anip avalia que no contexto geral a ind\u00fastria de pneus conseguiu anteder as demandas dos diferentes segmentos nos quais atua, evitando problemas de fornecimento tanto para as montadoras como para o mercado de reposi\u00e7\u00e3o.<\/p>\n<p>&nbsp;<\/p>\n<p>\u201cEm um ano totalmente \u00fanico, com suspens\u00e3o de produ\u00e7\u00e3o por um per\u00edodo determinado e de amplas medidas de preven\u00e7\u00e3o em rela\u00e7\u00e3o \u00e0 Covid-19 que ainda permanecem, a ind\u00fastria de pneum\u00e1ticos no Brasil respondeu prontamente \u00e0s necessidades de todos os mercados, inclusive com crescimento no fornecimento do equipamento original\u201d, comenta Klaus Curt M\u00fcller, presidente executivo da Anip.<\/p>\n<p>&nbsp;<\/p>\n<p>Com rela\u00e7\u00e3o \u00e0s exporta\u00e7\u00f5es, a queda chegou a 24,2%, com 11,2 milh\u00f5es de pneus embarcados no ano passado ante os 14,7 milh\u00f5es de 2019. As importa\u00e7\u00f5es tamb\u00e9m ca\u00edram, de 24,9 milh\u00f5es para 20,9 milh\u00f5es de unidades (menos 16,3%).<\/p>\n<p>&nbsp;<\/p>\n<p>Em d\u00f3lares, no entanto, as vendas externas recuaram menos do que as importa\u00e7\u00f5es, com o setor fechando 2020 com super\u00e1vit de US$ 220 milh\u00f5es, valor 1,3% superior ao registrado em 2019. (AutoInd\u00fastria)<\/p>\n","protected":false},"excerpt":{"rendered":"<p>AutoInd\u00fastria &nbsp; Apesar das vendas crescentes nos \u00faltimos meses do ano, a ind\u00fastria de pneus n\u00e3o conseguiu compensar as perdas do primeiro semestre, provocadas pela chegada da Covid-19 no Pa\u00eds, e encerrou o ano com queda de 12,9% em suas vendas internas. Foram comercializadas quase 51,8 milh\u00f5es de unidades, ante as 59,5 milh\u00f5es de 2019.\u2026 <a class=\"readmore\" href=\"https:\/\/dana.com.br\/canaldana\/2021\/01\/14\/mercado-de-pneus-retrai-129-em-2020\/\">Leia mais \u00bb<\/a><\/p>\n","protected":false},"author":3,"featured_media":0,"comment_status":"closed","ping_status":"closed","sticky":false,"template":"","format":"standard","meta":{"_acf_changed":false,"footnotes":""},"categories":[79],"tags":[],"class_list":["post-47320","post","type-post","status-publish","format-standard","hentry","category-mercado"],"acf":[],"yoast_head":"<!-- This site is optimized with the Yoast SEO plugin v27.5 - https:\/\/yoast.com\/product\/yoast-seo-wordpress\/ -->\n<title>Mercado de pneus retrai 12,9% em 2020 - Canal Dana<\/title>\n<meta name=\"robots\" content=\"index, follow, max-snippet:-1, max-image-preview:large, max-video-preview:-1\" \/>\n<link rel=\"canonical\" href=\"https:\/\/dana.com.br\/canaldana\/2021\/01\/14\/mercado-de-pneus-retrai-129-em-2020\/\" \/>\n<meta property=\"og:locale\" content=\"pt_BR\" \/>\n<meta property=\"og:type\" content=\"article\" \/>\n<meta property=\"og:title\" content=\"Mercado de pneus retrai 12,9% em 2020 - Canal Dana\" \/>\n<meta property=\"og:description\" content=\"AutoInd\u00fastria &nbsp; Apesar das vendas crescentes nos \u00faltimos meses do ano, a ind\u00fastria de pneus n\u00e3o conseguiu compensar as perdas do primeiro semestre, provocadas pela chegada da Covid-19 no Pa\u00eds, e encerrou o ano com queda de 12,9% em suas vendas internas. Foram comercializadas quase 51,8 milh\u00f5es de unidades, ante as 59,5 milh\u00f5es de 2019.\u2026 Leia mais \u00bb\" \/>\n<meta property=\"og:url\" content=\"https:\/\/dana.com.br\/canaldana\/2021\/01\/14\/mercado-de-pneus-retrai-129-em-2020\/\" \/>\n<meta property=\"og:site_name\" content=\"Canal Dana\" \/>\n<meta property=\"article:published_time\" content=\"2021-01-14T11:28:06+00:00\" \/>\n<meta name=\"author\" content=\"Canal Dana\" \/>\n<meta name=\"twitter:card\" content=\"summary_large_image\" \/>\n<meta name=\"twitter:label1\" content=\"Escrito por\" \/>\n\t<meta name=\"twitter:data1\" content=\"Canal Dana\" \/>\n\t<meta name=\"twitter:label2\" content=\"Est. tempo de leitura\" \/>\n\t<meta name=\"twitter:data2\" content=\"2 minutos\" \/>\n<script type=\"application\/ld+json\" class=\"yoast-schema-graph\">{\"@context\":\"https:\\\/\\\/schema.org\",\"@graph\":[{\"@type\":\"Article\",\"@id\":\"https:\\\/\\\/dana.com.br\\\/canaldana\\\/2021\\\/01\\\/14\\\/mercado-de-pneus-retrai-129-em-2020\\\/#article\",\"isPartOf\":{\"@id\":\"https:\\\/\\\/dana.com.br\\\/canaldana\\\/2021\\\/01\\\/14\\\/mercado-de-pneus-retrai-129-em-2020\\\/\"},\"author\":{\"name\":\"Canal Dana\",\"@id\":\"https:\\\/\\\/dana.com.br\\\/canaldana\\\/#\\\/schema\\\/person\\\/3c21f22f56fcf3bc46b94bc60ea4fef6\"},\"headline\":\"Mercado de pneus retrai 12,9% em 2020\",\"datePublished\":\"2021-01-14T11:28:06+00:00\",\"mainEntityOfPage\":{\"@id\":\"https:\\\/\\\/dana.com.br\\\/canaldana\\\/2021\\\/01\\\/14\\\/mercado-de-pneus-retrai-129-em-2020\\\/\"},\"wordCount\":397,\"articleSection\":[\"Mercado\"],\"inLanguage\":\"pt-BR\"},{\"@type\":\"WebPage\",\"@id\":\"https:\\\/\\\/dana.com.br\\\/canaldana\\\/2021\\\/01\\\/14\\\/mercado-de-pneus-retrai-129-em-2020\\\/\",\"url\":\"https:\\\/\\\/dana.com.br\\\/canaldana\\\/2021\\\/01\\\/14\\\/mercado-de-pneus-retrai-129-em-2020\\\/\",\"name\":\"Mercado de pneus retrai 12,9% em 2020 - Canal Dana\",\"isPartOf\":{\"@id\":\"https:\\\/\\\/dana.com.br\\\/canaldana\\\/#website\"},\"datePublished\":\"2021-01-14T11:28:06+00:00\",\"author\":{\"@id\":\"https:\\\/\\\/dana.com.br\\\/canaldana\\\/#\\\/schema\\\/person\\\/3c21f22f56fcf3bc46b94bc60ea4fef6\"},\"breadcrumb\":{\"@id\":\"https:\\\/\\\/dana.com.br\\\/canaldana\\\/2021\\\/01\\\/14\\\/mercado-de-pneus-retrai-129-em-2020\\\/#breadcrumb\"},\"inLanguage\":\"pt-BR\",\"potentialAction\":[{\"@type\":\"ReadAction\",\"target\":[\"https:\\\/\\\/dana.com.br\\\/canaldana\\\/2021\\\/01\\\/14\\\/mercado-de-pneus-retrai-129-em-2020\\\/\"]}]},{\"@type\":\"BreadcrumbList\",\"@id\":\"https:\\\/\\\/dana.com.br\\\/canaldana\\\/2021\\\/01\\\/14\\\/mercado-de-pneus-retrai-129-em-2020\\\/#breadcrumb\",\"itemListElement\":[{\"@type\":\"ListItem\",\"position\":1,\"name\":\"Home\",\"item\":\"https:\\\/\\\/dana.com.br\\\/canaldana\\\/\"},{\"@type\":\"ListItem\",\"position\":2,\"name\":\"Mercado\",\"item\":\"https:\\\/\\\/dana.com.br\\\/canaldana\\\/mercado\\\/\"},{\"@type\":\"ListItem\",\"position\":3,\"name\":\"Mercado de pneus retrai 12,9% em 2020\"}]},{\"@type\":\"WebSite\",\"@id\":\"https:\\\/\\\/dana.com.br\\\/canaldana\\\/#website\",\"url\":\"https:\\\/\\\/dana.com.br\\\/canaldana\\\/\",\"name\":\"Canal Dana\",\"description\":\"Informativo com as principais not\u00edcias da ind\u00fastria automotiva\",\"potentialAction\":[{\"@type\":\"SearchAction\",\"target\":{\"@type\":\"EntryPoint\",\"urlTemplate\":\"https:\\\/\\\/dana.com.br\\\/canaldana\\\/?s={search_term_string}\"},\"query-input\":{\"@type\":\"PropertyValueSpecification\",\"valueRequired\":true,\"valueName\":\"search_term_string\"}}],\"inLanguage\":\"pt-BR\"},{\"@type\":\"Person\",\"@id\":\"https:\\\/\\\/dana.com.br\\\/canaldana\\\/#\\\/schema\\\/person\\\/3c21f22f56fcf3bc46b94bc60ea4fef6\",\"name\":\"Canal Dana\",\"image\":{\"@type\":\"ImageObject\",\"inLanguage\":\"pt-BR\",\"@id\":\"https:\\\/\\\/secure.gravatar.com\\\/avatar\\\/420aaf9278582877d9018637c6817617705899d2858d7572ef0fe59a6b6454b4?s=96&d=mm&r=g\",\"url\":\"https:\\\/\\\/secure.gravatar.com\\\/avatar\\\/420aaf9278582877d9018637c6817617705899d2858d7572ef0fe59a6b6454b4?s=96&d=mm&r=g\",\"contentUrl\":\"https:\\\/\\\/secure.gravatar.com\\\/avatar\\\/420aaf9278582877d9018637c6817617705899d2858d7572ef0fe59a6b6454b4?s=96&d=mm&r=g\",\"caption\":\"Canal Dana\"},\"url\":\"https:\\\/\\\/dana.com.br\\\/canaldana\\\/author\\\/cdeditor\\\/\"}]}<\/script>\n<!-- \/ Yoast SEO plugin. -->","yoast_head_json":{"title":"Mercado de pneus retrai 12,9% em 2020 - Canal Dana","robots":{"index":"index","follow":"follow","max-snippet":"max-snippet:-1","max-image-preview":"max-image-preview:large","max-video-preview":"max-video-preview:-1"},"canonical":"https:\/\/dana.com.br\/canaldana\/2021\/01\/14\/mercado-de-pneus-retrai-129-em-2020\/","og_locale":"pt_BR","og_type":"article","og_title":"Mercado de pneus retrai 12,9% em 2020 - Canal Dana","og_description":"AutoInd\u00fastria &nbsp; Apesar das vendas crescentes nos \u00faltimos meses do ano, a ind\u00fastria de pneus n\u00e3o conseguiu compensar as perdas do primeiro semestre, provocadas pela chegada da Covid-19 no Pa\u00eds, e encerrou o ano com queda de 12,9% em suas vendas internas. Foram comercializadas quase 51,8 milh\u00f5es de unidades, ante as 59,5 milh\u00f5es de 2019.\u2026 Leia mais \u00bb","og_url":"https:\/\/dana.com.br\/canaldana\/2021\/01\/14\/mercado-de-pneus-retrai-129-em-2020\/","og_site_name":"Canal Dana","article_published_time":"2021-01-14T11:28:06+00:00","author":"Canal Dana","twitter_card":"summary_large_image","twitter_misc":{"Escrito por":"Canal Dana","Est. tempo de leitura":"2 minutos"},"schema":{"@context":"https:\/\/schema.org","@graph":[{"@type":"Article","@id":"https:\/\/dana.com.br\/canaldana\/2021\/01\/14\/mercado-de-pneus-retrai-129-em-2020\/#article","isPartOf":{"@id":"https:\/\/dana.com.br\/canaldana\/2021\/01\/14\/mercado-de-pneus-retrai-129-em-2020\/"},"author":{"name":"Canal Dana","@id":"https:\/\/dana.com.br\/canaldana\/#\/schema\/person\/3c21f22f56fcf3bc46b94bc60ea4fef6"},"headline":"Mercado de pneus retrai 12,9% em 2020","datePublished":"2021-01-14T11:28:06+00:00","mainEntityOfPage":{"@id":"https:\/\/dana.com.br\/canaldana\/2021\/01\/14\/mercado-de-pneus-retrai-129-em-2020\/"},"wordCount":397,"articleSection":["Mercado"],"inLanguage":"pt-BR"},{"@type":"WebPage","@id":"https:\/\/dana.com.br\/canaldana\/2021\/01\/14\/mercado-de-pneus-retrai-129-em-2020\/","url":"https:\/\/dana.com.br\/canaldana\/2021\/01\/14\/mercado-de-pneus-retrai-129-em-2020\/","name":"Mercado de pneus retrai 12,9% em 2020 - Canal Dana","isPartOf":{"@id":"https:\/\/dana.com.br\/canaldana\/#website"},"datePublished":"2021-01-14T11:28:06+00:00","author":{"@id":"https:\/\/dana.com.br\/canaldana\/#\/schema\/person\/3c21f22f56fcf3bc46b94bc60ea4fef6"},"breadcrumb":{"@id":"https:\/\/dana.com.br\/canaldana\/2021\/01\/14\/mercado-de-pneus-retrai-129-em-2020\/#breadcrumb"},"inLanguage":"pt-BR","potentialAction":[{"@type":"ReadAction","target":["https:\/\/dana.com.br\/canaldana\/2021\/01\/14\/mercado-de-pneus-retrai-129-em-2020\/"]}]},{"@type":"BreadcrumbList","@id":"https:\/\/dana.com.br\/canaldana\/2021\/01\/14\/mercado-de-pneus-retrai-129-em-2020\/#breadcrumb","itemListElement":[{"@type":"ListItem","position":1,"name":"Home","item":"https:\/\/dana.com.br\/canaldana\/"},{"@type":"ListItem","position":2,"name":"Mercado","item":"https:\/\/dana.com.br\/canaldana\/mercado\/"},{"@type":"ListItem","position":3,"name":"Mercado de pneus retrai 12,9% em 2020"}]},{"@type":"WebSite","@id":"https:\/\/dana.com.br\/canaldana\/#website","url":"https:\/\/dana.com.br\/canaldana\/","name":"Canal Dana","description":"Informativo com as principais not\u00edcias da ind\u00fastria automotiva","potentialAction":[{"@type":"SearchAction","target":{"@type":"EntryPoint","urlTemplate":"https:\/\/dana.com.br\/canaldana\/?s={search_term_string}"},"query-input":{"@type":"PropertyValueSpecification","valueRequired":true,"valueName":"search_term_string"}}],"inLanguage":"pt-BR"},{"@type":"Person","@id":"https:\/\/dana.com.br\/canaldana\/#\/schema\/person\/3c21f22f56fcf3bc46b94bc60ea4fef6","name":"Canal Dana","image":{"@type":"ImageObject","inLanguage":"pt-BR","@id":"https:\/\/secure.gravatar.com\/avatar\/420aaf9278582877d9018637c6817617705899d2858d7572ef0fe59a6b6454b4?s=96&d=mm&r=g","url":"https:\/\/secure.gravatar.com\/avatar\/420aaf9278582877d9018637c6817617705899d2858d7572ef0fe59a6b6454b4?s=96&d=mm&r=g","contentUrl":"https:\/\/secure.gravatar.com\/avatar\/420aaf9278582877d9018637c6817617705899d2858d7572ef0fe59a6b6454b4?s=96&d=mm&r=g","caption":"Canal Dana"},"url":"https:\/\/dana.com.br\/canaldana\/author\/cdeditor\/"}]}},"_links":{"self":[{"href":"https:\/\/dana.com.br\/canaldana\/wp-json\/wp\/v2\/posts\/47320","targetHints":{"allow":["GET"]}}],"collection":[{"href":"https:\/\/dana.com.br\/canaldana\/wp-json\/wp\/v2\/posts"}],"about":[{"href":"https:\/\/dana.com.br\/canaldana\/wp-json\/wp\/v2\/types\/post"}],"author":[{"embeddable":true,"href":"https:\/\/dana.com.br\/canaldana\/wp-json\/wp\/v2\/users\/3"}],"replies":[{"embeddable":true,"href":"https:\/\/dana.com.br\/canaldana\/wp-json\/wp\/v2\/comments?post=47320"}],"version-history":[{"count":0,"href":"https:\/\/dana.com.br\/canaldana\/wp-json\/wp\/v2\/posts\/47320\/revisions"}],"wp:attachment":[{"href":"https:\/\/dana.com.br\/canaldana\/wp-json\/wp\/v2\/media?parent=47320"}],"wp:term":[{"taxonomy":"category","embeddable":true,"href":"https:\/\/dana.com.br\/canaldana\/wp-json\/wp\/v2\/categories?post=47320"},{"taxonomy":"post_tag","embeddable":true,"href":"https:\/\/dana.com.br\/canaldana\/wp-json\/wp\/v2\/tags?post=47320"}],"curies":[{"name":"wp","href":"https:\/\/api.w.org\/{rel}","templated":true}]}}