{"id":47293,"date":"2021-01-13T08:35:31","date_gmt":"2021-01-13T11:35:31","guid":{"rendered":"https:\/\/dana.com.br\/canaldana\/?p=47293"},"modified":"2021-01-13T08:35:31","modified_gmt":"2021-01-13T11:35:31","slug":"faltou-a-ford-dizer-que-queria-subsidios","status":"publish","type":"post","link":"https:\/\/dana.com.br\/canaldana\/2021\/01\/13\/faltou-a-ford-dizer-que-queria-subsidios\/","title":{"rendered":"&#8220;Faltou \u00e0 Ford dizer que queria subs\u00eddios&#8221;"},"content":{"rendered":"<p><em>O Estado de S. Paulo <\/em><\/p>\n<p>&nbsp;<\/p>\n<p>O presidente Jair Bolsonaro afirmou ontem a apoiadores que a Ford n\u00e3o disse o que, na sua opini\u00e3o, seria o real motivo para a montadora fechar suas f\u00e1bricas no Brasil. \u201cMas o que a Ford quer? Faltou \u00e0 Ford dizer a verdade: querem subs\u00eddios. Voc\u00eas querem que continuemos dando R$ 20 bilh\u00f5es para eles como fizemos nos \u00faltimos anos, dinheiro de voc\u00eas, impostos de voc\u00eas, para fabricar carro aqui?\u201d, questionou.<\/p>\n<p>&nbsp;<\/p>\n<p>Na sequ\u00eancia, ele pr\u00f3prio respondeu: \u201cN\u00e3o. Perdeu para a concorr\u00eancia, lamento\u201d.<\/p>\n<p>&nbsp;<\/p>\n<p>O presidente, no entanto, n\u00e3o explicou se a montadora pediu novos subs\u00eddios para manter a opera\u00e7\u00e3o no Pa\u00eds. Fontes do Minist\u00e9rio da Economia afirmaram ao Estad\u00e3o, sob a condi\u00e7\u00e3o de anonimato, que a sa\u00edda da empresa faz parte de um movimento global e n\u00e3o est\u00e1 relacionada \u00e0 frustra\u00e7\u00e3o de pol\u00edticas de incentivo no Pa\u00eds. Nem a empresa nem a Anfavea, associa\u00e7\u00e3o que representa o setor, se pronunciou sobre as declara\u00e7\u00f5es do presidente.<\/p>\n<p>&nbsp;<\/p>\n<p>Depois de mais de 100 anos produzindo no Brasil, a Ford anunciou na segunda-feira o fechamento das f\u00e1bricas de Cama\u00e7ari (BA), Taubat\u00e9 (SP) e Horizonte (CE), mas a montadora segue com sua opera\u00e7\u00e3o de vendas e assist\u00eancia t\u00e9cnica no Pa\u00eds, focando em produtos importados.<\/p>\n<p>&nbsp;<\/p>\n<p>O an\u00fancio acabou colocando em debate a concess\u00e3o de bilh\u00f5es de incentivos tribut\u00e1rios para a ind\u00fastria automobil\u00edstica. Dados do Minist\u00e9rio da Economia apontam que os incentivos tribut\u00e1rios para os fabricantes de autom\u00f3veis atingiram R$ 43,7 bilh\u00f5es entre 2010 e 2020.<\/p>\n<p>&nbsp;<\/p>\n<p>At\u00e9 2017, os incentivos contabilizados &#8211; R$ 25,24 bilh\u00f5es &#8211; correspondem \u00e0 base efetiva apurada. Nos tr\u00eas anos seguintes (2018, 2019 e 2020), os dados s\u00e3o proje\u00e7\u00f5es.<\/p>\n<p>&nbsp;<\/p>\n<p>Al\u00e9m dos incentivos dos tributos federais, as empresas contam com benef\u00edcios dados pelos Estados, que n\u00e3o entraram na conta do Minist\u00e9rio da Economia.<\/p>\n<p>&nbsp;<\/p>\n<p>Bolsonaro rebateu as cr\u00edticas de que seu governo n\u00e3o fez nada para manter a montadora no Pa\u00eds e afirmou que a sa\u00edda da empresa aconteceu porque a companhia \u201cperdeu para a concorr\u00eancia\u201d e, \u201cem um ambiente de neg\u00f3cios, quando n\u00e3o se tem lucro, se fecha\u201d. \u201cAssim \u00e9 na vida e na nossa casa\u201d, completou o presidente.<\/p>\n<p>&nbsp;<\/p>\n<p><strong>Mour\u00e3o<\/strong><\/p>\n<p>&nbsp;<\/p>\n<p>J\u00e1 o vice-presidente, Hamilton Mour\u00e3o, disse que os argumentos da Ford para deixar de produzir carros no Pa\u00eds foram \u201cmeio fracos\u201d (a empresa fala em perdas significativas nos \u00faltimos anos no Pa\u00eds, agravadas pela pandemia). Em conversa com jornalistas pela manh\u00e3, ele reconheceu as dificuldades enfrentadas pelo setor automobil\u00edstico, mas avaliou que o mercado brasileiro teria condi\u00e7\u00f5es de se recuperar.<\/p>\n<p>&nbsp;<\/p>\n<p>Mour\u00e3o repetiu que a Ford ganhou \u201cbastante dinheiro\u201d no Brasil e, a exemplo de Bolsonaro, destacou que ela recebeu incentivos ao longo dos anos em que atuou no Pa\u00eds. (O Estado de S. Paulo\/Luci Ribeiro e Emilly Behnke)<\/p>\n","protected":false},"excerpt":{"rendered":"<p>O Estado de S. Paulo &nbsp; O presidente Jair Bolsonaro afirmou ontem a apoiadores que a Ford n\u00e3o disse o que, na sua opini\u00e3o, seria o real motivo para a montadora fechar suas f\u00e1bricas no Brasil. \u201cMas o que a Ford quer? Faltou \u00e0 Ford dizer a verdade: querem subs\u00eddios. Voc\u00eas querem que continuemos dando\u2026 <a class=\"readmore\" href=\"https:\/\/dana.com.br\/canaldana\/2021\/01\/13\/faltou-a-ford-dizer-que-queria-subsidios\/\">Leia mais \u00bb<\/a><\/p>\n","protected":false},"author":3,"featured_media":0,"comment_status":"closed","ping_status":"closed","sticky":false,"template":"","format":"standard","meta":{"_acf_changed":false,"footnotes":""},"categories":[79],"tags":[],"class_list":["post-47293","post","type-post","status-publish","format-standard","hentry","category-mercado"],"acf":[],"yoast_head":"<!-- This site is optimized with the Yoast SEO plugin v27.5 - https:\/\/yoast.com\/product\/yoast-seo-wordpress\/ -->\n<title>&quot;Faltou \u00e0 Ford dizer que queria subs\u00eddios&quot; - Canal Dana<\/title>\n<meta name=\"robots\" content=\"index, follow, max-snippet:-1, max-image-preview:large, max-video-preview:-1\" \/>\n<link rel=\"canonical\" href=\"https:\/\/dana.com.br\/canaldana\/2021\/01\/13\/faltou-a-ford-dizer-que-queria-subsidios\/\" \/>\n<meta property=\"og:locale\" content=\"pt_BR\" \/>\n<meta property=\"og:type\" content=\"article\" \/>\n<meta property=\"og:title\" content=\"&quot;Faltou \u00e0 Ford dizer que queria subs\u00eddios&quot; - Canal Dana\" \/>\n<meta property=\"og:description\" content=\"O Estado de S. Paulo &nbsp; O presidente Jair Bolsonaro afirmou ontem a apoiadores que a Ford n\u00e3o disse o que, na sua opini\u00e3o, seria o real motivo para a montadora fechar suas f\u00e1bricas no Brasil. \u201cMas o que a Ford quer? Faltou \u00e0 Ford dizer a verdade: querem subs\u00eddios. Voc\u00eas querem que continuemos dando\u2026 Leia mais \u00bb\" \/>\n<meta property=\"og:url\" content=\"https:\/\/dana.com.br\/canaldana\/2021\/01\/13\/faltou-a-ford-dizer-que-queria-subsidios\/\" \/>\n<meta property=\"og:site_name\" content=\"Canal Dana\" \/>\n<meta property=\"article:published_time\" content=\"2021-01-13T11:35:31+00:00\" \/>\n<meta name=\"author\" content=\"Canal Dana\" \/>\n<meta name=\"twitter:card\" content=\"summary_large_image\" \/>\n<meta name=\"twitter:label1\" content=\"Escrito por\" \/>\n\t<meta name=\"twitter:data1\" content=\"Canal Dana\" \/>\n\t<meta name=\"twitter:label2\" content=\"Est. tempo de leitura\" \/>\n\t<meta name=\"twitter:data2\" content=\"3 minutos\" \/>\n<script type=\"application\/ld+json\" class=\"yoast-schema-graph\">{\"@context\":\"https:\\\/\\\/schema.org\",\"@graph\":[{\"@type\":\"Article\",\"@id\":\"https:\\\/\\\/dana.com.br\\\/canaldana\\\/2021\\\/01\\\/13\\\/faltou-a-ford-dizer-que-queria-subsidios\\\/#article\",\"isPartOf\":{\"@id\":\"https:\\\/\\\/dana.com.br\\\/canaldana\\\/2021\\\/01\\\/13\\\/faltou-a-ford-dizer-que-queria-subsidios\\\/\"},\"author\":{\"name\":\"Canal Dana\",\"@id\":\"https:\\\/\\\/dana.com.br\\\/canaldana\\\/#\\\/schema\\\/person\\\/3c21f22f56fcf3bc46b94bc60ea4fef6\"},\"headline\":\"&#8220;Faltou \u00e0 Ford dizer que queria subs\u00eddios&#8221;\",\"datePublished\":\"2021-01-13T11:35:31+00:00\",\"mainEntityOfPage\":{\"@id\":\"https:\\\/\\\/dana.com.br\\\/canaldana\\\/2021\\\/01\\\/13\\\/faltou-a-ford-dizer-que-queria-subsidios\\\/\"},\"wordCount\":517,\"articleSection\":[\"Mercado\"],\"inLanguage\":\"pt-BR\"},{\"@type\":\"WebPage\",\"@id\":\"https:\\\/\\\/dana.com.br\\\/canaldana\\\/2021\\\/01\\\/13\\\/faltou-a-ford-dizer-que-queria-subsidios\\\/\",\"url\":\"https:\\\/\\\/dana.com.br\\\/canaldana\\\/2021\\\/01\\\/13\\\/faltou-a-ford-dizer-que-queria-subsidios\\\/\",\"name\":\"\\\"Faltou \u00e0 Ford dizer que queria subs\u00eddios\\\" - Canal Dana\",\"isPartOf\":{\"@id\":\"https:\\\/\\\/dana.com.br\\\/canaldana\\\/#website\"},\"datePublished\":\"2021-01-13T11:35:31+00:00\",\"author\":{\"@id\":\"https:\\\/\\\/dana.com.br\\\/canaldana\\\/#\\\/schema\\\/person\\\/3c21f22f56fcf3bc46b94bc60ea4fef6\"},\"breadcrumb\":{\"@id\":\"https:\\\/\\\/dana.com.br\\\/canaldana\\\/2021\\\/01\\\/13\\\/faltou-a-ford-dizer-que-queria-subsidios\\\/#breadcrumb\"},\"inLanguage\":\"pt-BR\",\"potentialAction\":[{\"@type\":\"ReadAction\",\"target\":[\"https:\\\/\\\/dana.com.br\\\/canaldana\\\/2021\\\/01\\\/13\\\/faltou-a-ford-dizer-que-queria-subsidios\\\/\"]}]},{\"@type\":\"BreadcrumbList\",\"@id\":\"https:\\\/\\\/dana.com.br\\\/canaldana\\\/2021\\\/01\\\/13\\\/faltou-a-ford-dizer-que-queria-subsidios\\\/#breadcrumb\",\"itemListElement\":[{\"@type\":\"ListItem\",\"position\":1,\"name\":\"Home\",\"item\":\"https:\\\/\\\/dana.com.br\\\/canaldana\\\/\"},{\"@type\":\"ListItem\",\"position\":2,\"name\":\"Mercado\",\"item\":\"https:\\\/\\\/dana.com.br\\\/canaldana\\\/mercado\\\/\"},{\"@type\":\"ListItem\",\"position\":3,\"name\":\"&#8220;Faltou \u00e0 Ford dizer que queria subs\u00eddios&#8221;\"}]},{\"@type\":\"WebSite\",\"@id\":\"https:\\\/\\\/dana.com.br\\\/canaldana\\\/#website\",\"url\":\"https:\\\/\\\/dana.com.br\\\/canaldana\\\/\",\"name\":\"Canal Dana\",\"description\":\"Informativo com as principais not\u00edcias da ind\u00fastria automotiva\",\"potentialAction\":[{\"@type\":\"SearchAction\",\"target\":{\"@type\":\"EntryPoint\",\"urlTemplate\":\"https:\\\/\\\/dana.com.br\\\/canaldana\\\/?s={search_term_string}\"},\"query-input\":{\"@type\":\"PropertyValueSpecification\",\"valueRequired\":true,\"valueName\":\"search_term_string\"}}],\"inLanguage\":\"pt-BR\"},{\"@type\":\"Person\",\"@id\":\"https:\\\/\\\/dana.com.br\\\/canaldana\\\/#\\\/schema\\\/person\\\/3c21f22f56fcf3bc46b94bc60ea4fef6\",\"name\":\"Canal Dana\",\"image\":{\"@type\":\"ImageObject\",\"inLanguage\":\"pt-BR\",\"@id\":\"https:\\\/\\\/secure.gravatar.com\\\/avatar\\\/420aaf9278582877d9018637c6817617705899d2858d7572ef0fe59a6b6454b4?s=96&d=mm&r=g\",\"url\":\"https:\\\/\\\/secure.gravatar.com\\\/avatar\\\/420aaf9278582877d9018637c6817617705899d2858d7572ef0fe59a6b6454b4?s=96&d=mm&r=g\",\"contentUrl\":\"https:\\\/\\\/secure.gravatar.com\\\/avatar\\\/420aaf9278582877d9018637c6817617705899d2858d7572ef0fe59a6b6454b4?s=96&d=mm&r=g\",\"caption\":\"Canal Dana\"},\"url\":\"https:\\\/\\\/dana.com.br\\\/canaldana\\\/author\\\/cdeditor\\\/\"}]}<\/script>\n<!-- \/ Yoast SEO plugin. -->","yoast_head_json":{"title":"\"Faltou \u00e0 Ford dizer que queria subs\u00eddios\" - Canal Dana","robots":{"index":"index","follow":"follow","max-snippet":"max-snippet:-1","max-image-preview":"max-image-preview:large","max-video-preview":"max-video-preview:-1"},"canonical":"https:\/\/dana.com.br\/canaldana\/2021\/01\/13\/faltou-a-ford-dizer-que-queria-subsidios\/","og_locale":"pt_BR","og_type":"article","og_title":"\"Faltou \u00e0 Ford dizer que queria subs\u00eddios\" - Canal Dana","og_description":"O Estado de S. Paulo &nbsp; O presidente Jair Bolsonaro afirmou ontem a apoiadores que a Ford n\u00e3o disse o que, na sua opini\u00e3o, seria o real motivo para a montadora fechar suas f\u00e1bricas no Brasil. \u201cMas o que a Ford quer? Faltou \u00e0 Ford dizer a verdade: querem subs\u00eddios. Voc\u00eas querem que continuemos dando\u2026 Leia mais \u00bb","og_url":"https:\/\/dana.com.br\/canaldana\/2021\/01\/13\/faltou-a-ford-dizer-que-queria-subsidios\/","og_site_name":"Canal Dana","article_published_time":"2021-01-13T11:35:31+00:00","author":"Canal Dana","twitter_card":"summary_large_image","twitter_misc":{"Escrito por":"Canal Dana","Est. tempo de leitura":"3 minutos"},"schema":{"@context":"https:\/\/schema.org","@graph":[{"@type":"Article","@id":"https:\/\/dana.com.br\/canaldana\/2021\/01\/13\/faltou-a-ford-dizer-que-queria-subsidios\/#article","isPartOf":{"@id":"https:\/\/dana.com.br\/canaldana\/2021\/01\/13\/faltou-a-ford-dizer-que-queria-subsidios\/"},"author":{"name":"Canal Dana","@id":"https:\/\/dana.com.br\/canaldana\/#\/schema\/person\/3c21f22f56fcf3bc46b94bc60ea4fef6"},"headline":"&#8220;Faltou \u00e0 Ford dizer que queria subs\u00eddios&#8221;","datePublished":"2021-01-13T11:35:31+00:00","mainEntityOfPage":{"@id":"https:\/\/dana.com.br\/canaldana\/2021\/01\/13\/faltou-a-ford-dizer-que-queria-subsidios\/"},"wordCount":517,"articleSection":["Mercado"],"inLanguage":"pt-BR"},{"@type":"WebPage","@id":"https:\/\/dana.com.br\/canaldana\/2021\/01\/13\/faltou-a-ford-dizer-que-queria-subsidios\/","url":"https:\/\/dana.com.br\/canaldana\/2021\/01\/13\/faltou-a-ford-dizer-que-queria-subsidios\/","name":"\"Faltou \u00e0 Ford dizer que queria subs\u00eddios\" - Canal Dana","isPartOf":{"@id":"https:\/\/dana.com.br\/canaldana\/#website"},"datePublished":"2021-01-13T11:35:31+00:00","author":{"@id":"https:\/\/dana.com.br\/canaldana\/#\/schema\/person\/3c21f22f56fcf3bc46b94bc60ea4fef6"},"breadcrumb":{"@id":"https:\/\/dana.com.br\/canaldana\/2021\/01\/13\/faltou-a-ford-dizer-que-queria-subsidios\/#breadcrumb"},"inLanguage":"pt-BR","potentialAction":[{"@type":"ReadAction","target":["https:\/\/dana.com.br\/canaldana\/2021\/01\/13\/faltou-a-ford-dizer-que-queria-subsidios\/"]}]},{"@type":"BreadcrumbList","@id":"https:\/\/dana.com.br\/canaldana\/2021\/01\/13\/faltou-a-ford-dizer-que-queria-subsidios\/#breadcrumb","itemListElement":[{"@type":"ListItem","position":1,"name":"Home","item":"https:\/\/dana.com.br\/canaldana\/"},{"@type":"ListItem","position":2,"name":"Mercado","item":"https:\/\/dana.com.br\/canaldana\/mercado\/"},{"@type":"ListItem","position":3,"name":"&#8220;Faltou \u00e0 Ford dizer que queria subs\u00eddios&#8221;"}]},{"@type":"WebSite","@id":"https:\/\/dana.com.br\/canaldana\/#website","url":"https:\/\/dana.com.br\/canaldana\/","name":"Canal Dana","description":"Informativo com as principais not\u00edcias da ind\u00fastria automotiva","potentialAction":[{"@type":"SearchAction","target":{"@type":"EntryPoint","urlTemplate":"https:\/\/dana.com.br\/canaldana\/?s={search_term_string}"},"query-input":{"@type":"PropertyValueSpecification","valueRequired":true,"valueName":"search_term_string"}}],"inLanguage":"pt-BR"},{"@type":"Person","@id":"https:\/\/dana.com.br\/canaldana\/#\/schema\/person\/3c21f22f56fcf3bc46b94bc60ea4fef6","name":"Canal Dana","image":{"@type":"ImageObject","inLanguage":"pt-BR","@id":"https:\/\/secure.gravatar.com\/avatar\/420aaf9278582877d9018637c6817617705899d2858d7572ef0fe59a6b6454b4?s=96&d=mm&r=g","url":"https:\/\/secure.gravatar.com\/avatar\/420aaf9278582877d9018637c6817617705899d2858d7572ef0fe59a6b6454b4?s=96&d=mm&r=g","contentUrl":"https:\/\/secure.gravatar.com\/avatar\/420aaf9278582877d9018637c6817617705899d2858d7572ef0fe59a6b6454b4?s=96&d=mm&r=g","caption":"Canal Dana"},"url":"https:\/\/dana.com.br\/canaldana\/author\/cdeditor\/"}]}},"_links":{"self":[{"href":"https:\/\/dana.com.br\/canaldana\/wp-json\/wp\/v2\/posts\/47293","targetHints":{"allow":["GET"]}}],"collection":[{"href":"https:\/\/dana.com.br\/canaldana\/wp-json\/wp\/v2\/posts"}],"about":[{"href":"https:\/\/dana.com.br\/canaldana\/wp-json\/wp\/v2\/types\/post"}],"author":[{"embeddable":true,"href":"https:\/\/dana.com.br\/canaldana\/wp-json\/wp\/v2\/users\/3"}],"replies":[{"embeddable":true,"href":"https:\/\/dana.com.br\/canaldana\/wp-json\/wp\/v2\/comments?post=47293"}],"version-history":[{"count":0,"href":"https:\/\/dana.com.br\/canaldana\/wp-json\/wp\/v2\/posts\/47293\/revisions"}],"wp:attachment":[{"href":"https:\/\/dana.com.br\/canaldana\/wp-json\/wp\/v2\/media?parent=47293"}],"wp:term":[{"taxonomy":"category","embeddable":true,"href":"https:\/\/dana.com.br\/canaldana\/wp-json\/wp\/v2\/categories?post=47293"},{"taxonomy":"post_tag","embeddable":true,"href":"https:\/\/dana.com.br\/canaldana\/wp-json\/wp\/v2\/tags?post=47293"}],"curies":[{"name":"wp","href":"https:\/\/api.w.org\/{rel}","templated":true}]}}