{"id":47287,"date":"2021-01-13T08:33:46","date_gmt":"2021-01-13T11:33:46","guid":{"rendered":"https:\/\/dana.com.br\/canaldana\/?p=47287"},"modified":"2021-01-13T08:33:46","modified_gmt":"2021-01-13T11:33:46","slug":"para-analistas-foco-na-argentina-segue-plano-global-da-montadora","status":"publish","type":"post","link":"https:\/\/dana.com.br\/canaldana\/2021\/01\/13\/para-analistas-foco-na-argentina-segue-plano-global-da-montadora\/","title":{"rendered":"Para analistas, foco na Argentina segue plano global da montadora"},"content":{"rendered":"<p><em>O Estado de S. Paulo<\/em><\/p>\n<p>&nbsp;<\/p>\n<p>Apesar de ter uma economia mais inst\u00e1vel que a brasileira e enfrentar uma crise mais profunda, com queda do PIB podendo chegar a 12,9% em 2020 \u2013 o terceiro ano consecutivo de recess\u00e3o \u2013, a Argentina passar\u00e1 a concentrar, com o Uruguai, a produ\u00e7\u00e3o de ve\u00edculos da Ford na Am\u00e9rica Latina. Na segunda-feira, a montadora americana divulgou a decis\u00e3o de fechar suas tr\u00eas f\u00e1bricas no Brasil.<\/p>\n<p>&nbsp;<\/p>\n<p>O an\u00fancio assustou o Pa\u00eds, mas n\u00e3o especialistas do setor automotivo, que explicam n\u00e3o s\u00f3 a decis\u00e3o da empresa de parar de produzir no Brasil, mas tamb\u00e9m a de continuar com as opera\u00e7\u00f5es argentinas. A mudan\u00e7a n\u00e3o tem a ver com quest\u00f5es estruturais ou conjunturais dos pa\u00edses, mas decorre de uma transforma\u00e7\u00e3o na ind\u00fastria automotiva e das estrat\u00e9gias da Ford.<\/p>\n<p>&nbsp;<\/p>\n<p>\u201cA Ford tem anunciado h\u00e1 uns tr\u00eas anos que n\u00e3o vai mais produzir carros de passeio. A sa\u00edda do Brasil est\u00e1 alinhada a isso. N\u00e3o \u00e9 sobre o Brasil. \u00c9 sobre ter uma produ\u00e7\u00e3o alinhada com o portf\u00f3lio futuro deles, focado em ve\u00edculos el\u00e9tricos e SUVS (utilit\u00e1rios)\u201d, diz Marcus Ayres, s\u00f3cio-diretor da consultoria Roland Berger.<\/p>\n<p>&nbsp;<\/p>\n<p>Na Argentina, a montadora produz hoje, por exemplo, a Ford Ranger, um de seus carros-chefes. N\u00e3o s\u00f3 a Ford, mas a maioria das montadoras foca suas produ\u00e7\u00f5es argentinas em ve\u00edculos maiores, enquanto carros leves e SUVS pequenos s\u00e3o fabricados no Brasil.<\/p>\n<p>&nbsp;<\/p>\n<p>Esse modelo reflete uma tend\u00eancia cultural. Dos ve\u00edculos comprados na Argentina, 20% costumam ser pickups; no Brasil, 15%, de acordo com o consultor C\u00e1ssio Pagliarini, da Bright<\/p>\n<p>&nbsp;<\/p>\n<p><strong>Consulting<\/strong><\/p>\n<p>&nbsp;<\/p>\n<p>No fim do ano passado, a Ford anunciou um investimento de US$ 580 milh\u00f5es na Argentina para fabricar o novo modelo da Ranger, que \u00e9 montada na planta de General Pacheco, na regi\u00e3o metropolitana de Buenos Aires. Por outro lado, dois anos antes, a empresa havia encerrado a produ\u00e7\u00e3o argentina do Focus, lembra Pagliarini.<\/p>\n<p>&nbsp;<\/p>\n<p>Ayres acrescenta que a Ford deixar\u00e1 de produzir carros leves em todo o mundo. Isso porque, nos SUVS, \u00e9 poss\u00edvel acrescentar um maior volume de ferramentas tecnol\u00f3gicas. \u201cNesse s\u00e9culo, o carro vai ser um computador sobre rodas. O movimento da Ford segue essa tend\u00eancia. N\u00e3o tem como embarcar muita tecnologia em um Fiesta, porque o pre\u00e7o n\u00e3o comporta\u201d, explica.<\/p>\n<p>&nbsp;<\/p>\n<p>Com a mudan\u00e7a, a companhia dever\u00e1 vender mais ve\u00edculos na faixa dos R$ 200 mil do que na dos R$ 50 mil, focando no que \u00e9 mais rent\u00e1vel. Al\u00e9m dos SUVS, modelos el\u00e9tricos tamb\u00e9m estar\u00e3o no centro das aten\u00e7\u00f5es da Ford e das outras montadoras.<\/p>\n<p>&nbsp;<\/p>\n<p>Questionado sobre a possibilidade de a empresa usar as f\u00e1bricas no Brasil para produzir ve\u00edculos el\u00e9tricos, Pagliarini diz que seria necess\u00e1ria uma pol\u00edtica industrial para avan\u00e7ar nessa agenda. (O Estado de S. Paulo\/Luciana Dyniewicz)<\/p>\n","protected":false},"excerpt":{"rendered":"<p>O Estado de S. Paulo &nbsp; Apesar de ter uma economia mais inst\u00e1vel que a brasileira e enfrentar uma crise mais profunda, com queda do PIB podendo chegar a 12,9% em 2020 \u2013 o terceiro ano consecutivo de recess\u00e3o \u2013, a Argentina passar\u00e1 a concentrar, com o Uruguai, a produ\u00e7\u00e3o de ve\u00edculos da Ford na\u2026 <a class=\"readmore\" href=\"https:\/\/dana.com.br\/canaldana\/2021\/01\/13\/para-analistas-foco-na-argentina-segue-plano-global-da-montadora\/\">Leia mais \u00bb<\/a><\/p>\n","protected":false},"author":3,"featured_media":0,"comment_status":"closed","ping_status":"closed","sticky":false,"template":"","format":"standard","meta":{"_acf_changed":false,"footnotes":""},"categories":[79],"tags":[],"class_list":["post-47287","post","type-post","status-publish","format-standard","hentry","category-mercado"],"acf":[],"yoast_head":"<!-- This site is optimized with the Yoast SEO plugin v27.5 - https:\/\/yoast.com\/product\/yoast-seo-wordpress\/ -->\n<title>Para analistas, foco na Argentina segue plano global da montadora - Canal Dana<\/title>\n<meta name=\"robots\" content=\"index, follow, max-snippet:-1, max-image-preview:large, max-video-preview:-1\" \/>\n<link rel=\"canonical\" href=\"https:\/\/dana.com.br\/canaldana\/2021\/01\/13\/para-analistas-foco-na-argentina-segue-plano-global-da-montadora\/\" \/>\n<meta property=\"og:locale\" content=\"pt_BR\" \/>\n<meta property=\"og:type\" content=\"article\" \/>\n<meta property=\"og:title\" content=\"Para analistas, foco na Argentina segue plano global da montadora - Canal Dana\" \/>\n<meta property=\"og:description\" content=\"O Estado de S. Paulo &nbsp; Apesar de ter uma economia mais inst\u00e1vel que a brasileira e enfrentar uma crise mais profunda, com queda do PIB podendo chegar a 12,9% em 2020 \u2013 o terceiro ano consecutivo de recess\u00e3o \u2013, a Argentina passar\u00e1 a concentrar, com o Uruguai, a produ\u00e7\u00e3o de ve\u00edculos da Ford na\u2026 Leia mais \u00bb\" \/>\n<meta property=\"og:url\" content=\"https:\/\/dana.com.br\/canaldana\/2021\/01\/13\/para-analistas-foco-na-argentina-segue-plano-global-da-montadora\/\" \/>\n<meta property=\"og:site_name\" content=\"Canal Dana\" \/>\n<meta property=\"article:published_time\" content=\"2021-01-13T11:33:46+00:00\" \/>\n<meta name=\"author\" content=\"Canal Dana\" \/>\n<meta name=\"twitter:card\" content=\"summary_large_image\" \/>\n<meta name=\"twitter:label1\" content=\"Escrito por\" \/>\n\t<meta name=\"twitter:data1\" content=\"Canal Dana\" \/>\n\t<meta name=\"twitter:label2\" content=\"Est. tempo de leitura\" \/>\n\t<meta name=\"twitter:data2\" content=\"3 minutos\" \/>\n<script type=\"application\/ld+json\" class=\"yoast-schema-graph\">{\"@context\":\"https:\\\/\\\/schema.org\",\"@graph\":[{\"@type\":\"Article\",\"@id\":\"https:\\\/\\\/dana.com.br\\\/canaldana\\\/2021\\\/01\\\/13\\\/para-analistas-foco-na-argentina-segue-plano-global-da-montadora\\\/#article\",\"isPartOf\":{\"@id\":\"https:\\\/\\\/dana.com.br\\\/canaldana\\\/2021\\\/01\\\/13\\\/para-analistas-foco-na-argentina-segue-plano-global-da-montadora\\\/\"},\"author\":{\"name\":\"Canal Dana\",\"@id\":\"https:\\\/\\\/dana.com.br\\\/canaldana\\\/#\\\/schema\\\/person\\\/3c21f22f56fcf3bc46b94bc60ea4fef6\"},\"headline\":\"Para analistas, foco na Argentina segue plano global da montadora\",\"datePublished\":\"2021-01-13T11:33:46+00:00\",\"mainEntityOfPage\":{\"@id\":\"https:\\\/\\\/dana.com.br\\\/canaldana\\\/2021\\\/01\\\/13\\\/para-analistas-foco-na-argentina-segue-plano-global-da-montadora\\\/\"},\"wordCount\":517,\"articleSection\":[\"Mercado\"],\"inLanguage\":\"pt-BR\"},{\"@type\":\"WebPage\",\"@id\":\"https:\\\/\\\/dana.com.br\\\/canaldana\\\/2021\\\/01\\\/13\\\/para-analistas-foco-na-argentina-segue-plano-global-da-montadora\\\/\",\"url\":\"https:\\\/\\\/dana.com.br\\\/canaldana\\\/2021\\\/01\\\/13\\\/para-analistas-foco-na-argentina-segue-plano-global-da-montadora\\\/\",\"name\":\"Para analistas, foco na Argentina segue plano global da montadora - Canal Dana\",\"isPartOf\":{\"@id\":\"https:\\\/\\\/dana.com.br\\\/canaldana\\\/#website\"},\"datePublished\":\"2021-01-13T11:33:46+00:00\",\"author\":{\"@id\":\"https:\\\/\\\/dana.com.br\\\/canaldana\\\/#\\\/schema\\\/person\\\/3c21f22f56fcf3bc46b94bc60ea4fef6\"},\"breadcrumb\":{\"@id\":\"https:\\\/\\\/dana.com.br\\\/canaldana\\\/2021\\\/01\\\/13\\\/para-analistas-foco-na-argentina-segue-plano-global-da-montadora\\\/#breadcrumb\"},\"inLanguage\":\"pt-BR\",\"potentialAction\":[{\"@type\":\"ReadAction\",\"target\":[\"https:\\\/\\\/dana.com.br\\\/canaldana\\\/2021\\\/01\\\/13\\\/para-analistas-foco-na-argentina-segue-plano-global-da-montadora\\\/\"]}]},{\"@type\":\"BreadcrumbList\",\"@id\":\"https:\\\/\\\/dana.com.br\\\/canaldana\\\/2021\\\/01\\\/13\\\/para-analistas-foco-na-argentina-segue-plano-global-da-montadora\\\/#breadcrumb\",\"itemListElement\":[{\"@type\":\"ListItem\",\"position\":1,\"name\":\"Home\",\"item\":\"https:\\\/\\\/dana.com.br\\\/canaldana\\\/\"},{\"@type\":\"ListItem\",\"position\":2,\"name\":\"Mercado\",\"item\":\"https:\\\/\\\/dana.com.br\\\/canaldana\\\/mercado\\\/\"},{\"@type\":\"ListItem\",\"position\":3,\"name\":\"Para analistas, foco na Argentina segue plano global da montadora\"}]},{\"@type\":\"WebSite\",\"@id\":\"https:\\\/\\\/dana.com.br\\\/canaldana\\\/#website\",\"url\":\"https:\\\/\\\/dana.com.br\\\/canaldana\\\/\",\"name\":\"Canal Dana\",\"description\":\"Informativo com as principais not\u00edcias da ind\u00fastria automotiva\",\"potentialAction\":[{\"@type\":\"SearchAction\",\"target\":{\"@type\":\"EntryPoint\",\"urlTemplate\":\"https:\\\/\\\/dana.com.br\\\/canaldana\\\/?s={search_term_string}\"},\"query-input\":{\"@type\":\"PropertyValueSpecification\",\"valueRequired\":true,\"valueName\":\"search_term_string\"}}],\"inLanguage\":\"pt-BR\"},{\"@type\":\"Person\",\"@id\":\"https:\\\/\\\/dana.com.br\\\/canaldana\\\/#\\\/schema\\\/person\\\/3c21f22f56fcf3bc46b94bc60ea4fef6\",\"name\":\"Canal Dana\",\"image\":{\"@type\":\"ImageObject\",\"inLanguage\":\"pt-BR\",\"@id\":\"https:\\\/\\\/secure.gravatar.com\\\/avatar\\\/420aaf9278582877d9018637c6817617705899d2858d7572ef0fe59a6b6454b4?s=96&d=mm&r=g\",\"url\":\"https:\\\/\\\/secure.gravatar.com\\\/avatar\\\/420aaf9278582877d9018637c6817617705899d2858d7572ef0fe59a6b6454b4?s=96&d=mm&r=g\",\"contentUrl\":\"https:\\\/\\\/secure.gravatar.com\\\/avatar\\\/420aaf9278582877d9018637c6817617705899d2858d7572ef0fe59a6b6454b4?s=96&d=mm&r=g\",\"caption\":\"Canal Dana\"},\"url\":\"https:\\\/\\\/dana.com.br\\\/canaldana\\\/author\\\/cdeditor\\\/\"}]}<\/script>\n<!-- \/ Yoast SEO plugin. -->","yoast_head_json":{"title":"Para analistas, foco na Argentina segue plano global da montadora - Canal Dana","robots":{"index":"index","follow":"follow","max-snippet":"max-snippet:-1","max-image-preview":"max-image-preview:large","max-video-preview":"max-video-preview:-1"},"canonical":"https:\/\/dana.com.br\/canaldana\/2021\/01\/13\/para-analistas-foco-na-argentina-segue-plano-global-da-montadora\/","og_locale":"pt_BR","og_type":"article","og_title":"Para analistas, foco na Argentina segue plano global da montadora - Canal Dana","og_description":"O Estado de S. Paulo &nbsp; Apesar de ter uma economia mais inst\u00e1vel que a brasileira e enfrentar uma crise mais profunda, com queda do PIB podendo chegar a 12,9% em 2020 \u2013 o terceiro ano consecutivo de recess\u00e3o \u2013, a Argentina passar\u00e1 a concentrar, com o Uruguai, a produ\u00e7\u00e3o de ve\u00edculos da Ford na\u2026 Leia mais \u00bb","og_url":"https:\/\/dana.com.br\/canaldana\/2021\/01\/13\/para-analistas-foco-na-argentina-segue-plano-global-da-montadora\/","og_site_name":"Canal Dana","article_published_time":"2021-01-13T11:33:46+00:00","author":"Canal Dana","twitter_card":"summary_large_image","twitter_misc":{"Escrito por":"Canal Dana","Est. tempo de leitura":"3 minutos"},"schema":{"@context":"https:\/\/schema.org","@graph":[{"@type":"Article","@id":"https:\/\/dana.com.br\/canaldana\/2021\/01\/13\/para-analistas-foco-na-argentina-segue-plano-global-da-montadora\/#article","isPartOf":{"@id":"https:\/\/dana.com.br\/canaldana\/2021\/01\/13\/para-analistas-foco-na-argentina-segue-plano-global-da-montadora\/"},"author":{"name":"Canal Dana","@id":"https:\/\/dana.com.br\/canaldana\/#\/schema\/person\/3c21f22f56fcf3bc46b94bc60ea4fef6"},"headline":"Para analistas, foco na Argentina segue plano global da montadora","datePublished":"2021-01-13T11:33:46+00:00","mainEntityOfPage":{"@id":"https:\/\/dana.com.br\/canaldana\/2021\/01\/13\/para-analistas-foco-na-argentina-segue-plano-global-da-montadora\/"},"wordCount":517,"articleSection":["Mercado"],"inLanguage":"pt-BR"},{"@type":"WebPage","@id":"https:\/\/dana.com.br\/canaldana\/2021\/01\/13\/para-analistas-foco-na-argentina-segue-plano-global-da-montadora\/","url":"https:\/\/dana.com.br\/canaldana\/2021\/01\/13\/para-analistas-foco-na-argentina-segue-plano-global-da-montadora\/","name":"Para analistas, foco na Argentina segue plano global da montadora - Canal Dana","isPartOf":{"@id":"https:\/\/dana.com.br\/canaldana\/#website"},"datePublished":"2021-01-13T11:33:46+00:00","author":{"@id":"https:\/\/dana.com.br\/canaldana\/#\/schema\/person\/3c21f22f56fcf3bc46b94bc60ea4fef6"},"breadcrumb":{"@id":"https:\/\/dana.com.br\/canaldana\/2021\/01\/13\/para-analistas-foco-na-argentina-segue-plano-global-da-montadora\/#breadcrumb"},"inLanguage":"pt-BR","potentialAction":[{"@type":"ReadAction","target":["https:\/\/dana.com.br\/canaldana\/2021\/01\/13\/para-analistas-foco-na-argentina-segue-plano-global-da-montadora\/"]}]},{"@type":"BreadcrumbList","@id":"https:\/\/dana.com.br\/canaldana\/2021\/01\/13\/para-analistas-foco-na-argentina-segue-plano-global-da-montadora\/#breadcrumb","itemListElement":[{"@type":"ListItem","position":1,"name":"Home","item":"https:\/\/dana.com.br\/canaldana\/"},{"@type":"ListItem","position":2,"name":"Mercado","item":"https:\/\/dana.com.br\/canaldana\/mercado\/"},{"@type":"ListItem","position":3,"name":"Para analistas, foco na Argentina segue plano global da montadora"}]},{"@type":"WebSite","@id":"https:\/\/dana.com.br\/canaldana\/#website","url":"https:\/\/dana.com.br\/canaldana\/","name":"Canal Dana","description":"Informativo com as principais not\u00edcias da ind\u00fastria automotiva","potentialAction":[{"@type":"SearchAction","target":{"@type":"EntryPoint","urlTemplate":"https:\/\/dana.com.br\/canaldana\/?s={search_term_string}"},"query-input":{"@type":"PropertyValueSpecification","valueRequired":true,"valueName":"search_term_string"}}],"inLanguage":"pt-BR"},{"@type":"Person","@id":"https:\/\/dana.com.br\/canaldana\/#\/schema\/person\/3c21f22f56fcf3bc46b94bc60ea4fef6","name":"Canal Dana","image":{"@type":"ImageObject","inLanguage":"pt-BR","@id":"https:\/\/secure.gravatar.com\/avatar\/420aaf9278582877d9018637c6817617705899d2858d7572ef0fe59a6b6454b4?s=96&d=mm&r=g","url":"https:\/\/secure.gravatar.com\/avatar\/420aaf9278582877d9018637c6817617705899d2858d7572ef0fe59a6b6454b4?s=96&d=mm&r=g","contentUrl":"https:\/\/secure.gravatar.com\/avatar\/420aaf9278582877d9018637c6817617705899d2858d7572ef0fe59a6b6454b4?s=96&d=mm&r=g","caption":"Canal Dana"},"url":"https:\/\/dana.com.br\/canaldana\/author\/cdeditor\/"}]}},"_links":{"self":[{"href":"https:\/\/dana.com.br\/canaldana\/wp-json\/wp\/v2\/posts\/47287","targetHints":{"allow":["GET"]}}],"collection":[{"href":"https:\/\/dana.com.br\/canaldana\/wp-json\/wp\/v2\/posts"}],"about":[{"href":"https:\/\/dana.com.br\/canaldana\/wp-json\/wp\/v2\/types\/post"}],"author":[{"embeddable":true,"href":"https:\/\/dana.com.br\/canaldana\/wp-json\/wp\/v2\/users\/3"}],"replies":[{"embeddable":true,"href":"https:\/\/dana.com.br\/canaldana\/wp-json\/wp\/v2\/comments?post=47287"}],"version-history":[{"count":0,"href":"https:\/\/dana.com.br\/canaldana\/wp-json\/wp\/v2\/posts\/47287\/revisions"}],"wp:attachment":[{"href":"https:\/\/dana.com.br\/canaldana\/wp-json\/wp\/v2\/media?parent=47287"}],"wp:term":[{"taxonomy":"category","embeddable":true,"href":"https:\/\/dana.com.br\/canaldana\/wp-json\/wp\/v2\/categories?post=47287"},{"taxonomy":"post_tag","embeddable":true,"href":"https:\/\/dana.com.br\/canaldana\/wp-json\/wp\/v2\/tags?post=47287"}],"curies":[{"name":"wp","href":"https:\/\/api.w.org\/{rel}","templated":true}]}}