{"id":46975,"date":"2020-12-18T08:40:26","date_gmt":"2020-12-18T11:40:26","guid":{"rendered":"https:\/\/dana.com.br\/canaldana\/?p=46975"},"modified":"2020-12-18T08:40:26","modified_gmt":"2020-12-18T11:40:26","slug":"mercedes-benz-e-a-2a-maior-empregadora-de-iracemapolis","status":"publish","type":"post","link":"https:\/\/dana.com.br\/canaldana\/2020\/12\/18\/mercedes-benz-e-a-2a-maior-empregadora-de-iracemapolis\/","title":{"rendered":"Mercedes-Benz \u00e9 a 2\u00aa maior empregadora de Iracem\u00e1polis"},"content":{"rendered":"<p><em>O Estado de S. Paulo <\/em><\/p>\n<p>&nbsp;<\/p>\n<p>O fechamento da f\u00e1brica da Mercedes-Benz do Brasil pegou de surpresa autoridades e moradores da pequena Iracem\u00e1polis, no interior de S\u00e3o Paulo. A ind\u00fastria \u00e9 a segunda maior empregadora da cidade de 24.235 habitantes, na regi\u00e3o de Piracicaba.<\/p>\n<p>&nbsp;<\/p>\n<p>O presidente da C\u00e2mara, William Ricardo Mantz (Podemos), disse que os vereadores v\u00e3o discutir a sa\u00edda da empresa. \u201cNingu\u00e9m esperava isso, porque foi uma luta muito grande para a Mercedes vir para c\u00e1. Iracem\u00e1polis tomou a frente at\u00e9 do governo do Estado em algumas situa\u00e7\u00f5es.\u201d<\/p>\n<p>&nbsp;<\/p>\n<p>Segundo ele, houve uma grande mobiliza\u00e7\u00e3o na cidade para conseguir a f\u00e1brica. Conforme o parlamentar, neste ano, apesar da pandemia, a contribui\u00e7\u00e3o da empresa para a arrecada\u00e7\u00e3o do munic\u00edpio foi de mais de R$ 12 milh\u00f5es. Em outros anos, chegou a R$ 19 milh\u00f5es, em um or\u00e7amento que, no pr\u00f3ximo ano, ser\u00e1 de R$ 91 milh\u00f5es.<\/p>\n<p>&nbsp;<\/p>\n<p>A prefeitura informou, em nota, que o principal impacto para o exerc\u00edcio de 2021 ser\u00e1 uma redu\u00e7\u00e3o de 5% na arrecada\u00e7\u00e3o do Imposto Sobre Servi\u00e7os. Em 2020, mesmo com a pandemia de covid-19, a arrecada\u00e7\u00e3o de ISS foi de R$ 6,2 milh\u00f5es e a Mercedes respondeu por 8,4%. J\u00e1 no repasse de ICMS, imposto sobre circula\u00e7\u00e3o de mercadorias e servi\u00e7os, os efeitos ser\u00e3o sentidos a partir de 2022. Em 2019, a Mercedes representou 11% de toda a movimenta\u00e7\u00e3o de ICMS do munic\u00edpio.<\/p>\n<p>&nbsp;<\/p>\n<p>De acordo com a Associa\u00e7\u00e3o Comercial, Industrial e Agr\u00edcola de Iracem\u00e1polis (Aciai), a Mercedes s\u00f3 perde em n\u00famero de funcion\u00e1rios para a Usina Iracema, do grupo S\u00e3o Martinho, que emprega cerca de 2 mil pessoas. \u201cEntre empregos diretos e terceirizados, a Mercedes ocupava de 500 a 600 trabalhadores\u201d, disse o gerente administrativo Luiz Marrafon.<\/p>\n<p>&nbsp;<\/p>\n<p>Segundo ele, a montadora era tamb\u00e9m um foco de atra\u00e7\u00e3o de neg\u00f3cios para a cidade. \u201cOutras empresas de fora que tinham neg\u00f3cios com eles, e mesmo as pessoas que vinham apenas visitar a f\u00e1brica, acabavam fazendo alguma coisa na cidade, no m\u00ednimo movimentavam o setor hoteleiro e gastron\u00f4mico. \u00c9 claro que encerrar tudo isso impacta bastante.\u201d<\/p>\n<p>&nbsp;<\/p>\n<p>O setor comercial reagiu com desalento \u00e0 not\u00edcia. \u201cDeixou todo mundo em choque. Hoje mesmo os funcion\u00e1rios vieram almo\u00e7ar aqui e n\u00e3o escondiam a tristeza. Muita gente vai ficar desempregada\u201d, disse a operadora de caixa Talita Neves Lopes, do Secret Garden, principal bistr\u00f4 da cidade. Ela conta que o bistr\u00f4 se instalou logo ap\u00f3s a chegada da Mercedes, em 2016.<\/p>\n<p>&nbsp;<\/p>\n<p>O Sindicato dos Metal\u00fargicos da Regi\u00e3o, com sede em Limeira, convocou uma reuni\u00e3o com os trabalhadores da Mercedes para a pr\u00f3xima ter\u00e7a-feira, dia 22. \u201cVamos pedir uma satisfa\u00e7\u00e3o sobre a situa\u00e7\u00e3o dos trabalhadores dispensados e sobre o que ser\u00e1 feito para minimizar as perdas deles com essa decis\u00e3o\u201d, disse o diretor Jos\u00e9 Carlos Fagundes.<\/p>\n<p>&nbsp;<\/p>\n<p>Ele tamb\u00e9m vai questionar a prefeitura sobre os benef\u00edcios dados \u00e0 montadora. (O Estado de S. Paulo\/Jos\u00e9 Maria Tomazela)<\/p>\n","protected":false},"excerpt":{"rendered":"<p>O Estado de S. Paulo &nbsp; O fechamento da f\u00e1brica da Mercedes-Benz do Brasil pegou de surpresa autoridades e moradores da pequena Iracem\u00e1polis, no interior de S\u00e3o Paulo. A ind\u00fastria \u00e9 a segunda maior empregadora da cidade de 24.235 habitantes, na regi\u00e3o de Piracicaba. &nbsp; O presidente da C\u00e2mara, William Ricardo Mantz (Podemos), disse que\u2026 <a class=\"readmore\" href=\"https:\/\/dana.com.br\/canaldana\/2020\/12\/18\/mercedes-benz-e-a-2a-maior-empregadora-de-iracemapolis\/\">Leia mais \u00bb<\/a><\/p>\n","protected":false},"author":3,"featured_media":0,"comment_status":"closed","ping_status":"closed","sticky":false,"template":"","format":"standard","meta":{"_acf_changed":false,"footnotes":""},"categories":[79],"tags":[],"class_list":["post-46975","post","type-post","status-publish","format-standard","hentry","category-mercado"],"acf":[],"yoast_head":"<!-- This site is optimized with the Yoast SEO plugin v27.5 - https:\/\/yoast.com\/product\/yoast-seo-wordpress\/ -->\n<title>Mercedes-Benz \u00e9 a 2\u00aa maior empregadora de Iracem\u00e1polis - Canal Dana<\/title>\n<meta name=\"robots\" content=\"index, follow, max-snippet:-1, max-image-preview:large, max-video-preview:-1\" \/>\n<link rel=\"canonical\" href=\"https:\/\/dana.com.br\/canaldana\/2020\/12\/18\/mercedes-benz-e-a-2a-maior-empregadora-de-iracemapolis\/\" \/>\n<meta property=\"og:locale\" content=\"pt_BR\" \/>\n<meta property=\"og:type\" content=\"article\" \/>\n<meta property=\"og:title\" content=\"Mercedes-Benz \u00e9 a 2\u00aa maior empregadora de Iracem\u00e1polis - Canal Dana\" \/>\n<meta property=\"og:description\" content=\"O Estado de S. Paulo &nbsp; O fechamento da f\u00e1brica da Mercedes-Benz do Brasil pegou de surpresa autoridades e moradores da pequena Iracem\u00e1polis, no interior de S\u00e3o Paulo. A ind\u00fastria \u00e9 a segunda maior empregadora da cidade de 24.235 habitantes, na regi\u00e3o de Piracicaba. &nbsp; O presidente da C\u00e2mara, William Ricardo Mantz (Podemos), disse que\u2026 Leia mais \u00bb\" \/>\n<meta property=\"og:url\" content=\"https:\/\/dana.com.br\/canaldana\/2020\/12\/18\/mercedes-benz-e-a-2a-maior-empregadora-de-iracemapolis\/\" \/>\n<meta property=\"og:site_name\" content=\"Canal Dana\" \/>\n<meta property=\"article:published_time\" content=\"2020-12-18T11:40:26+00:00\" \/>\n<meta name=\"author\" content=\"Canal Dana\" \/>\n<meta name=\"twitter:card\" content=\"summary_large_image\" \/>\n<meta name=\"twitter:label1\" content=\"Escrito por\" \/>\n\t<meta name=\"twitter:data1\" content=\"Canal Dana\" \/>\n\t<meta name=\"twitter:label2\" content=\"Est. tempo de leitura\" \/>\n\t<meta name=\"twitter:data2\" content=\"3 minutos\" \/>\n<script type=\"application\/ld+json\" class=\"yoast-schema-graph\">{\"@context\":\"https:\\\/\\\/schema.org\",\"@graph\":[{\"@type\":\"Article\",\"@id\":\"https:\\\/\\\/dana.com.br\\\/canaldana\\\/2020\\\/12\\\/18\\\/mercedes-benz-e-a-2a-maior-empregadora-de-iracemapolis\\\/#article\",\"isPartOf\":{\"@id\":\"https:\\\/\\\/dana.com.br\\\/canaldana\\\/2020\\\/12\\\/18\\\/mercedes-benz-e-a-2a-maior-empregadora-de-iracemapolis\\\/\"},\"author\":{\"name\":\"Canal Dana\",\"@id\":\"https:\\\/\\\/dana.com.br\\\/canaldana\\\/#\\\/schema\\\/person\\\/3c21f22f56fcf3bc46b94bc60ea4fef6\"},\"headline\":\"Mercedes-Benz \u00e9 a 2\u00aa maior empregadora de Iracem\u00e1polis\",\"datePublished\":\"2020-12-18T11:40:26+00:00\",\"mainEntityOfPage\":{\"@id\":\"https:\\\/\\\/dana.com.br\\\/canaldana\\\/2020\\\/12\\\/18\\\/mercedes-benz-e-a-2a-maior-empregadora-de-iracemapolis\\\/\"},\"wordCount\":525,\"articleSection\":[\"Mercado\"],\"inLanguage\":\"pt-BR\"},{\"@type\":\"WebPage\",\"@id\":\"https:\\\/\\\/dana.com.br\\\/canaldana\\\/2020\\\/12\\\/18\\\/mercedes-benz-e-a-2a-maior-empregadora-de-iracemapolis\\\/\",\"url\":\"https:\\\/\\\/dana.com.br\\\/canaldana\\\/2020\\\/12\\\/18\\\/mercedes-benz-e-a-2a-maior-empregadora-de-iracemapolis\\\/\",\"name\":\"Mercedes-Benz \u00e9 a 2\u00aa maior empregadora de Iracem\u00e1polis - Canal Dana\",\"isPartOf\":{\"@id\":\"https:\\\/\\\/dana.com.br\\\/canaldana\\\/#website\"},\"datePublished\":\"2020-12-18T11:40:26+00:00\",\"author\":{\"@id\":\"https:\\\/\\\/dana.com.br\\\/canaldana\\\/#\\\/schema\\\/person\\\/3c21f22f56fcf3bc46b94bc60ea4fef6\"},\"breadcrumb\":{\"@id\":\"https:\\\/\\\/dana.com.br\\\/canaldana\\\/2020\\\/12\\\/18\\\/mercedes-benz-e-a-2a-maior-empregadora-de-iracemapolis\\\/#breadcrumb\"},\"inLanguage\":\"pt-BR\",\"potentialAction\":[{\"@type\":\"ReadAction\",\"target\":[\"https:\\\/\\\/dana.com.br\\\/canaldana\\\/2020\\\/12\\\/18\\\/mercedes-benz-e-a-2a-maior-empregadora-de-iracemapolis\\\/\"]}]},{\"@type\":\"BreadcrumbList\",\"@id\":\"https:\\\/\\\/dana.com.br\\\/canaldana\\\/2020\\\/12\\\/18\\\/mercedes-benz-e-a-2a-maior-empregadora-de-iracemapolis\\\/#breadcrumb\",\"itemListElement\":[{\"@type\":\"ListItem\",\"position\":1,\"name\":\"Home\",\"item\":\"https:\\\/\\\/dana.com.br\\\/canaldana\\\/\"},{\"@type\":\"ListItem\",\"position\":2,\"name\":\"Mercado\",\"item\":\"https:\\\/\\\/dana.com.br\\\/canaldana\\\/mercado\\\/\"},{\"@type\":\"ListItem\",\"position\":3,\"name\":\"Mercedes-Benz \u00e9 a 2\u00aa maior empregadora de Iracem\u00e1polis\"}]},{\"@type\":\"WebSite\",\"@id\":\"https:\\\/\\\/dana.com.br\\\/canaldana\\\/#website\",\"url\":\"https:\\\/\\\/dana.com.br\\\/canaldana\\\/\",\"name\":\"Canal Dana\",\"description\":\"Informativo com as principais not\u00edcias da ind\u00fastria automotiva\",\"potentialAction\":[{\"@type\":\"SearchAction\",\"target\":{\"@type\":\"EntryPoint\",\"urlTemplate\":\"https:\\\/\\\/dana.com.br\\\/canaldana\\\/?s={search_term_string}\"},\"query-input\":{\"@type\":\"PropertyValueSpecification\",\"valueRequired\":true,\"valueName\":\"search_term_string\"}}],\"inLanguage\":\"pt-BR\"},{\"@type\":\"Person\",\"@id\":\"https:\\\/\\\/dana.com.br\\\/canaldana\\\/#\\\/schema\\\/person\\\/3c21f22f56fcf3bc46b94bc60ea4fef6\",\"name\":\"Canal Dana\",\"image\":{\"@type\":\"ImageObject\",\"inLanguage\":\"pt-BR\",\"@id\":\"https:\\\/\\\/secure.gravatar.com\\\/avatar\\\/420aaf9278582877d9018637c6817617705899d2858d7572ef0fe59a6b6454b4?s=96&d=mm&r=g\",\"url\":\"https:\\\/\\\/secure.gravatar.com\\\/avatar\\\/420aaf9278582877d9018637c6817617705899d2858d7572ef0fe59a6b6454b4?s=96&d=mm&r=g\",\"contentUrl\":\"https:\\\/\\\/secure.gravatar.com\\\/avatar\\\/420aaf9278582877d9018637c6817617705899d2858d7572ef0fe59a6b6454b4?s=96&d=mm&r=g\",\"caption\":\"Canal Dana\"},\"url\":\"https:\\\/\\\/dana.com.br\\\/canaldana\\\/author\\\/cdeditor\\\/\"}]}<\/script>\n<!-- \/ Yoast SEO plugin. -->","yoast_head_json":{"title":"Mercedes-Benz \u00e9 a 2\u00aa maior empregadora de Iracem\u00e1polis - Canal Dana","robots":{"index":"index","follow":"follow","max-snippet":"max-snippet:-1","max-image-preview":"max-image-preview:large","max-video-preview":"max-video-preview:-1"},"canonical":"https:\/\/dana.com.br\/canaldana\/2020\/12\/18\/mercedes-benz-e-a-2a-maior-empregadora-de-iracemapolis\/","og_locale":"pt_BR","og_type":"article","og_title":"Mercedes-Benz \u00e9 a 2\u00aa maior empregadora de Iracem\u00e1polis - Canal Dana","og_description":"O Estado de S. Paulo &nbsp; O fechamento da f\u00e1brica da Mercedes-Benz do Brasil pegou de surpresa autoridades e moradores da pequena Iracem\u00e1polis, no interior de S\u00e3o Paulo. A ind\u00fastria \u00e9 a segunda maior empregadora da cidade de 24.235 habitantes, na regi\u00e3o de Piracicaba. &nbsp; O presidente da C\u00e2mara, William Ricardo Mantz (Podemos), disse que\u2026 Leia mais \u00bb","og_url":"https:\/\/dana.com.br\/canaldana\/2020\/12\/18\/mercedes-benz-e-a-2a-maior-empregadora-de-iracemapolis\/","og_site_name":"Canal Dana","article_published_time":"2020-12-18T11:40:26+00:00","author":"Canal Dana","twitter_card":"summary_large_image","twitter_misc":{"Escrito por":"Canal Dana","Est. tempo de leitura":"3 minutos"},"schema":{"@context":"https:\/\/schema.org","@graph":[{"@type":"Article","@id":"https:\/\/dana.com.br\/canaldana\/2020\/12\/18\/mercedes-benz-e-a-2a-maior-empregadora-de-iracemapolis\/#article","isPartOf":{"@id":"https:\/\/dana.com.br\/canaldana\/2020\/12\/18\/mercedes-benz-e-a-2a-maior-empregadora-de-iracemapolis\/"},"author":{"name":"Canal Dana","@id":"https:\/\/dana.com.br\/canaldana\/#\/schema\/person\/3c21f22f56fcf3bc46b94bc60ea4fef6"},"headline":"Mercedes-Benz \u00e9 a 2\u00aa maior empregadora de Iracem\u00e1polis","datePublished":"2020-12-18T11:40:26+00:00","mainEntityOfPage":{"@id":"https:\/\/dana.com.br\/canaldana\/2020\/12\/18\/mercedes-benz-e-a-2a-maior-empregadora-de-iracemapolis\/"},"wordCount":525,"articleSection":["Mercado"],"inLanguage":"pt-BR"},{"@type":"WebPage","@id":"https:\/\/dana.com.br\/canaldana\/2020\/12\/18\/mercedes-benz-e-a-2a-maior-empregadora-de-iracemapolis\/","url":"https:\/\/dana.com.br\/canaldana\/2020\/12\/18\/mercedes-benz-e-a-2a-maior-empregadora-de-iracemapolis\/","name":"Mercedes-Benz \u00e9 a 2\u00aa maior empregadora de Iracem\u00e1polis - Canal Dana","isPartOf":{"@id":"https:\/\/dana.com.br\/canaldana\/#website"},"datePublished":"2020-12-18T11:40:26+00:00","author":{"@id":"https:\/\/dana.com.br\/canaldana\/#\/schema\/person\/3c21f22f56fcf3bc46b94bc60ea4fef6"},"breadcrumb":{"@id":"https:\/\/dana.com.br\/canaldana\/2020\/12\/18\/mercedes-benz-e-a-2a-maior-empregadora-de-iracemapolis\/#breadcrumb"},"inLanguage":"pt-BR","potentialAction":[{"@type":"ReadAction","target":["https:\/\/dana.com.br\/canaldana\/2020\/12\/18\/mercedes-benz-e-a-2a-maior-empregadora-de-iracemapolis\/"]}]},{"@type":"BreadcrumbList","@id":"https:\/\/dana.com.br\/canaldana\/2020\/12\/18\/mercedes-benz-e-a-2a-maior-empregadora-de-iracemapolis\/#breadcrumb","itemListElement":[{"@type":"ListItem","position":1,"name":"Home","item":"https:\/\/dana.com.br\/canaldana\/"},{"@type":"ListItem","position":2,"name":"Mercado","item":"https:\/\/dana.com.br\/canaldana\/mercado\/"},{"@type":"ListItem","position":3,"name":"Mercedes-Benz \u00e9 a 2\u00aa maior empregadora de Iracem\u00e1polis"}]},{"@type":"WebSite","@id":"https:\/\/dana.com.br\/canaldana\/#website","url":"https:\/\/dana.com.br\/canaldana\/","name":"Canal Dana","description":"Informativo com as principais not\u00edcias da ind\u00fastria automotiva","potentialAction":[{"@type":"SearchAction","target":{"@type":"EntryPoint","urlTemplate":"https:\/\/dana.com.br\/canaldana\/?s={search_term_string}"},"query-input":{"@type":"PropertyValueSpecification","valueRequired":true,"valueName":"search_term_string"}}],"inLanguage":"pt-BR"},{"@type":"Person","@id":"https:\/\/dana.com.br\/canaldana\/#\/schema\/person\/3c21f22f56fcf3bc46b94bc60ea4fef6","name":"Canal Dana","image":{"@type":"ImageObject","inLanguage":"pt-BR","@id":"https:\/\/secure.gravatar.com\/avatar\/420aaf9278582877d9018637c6817617705899d2858d7572ef0fe59a6b6454b4?s=96&d=mm&r=g","url":"https:\/\/secure.gravatar.com\/avatar\/420aaf9278582877d9018637c6817617705899d2858d7572ef0fe59a6b6454b4?s=96&d=mm&r=g","contentUrl":"https:\/\/secure.gravatar.com\/avatar\/420aaf9278582877d9018637c6817617705899d2858d7572ef0fe59a6b6454b4?s=96&d=mm&r=g","caption":"Canal Dana"},"url":"https:\/\/dana.com.br\/canaldana\/author\/cdeditor\/"}]}},"_links":{"self":[{"href":"https:\/\/dana.com.br\/canaldana\/wp-json\/wp\/v2\/posts\/46975","targetHints":{"allow":["GET"]}}],"collection":[{"href":"https:\/\/dana.com.br\/canaldana\/wp-json\/wp\/v2\/posts"}],"about":[{"href":"https:\/\/dana.com.br\/canaldana\/wp-json\/wp\/v2\/types\/post"}],"author":[{"embeddable":true,"href":"https:\/\/dana.com.br\/canaldana\/wp-json\/wp\/v2\/users\/3"}],"replies":[{"embeddable":true,"href":"https:\/\/dana.com.br\/canaldana\/wp-json\/wp\/v2\/comments?post=46975"}],"version-history":[{"count":0,"href":"https:\/\/dana.com.br\/canaldana\/wp-json\/wp\/v2\/posts\/46975\/revisions"}],"wp:attachment":[{"href":"https:\/\/dana.com.br\/canaldana\/wp-json\/wp\/v2\/media?parent=46975"}],"wp:term":[{"taxonomy":"category","embeddable":true,"href":"https:\/\/dana.com.br\/canaldana\/wp-json\/wp\/v2\/categories?post=46975"},{"taxonomy":"post_tag","embeddable":true,"href":"https:\/\/dana.com.br\/canaldana\/wp-json\/wp\/v2\/tags?post=46975"}],"curies":[{"name":"wp","href":"https:\/\/api.w.org\/{rel}","templated":true}]}}