{"id":46963,"date":"2020-12-18T08:36:49","date_gmt":"2020-12-18T11:36:49","guid":{"rendered":"https:\/\/dana.com.br\/canaldana\/?p=46963"},"modified":"2020-12-18T08:36:49","modified_gmt":"2020-12-18T11:36:49","slug":"volvo-atinge-a-marca-de-100-mil-veiculos-comerciais-conectados-na-america-latina","status":"publish","type":"post","link":"https:\/\/dana.com.br\/canaldana\/2020\/12\/18\/volvo-atinge-a-marca-de-100-mil-veiculos-comerciais-conectados-na-america-latina\/","title":{"rendered":"Volvo atinge a marca de 100 mil ve\u00edculos comerciais conectados na Am\u00e9rica Latina"},"content":{"rendered":"<p><em>Coisas de Agora<\/em><\/p>\n<p>&nbsp;<\/p>\n<p>A Volvo est\u00e1 comemorando a entrega de mais de 100 mil caminh\u00f5es, \u00f4nibus e equipamentos de constru\u00e7\u00e3o conectados na Am\u00e9rica Latina. S\u00e3o exatas 102,9 mil unidades conectadas no continente. No mundo, a marca est\u00e1 na lideran\u00e7a global em conectividade em transportes comerciais, com mais de 1,1 milh\u00e3o de ve\u00edculos conectados.<\/p>\n<p>&nbsp;<\/p>\n<p>\u201c\u00c9 um marco importante para a Volvo, que foi pioneira nesta \u00e1rea, trazendo muitos avan\u00e7os para todo o setor\u201d, declara Deise Kindinger, gerente de conectividade da Volvo na Am\u00e9rica Latina. Consideram-se conectados aqueles ve\u00edculos que tenham um m\u00f3dulo de comunica\u00e7\u00e3o operando e trocando dados com a plataforma de conectividade da marca. A empresa investe fortemente em novas tecnologias para o uso inteligente de dados com o objetivo de melhorar a opera\u00e7\u00e3o de transporte de cargas, passageiros e de materiais. \u201cUsando as informa\u00e7\u00f5es coletadas, basicamente conseguimos criar servi\u00e7os e solu\u00e7\u00f5es que fazem o mundo de transporte mais seguro e eficiente\u201d, diz a executiva.<\/p>\n<p>&nbsp;<\/p>\n<p>Ela se refere a uma s\u00e9rie de benef\u00edcios, como mais produtividade, redu\u00e7\u00e3o do custo operacional, mais seguran\u00e7a e menos emiss\u00f5es de poluentes. S\u00e3o in\u00fameros os servi\u00e7os de conectividade oferecidos pela Volvo, que est\u00e3o em constante expans\u00e3o.<\/p>\n<p>&nbsp;<\/p>\n<p>Em caminh\u00f5es, por exemplo, a Manuten\u00e7\u00e3o Inteligente Volvo (MIV) ganha cada vez mais adeptos com a utiliza\u00e7\u00e3o da telemetria para programar antecipadamente a manuten\u00e7\u00e3o dos ve\u00edculos nas concession\u00e1rias<\/p>\n<p>&nbsp;<\/p>\n<p>A partir do uso inteligente de dados coletados \u00e9 poss\u00edvel oferecer aos frotistas um pr\u00e9-agendamento de hor\u00e1rios, separar pe\u00e7as de reposi\u00e7\u00e3o, reservar o espa\u00e7o na oficina e diminuir o tempo que o ve\u00edculo fica parado. \u00c9 um recurso importante, pois paradas inesperadas para manuten\u00e7\u00e3o t\u00eam, em geral, servi\u00e7os mais caros e que podem levar mais tempo para serem feitos. Toda a Rede Volvo \u00e9 parte deste Programa, fazendo com que o transportador tenha op\u00e7\u00f5es conforme sua conveni\u00eancia. \u201cA Manuten\u00e7\u00e3o Inteligente Volvo aumenta diretamente a disponibilidade dos caminh\u00f5es. Com a conectividade, oferecemos a nossos clientes um planejamento preciso das manuten\u00e7\u00f5es, aumentando o tempo do ve\u00edculo na estrada\u201d, assegura Carlos Banzzatto, gerente comercial de servi\u00e7os da Volvo Caminh\u00f5es.<\/p>\n<p>&nbsp;<\/p>\n<p>O Dynafleet, sistema de gerenciamento de frotas de caminh\u00f5es marca, \u00e9 outro instrumento que utiliza a conectividade para monitorar e permitir o acompanhamento individualizado da condu\u00e7\u00e3o de cada motorista, apontando oportunidades de melhoria para uma dire\u00e7\u00e3o mais segura e econ\u00f4mica e reduzindo o desgaste dos ve\u00edculos. Os administradores e propriet\u00e1rios n\u00e3o precisam estar no escrit\u00f3rio para tomar decis\u00f5es, podendo monitorar tudo num smartphone ou de qualquer dispositivo com acesso \u00e0 internet. \u201cO Dynafleet \u00e9 outro importante aliado para aumentar ainda mais a disponibilidade e a rentabilidade dos caminh\u00f5es Volvo\u201d, argumenta Banzzatto. Os motoristas, por sua vez, tamb\u00e9m podem acessar o App Dynafleet e acompanhar sua evolu\u00e7\u00e3o de desempenho na condu\u00e7\u00e3o. Al\u00e9m disso, no pacote \u201cGest\u00e3o de Combust\u00edvel\u201d, especialistas Volvo monitoram o desempenho em combust\u00edvel da frota, encaminhando an\u00e1lises customizadas e assessorando remotamente os transportadores.<\/p>\n<p>&nbsp;<\/p>\n<p>A plataforma de conectividade dos caminh\u00f5es pesados Volvo t\u00eam o recurso do \u201cVAS on call\u201d, pelo qual o motorista entra em contato instantaneamente com t\u00e9cnicos na central do Volvo Atendimento R\u00e1pido (VOAR) da f\u00e1brica de Curitiba, apenas apertando um bot\u00e3o no painel do ve\u00edculo. Al\u00e9m da liga\u00e7\u00e3o por voz dentro da cabine, o sistema envia os dados e os registros de falha, facilitando o diagn\u00f3stico remoto.<\/p>\n<p>&nbsp;<\/p>\n<p>O Controle de Velocidade Volvo \u00e9 uma tecnologia que limita a velocidade dos \u00f4nibus pesados urbanos e rodovi\u00e1rios em trechos espec\u00edficos ou cr\u00edticos. \u00c9 um recurso avan\u00e7ado que reduz remotamente a velocidade dos ve\u00edculos em \u00e1reas urbanas onde h\u00e1 restri\u00e7\u00f5es de tr\u00e2nsito e nas imedia\u00e7\u00f5es de hospitais e escolas, por exemplo, ajudando tamb\u00e9m a evitar acidentes em curvas perigosas, descidas de serra, terminais rodovi\u00e1rios e postos de ped\u00e1gio.<\/p>\n<p>&nbsp;<\/p>\n<p>Por meio da conectividade, a tecnologia funciona criando \u201ccercas eletr\u00f4nicas virtuais\u201d que identificam em tempo real quando o \u00f4nibus se aproxima de pontos arriscados da rota, j\u00e1 pr\u00e9-definidos. A velocidade \u00e9 ent\u00e3o limitada de acordo com a medida inserida pelo gestor do sistema, impedindo que o \u00f4nibus ultrapasse os valores previamente marcados. \u201cAplicado com sucesso em biarticulados Volvo em Curitiba (PR) e Bogot\u00e1 (Col\u00f4mbia), o sistema reduziu as colis\u00f5es em 50% (Curitiba) e 60% (Bogot\u00e1), no ano seguinte \u00e0 sua ativa\u00e7\u00e3o\u201d, afirma Vinicius Gaensly, gerente global de conectividade da Volvo Buses.<\/p>\n<p>&nbsp;<\/p>\n<p>Outro item de conectividade dos \u00f4nibus Volvo \u00e9 a Pro Active Quality, \u201cuma ferramenta que permite a identifica\u00e7\u00e3o pr\u00e9via de problemas nos ve\u00edculos e alerta as concession\u00e1rias para um reparo assertivo\u201d, declara Alexandre Sampaio gerente de servi\u00e7os da Volvo Buses na Am\u00e9rica Latina.<\/p>\n<p>&nbsp;<\/p>\n<p>\u00c9 o caso, por exemplo, do ActiveCare Direct (ACD), solu\u00e7\u00e3o de monitoramento proativo que visa aumentar a disponibilidade dos equipamentos, melhorar a produtividade da frota e reduzir os custos de opera\u00e7\u00e3o. Entre outros benef\u00edcios, esse servi\u00e7o ajuda a evitar gastos desnecess\u00e1rios com eventuais falhas e a diminuir o consumo de combust\u00edvel. O ACD funciona em conjunto com o CareTrack\u2122, o sistema de telem\u00e1tica da Volvo Construction Equipment. Com dados e informa\u00e7\u00f5es, os especialistas da marca e da rede de distribuidores ajudam os gestores de frotas a atingir o melhor desempenho poss\u00edvel.<\/p>\n<p>&nbsp;<\/p>\n<p>\u201cO ACD revela situa\u00e7\u00f5es que podem ser melhoradas ou evitadas durante a opera\u00e7\u00e3o: uso excessivo de marcha lenta, deslocamento do equipamento em velocidade acima da recomendada, escolha equivocada do modo de trabalho, desligamento em alta rota\u00e7\u00e3o do motor e eventuais riscos de falhas.\u201d, diz Daniel Campos, gerente comercial de servi\u00e7os da Volvo Construction Equipment Latin America. \u00c9 poss\u00edvel encontrar muitas oportunidades de melhoria, incluindo treinamento dos operadores. Os relat\u00f3rios do ACD tamb\u00e9m permitem analisar o percentual de utiliza\u00e7\u00e3o da m\u00e1quina em rela\u00e7\u00e3o ao tempo ocioso, seja para a frota inteira ou para os equipamentos agrupados por modelo, tipo e aplica\u00e7\u00e3o. O sistema ainda gera notifica\u00e7\u00f5es por e-mail para o cliente e o distribuidor Volvo, orientando sobre o passo a passo para a solu\u00e7\u00e3o dos eventos identificados via c\u00f3digos de falha. (Coisas de Agora)<\/p>\n","protected":false},"excerpt":{"rendered":"<p>Coisas de Agora &nbsp; A Volvo est\u00e1 comemorando a entrega de mais de 100 mil caminh\u00f5es, \u00f4nibus e equipamentos de constru\u00e7\u00e3o conectados na Am\u00e9rica Latina. S\u00e3o exatas 102,9 mil unidades conectadas no continente. No mundo, a marca est\u00e1 na lideran\u00e7a global em conectividade em transportes comerciais, com mais de 1,1 milh\u00e3o de ve\u00edculos conectados. &nbsp;\u2026 <a class=\"readmore\" href=\"https:\/\/dana.com.br\/canaldana\/2020\/12\/18\/volvo-atinge-a-marca-de-100-mil-veiculos-comerciais-conectados-na-america-latina\/\">Leia mais \u00bb<\/a><\/p>\n","protected":false},"author":3,"featured_media":0,"comment_status":"closed","ping_status":"closed","sticky":false,"template":"","format":"standard","meta":{"_acf_changed":false,"footnotes":""},"categories":[79],"tags":[],"class_list":["post-46963","post","type-post","status-publish","format-standard","hentry","category-mercado"],"acf":[],"yoast_head":"<!-- This site is optimized with the Yoast SEO plugin v27.5 - https:\/\/yoast.com\/product\/yoast-seo-wordpress\/ -->\n<title>Volvo atinge a marca de 100 mil ve\u00edculos comerciais conectados na Am\u00e9rica Latina - Canal Dana<\/title>\n<meta name=\"robots\" content=\"index, follow, max-snippet:-1, max-image-preview:large, max-video-preview:-1\" \/>\n<link rel=\"canonical\" href=\"https:\/\/dana.com.br\/canaldana\/2020\/12\/18\/volvo-atinge-a-marca-de-100-mil-veiculos-comerciais-conectados-na-america-latina\/\" \/>\n<meta property=\"og:locale\" content=\"pt_BR\" \/>\n<meta property=\"og:type\" content=\"article\" \/>\n<meta property=\"og:title\" content=\"Volvo atinge a marca de 100 mil ve\u00edculos comerciais conectados na Am\u00e9rica Latina - Canal Dana\" \/>\n<meta property=\"og:description\" content=\"Coisas de Agora &nbsp; A Volvo est\u00e1 comemorando a entrega de mais de 100 mil caminh\u00f5es, \u00f4nibus e equipamentos de constru\u00e7\u00e3o conectados na Am\u00e9rica Latina. S\u00e3o exatas 102,9 mil unidades conectadas no continente. No mundo, a marca est\u00e1 na lideran\u00e7a global em conectividade em transportes comerciais, com mais de 1,1 milh\u00e3o de ve\u00edculos conectados. &nbsp;\u2026 Leia mais \u00bb\" \/>\n<meta property=\"og:url\" content=\"https:\/\/dana.com.br\/canaldana\/2020\/12\/18\/volvo-atinge-a-marca-de-100-mil-veiculos-comerciais-conectados-na-america-latina\/\" \/>\n<meta property=\"og:site_name\" content=\"Canal Dana\" \/>\n<meta property=\"article:published_time\" content=\"2020-12-18T11:36:49+00:00\" \/>\n<meta name=\"author\" content=\"Canal Dana\" \/>\n<meta name=\"twitter:card\" content=\"summary_large_image\" \/>\n<meta name=\"twitter:label1\" content=\"Escrito por\" \/>\n\t<meta name=\"twitter:data1\" content=\"Canal Dana\" \/>\n\t<meta name=\"twitter:label2\" content=\"Est. tempo de leitura\" \/>\n\t<meta name=\"twitter:data2\" content=\"5 minutos\" \/>\n<script type=\"application\/ld+json\" class=\"yoast-schema-graph\">{\"@context\":\"https:\\\/\\\/schema.org\",\"@graph\":[{\"@type\":\"Article\",\"@id\":\"https:\\\/\\\/dana.com.br\\\/canaldana\\\/2020\\\/12\\\/18\\\/volvo-atinge-a-marca-de-100-mil-veiculos-comerciais-conectados-na-america-latina\\\/#article\",\"isPartOf\":{\"@id\":\"https:\\\/\\\/dana.com.br\\\/canaldana\\\/2020\\\/12\\\/18\\\/volvo-atinge-a-marca-de-100-mil-veiculos-comerciais-conectados-na-america-latina\\\/\"},\"author\":{\"name\":\"Canal Dana\",\"@id\":\"https:\\\/\\\/dana.com.br\\\/canaldana\\\/#\\\/schema\\\/person\\\/3c21f22f56fcf3bc46b94bc60ea4fef6\"},\"headline\":\"Volvo atinge a marca de 100 mil ve\u00edculos comerciais conectados na Am\u00e9rica Latina\",\"datePublished\":\"2020-12-18T11:36:49+00:00\",\"mainEntityOfPage\":{\"@id\":\"https:\\\/\\\/dana.com.br\\\/canaldana\\\/2020\\\/12\\\/18\\\/volvo-atinge-a-marca-de-100-mil-veiculos-comerciais-conectados-na-america-latina\\\/\"},\"wordCount\":1092,\"articleSection\":[\"Mercado\"],\"inLanguage\":\"pt-BR\"},{\"@type\":\"WebPage\",\"@id\":\"https:\\\/\\\/dana.com.br\\\/canaldana\\\/2020\\\/12\\\/18\\\/volvo-atinge-a-marca-de-100-mil-veiculos-comerciais-conectados-na-america-latina\\\/\",\"url\":\"https:\\\/\\\/dana.com.br\\\/canaldana\\\/2020\\\/12\\\/18\\\/volvo-atinge-a-marca-de-100-mil-veiculos-comerciais-conectados-na-america-latina\\\/\",\"name\":\"Volvo atinge a marca de 100 mil ve\u00edculos comerciais conectados na Am\u00e9rica Latina - Canal Dana\",\"isPartOf\":{\"@id\":\"https:\\\/\\\/dana.com.br\\\/canaldana\\\/#website\"},\"datePublished\":\"2020-12-18T11:36:49+00:00\",\"author\":{\"@id\":\"https:\\\/\\\/dana.com.br\\\/canaldana\\\/#\\\/schema\\\/person\\\/3c21f22f56fcf3bc46b94bc60ea4fef6\"},\"breadcrumb\":{\"@id\":\"https:\\\/\\\/dana.com.br\\\/canaldana\\\/2020\\\/12\\\/18\\\/volvo-atinge-a-marca-de-100-mil-veiculos-comerciais-conectados-na-america-latina\\\/#breadcrumb\"},\"inLanguage\":\"pt-BR\",\"potentialAction\":[{\"@type\":\"ReadAction\",\"target\":[\"https:\\\/\\\/dana.com.br\\\/canaldana\\\/2020\\\/12\\\/18\\\/volvo-atinge-a-marca-de-100-mil-veiculos-comerciais-conectados-na-america-latina\\\/\"]}]},{\"@type\":\"BreadcrumbList\",\"@id\":\"https:\\\/\\\/dana.com.br\\\/canaldana\\\/2020\\\/12\\\/18\\\/volvo-atinge-a-marca-de-100-mil-veiculos-comerciais-conectados-na-america-latina\\\/#breadcrumb\",\"itemListElement\":[{\"@type\":\"ListItem\",\"position\":1,\"name\":\"Home\",\"item\":\"https:\\\/\\\/dana.com.br\\\/canaldana\\\/\"},{\"@type\":\"ListItem\",\"position\":2,\"name\":\"Mercado\",\"item\":\"https:\\\/\\\/dana.com.br\\\/canaldana\\\/mercado\\\/\"},{\"@type\":\"ListItem\",\"position\":3,\"name\":\"Volvo atinge a marca de 100 mil ve\u00edculos comerciais conectados na Am\u00e9rica Latina\"}]},{\"@type\":\"WebSite\",\"@id\":\"https:\\\/\\\/dana.com.br\\\/canaldana\\\/#website\",\"url\":\"https:\\\/\\\/dana.com.br\\\/canaldana\\\/\",\"name\":\"Canal Dana\",\"description\":\"Informativo com as principais not\u00edcias da ind\u00fastria automotiva\",\"potentialAction\":[{\"@type\":\"SearchAction\",\"target\":{\"@type\":\"EntryPoint\",\"urlTemplate\":\"https:\\\/\\\/dana.com.br\\\/canaldana\\\/?s={search_term_string}\"},\"query-input\":{\"@type\":\"PropertyValueSpecification\",\"valueRequired\":true,\"valueName\":\"search_term_string\"}}],\"inLanguage\":\"pt-BR\"},{\"@type\":\"Person\",\"@id\":\"https:\\\/\\\/dana.com.br\\\/canaldana\\\/#\\\/schema\\\/person\\\/3c21f22f56fcf3bc46b94bc60ea4fef6\",\"name\":\"Canal Dana\",\"image\":{\"@type\":\"ImageObject\",\"inLanguage\":\"pt-BR\",\"@id\":\"https:\\\/\\\/secure.gravatar.com\\\/avatar\\\/420aaf9278582877d9018637c6817617705899d2858d7572ef0fe59a6b6454b4?s=96&d=mm&r=g\",\"url\":\"https:\\\/\\\/secure.gravatar.com\\\/avatar\\\/420aaf9278582877d9018637c6817617705899d2858d7572ef0fe59a6b6454b4?s=96&d=mm&r=g\",\"contentUrl\":\"https:\\\/\\\/secure.gravatar.com\\\/avatar\\\/420aaf9278582877d9018637c6817617705899d2858d7572ef0fe59a6b6454b4?s=96&d=mm&r=g\",\"caption\":\"Canal Dana\"},\"url\":\"https:\\\/\\\/dana.com.br\\\/canaldana\\\/author\\\/cdeditor\\\/\"}]}<\/script>\n<!-- \/ Yoast SEO plugin. -->","yoast_head_json":{"title":"Volvo atinge a marca de 100 mil ve\u00edculos comerciais conectados na Am\u00e9rica Latina - Canal Dana","robots":{"index":"index","follow":"follow","max-snippet":"max-snippet:-1","max-image-preview":"max-image-preview:large","max-video-preview":"max-video-preview:-1"},"canonical":"https:\/\/dana.com.br\/canaldana\/2020\/12\/18\/volvo-atinge-a-marca-de-100-mil-veiculos-comerciais-conectados-na-america-latina\/","og_locale":"pt_BR","og_type":"article","og_title":"Volvo atinge a marca de 100 mil ve\u00edculos comerciais conectados na Am\u00e9rica Latina - Canal Dana","og_description":"Coisas de Agora &nbsp; A Volvo est\u00e1 comemorando a entrega de mais de 100 mil caminh\u00f5es, \u00f4nibus e equipamentos de constru\u00e7\u00e3o conectados na Am\u00e9rica Latina. S\u00e3o exatas 102,9 mil unidades conectadas no continente. No mundo, a marca est\u00e1 na lideran\u00e7a global em conectividade em transportes comerciais, com mais de 1,1 milh\u00e3o de ve\u00edculos conectados. &nbsp;\u2026 Leia mais \u00bb","og_url":"https:\/\/dana.com.br\/canaldana\/2020\/12\/18\/volvo-atinge-a-marca-de-100-mil-veiculos-comerciais-conectados-na-america-latina\/","og_site_name":"Canal Dana","article_published_time":"2020-12-18T11:36:49+00:00","author":"Canal Dana","twitter_card":"summary_large_image","twitter_misc":{"Escrito por":"Canal Dana","Est. tempo de leitura":"5 minutos"},"schema":{"@context":"https:\/\/schema.org","@graph":[{"@type":"Article","@id":"https:\/\/dana.com.br\/canaldana\/2020\/12\/18\/volvo-atinge-a-marca-de-100-mil-veiculos-comerciais-conectados-na-america-latina\/#article","isPartOf":{"@id":"https:\/\/dana.com.br\/canaldana\/2020\/12\/18\/volvo-atinge-a-marca-de-100-mil-veiculos-comerciais-conectados-na-america-latina\/"},"author":{"name":"Canal Dana","@id":"https:\/\/dana.com.br\/canaldana\/#\/schema\/person\/3c21f22f56fcf3bc46b94bc60ea4fef6"},"headline":"Volvo atinge a marca de 100 mil ve\u00edculos comerciais conectados na Am\u00e9rica Latina","datePublished":"2020-12-18T11:36:49+00:00","mainEntityOfPage":{"@id":"https:\/\/dana.com.br\/canaldana\/2020\/12\/18\/volvo-atinge-a-marca-de-100-mil-veiculos-comerciais-conectados-na-america-latina\/"},"wordCount":1092,"articleSection":["Mercado"],"inLanguage":"pt-BR"},{"@type":"WebPage","@id":"https:\/\/dana.com.br\/canaldana\/2020\/12\/18\/volvo-atinge-a-marca-de-100-mil-veiculos-comerciais-conectados-na-america-latina\/","url":"https:\/\/dana.com.br\/canaldana\/2020\/12\/18\/volvo-atinge-a-marca-de-100-mil-veiculos-comerciais-conectados-na-america-latina\/","name":"Volvo atinge a marca de 100 mil ve\u00edculos comerciais conectados na Am\u00e9rica Latina - Canal Dana","isPartOf":{"@id":"https:\/\/dana.com.br\/canaldana\/#website"},"datePublished":"2020-12-18T11:36:49+00:00","author":{"@id":"https:\/\/dana.com.br\/canaldana\/#\/schema\/person\/3c21f22f56fcf3bc46b94bc60ea4fef6"},"breadcrumb":{"@id":"https:\/\/dana.com.br\/canaldana\/2020\/12\/18\/volvo-atinge-a-marca-de-100-mil-veiculos-comerciais-conectados-na-america-latina\/#breadcrumb"},"inLanguage":"pt-BR","potentialAction":[{"@type":"ReadAction","target":["https:\/\/dana.com.br\/canaldana\/2020\/12\/18\/volvo-atinge-a-marca-de-100-mil-veiculos-comerciais-conectados-na-america-latina\/"]}]},{"@type":"BreadcrumbList","@id":"https:\/\/dana.com.br\/canaldana\/2020\/12\/18\/volvo-atinge-a-marca-de-100-mil-veiculos-comerciais-conectados-na-america-latina\/#breadcrumb","itemListElement":[{"@type":"ListItem","position":1,"name":"Home","item":"https:\/\/dana.com.br\/canaldana\/"},{"@type":"ListItem","position":2,"name":"Mercado","item":"https:\/\/dana.com.br\/canaldana\/mercado\/"},{"@type":"ListItem","position":3,"name":"Volvo atinge a marca de 100 mil ve\u00edculos comerciais conectados na Am\u00e9rica Latina"}]},{"@type":"WebSite","@id":"https:\/\/dana.com.br\/canaldana\/#website","url":"https:\/\/dana.com.br\/canaldana\/","name":"Canal Dana","description":"Informativo com as principais not\u00edcias da ind\u00fastria automotiva","potentialAction":[{"@type":"SearchAction","target":{"@type":"EntryPoint","urlTemplate":"https:\/\/dana.com.br\/canaldana\/?s={search_term_string}"},"query-input":{"@type":"PropertyValueSpecification","valueRequired":true,"valueName":"search_term_string"}}],"inLanguage":"pt-BR"},{"@type":"Person","@id":"https:\/\/dana.com.br\/canaldana\/#\/schema\/person\/3c21f22f56fcf3bc46b94bc60ea4fef6","name":"Canal Dana","image":{"@type":"ImageObject","inLanguage":"pt-BR","@id":"https:\/\/secure.gravatar.com\/avatar\/420aaf9278582877d9018637c6817617705899d2858d7572ef0fe59a6b6454b4?s=96&d=mm&r=g","url":"https:\/\/secure.gravatar.com\/avatar\/420aaf9278582877d9018637c6817617705899d2858d7572ef0fe59a6b6454b4?s=96&d=mm&r=g","contentUrl":"https:\/\/secure.gravatar.com\/avatar\/420aaf9278582877d9018637c6817617705899d2858d7572ef0fe59a6b6454b4?s=96&d=mm&r=g","caption":"Canal Dana"},"url":"https:\/\/dana.com.br\/canaldana\/author\/cdeditor\/"}]}},"_links":{"self":[{"href":"https:\/\/dana.com.br\/canaldana\/wp-json\/wp\/v2\/posts\/46963","targetHints":{"allow":["GET"]}}],"collection":[{"href":"https:\/\/dana.com.br\/canaldana\/wp-json\/wp\/v2\/posts"}],"about":[{"href":"https:\/\/dana.com.br\/canaldana\/wp-json\/wp\/v2\/types\/post"}],"author":[{"embeddable":true,"href":"https:\/\/dana.com.br\/canaldana\/wp-json\/wp\/v2\/users\/3"}],"replies":[{"embeddable":true,"href":"https:\/\/dana.com.br\/canaldana\/wp-json\/wp\/v2\/comments?post=46963"}],"version-history":[{"count":0,"href":"https:\/\/dana.com.br\/canaldana\/wp-json\/wp\/v2\/posts\/46963\/revisions"}],"wp:attachment":[{"href":"https:\/\/dana.com.br\/canaldana\/wp-json\/wp\/v2\/media?parent=46963"}],"wp:term":[{"taxonomy":"category","embeddable":true,"href":"https:\/\/dana.com.br\/canaldana\/wp-json\/wp\/v2\/categories?post=46963"},{"taxonomy":"post_tag","embeddable":true,"href":"https:\/\/dana.com.br\/canaldana\/wp-json\/wp\/v2\/tags?post=46963"}],"curies":[{"name":"wp","href":"https:\/\/api.w.org\/{rel}","templated":true}]}}