{"id":46724,"date":"2020-12-08T09:02:51","date_gmt":"2020-12-08T12:02:51","guid":{"rendered":"https:\/\/dana.com.br\/canaldana\/?p=46724"},"modified":"2020-12-08T09:02:51","modified_gmt":"2020-12-08T12:02:51","slug":"novembro-foi-melhor-mes-do-ano-para-setor-automotivo","status":"publish","type":"post","link":"https:\/\/dana.com.br\/canaldana\/2020\/12\/08\/novembro-foi-melhor-mes-do-ano-para-setor-automotivo\/","title":{"rendered":"Novembro foi melhor m\u00eas do ano para setor automotivo"},"content":{"rendered":"<p><em>Motor Show<\/em><\/p>\n<p>&nbsp;<\/p>\n<p>Segundo o levantamento mensal da Associa\u00e7\u00e3o Nacional dos Fabricantes de Ve\u00edculos Automotores (Anfavea), novembro manteve o vi\u00e9s de alta iniciado no segundo semestre, apresentando os melhores n\u00fameros do setor automotivo no ano. Exporta\u00e7\u00f5es e produ\u00e7\u00e3o chegaram a superar os patamares de novembro de 2019, mas o mercado interno ainda gira 7,1% abaixo do verificado no ano passado.<\/p>\n<p>&nbsp;<\/p>\n<p>Em novembro, a produ\u00e7\u00e3o do setor automotivo seguiu impactada pelos protocolos sanit\u00e1rios nas f\u00e1bricas e tamb\u00e9m pela falta de componentes e insumos. Em novembro foram produzidos 238.200 autove\u00edculos, crescimento de apenas 0,7% sobre outubro, portanto incapaz de acompanhar o aumento da demanda. Esse n\u00famero \u00e9 4,7% superior ao de novembro de 2019, mas naquela \u00e9poca havia estoque de 330 mil ve\u00edculos. Hoje h\u00e1 menos de 120 mil ve\u00edculos estocados nas f\u00e1bricas e na rede, volume suficiente par sustentar apenas 16 dias de vendas. No acumulado do ano, a produ\u00e7\u00e3o de 1.804.759 unidades \u00e9 35% inferior \u00e0 do ano passado.<\/p>\n<p>&nbsp;<\/p>\n<p>A surpresa positiva foi o volume exportado em novembro, de 44.007 unidades, melhor resultado desde agosto de 2018. Essa alta \u00e9 justificada pelo represamento de envios ocorrido nos \u00faltimos meses, em fun\u00e7\u00e3o do est\u00e1gio de pandemia nos nossos pa\u00edses vizinhos, sobretudo na Argentina. E tamb\u00e9m por conta da antecipa\u00e7\u00e3o de embarques para o encerramento do ano. De qualquer forma, o total de 285.925 unidades exportadas ainda \u00e9 28,4% menor que em 2019, que j\u00e1 havia sido um ano de forte queda.<\/p>\n<p>&nbsp;<\/p>\n<p>J\u00e1 o mercado interno do setor automotivo fechou novembro com 225.010 unidades licenciadas, alta de 4,6% sobre o m\u00eas anterior, por\u00e9m com queda de 7,1% sobre novembro passado. No ano, foram 1.814.470 autove\u00edculos emplacados, volume 28,1% inferior ao dos 11 primeiros meses de 2019. Isoladamente, o setor de caminh\u00f5es mant\u00e9m resultados melhores que os de autom\u00f3veis e \u00f4nibus. M\u00e1quinas agr\u00edcolas e rodovi\u00e1rias tiveram discreto aumento na produ\u00e7\u00e3o e nas exporta\u00e7\u00f5es em novembro, na compara\u00e7\u00e3o com outubro, apesar de um ligeiro recuo nas vendas.<\/p>\n<p>&nbsp;<\/p>\n<p>\u201cOs bons n\u00fameros de novembro d\u00e3o alguma esperan\u00e7a para um 2021 melhor, desde que a pandemia seja controlada por vacinas, e que o ambiente de neg\u00f3cios no pa\u00eds seja estimulado por medidas de controle da d\u00edvida p\u00fablica e reformas estruturantes que nos permitam ser competitivos\u201d, afirmou o Presidente da Anfavea, Luiz Carlos Moraes. \u201cMas antes disso teremos de superar alguns desafios imediatos em nosso setor e no pa\u00eds, como o aumento dos casos de covid-19, o risco de paralisa\u00e7\u00e3o por falta de autope\u00e7as e a press\u00e3o de custos ligados ao c\u00e2mbio e insumos. Tudo isso vem prejudicando uma retomada mais r\u00e1pida da ind\u00fastria\u201d, ressaltou. (Motor Show)<\/p>\n","protected":false},"excerpt":{"rendered":"<p>Motor Show &nbsp; Segundo o levantamento mensal da Associa\u00e7\u00e3o Nacional dos Fabricantes de Ve\u00edculos Automotores (Anfavea), novembro manteve o vi\u00e9s de alta iniciado no segundo semestre, apresentando os melhores n\u00fameros do setor automotivo no ano. Exporta\u00e7\u00f5es e produ\u00e7\u00e3o chegaram a superar os patamares de novembro de 2019, mas o mercado interno ainda gira 7,1% abaixo\u2026 <a class=\"readmore\" href=\"https:\/\/dana.com.br\/canaldana\/2020\/12\/08\/novembro-foi-melhor-mes-do-ano-para-setor-automotivo\/\">Leia mais \u00bb<\/a><\/p>\n","protected":false},"author":3,"featured_media":0,"comment_status":"closed","ping_status":"closed","sticky":false,"template":"","format":"standard","meta":{"_acf_changed":false,"footnotes":""},"categories":[79],"tags":[],"class_list":["post-46724","post","type-post","status-publish","format-standard","hentry","category-mercado"],"acf":[],"yoast_head":"<!-- This site is optimized with the Yoast SEO plugin v27.3 - https:\/\/yoast.com\/product\/yoast-seo-wordpress\/ -->\n<title>Novembro foi melhor m\u00eas do ano para setor automotivo - Canal Dana<\/title>\n<meta name=\"robots\" content=\"index, follow, max-snippet:-1, max-image-preview:large, max-video-preview:-1\" \/>\n<link rel=\"canonical\" href=\"https:\/\/dana.com.br\/canaldana\/2020\/12\/08\/novembro-foi-melhor-mes-do-ano-para-setor-automotivo\/\" \/>\n<meta property=\"og:locale\" content=\"pt_BR\" \/>\n<meta property=\"og:type\" content=\"article\" \/>\n<meta property=\"og:title\" content=\"Novembro foi melhor m\u00eas do ano para setor automotivo - Canal Dana\" \/>\n<meta property=\"og:description\" content=\"Motor Show &nbsp; Segundo o levantamento mensal da Associa\u00e7\u00e3o Nacional dos Fabricantes de Ve\u00edculos Automotores (Anfavea), novembro manteve o vi\u00e9s de alta iniciado no segundo semestre, apresentando os melhores n\u00fameros do setor automotivo no ano. Exporta\u00e7\u00f5es e produ\u00e7\u00e3o chegaram a superar os patamares de novembro de 2019, mas o mercado interno ainda gira 7,1% abaixo\u2026 Leia mais \u00bb\" \/>\n<meta property=\"og:url\" content=\"https:\/\/dana.com.br\/canaldana\/2020\/12\/08\/novembro-foi-melhor-mes-do-ano-para-setor-automotivo\/\" \/>\n<meta property=\"og:site_name\" content=\"Canal Dana\" \/>\n<meta property=\"article:published_time\" content=\"2020-12-08T12:02:51+00:00\" \/>\n<meta name=\"author\" content=\"Canal Dana\" \/>\n<meta name=\"twitter:card\" content=\"summary_large_image\" \/>\n<meta name=\"twitter:label1\" content=\"Escrito por\" \/>\n\t<meta name=\"twitter:data1\" content=\"Canal Dana\" \/>\n\t<meta name=\"twitter:label2\" content=\"Est. tempo de leitura\" \/>\n\t<meta name=\"twitter:data2\" content=\"2 minutos\" \/>\n<script type=\"application\/ld+json\" class=\"yoast-schema-graph\">{\"@context\":\"https:\\\/\\\/schema.org\",\"@graph\":[{\"@type\":\"Article\",\"@id\":\"https:\\\/\\\/dana.com.br\\\/canaldana\\\/2020\\\/12\\\/08\\\/novembro-foi-melhor-mes-do-ano-para-setor-automotivo\\\/#article\",\"isPartOf\":{\"@id\":\"https:\\\/\\\/dana.com.br\\\/canaldana\\\/2020\\\/12\\\/08\\\/novembro-foi-melhor-mes-do-ano-para-setor-automotivo\\\/\"},\"author\":{\"name\":\"Canal Dana\",\"@id\":\"https:\\\/\\\/dana.com.br\\\/canaldana\\\/#\\\/schema\\\/person\\\/3c21f22f56fcf3bc46b94bc60ea4fef6\"},\"headline\":\"Novembro foi melhor m\u00eas do ano para setor automotivo\",\"datePublished\":\"2020-12-08T12:02:51+00:00\",\"mainEntityOfPage\":{\"@id\":\"https:\\\/\\\/dana.com.br\\\/canaldana\\\/2020\\\/12\\\/08\\\/novembro-foi-melhor-mes-do-ano-para-setor-automotivo\\\/\"},\"wordCount\":461,\"articleSection\":[\"Mercado\"],\"inLanguage\":\"pt-BR\"},{\"@type\":\"WebPage\",\"@id\":\"https:\\\/\\\/dana.com.br\\\/canaldana\\\/2020\\\/12\\\/08\\\/novembro-foi-melhor-mes-do-ano-para-setor-automotivo\\\/\",\"url\":\"https:\\\/\\\/dana.com.br\\\/canaldana\\\/2020\\\/12\\\/08\\\/novembro-foi-melhor-mes-do-ano-para-setor-automotivo\\\/\",\"name\":\"Novembro foi melhor m\u00eas do ano para setor automotivo - Canal Dana\",\"isPartOf\":{\"@id\":\"https:\\\/\\\/dana.com.br\\\/canaldana\\\/#website\"},\"datePublished\":\"2020-12-08T12:02:51+00:00\",\"author\":{\"@id\":\"https:\\\/\\\/dana.com.br\\\/canaldana\\\/#\\\/schema\\\/person\\\/3c21f22f56fcf3bc46b94bc60ea4fef6\"},\"breadcrumb\":{\"@id\":\"https:\\\/\\\/dana.com.br\\\/canaldana\\\/2020\\\/12\\\/08\\\/novembro-foi-melhor-mes-do-ano-para-setor-automotivo\\\/#breadcrumb\"},\"inLanguage\":\"pt-BR\",\"potentialAction\":[{\"@type\":\"ReadAction\",\"target\":[\"https:\\\/\\\/dana.com.br\\\/canaldana\\\/2020\\\/12\\\/08\\\/novembro-foi-melhor-mes-do-ano-para-setor-automotivo\\\/\"]}]},{\"@type\":\"BreadcrumbList\",\"@id\":\"https:\\\/\\\/dana.com.br\\\/canaldana\\\/2020\\\/12\\\/08\\\/novembro-foi-melhor-mes-do-ano-para-setor-automotivo\\\/#breadcrumb\",\"itemListElement\":[{\"@type\":\"ListItem\",\"position\":1,\"name\":\"Home\",\"item\":\"https:\\\/\\\/dana.com.br\\\/canaldana\\\/\"},{\"@type\":\"ListItem\",\"position\":2,\"name\":\"Mercado\",\"item\":\"https:\\\/\\\/dana.com.br\\\/canaldana\\\/mercado\\\/\"},{\"@type\":\"ListItem\",\"position\":3,\"name\":\"Novembro foi melhor m\u00eas do ano para setor automotivo\"}]},{\"@type\":\"WebSite\",\"@id\":\"https:\\\/\\\/dana.com.br\\\/canaldana\\\/#website\",\"url\":\"https:\\\/\\\/dana.com.br\\\/canaldana\\\/\",\"name\":\"Canal Dana\",\"description\":\"Informativo com as principais not\u00edcias da ind\u00fastria automotiva\",\"potentialAction\":[{\"@type\":\"SearchAction\",\"target\":{\"@type\":\"EntryPoint\",\"urlTemplate\":\"https:\\\/\\\/dana.com.br\\\/canaldana\\\/?s={search_term_string}\"},\"query-input\":{\"@type\":\"PropertyValueSpecification\",\"valueRequired\":true,\"valueName\":\"search_term_string\"}}],\"inLanguage\":\"pt-BR\"},{\"@type\":\"Person\",\"@id\":\"https:\\\/\\\/dana.com.br\\\/canaldana\\\/#\\\/schema\\\/person\\\/3c21f22f56fcf3bc46b94bc60ea4fef6\",\"name\":\"Canal Dana\",\"image\":{\"@type\":\"ImageObject\",\"inLanguage\":\"pt-BR\",\"@id\":\"https:\\\/\\\/secure.gravatar.com\\\/avatar\\\/420aaf9278582877d9018637c6817617705899d2858d7572ef0fe59a6b6454b4?s=96&d=mm&r=g\",\"url\":\"https:\\\/\\\/secure.gravatar.com\\\/avatar\\\/420aaf9278582877d9018637c6817617705899d2858d7572ef0fe59a6b6454b4?s=96&d=mm&r=g\",\"contentUrl\":\"https:\\\/\\\/secure.gravatar.com\\\/avatar\\\/420aaf9278582877d9018637c6817617705899d2858d7572ef0fe59a6b6454b4?s=96&d=mm&r=g\",\"caption\":\"Canal Dana\"},\"url\":\"https:\\\/\\\/dana.com.br\\\/canaldana\\\/author\\\/cdeditor\\\/\"}]}<\/script>\n<!-- \/ Yoast SEO plugin. -->","yoast_head_json":{"title":"Novembro foi melhor m\u00eas do ano para setor automotivo - Canal Dana","robots":{"index":"index","follow":"follow","max-snippet":"max-snippet:-1","max-image-preview":"max-image-preview:large","max-video-preview":"max-video-preview:-1"},"canonical":"https:\/\/dana.com.br\/canaldana\/2020\/12\/08\/novembro-foi-melhor-mes-do-ano-para-setor-automotivo\/","og_locale":"pt_BR","og_type":"article","og_title":"Novembro foi melhor m\u00eas do ano para setor automotivo - Canal Dana","og_description":"Motor Show &nbsp; Segundo o levantamento mensal da Associa\u00e7\u00e3o Nacional dos Fabricantes de Ve\u00edculos Automotores (Anfavea), novembro manteve o vi\u00e9s de alta iniciado no segundo semestre, apresentando os melhores n\u00fameros do setor automotivo no ano. Exporta\u00e7\u00f5es e produ\u00e7\u00e3o chegaram a superar os patamares de novembro de 2019, mas o mercado interno ainda gira 7,1% abaixo\u2026 Leia mais \u00bb","og_url":"https:\/\/dana.com.br\/canaldana\/2020\/12\/08\/novembro-foi-melhor-mes-do-ano-para-setor-automotivo\/","og_site_name":"Canal Dana","article_published_time":"2020-12-08T12:02:51+00:00","author":"Canal Dana","twitter_card":"summary_large_image","twitter_misc":{"Escrito por":"Canal Dana","Est. tempo de leitura":"2 minutos"},"schema":{"@context":"https:\/\/schema.org","@graph":[{"@type":"Article","@id":"https:\/\/dana.com.br\/canaldana\/2020\/12\/08\/novembro-foi-melhor-mes-do-ano-para-setor-automotivo\/#article","isPartOf":{"@id":"https:\/\/dana.com.br\/canaldana\/2020\/12\/08\/novembro-foi-melhor-mes-do-ano-para-setor-automotivo\/"},"author":{"name":"Canal Dana","@id":"https:\/\/dana.com.br\/canaldana\/#\/schema\/person\/3c21f22f56fcf3bc46b94bc60ea4fef6"},"headline":"Novembro foi melhor m\u00eas do ano para setor automotivo","datePublished":"2020-12-08T12:02:51+00:00","mainEntityOfPage":{"@id":"https:\/\/dana.com.br\/canaldana\/2020\/12\/08\/novembro-foi-melhor-mes-do-ano-para-setor-automotivo\/"},"wordCount":461,"articleSection":["Mercado"],"inLanguage":"pt-BR"},{"@type":"WebPage","@id":"https:\/\/dana.com.br\/canaldana\/2020\/12\/08\/novembro-foi-melhor-mes-do-ano-para-setor-automotivo\/","url":"https:\/\/dana.com.br\/canaldana\/2020\/12\/08\/novembro-foi-melhor-mes-do-ano-para-setor-automotivo\/","name":"Novembro foi melhor m\u00eas do ano para setor automotivo - Canal Dana","isPartOf":{"@id":"https:\/\/dana.com.br\/canaldana\/#website"},"datePublished":"2020-12-08T12:02:51+00:00","author":{"@id":"https:\/\/dana.com.br\/canaldana\/#\/schema\/person\/3c21f22f56fcf3bc46b94bc60ea4fef6"},"breadcrumb":{"@id":"https:\/\/dana.com.br\/canaldana\/2020\/12\/08\/novembro-foi-melhor-mes-do-ano-para-setor-automotivo\/#breadcrumb"},"inLanguage":"pt-BR","potentialAction":[{"@type":"ReadAction","target":["https:\/\/dana.com.br\/canaldana\/2020\/12\/08\/novembro-foi-melhor-mes-do-ano-para-setor-automotivo\/"]}]},{"@type":"BreadcrumbList","@id":"https:\/\/dana.com.br\/canaldana\/2020\/12\/08\/novembro-foi-melhor-mes-do-ano-para-setor-automotivo\/#breadcrumb","itemListElement":[{"@type":"ListItem","position":1,"name":"Home","item":"https:\/\/dana.com.br\/canaldana\/"},{"@type":"ListItem","position":2,"name":"Mercado","item":"https:\/\/dana.com.br\/canaldana\/mercado\/"},{"@type":"ListItem","position":3,"name":"Novembro foi melhor m\u00eas do ano para setor automotivo"}]},{"@type":"WebSite","@id":"https:\/\/dana.com.br\/canaldana\/#website","url":"https:\/\/dana.com.br\/canaldana\/","name":"Canal Dana","description":"Informativo com as principais not\u00edcias da ind\u00fastria automotiva","potentialAction":[{"@type":"SearchAction","target":{"@type":"EntryPoint","urlTemplate":"https:\/\/dana.com.br\/canaldana\/?s={search_term_string}"},"query-input":{"@type":"PropertyValueSpecification","valueRequired":true,"valueName":"search_term_string"}}],"inLanguage":"pt-BR"},{"@type":"Person","@id":"https:\/\/dana.com.br\/canaldana\/#\/schema\/person\/3c21f22f56fcf3bc46b94bc60ea4fef6","name":"Canal Dana","image":{"@type":"ImageObject","inLanguage":"pt-BR","@id":"https:\/\/secure.gravatar.com\/avatar\/420aaf9278582877d9018637c6817617705899d2858d7572ef0fe59a6b6454b4?s=96&d=mm&r=g","url":"https:\/\/secure.gravatar.com\/avatar\/420aaf9278582877d9018637c6817617705899d2858d7572ef0fe59a6b6454b4?s=96&d=mm&r=g","contentUrl":"https:\/\/secure.gravatar.com\/avatar\/420aaf9278582877d9018637c6817617705899d2858d7572ef0fe59a6b6454b4?s=96&d=mm&r=g","caption":"Canal Dana"},"url":"https:\/\/dana.com.br\/canaldana\/author\/cdeditor\/"}]}},"_links":{"self":[{"href":"https:\/\/dana.com.br\/canaldana\/wp-json\/wp\/v2\/posts\/46724","targetHints":{"allow":["GET"]}}],"collection":[{"href":"https:\/\/dana.com.br\/canaldana\/wp-json\/wp\/v2\/posts"}],"about":[{"href":"https:\/\/dana.com.br\/canaldana\/wp-json\/wp\/v2\/types\/post"}],"author":[{"embeddable":true,"href":"https:\/\/dana.com.br\/canaldana\/wp-json\/wp\/v2\/users\/3"}],"replies":[{"embeddable":true,"href":"https:\/\/dana.com.br\/canaldana\/wp-json\/wp\/v2\/comments?post=46724"}],"version-history":[{"count":0,"href":"https:\/\/dana.com.br\/canaldana\/wp-json\/wp\/v2\/posts\/46724\/revisions"}],"wp:attachment":[{"href":"https:\/\/dana.com.br\/canaldana\/wp-json\/wp\/v2\/media?parent=46724"}],"wp:term":[{"taxonomy":"category","embeddable":true,"href":"https:\/\/dana.com.br\/canaldana\/wp-json\/wp\/v2\/categories?post=46724"},{"taxonomy":"post_tag","embeddable":true,"href":"https:\/\/dana.com.br\/canaldana\/wp-json\/wp\/v2\/tags?post=46724"}],"curies":[{"name":"wp","href":"https:\/\/api.w.org\/{rel}","templated":true}]}}