{"id":46638,"date":"2020-12-03T09:14:00","date_gmt":"2020-12-03T12:14:00","guid":{"rendered":"https:\/\/dana.com.br\/canaldana\/?p=46638"},"modified":"2020-12-03T09:14:00","modified_gmt":"2020-12-03T12:14:00","slug":"fenabrave-reafirma-que-oferta-de-carros-esta-aquem-da-demanda","status":"publish","type":"post","link":"https:\/\/dana.com.br\/canaldana\/2020\/12\/03\/fenabrave-reafirma-que-oferta-de-carros-esta-aquem-da-demanda\/","title":{"rendered":"Fenabrave reafirma que oferta de carros est\u00e1 aqu\u00e9m da demanda"},"content":{"rendered":"<p><em>AutoInd\u00fastria<\/em><\/p>\n<p>&nbsp;<\/p>\n<p>Ao divulgar o balan\u00e7o mensal de vendas de ve\u00edculos nesta quarta-feira, 2, a Fenabrave voltou a garantir que o mercado poderia estar melhor n\u00e3o fosse a falta de alguns produtos, principalmente aqueles de maior demanda e os topos de linha.<\/p>\n<p>&nbsp;<\/p>\n<p>\u201cAinda observamos que a produ\u00e7\u00e3o n\u00e3o retornou aos patamares de antes da pandemia, o que continua trazendo problemas na disponibilidade de alguns modelos, principalmente por conta da falta de pe\u00e7as e componentes\u201d, comenta o presidente da entidade, Alarico Assump\u00e7\u00e3o J\u00fanior, que j\u00e1 havia alertado para o problema no m\u00eas anterior.<\/p>\n<p>&nbsp;<\/p>\n<p>A Anfavea, no m\u00eas passado, reconheceu problema de desabastecimento por causa de alguns insumos e mat\u00e9rias-primas, em especial o a\u00e7o, cujo pre\u00e7o subiu mais de 40% este ano.<\/p>\n<p>&nbsp;<\/p>\n<p>O executivo lembrou que novembro teve desempenho recorde no ano, com crescimento de 4,4% no comparativo com outubro no segmento de autom\u00f3veis e comerciais leves, totalizando 214.265 emplacamentos.<\/p>\n<p>&nbsp;<\/p>\n<p>\u201cComo teve menos dias \u00fateis (20) no m\u00eas passado do que no anterior (21) o resultado confirma a trajet\u00f3ria de alta do mercado\u201d, destacou Assump\u00e7\u00e3o Jr. Ele n\u00e3o revelou modelos espec\u00edficos que est\u00e3o faltando no mercado, mas algumas montadoras j\u00e1 admitiram fila de espera para alguns produtos, caso da Fiat Strada e do SUV Tiggo 8, da Caoa Chery.<\/p>\n<p>&nbsp;<\/p>\n<p>No acumulado de janeiro a novembro, esse segmento aponta retra\u00e7\u00e3o de 28,62%, totalizando 1.718.093 unidades, contra as 2.406.917 no mesmo per\u00edodo de 2019. \u201cTemos observado que os clientes, nos \u00faltimos meses, est\u00e3o confiantes na tomada da decis\u00e3o de compra e aproveitaram o momento de cr\u00e9dito dispon\u00edvel e a isen\u00e7\u00e3o do IOF vigente at\u00e9 o final de novembro para adquirir seu carro novo\u201d, refor\u00e7ou o presidente da Fenabrave.<\/p>\n<p>&nbsp;<\/p>\n<p>Na apura\u00e7\u00e3o da entidade, o m\u00eas passado ficou na 10\u00aa coloca\u00e7\u00e3o hist\u00f3rica entre todos os meses de novembro para autom\u00f3veis e comerciais leves, e o acumulado ocupa a 15\u00aa posi\u00e7\u00e3o nesse ranking. (AutoInd\u00fastria)<\/p>\n","protected":false},"excerpt":{"rendered":"<p>AutoInd\u00fastria &nbsp; Ao divulgar o balan\u00e7o mensal de vendas de ve\u00edculos nesta quarta-feira, 2, a Fenabrave voltou a garantir que o mercado poderia estar melhor n\u00e3o fosse a falta de alguns produtos, principalmente aqueles de maior demanda e os topos de linha. &nbsp; \u201cAinda observamos que a produ\u00e7\u00e3o n\u00e3o retornou aos patamares de antes da\u2026 <a class=\"readmore\" href=\"https:\/\/dana.com.br\/canaldana\/2020\/12\/03\/fenabrave-reafirma-que-oferta-de-carros-esta-aquem-da-demanda\/\">Leia mais \u00bb<\/a><\/p>\n","protected":false},"author":3,"featured_media":0,"comment_status":"closed","ping_status":"closed","sticky":false,"template":"","format":"standard","meta":{"_acf_changed":false,"footnotes":""},"categories":[61],"tags":[],"class_list":["post-46638","post","type-post","status-publish","format-standard","hentry","category-destaques"],"acf":[],"yoast_head":"<!-- This site is optimized with the Yoast SEO plugin v27.3 - https:\/\/yoast.com\/product\/yoast-seo-wordpress\/ -->\n<title>Fenabrave reafirma que oferta de carros est\u00e1 aqu\u00e9m da demanda - Canal Dana<\/title>\n<meta name=\"robots\" content=\"index, follow, max-snippet:-1, max-image-preview:large, max-video-preview:-1\" \/>\n<link rel=\"canonical\" href=\"https:\/\/dana.com.br\/canaldana\/2020\/12\/03\/fenabrave-reafirma-que-oferta-de-carros-esta-aquem-da-demanda\/\" \/>\n<meta property=\"og:locale\" content=\"pt_BR\" \/>\n<meta property=\"og:type\" content=\"article\" \/>\n<meta property=\"og:title\" content=\"Fenabrave reafirma que oferta de carros est\u00e1 aqu\u00e9m da demanda - Canal Dana\" \/>\n<meta property=\"og:description\" content=\"AutoInd\u00fastria &nbsp; Ao divulgar o balan\u00e7o mensal de vendas de ve\u00edculos nesta quarta-feira, 2, a Fenabrave voltou a garantir que o mercado poderia estar melhor n\u00e3o fosse a falta de alguns produtos, principalmente aqueles de maior demanda e os topos de linha. &nbsp; \u201cAinda observamos que a produ\u00e7\u00e3o n\u00e3o retornou aos patamares de antes da\u2026 Leia mais \u00bb\" \/>\n<meta property=\"og:url\" content=\"https:\/\/dana.com.br\/canaldana\/2020\/12\/03\/fenabrave-reafirma-que-oferta-de-carros-esta-aquem-da-demanda\/\" \/>\n<meta property=\"og:site_name\" content=\"Canal Dana\" \/>\n<meta property=\"article:published_time\" content=\"2020-12-03T12:14:00+00:00\" \/>\n<meta name=\"author\" content=\"Canal Dana\" \/>\n<meta name=\"twitter:card\" content=\"summary_large_image\" \/>\n<meta name=\"twitter:label1\" content=\"Escrito por\" \/>\n\t<meta name=\"twitter:data1\" content=\"Canal Dana\" \/>\n\t<meta name=\"twitter:label2\" content=\"Est. tempo de leitura\" \/>\n\t<meta name=\"twitter:data2\" content=\"2 minutos\" \/>\n<script type=\"application\/ld+json\" class=\"yoast-schema-graph\">{\"@context\":\"https:\\\/\\\/schema.org\",\"@graph\":[{\"@type\":\"Article\",\"@id\":\"https:\\\/\\\/dana.com.br\\\/canaldana\\\/2020\\\/12\\\/03\\\/fenabrave-reafirma-que-oferta-de-carros-esta-aquem-da-demanda\\\/#article\",\"isPartOf\":{\"@id\":\"https:\\\/\\\/dana.com.br\\\/canaldana\\\/2020\\\/12\\\/03\\\/fenabrave-reafirma-que-oferta-de-carros-esta-aquem-da-demanda\\\/\"},\"author\":{\"name\":\"Canal Dana\",\"@id\":\"https:\\\/\\\/dana.com.br\\\/canaldana\\\/#\\\/schema\\\/person\\\/3c21f22f56fcf3bc46b94bc60ea4fef6\"},\"headline\":\"Fenabrave reafirma que oferta de carros est\u00e1 aqu\u00e9m da demanda\",\"datePublished\":\"2020-12-03T12:14:00+00:00\",\"mainEntityOfPage\":{\"@id\":\"https:\\\/\\\/dana.com.br\\\/canaldana\\\/2020\\\/12\\\/03\\\/fenabrave-reafirma-que-oferta-de-carros-esta-aquem-da-demanda\\\/\"},\"wordCount\":347,\"articleSection\":[\"Destaques\"],\"inLanguage\":\"pt-BR\"},{\"@type\":\"WebPage\",\"@id\":\"https:\\\/\\\/dana.com.br\\\/canaldana\\\/2020\\\/12\\\/03\\\/fenabrave-reafirma-que-oferta-de-carros-esta-aquem-da-demanda\\\/\",\"url\":\"https:\\\/\\\/dana.com.br\\\/canaldana\\\/2020\\\/12\\\/03\\\/fenabrave-reafirma-que-oferta-de-carros-esta-aquem-da-demanda\\\/\",\"name\":\"Fenabrave reafirma que oferta de carros est\u00e1 aqu\u00e9m da demanda - Canal Dana\",\"isPartOf\":{\"@id\":\"https:\\\/\\\/dana.com.br\\\/canaldana\\\/#website\"},\"datePublished\":\"2020-12-03T12:14:00+00:00\",\"author\":{\"@id\":\"https:\\\/\\\/dana.com.br\\\/canaldana\\\/#\\\/schema\\\/person\\\/3c21f22f56fcf3bc46b94bc60ea4fef6\"},\"breadcrumb\":{\"@id\":\"https:\\\/\\\/dana.com.br\\\/canaldana\\\/2020\\\/12\\\/03\\\/fenabrave-reafirma-que-oferta-de-carros-esta-aquem-da-demanda\\\/#breadcrumb\"},\"inLanguage\":\"pt-BR\",\"potentialAction\":[{\"@type\":\"ReadAction\",\"target\":[\"https:\\\/\\\/dana.com.br\\\/canaldana\\\/2020\\\/12\\\/03\\\/fenabrave-reafirma-que-oferta-de-carros-esta-aquem-da-demanda\\\/\"]}]},{\"@type\":\"BreadcrumbList\",\"@id\":\"https:\\\/\\\/dana.com.br\\\/canaldana\\\/2020\\\/12\\\/03\\\/fenabrave-reafirma-que-oferta-de-carros-esta-aquem-da-demanda\\\/#breadcrumb\",\"itemListElement\":[{\"@type\":\"ListItem\",\"position\":1,\"name\":\"Home\",\"item\":\"https:\\\/\\\/dana.com.br\\\/canaldana\\\/\"},{\"@type\":\"ListItem\",\"position\":2,\"name\":\"Destaques\",\"item\":\"https:\\\/\\\/dana.com.br\\\/canaldana\\\/destaques\\\/\"},{\"@type\":\"ListItem\",\"position\":3,\"name\":\"Fenabrave reafirma que oferta de carros est\u00e1 aqu\u00e9m da demanda\"}]},{\"@type\":\"WebSite\",\"@id\":\"https:\\\/\\\/dana.com.br\\\/canaldana\\\/#website\",\"url\":\"https:\\\/\\\/dana.com.br\\\/canaldana\\\/\",\"name\":\"Canal Dana\",\"description\":\"Informativo com as principais not\u00edcias da ind\u00fastria automotiva\",\"potentialAction\":[{\"@type\":\"SearchAction\",\"target\":{\"@type\":\"EntryPoint\",\"urlTemplate\":\"https:\\\/\\\/dana.com.br\\\/canaldana\\\/?s={search_term_string}\"},\"query-input\":{\"@type\":\"PropertyValueSpecification\",\"valueRequired\":true,\"valueName\":\"search_term_string\"}}],\"inLanguage\":\"pt-BR\"},{\"@type\":\"Person\",\"@id\":\"https:\\\/\\\/dana.com.br\\\/canaldana\\\/#\\\/schema\\\/person\\\/3c21f22f56fcf3bc46b94bc60ea4fef6\",\"name\":\"Canal Dana\",\"image\":{\"@type\":\"ImageObject\",\"inLanguage\":\"pt-BR\",\"@id\":\"https:\\\/\\\/secure.gravatar.com\\\/avatar\\\/420aaf9278582877d9018637c6817617705899d2858d7572ef0fe59a6b6454b4?s=96&d=mm&r=g\",\"url\":\"https:\\\/\\\/secure.gravatar.com\\\/avatar\\\/420aaf9278582877d9018637c6817617705899d2858d7572ef0fe59a6b6454b4?s=96&d=mm&r=g\",\"contentUrl\":\"https:\\\/\\\/secure.gravatar.com\\\/avatar\\\/420aaf9278582877d9018637c6817617705899d2858d7572ef0fe59a6b6454b4?s=96&d=mm&r=g\",\"caption\":\"Canal Dana\"},\"url\":\"https:\\\/\\\/dana.com.br\\\/canaldana\\\/author\\\/cdeditor\\\/\"}]}<\/script>\n<!-- \/ Yoast SEO plugin. -->","yoast_head_json":{"title":"Fenabrave reafirma que oferta de carros est\u00e1 aqu\u00e9m da demanda - Canal Dana","robots":{"index":"index","follow":"follow","max-snippet":"max-snippet:-1","max-image-preview":"max-image-preview:large","max-video-preview":"max-video-preview:-1"},"canonical":"https:\/\/dana.com.br\/canaldana\/2020\/12\/03\/fenabrave-reafirma-que-oferta-de-carros-esta-aquem-da-demanda\/","og_locale":"pt_BR","og_type":"article","og_title":"Fenabrave reafirma que oferta de carros est\u00e1 aqu\u00e9m da demanda - Canal Dana","og_description":"AutoInd\u00fastria &nbsp; Ao divulgar o balan\u00e7o mensal de vendas de ve\u00edculos nesta quarta-feira, 2, a Fenabrave voltou a garantir que o mercado poderia estar melhor n\u00e3o fosse a falta de alguns produtos, principalmente aqueles de maior demanda e os topos de linha. &nbsp; \u201cAinda observamos que a produ\u00e7\u00e3o n\u00e3o retornou aos patamares de antes da\u2026 Leia mais \u00bb","og_url":"https:\/\/dana.com.br\/canaldana\/2020\/12\/03\/fenabrave-reafirma-que-oferta-de-carros-esta-aquem-da-demanda\/","og_site_name":"Canal Dana","article_published_time":"2020-12-03T12:14:00+00:00","author":"Canal Dana","twitter_card":"summary_large_image","twitter_misc":{"Escrito por":"Canal Dana","Est. tempo de leitura":"2 minutos"},"schema":{"@context":"https:\/\/schema.org","@graph":[{"@type":"Article","@id":"https:\/\/dana.com.br\/canaldana\/2020\/12\/03\/fenabrave-reafirma-que-oferta-de-carros-esta-aquem-da-demanda\/#article","isPartOf":{"@id":"https:\/\/dana.com.br\/canaldana\/2020\/12\/03\/fenabrave-reafirma-que-oferta-de-carros-esta-aquem-da-demanda\/"},"author":{"name":"Canal Dana","@id":"https:\/\/dana.com.br\/canaldana\/#\/schema\/person\/3c21f22f56fcf3bc46b94bc60ea4fef6"},"headline":"Fenabrave reafirma que oferta de carros est\u00e1 aqu\u00e9m da demanda","datePublished":"2020-12-03T12:14:00+00:00","mainEntityOfPage":{"@id":"https:\/\/dana.com.br\/canaldana\/2020\/12\/03\/fenabrave-reafirma-que-oferta-de-carros-esta-aquem-da-demanda\/"},"wordCount":347,"articleSection":["Destaques"],"inLanguage":"pt-BR"},{"@type":"WebPage","@id":"https:\/\/dana.com.br\/canaldana\/2020\/12\/03\/fenabrave-reafirma-que-oferta-de-carros-esta-aquem-da-demanda\/","url":"https:\/\/dana.com.br\/canaldana\/2020\/12\/03\/fenabrave-reafirma-que-oferta-de-carros-esta-aquem-da-demanda\/","name":"Fenabrave reafirma que oferta de carros est\u00e1 aqu\u00e9m da demanda - Canal Dana","isPartOf":{"@id":"https:\/\/dana.com.br\/canaldana\/#website"},"datePublished":"2020-12-03T12:14:00+00:00","author":{"@id":"https:\/\/dana.com.br\/canaldana\/#\/schema\/person\/3c21f22f56fcf3bc46b94bc60ea4fef6"},"breadcrumb":{"@id":"https:\/\/dana.com.br\/canaldana\/2020\/12\/03\/fenabrave-reafirma-que-oferta-de-carros-esta-aquem-da-demanda\/#breadcrumb"},"inLanguage":"pt-BR","potentialAction":[{"@type":"ReadAction","target":["https:\/\/dana.com.br\/canaldana\/2020\/12\/03\/fenabrave-reafirma-que-oferta-de-carros-esta-aquem-da-demanda\/"]}]},{"@type":"BreadcrumbList","@id":"https:\/\/dana.com.br\/canaldana\/2020\/12\/03\/fenabrave-reafirma-que-oferta-de-carros-esta-aquem-da-demanda\/#breadcrumb","itemListElement":[{"@type":"ListItem","position":1,"name":"Home","item":"https:\/\/dana.com.br\/canaldana\/"},{"@type":"ListItem","position":2,"name":"Destaques","item":"https:\/\/dana.com.br\/canaldana\/destaques\/"},{"@type":"ListItem","position":3,"name":"Fenabrave reafirma que oferta de carros est\u00e1 aqu\u00e9m da demanda"}]},{"@type":"WebSite","@id":"https:\/\/dana.com.br\/canaldana\/#website","url":"https:\/\/dana.com.br\/canaldana\/","name":"Canal Dana","description":"Informativo com as principais not\u00edcias da ind\u00fastria automotiva","potentialAction":[{"@type":"SearchAction","target":{"@type":"EntryPoint","urlTemplate":"https:\/\/dana.com.br\/canaldana\/?s={search_term_string}"},"query-input":{"@type":"PropertyValueSpecification","valueRequired":true,"valueName":"search_term_string"}}],"inLanguage":"pt-BR"},{"@type":"Person","@id":"https:\/\/dana.com.br\/canaldana\/#\/schema\/person\/3c21f22f56fcf3bc46b94bc60ea4fef6","name":"Canal Dana","image":{"@type":"ImageObject","inLanguage":"pt-BR","@id":"https:\/\/secure.gravatar.com\/avatar\/420aaf9278582877d9018637c6817617705899d2858d7572ef0fe59a6b6454b4?s=96&d=mm&r=g","url":"https:\/\/secure.gravatar.com\/avatar\/420aaf9278582877d9018637c6817617705899d2858d7572ef0fe59a6b6454b4?s=96&d=mm&r=g","contentUrl":"https:\/\/secure.gravatar.com\/avatar\/420aaf9278582877d9018637c6817617705899d2858d7572ef0fe59a6b6454b4?s=96&d=mm&r=g","caption":"Canal Dana"},"url":"https:\/\/dana.com.br\/canaldana\/author\/cdeditor\/"}]}},"_links":{"self":[{"href":"https:\/\/dana.com.br\/canaldana\/wp-json\/wp\/v2\/posts\/46638","targetHints":{"allow":["GET"]}}],"collection":[{"href":"https:\/\/dana.com.br\/canaldana\/wp-json\/wp\/v2\/posts"}],"about":[{"href":"https:\/\/dana.com.br\/canaldana\/wp-json\/wp\/v2\/types\/post"}],"author":[{"embeddable":true,"href":"https:\/\/dana.com.br\/canaldana\/wp-json\/wp\/v2\/users\/3"}],"replies":[{"embeddable":true,"href":"https:\/\/dana.com.br\/canaldana\/wp-json\/wp\/v2\/comments?post=46638"}],"version-history":[{"count":0,"href":"https:\/\/dana.com.br\/canaldana\/wp-json\/wp\/v2\/posts\/46638\/revisions"}],"wp:attachment":[{"href":"https:\/\/dana.com.br\/canaldana\/wp-json\/wp\/v2\/media?parent=46638"}],"wp:term":[{"taxonomy":"category","embeddable":true,"href":"https:\/\/dana.com.br\/canaldana\/wp-json\/wp\/v2\/categories?post=46638"},{"taxonomy":"post_tag","embeddable":true,"href":"https:\/\/dana.com.br\/canaldana\/wp-json\/wp\/v2\/tags?post=46638"}],"curies":[{"name":"wp","href":"https:\/\/api.w.org\/{rel}","templated":true}]}}