{"id":46613,"date":"2020-12-02T08:21:57","date_gmt":"2020-12-02T11:21:57","guid":{"rendered":"https:\/\/dana.com.br\/canaldana\/?p=46613"},"modified":"2020-12-02T08:21:57","modified_gmt":"2020-12-02T11:21:57","slug":"etanol-em-carro-eletrico-une-montadoras-e-usinas","status":"publish","type":"post","link":"https:\/\/dana.com.br\/canaldana\/2020\/12\/02\/etanol-em-carro-eletrico-une-montadoras-e-usinas\/","title":{"rendered":"Etanol em carro el\u00e9trico une montadoras e usinas"},"content":{"rendered":"<p><em>O Estado de S. Paulo <\/em><\/p>\n<p>&nbsp;<\/p>\n<p>Uma frente formada por montadoras de ve\u00edculos e usinas de \u00e1lcool iniciou discuss\u00f5es com governo federal sobre um projeto para colocar o etanol como uma das solu\u00e7\u00f5es globais para mover carros el\u00e9tricos sem gerar poluentes. A ideia do grupo \u00e9 acelerar pesquisas e desenvolvimento para uso do etanol em carros h\u00edbridos e tamb\u00e9m movidos a c\u00e9lula de combust\u00edvel, por meio da retirada do seu hidrog\u00eanio para movimentar o motor el\u00e9trico. Os dois setores dizem estar dispostos a investir na empreitada.<\/p>\n<p>&nbsp;<\/p>\n<p>Para o Brasil, algumas das vantagens seriam o uso de um combust\u00edvel farto no Pa\u00eds, a preserva\u00e7\u00e3o da infraestrutura de postos de distribui\u00e7\u00e3o e a n\u00e3o necessidade de postos de recarga, pois, no caso da c\u00e9lula de combust\u00edvel, a energia seria gerada dentro do pr\u00f3prio carro com uma pegada de carbono muito baixa. Al\u00e9m disso, as energias hidrel\u00e9trica, e\u00f3lica e solar ficariam para o abastecimento industrial e residencial.<\/p>\n<p>&nbsp;<\/p>\n<p>S\u00f3 para desmobilizar toda a infraestrutura de abastecimento de l\u00edquidos e transformar em fornecimento de energia el\u00e9trica seriam gastos cerca de R$ 1,5 trilh\u00e3o, segundo estudos da Empresa de Pesquisa Energ\u00e9tica (EPE). J\u00e1 h\u00e1 pa\u00edses interessados no projeto brasileiro, entre os quais \u00cdndia, Indon\u00e9sia, Tail\u00e2ndia e \u00c1frica do Sul, segundo o presidente da Uni\u00e3o da Ind\u00fastria de Cana de A\u00e7\u00facar (Unica), Evandro Gussi.<\/p>\n<p>&nbsp;<\/p>\n<p>A sugest\u00e3o de formar essa frente partiu do presidente da Volkswagen Am\u00e9rica do Sul e Brasil, Pablo Di Si, para quem a nova tecnologia \u201cpoderia dar ao Brasil outra dimens\u00e3o a n\u00edvel global\u201d para o projeto de eletrifica\u00e7\u00e3o veicular. A proposta j\u00e1 teve<\/p>\n<p>&nbsp;<\/p>\n<p><strong>Desempenho<\/strong><\/p>\n<p>&nbsp;<\/p>\n<p>De acordo com Evandro Gussi, presidente da Unica, estudos mostram que um ve\u00edculo rodando a etanol tem emiss\u00f5es menores do que o melhor el\u00e9trico rodando na Europa hoje a ades\u00e3o das 150 associadas da Unica e de algumas montadoras, mas a ideia \u00e9 que a Associa\u00e7\u00e3o Nacional dos Fabricantes de Ve\u00edculos Automotores (Anfavea) assuma o tema.<\/p>\n<p>&nbsp;<\/p>\n<p>T\u00e9cnicos dos minist\u00e9rios da Agricultura, Infraestrutura e Minas e Energia que ouviram a proposta demonstraram interesse, informa Di Si. Para desenvolver o projeto, o executivo tem apoio do presidente mundial da Volkswagen, Herbert Diess. Em recente entrevista, ele disse que \u201co etanol \u00e9 adequado para a etapa intermedi\u00e1ria de um acionamento totalmente el\u00e9trico\u201d e que \u201cexiste uma ind\u00fastria no Brasil para isso\u201d.<\/p>\n<p>&nbsp;<\/p>\n<p>No caso da Europa, afirma Diess, n\u00e3o h\u00e1 suporte pol\u00edtico para biocombust\u00edveis. V\u00e1rios governos da regi\u00e3o incentivam a compra de carros el\u00e9tricos com subs\u00eddios, mas, conforme lembra Gussi, h\u00e1 locais em que o fornecimento da energia vem de fontes f\u00f3sseis. \u201cO carro n\u00e3o emite poluentes, mas a eletricidade que ele usa vem de uma usina a diesel ou carv\u00e3o\u201d, diz.<\/p>\n<p>&nbsp;<\/p>\n<p>Segundo Di Si, al\u00e9m de montadoras, usinas e governo, o projeto vai envolver diversas universidades para o desenvolvimento da tecnologia que permita ao etanol ser mais uma alternativa para abastecer carros el\u00e9tricos. \u201cJ\u00e1 se consegue captar energia do sol e do vento, por que n\u00e3o fazer o mesmo com o etanol?\u201d, questiona o executivo, para quem o Brasil poder\u00e1 inclusive exportar conhecimento e inova\u00e7\u00e3o.<\/p>\n<p>&nbsp;<\/p>\n<p><strong>Efeito pandemia<\/strong><\/p>\n<p>&nbsp;<\/p>\n<p>A nova investida de colocar o etanol como um dos protagonistas do \u201ccombust\u00edvel verde\u201d ocorre num momento em que todo o mundo discute formas de reduzir emiss\u00f5es. \u201cCom todas as tormentas da pandemia da covid-19, uma das coisas que ficaram de p\u00e9 foi a demanda por uma mobilidade sustent\u00e1vel\u201d, ressalta Gussi.<\/p>\n<p>&nbsp;<\/p>\n<p>\u201cTer\u00edamos uma fonte energ\u00e9tica de baix\u00edssima pegada de carbono aliada \u00e0 eletrifica\u00e7\u00e3o, que traz ainda mais efici\u00eancia para o processo\u201d, refor\u00e7a o presidente da Unica. Ele lembra que o Brasil j\u00e1 tem experi\u00eancias e cita os casos da Toyota, fabricante no Brasil do Corolla h\u00edbrido flex, que permite o uso de gasolina ou etanol para gerar a energia da bateria; estudos da Nissan para uso do etanol de segunda gera\u00e7\u00e3o como fonte de energia de ve\u00edculos a c\u00e9lula de combust\u00edvel; e o projeto da Fiat de um motor s\u00f3 a etanol, que vai reduzir a diferen\u00e7a de consumo do combust\u00edvel da cana de a\u00e7\u00facar, hoje 30% maior que o da gasolina.<\/p>\n<p>&nbsp;<\/p>\n<p>Procurada, a Anfavea informa que o tema ainda est\u00e1 sendo debatido dentro da segunda fase do programa Rota 2030 (que estabelece metas para efici\u00eancia energ\u00e9tica) e ainda n\u00e3o h\u00e1 um alinhamento das empresas. (O Estado de S. Paulo\/Cleide Silva)<\/p>\n","protected":false},"excerpt":{"rendered":"<p>O Estado de S. Paulo &nbsp; Uma frente formada por montadoras de ve\u00edculos e usinas de \u00e1lcool iniciou discuss\u00f5es com governo federal sobre um projeto para colocar o etanol como uma das solu\u00e7\u00f5es globais para mover carros el\u00e9tricos sem gerar poluentes. A ideia do grupo \u00e9 acelerar pesquisas e desenvolvimento para uso do etanol em\u2026 <a class=\"readmore\" href=\"https:\/\/dana.com.br\/canaldana\/2020\/12\/02\/etanol-em-carro-eletrico-une-montadoras-e-usinas\/\">Leia mais \u00bb<\/a><\/p>\n","protected":false},"author":3,"featured_media":0,"comment_status":"closed","ping_status":"closed","sticky":false,"template":"","format":"standard","meta":{"_acf_changed":false,"footnotes":""},"categories":[61],"tags":[],"class_list":["post-46613","post","type-post","status-publish","format-standard","hentry","category-destaques"],"acf":[],"yoast_head":"<!-- This site is optimized with the Yoast SEO plugin v27.5 - https:\/\/yoast.com\/product\/yoast-seo-wordpress\/ -->\n<title>Etanol em carro el\u00e9trico une montadoras e usinas - Canal Dana<\/title>\n<meta name=\"robots\" content=\"index, follow, max-snippet:-1, max-image-preview:large, max-video-preview:-1\" \/>\n<link rel=\"canonical\" href=\"https:\/\/dana.com.br\/canaldana\/2020\/12\/02\/etanol-em-carro-eletrico-une-montadoras-e-usinas\/\" \/>\n<meta property=\"og:locale\" content=\"pt_BR\" \/>\n<meta property=\"og:type\" content=\"article\" \/>\n<meta property=\"og:title\" content=\"Etanol em carro el\u00e9trico une montadoras e usinas - Canal Dana\" \/>\n<meta property=\"og:description\" content=\"O Estado de S. Paulo &nbsp; Uma frente formada por montadoras de ve\u00edculos e usinas de \u00e1lcool iniciou discuss\u00f5es com governo federal sobre um projeto para colocar o etanol como uma das solu\u00e7\u00f5es globais para mover carros el\u00e9tricos sem gerar poluentes. A ideia do grupo \u00e9 acelerar pesquisas e desenvolvimento para uso do etanol em\u2026 Leia mais \u00bb\" \/>\n<meta property=\"og:url\" content=\"https:\/\/dana.com.br\/canaldana\/2020\/12\/02\/etanol-em-carro-eletrico-une-montadoras-e-usinas\/\" \/>\n<meta property=\"og:site_name\" content=\"Canal Dana\" \/>\n<meta property=\"article:published_time\" content=\"2020-12-02T11:21:57+00:00\" \/>\n<meta name=\"author\" content=\"Canal Dana\" \/>\n<meta name=\"twitter:card\" content=\"summary_large_image\" \/>\n<meta name=\"twitter:label1\" content=\"Escrito por\" \/>\n\t<meta name=\"twitter:data1\" content=\"Canal Dana\" \/>\n\t<meta name=\"twitter:label2\" content=\"Est. tempo de leitura\" \/>\n\t<meta name=\"twitter:data2\" content=\"4 minutos\" \/>\n<script type=\"application\/ld+json\" class=\"yoast-schema-graph\">{\"@context\":\"https:\\\/\\\/schema.org\",\"@graph\":[{\"@type\":\"Article\",\"@id\":\"https:\\\/\\\/dana.com.br\\\/canaldana\\\/2020\\\/12\\\/02\\\/etanol-em-carro-eletrico-une-montadoras-e-usinas\\\/#article\",\"isPartOf\":{\"@id\":\"https:\\\/\\\/dana.com.br\\\/canaldana\\\/2020\\\/12\\\/02\\\/etanol-em-carro-eletrico-une-montadoras-e-usinas\\\/\"},\"author\":{\"name\":\"Canal Dana\",\"@id\":\"https:\\\/\\\/dana.com.br\\\/canaldana\\\/#\\\/schema\\\/person\\\/3c21f22f56fcf3bc46b94bc60ea4fef6\"},\"headline\":\"Etanol em carro el\u00e9trico une montadoras e usinas\",\"datePublished\":\"2020-12-02T11:21:57+00:00\",\"mainEntityOfPage\":{\"@id\":\"https:\\\/\\\/dana.com.br\\\/canaldana\\\/2020\\\/12\\\/02\\\/etanol-em-carro-eletrico-une-montadoras-e-usinas\\\/\"},\"wordCount\":802,\"articleSection\":[\"Destaques\"],\"inLanguage\":\"pt-BR\"},{\"@type\":\"WebPage\",\"@id\":\"https:\\\/\\\/dana.com.br\\\/canaldana\\\/2020\\\/12\\\/02\\\/etanol-em-carro-eletrico-une-montadoras-e-usinas\\\/\",\"url\":\"https:\\\/\\\/dana.com.br\\\/canaldana\\\/2020\\\/12\\\/02\\\/etanol-em-carro-eletrico-une-montadoras-e-usinas\\\/\",\"name\":\"Etanol em carro el\u00e9trico une montadoras e usinas - Canal Dana\",\"isPartOf\":{\"@id\":\"https:\\\/\\\/dana.com.br\\\/canaldana\\\/#website\"},\"datePublished\":\"2020-12-02T11:21:57+00:00\",\"author\":{\"@id\":\"https:\\\/\\\/dana.com.br\\\/canaldana\\\/#\\\/schema\\\/person\\\/3c21f22f56fcf3bc46b94bc60ea4fef6\"},\"breadcrumb\":{\"@id\":\"https:\\\/\\\/dana.com.br\\\/canaldana\\\/2020\\\/12\\\/02\\\/etanol-em-carro-eletrico-une-montadoras-e-usinas\\\/#breadcrumb\"},\"inLanguage\":\"pt-BR\",\"potentialAction\":[{\"@type\":\"ReadAction\",\"target\":[\"https:\\\/\\\/dana.com.br\\\/canaldana\\\/2020\\\/12\\\/02\\\/etanol-em-carro-eletrico-une-montadoras-e-usinas\\\/\"]}]},{\"@type\":\"BreadcrumbList\",\"@id\":\"https:\\\/\\\/dana.com.br\\\/canaldana\\\/2020\\\/12\\\/02\\\/etanol-em-carro-eletrico-une-montadoras-e-usinas\\\/#breadcrumb\",\"itemListElement\":[{\"@type\":\"ListItem\",\"position\":1,\"name\":\"Home\",\"item\":\"https:\\\/\\\/dana.com.br\\\/canaldana\\\/\"},{\"@type\":\"ListItem\",\"position\":2,\"name\":\"Destaques\",\"item\":\"https:\\\/\\\/dana.com.br\\\/canaldana\\\/destaques\\\/\"},{\"@type\":\"ListItem\",\"position\":3,\"name\":\"Etanol em carro el\u00e9trico une montadoras e usinas\"}]},{\"@type\":\"WebSite\",\"@id\":\"https:\\\/\\\/dana.com.br\\\/canaldana\\\/#website\",\"url\":\"https:\\\/\\\/dana.com.br\\\/canaldana\\\/\",\"name\":\"Canal Dana\",\"description\":\"Informativo com as principais not\u00edcias da ind\u00fastria automotiva\",\"potentialAction\":[{\"@type\":\"SearchAction\",\"target\":{\"@type\":\"EntryPoint\",\"urlTemplate\":\"https:\\\/\\\/dana.com.br\\\/canaldana\\\/?s={search_term_string}\"},\"query-input\":{\"@type\":\"PropertyValueSpecification\",\"valueRequired\":true,\"valueName\":\"search_term_string\"}}],\"inLanguage\":\"pt-BR\"},{\"@type\":\"Person\",\"@id\":\"https:\\\/\\\/dana.com.br\\\/canaldana\\\/#\\\/schema\\\/person\\\/3c21f22f56fcf3bc46b94bc60ea4fef6\",\"name\":\"Canal Dana\",\"image\":{\"@type\":\"ImageObject\",\"inLanguage\":\"pt-BR\",\"@id\":\"https:\\\/\\\/secure.gravatar.com\\\/avatar\\\/420aaf9278582877d9018637c6817617705899d2858d7572ef0fe59a6b6454b4?s=96&d=mm&r=g\",\"url\":\"https:\\\/\\\/secure.gravatar.com\\\/avatar\\\/420aaf9278582877d9018637c6817617705899d2858d7572ef0fe59a6b6454b4?s=96&d=mm&r=g\",\"contentUrl\":\"https:\\\/\\\/secure.gravatar.com\\\/avatar\\\/420aaf9278582877d9018637c6817617705899d2858d7572ef0fe59a6b6454b4?s=96&d=mm&r=g\",\"caption\":\"Canal Dana\"},\"url\":\"https:\\\/\\\/dana.com.br\\\/canaldana\\\/author\\\/cdeditor\\\/\"}]}<\/script>\n<!-- \/ Yoast SEO plugin. -->","yoast_head_json":{"title":"Etanol em carro el\u00e9trico une montadoras e usinas - Canal Dana","robots":{"index":"index","follow":"follow","max-snippet":"max-snippet:-1","max-image-preview":"max-image-preview:large","max-video-preview":"max-video-preview:-1"},"canonical":"https:\/\/dana.com.br\/canaldana\/2020\/12\/02\/etanol-em-carro-eletrico-une-montadoras-e-usinas\/","og_locale":"pt_BR","og_type":"article","og_title":"Etanol em carro el\u00e9trico une montadoras e usinas - Canal Dana","og_description":"O Estado de S. Paulo &nbsp; Uma frente formada por montadoras de ve\u00edculos e usinas de \u00e1lcool iniciou discuss\u00f5es com governo federal sobre um projeto para colocar o etanol como uma das solu\u00e7\u00f5es globais para mover carros el\u00e9tricos sem gerar poluentes. A ideia do grupo \u00e9 acelerar pesquisas e desenvolvimento para uso do etanol em\u2026 Leia mais \u00bb","og_url":"https:\/\/dana.com.br\/canaldana\/2020\/12\/02\/etanol-em-carro-eletrico-une-montadoras-e-usinas\/","og_site_name":"Canal Dana","article_published_time":"2020-12-02T11:21:57+00:00","author":"Canal Dana","twitter_card":"summary_large_image","twitter_misc":{"Escrito por":"Canal Dana","Est. tempo de leitura":"4 minutos"},"schema":{"@context":"https:\/\/schema.org","@graph":[{"@type":"Article","@id":"https:\/\/dana.com.br\/canaldana\/2020\/12\/02\/etanol-em-carro-eletrico-une-montadoras-e-usinas\/#article","isPartOf":{"@id":"https:\/\/dana.com.br\/canaldana\/2020\/12\/02\/etanol-em-carro-eletrico-une-montadoras-e-usinas\/"},"author":{"name":"Canal Dana","@id":"https:\/\/dana.com.br\/canaldana\/#\/schema\/person\/3c21f22f56fcf3bc46b94bc60ea4fef6"},"headline":"Etanol em carro el\u00e9trico une montadoras e usinas","datePublished":"2020-12-02T11:21:57+00:00","mainEntityOfPage":{"@id":"https:\/\/dana.com.br\/canaldana\/2020\/12\/02\/etanol-em-carro-eletrico-une-montadoras-e-usinas\/"},"wordCount":802,"articleSection":["Destaques"],"inLanguage":"pt-BR"},{"@type":"WebPage","@id":"https:\/\/dana.com.br\/canaldana\/2020\/12\/02\/etanol-em-carro-eletrico-une-montadoras-e-usinas\/","url":"https:\/\/dana.com.br\/canaldana\/2020\/12\/02\/etanol-em-carro-eletrico-une-montadoras-e-usinas\/","name":"Etanol em carro el\u00e9trico une montadoras e usinas - Canal Dana","isPartOf":{"@id":"https:\/\/dana.com.br\/canaldana\/#website"},"datePublished":"2020-12-02T11:21:57+00:00","author":{"@id":"https:\/\/dana.com.br\/canaldana\/#\/schema\/person\/3c21f22f56fcf3bc46b94bc60ea4fef6"},"breadcrumb":{"@id":"https:\/\/dana.com.br\/canaldana\/2020\/12\/02\/etanol-em-carro-eletrico-une-montadoras-e-usinas\/#breadcrumb"},"inLanguage":"pt-BR","potentialAction":[{"@type":"ReadAction","target":["https:\/\/dana.com.br\/canaldana\/2020\/12\/02\/etanol-em-carro-eletrico-une-montadoras-e-usinas\/"]}]},{"@type":"BreadcrumbList","@id":"https:\/\/dana.com.br\/canaldana\/2020\/12\/02\/etanol-em-carro-eletrico-une-montadoras-e-usinas\/#breadcrumb","itemListElement":[{"@type":"ListItem","position":1,"name":"Home","item":"https:\/\/dana.com.br\/canaldana\/"},{"@type":"ListItem","position":2,"name":"Destaques","item":"https:\/\/dana.com.br\/canaldana\/destaques\/"},{"@type":"ListItem","position":3,"name":"Etanol em carro el\u00e9trico une montadoras e usinas"}]},{"@type":"WebSite","@id":"https:\/\/dana.com.br\/canaldana\/#website","url":"https:\/\/dana.com.br\/canaldana\/","name":"Canal Dana","description":"Informativo com as principais not\u00edcias da ind\u00fastria automotiva","potentialAction":[{"@type":"SearchAction","target":{"@type":"EntryPoint","urlTemplate":"https:\/\/dana.com.br\/canaldana\/?s={search_term_string}"},"query-input":{"@type":"PropertyValueSpecification","valueRequired":true,"valueName":"search_term_string"}}],"inLanguage":"pt-BR"},{"@type":"Person","@id":"https:\/\/dana.com.br\/canaldana\/#\/schema\/person\/3c21f22f56fcf3bc46b94bc60ea4fef6","name":"Canal Dana","image":{"@type":"ImageObject","inLanguage":"pt-BR","@id":"https:\/\/secure.gravatar.com\/avatar\/420aaf9278582877d9018637c6817617705899d2858d7572ef0fe59a6b6454b4?s=96&d=mm&r=g","url":"https:\/\/secure.gravatar.com\/avatar\/420aaf9278582877d9018637c6817617705899d2858d7572ef0fe59a6b6454b4?s=96&d=mm&r=g","contentUrl":"https:\/\/secure.gravatar.com\/avatar\/420aaf9278582877d9018637c6817617705899d2858d7572ef0fe59a6b6454b4?s=96&d=mm&r=g","caption":"Canal Dana"},"url":"https:\/\/dana.com.br\/canaldana\/author\/cdeditor\/"}]}},"_links":{"self":[{"href":"https:\/\/dana.com.br\/canaldana\/wp-json\/wp\/v2\/posts\/46613","targetHints":{"allow":["GET"]}}],"collection":[{"href":"https:\/\/dana.com.br\/canaldana\/wp-json\/wp\/v2\/posts"}],"about":[{"href":"https:\/\/dana.com.br\/canaldana\/wp-json\/wp\/v2\/types\/post"}],"author":[{"embeddable":true,"href":"https:\/\/dana.com.br\/canaldana\/wp-json\/wp\/v2\/users\/3"}],"replies":[{"embeddable":true,"href":"https:\/\/dana.com.br\/canaldana\/wp-json\/wp\/v2\/comments?post=46613"}],"version-history":[{"count":0,"href":"https:\/\/dana.com.br\/canaldana\/wp-json\/wp\/v2\/posts\/46613\/revisions"}],"wp:attachment":[{"href":"https:\/\/dana.com.br\/canaldana\/wp-json\/wp\/v2\/media?parent=46613"}],"wp:term":[{"taxonomy":"category","embeddable":true,"href":"https:\/\/dana.com.br\/canaldana\/wp-json\/wp\/v2\/categories?post=46613"},{"taxonomy":"post_tag","embeddable":true,"href":"https:\/\/dana.com.br\/canaldana\/wp-json\/wp\/v2\/tags?post=46613"}],"curies":[{"name":"wp","href":"https:\/\/api.w.org\/{rel}","templated":true}]}}