{"id":46607,"date":"2020-12-02T08:20:03","date_gmt":"2020-12-02T11:20:03","guid":{"rendered":"https:\/\/dana.com.br\/canaldana\/?p=46607"},"modified":"2020-12-02T08:20:03","modified_gmt":"2020-12-02T11:20:03","slug":"pedagios-das-rodovias-paulistas-ficam-mais-caros-nesta-terca-feira","status":"publish","type":"post","link":"https:\/\/dana.com.br\/canaldana\/2020\/12\/02\/pedagios-das-rodovias-paulistas-ficam-mais-caros-nesta-terca-feira\/","title":{"rendered":"Ped\u00e1gios das rodovias paulistas ficam mais caros nesta ter\u00e7a-feira"},"content":{"rendered":"<p><em>Frota &amp; Cia<\/em><\/p>\n<p>&nbsp;<\/p>\n<p>A partir da meia-noite de ter\u00e7a-feira, dia 1\/12, entrou em vigor o reajuste contratual anual das tarifas de ped\u00e1gio das rodovias concedidas estaduais paulistas. Assim, os valores foram publicados no Di\u00e1rio Oficial do Estado desta sexta-feira (20). A atualiza\u00e7\u00e3o da tarifa segue os crit\u00e9rios contratuais, com a corre\u00e7\u00e3o de infla\u00e7\u00e3o pelo indicador econ\u00f4mico IPCA acumulado entre julho\/2019 e junho\/2020.<\/p>\n<p>&nbsp;<\/p>\n<p>O reajuste deveria ter entrado em vigor em 1\u00ba de julho, conforme estabelecido em contrato de concess\u00e3o v\u00e1lido para as rodovias das tr\u00eas primeiras etapas do Programa de Concess\u00f5es Rodovi\u00e1rias do Estado de S\u00e3o Paulo. No entanto, foi postergado em raz\u00e3o da pandemia da Covid-19. Al\u00e9m disso, o adiamento contemplou as pra\u00e7as de ped\u00e1gio da concession\u00e1ria Entrevias, que teria atualiza\u00e7\u00e3o em 06 de julho.<\/p>\n<p>&nbsp;<\/p>\n<p>J\u00e1 o reajuste de tarifa das pra\u00e7as de ped\u00e1gio da concession\u00e1ria ViaPaulista, que administra 720 quil\u00f4metros das Rodovias dos Cal\u00e7ados, ligando as regi\u00f5es nordeste e sudoeste do Estado de S\u00e3o Paulo, entra em vigor \u00e0 meia-noite desta segunda-feira, 23 de novembro, conforme estabelecido em contrato de concess\u00e3o. As tarifas ser\u00e3o reajustadas em 3,17%, com base na evolu\u00e7\u00e3o do IPCA, entre setembro\/2019 e setembro\/2020. (Frota &amp; Cia\/Andr\u00e9 Garcia)<\/p>\n","protected":false},"excerpt":{"rendered":"<p>Frota &amp; Cia &nbsp; A partir da meia-noite de ter\u00e7a-feira, dia 1\/12, entrou em vigor o reajuste contratual anual das tarifas de ped\u00e1gio das rodovias concedidas estaduais paulistas. Assim, os valores foram publicados no Di\u00e1rio Oficial do Estado desta sexta-feira (20). A atualiza\u00e7\u00e3o da tarifa segue os crit\u00e9rios contratuais, com a corre\u00e7\u00e3o de infla\u00e7\u00e3o pelo\u2026 <a class=\"readmore\" href=\"https:\/\/dana.com.br\/canaldana\/2020\/12\/02\/pedagios-das-rodovias-paulistas-ficam-mais-caros-nesta-terca-feira\/\">Leia mais \u00bb<\/a><\/p>\n","protected":false},"author":3,"featured_media":0,"comment_status":"closed","ping_status":"closed","sticky":false,"template":"","format":"standard","meta":{"_acf_changed":false,"footnotes":""},"categories":[79],"tags":[],"class_list":["post-46607","post","type-post","status-publish","format-standard","hentry","category-mercado"],"acf":[],"yoast_head":"<!-- This site is optimized with the Yoast SEO plugin v27.5 - https:\/\/yoast.com\/product\/yoast-seo-wordpress\/ -->\n<title>Ped\u00e1gios das rodovias paulistas ficam mais caros nesta ter\u00e7a-feira - Canal Dana<\/title>\n<meta name=\"robots\" content=\"index, follow, max-snippet:-1, max-image-preview:large, max-video-preview:-1\" \/>\n<link rel=\"canonical\" href=\"https:\/\/dana.com.br\/canaldana\/2020\/12\/02\/pedagios-das-rodovias-paulistas-ficam-mais-caros-nesta-terca-feira\/\" \/>\n<meta property=\"og:locale\" content=\"pt_BR\" \/>\n<meta property=\"og:type\" content=\"article\" \/>\n<meta property=\"og:title\" content=\"Ped\u00e1gios das rodovias paulistas ficam mais caros nesta ter\u00e7a-feira - Canal Dana\" \/>\n<meta property=\"og:description\" content=\"Frota &amp; Cia &nbsp; A partir da meia-noite de ter\u00e7a-feira, dia 1\/12, entrou em vigor o reajuste contratual anual das tarifas de ped\u00e1gio das rodovias concedidas estaduais paulistas. Assim, os valores foram publicados no Di\u00e1rio Oficial do Estado desta sexta-feira (20). A atualiza\u00e7\u00e3o da tarifa segue os crit\u00e9rios contratuais, com a corre\u00e7\u00e3o de infla\u00e7\u00e3o pelo\u2026 Leia mais \u00bb\" \/>\n<meta property=\"og:url\" content=\"https:\/\/dana.com.br\/canaldana\/2020\/12\/02\/pedagios-das-rodovias-paulistas-ficam-mais-caros-nesta-terca-feira\/\" \/>\n<meta property=\"og:site_name\" content=\"Canal Dana\" \/>\n<meta property=\"article:published_time\" content=\"2020-12-02T11:20:03+00:00\" \/>\n<meta name=\"author\" content=\"Canal Dana\" \/>\n<meta name=\"twitter:card\" content=\"summary_large_image\" \/>\n<meta name=\"twitter:label1\" content=\"Escrito por\" \/>\n\t<meta name=\"twitter:data1\" content=\"Canal Dana\" \/>\n\t<meta name=\"twitter:label2\" content=\"Est. tempo de leitura\" \/>\n\t<meta name=\"twitter:data2\" content=\"1 minuto\" \/>\n<script type=\"application\/ld+json\" class=\"yoast-schema-graph\">{\"@context\":\"https:\\\/\\\/schema.org\",\"@graph\":[{\"@type\":\"Article\",\"@id\":\"https:\\\/\\\/dana.com.br\\\/canaldana\\\/2020\\\/12\\\/02\\\/pedagios-das-rodovias-paulistas-ficam-mais-caros-nesta-terca-feira\\\/#article\",\"isPartOf\":{\"@id\":\"https:\\\/\\\/dana.com.br\\\/canaldana\\\/2020\\\/12\\\/02\\\/pedagios-das-rodovias-paulistas-ficam-mais-caros-nesta-terca-feira\\\/\"},\"author\":{\"name\":\"Canal Dana\",\"@id\":\"https:\\\/\\\/dana.com.br\\\/canaldana\\\/#\\\/schema\\\/person\\\/3c21f22f56fcf3bc46b94bc60ea4fef6\"},\"headline\":\"Ped\u00e1gios das rodovias paulistas ficam mais caros nesta ter\u00e7a-feira\",\"datePublished\":\"2020-12-02T11:20:03+00:00\",\"mainEntityOfPage\":{\"@id\":\"https:\\\/\\\/dana.com.br\\\/canaldana\\\/2020\\\/12\\\/02\\\/pedagios-das-rodovias-paulistas-ficam-mais-caros-nesta-terca-feira\\\/\"},\"wordCount\":230,\"articleSection\":[\"Mercado\"],\"inLanguage\":\"pt-BR\"},{\"@type\":\"WebPage\",\"@id\":\"https:\\\/\\\/dana.com.br\\\/canaldana\\\/2020\\\/12\\\/02\\\/pedagios-das-rodovias-paulistas-ficam-mais-caros-nesta-terca-feira\\\/\",\"url\":\"https:\\\/\\\/dana.com.br\\\/canaldana\\\/2020\\\/12\\\/02\\\/pedagios-das-rodovias-paulistas-ficam-mais-caros-nesta-terca-feira\\\/\",\"name\":\"Ped\u00e1gios das rodovias paulistas ficam mais caros nesta ter\u00e7a-feira - Canal Dana\",\"isPartOf\":{\"@id\":\"https:\\\/\\\/dana.com.br\\\/canaldana\\\/#website\"},\"datePublished\":\"2020-12-02T11:20:03+00:00\",\"author\":{\"@id\":\"https:\\\/\\\/dana.com.br\\\/canaldana\\\/#\\\/schema\\\/person\\\/3c21f22f56fcf3bc46b94bc60ea4fef6\"},\"breadcrumb\":{\"@id\":\"https:\\\/\\\/dana.com.br\\\/canaldana\\\/2020\\\/12\\\/02\\\/pedagios-das-rodovias-paulistas-ficam-mais-caros-nesta-terca-feira\\\/#breadcrumb\"},\"inLanguage\":\"pt-BR\",\"potentialAction\":[{\"@type\":\"ReadAction\",\"target\":[\"https:\\\/\\\/dana.com.br\\\/canaldana\\\/2020\\\/12\\\/02\\\/pedagios-das-rodovias-paulistas-ficam-mais-caros-nesta-terca-feira\\\/\"]}]},{\"@type\":\"BreadcrumbList\",\"@id\":\"https:\\\/\\\/dana.com.br\\\/canaldana\\\/2020\\\/12\\\/02\\\/pedagios-das-rodovias-paulistas-ficam-mais-caros-nesta-terca-feira\\\/#breadcrumb\",\"itemListElement\":[{\"@type\":\"ListItem\",\"position\":1,\"name\":\"Home\",\"item\":\"https:\\\/\\\/dana.com.br\\\/canaldana\\\/\"},{\"@type\":\"ListItem\",\"position\":2,\"name\":\"Mercado\",\"item\":\"https:\\\/\\\/dana.com.br\\\/canaldana\\\/mercado\\\/\"},{\"@type\":\"ListItem\",\"position\":3,\"name\":\"Ped\u00e1gios das rodovias paulistas ficam mais caros nesta ter\u00e7a-feira\"}]},{\"@type\":\"WebSite\",\"@id\":\"https:\\\/\\\/dana.com.br\\\/canaldana\\\/#website\",\"url\":\"https:\\\/\\\/dana.com.br\\\/canaldana\\\/\",\"name\":\"Canal Dana\",\"description\":\"Informativo com as principais not\u00edcias da ind\u00fastria automotiva\",\"potentialAction\":[{\"@type\":\"SearchAction\",\"target\":{\"@type\":\"EntryPoint\",\"urlTemplate\":\"https:\\\/\\\/dana.com.br\\\/canaldana\\\/?s={search_term_string}\"},\"query-input\":{\"@type\":\"PropertyValueSpecification\",\"valueRequired\":true,\"valueName\":\"search_term_string\"}}],\"inLanguage\":\"pt-BR\"},{\"@type\":\"Person\",\"@id\":\"https:\\\/\\\/dana.com.br\\\/canaldana\\\/#\\\/schema\\\/person\\\/3c21f22f56fcf3bc46b94bc60ea4fef6\",\"name\":\"Canal Dana\",\"image\":{\"@type\":\"ImageObject\",\"inLanguage\":\"pt-BR\",\"@id\":\"https:\\\/\\\/secure.gravatar.com\\\/avatar\\\/420aaf9278582877d9018637c6817617705899d2858d7572ef0fe59a6b6454b4?s=96&d=mm&r=g\",\"url\":\"https:\\\/\\\/secure.gravatar.com\\\/avatar\\\/420aaf9278582877d9018637c6817617705899d2858d7572ef0fe59a6b6454b4?s=96&d=mm&r=g\",\"contentUrl\":\"https:\\\/\\\/secure.gravatar.com\\\/avatar\\\/420aaf9278582877d9018637c6817617705899d2858d7572ef0fe59a6b6454b4?s=96&d=mm&r=g\",\"caption\":\"Canal Dana\"},\"url\":\"https:\\\/\\\/dana.com.br\\\/canaldana\\\/author\\\/cdeditor\\\/\"}]}<\/script>\n<!-- \/ Yoast SEO plugin. -->","yoast_head_json":{"title":"Ped\u00e1gios das rodovias paulistas ficam mais caros nesta ter\u00e7a-feira - Canal Dana","robots":{"index":"index","follow":"follow","max-snippet":"max-snippet:-1","max-image-preview":"max-image-preview:large","max-video-preview":"max-video-preview:-1"},"canonical":"https:\/\/dana.com.br\/canaldana\/2020\/12\/02\/pedagios-das-rodovias-paulistas-ficam-mais-caros-nesta-terca-feira\/","og_locale":"pt_BR","og_type":"article","og_title":"Ped\u00e1gios das rodovias paulistas ficam mais caros nesta ter\u00e7a-feira - Canal Dana","og_description":"Frota &amp; Cia &nbsp; A partir da meia-noite de ter\u00e7a-feira, dia 1\/12, entrou em vigor o reajuste contratual anual das tarifas de ped\u00e1gio das rodovias concedidas estaduais paulistas. Assim, os valores foram publicados no Di\u00e1rio Oficial do Estado desta sexta-feira (20). A atualiza\u00e7\u00e3o da tarifa segue os crit\u00e9rios contratuais, com a corre\u00e7\u00e3o de infla\u00e7\u00e3o pelo\u2026 Leia mais \u00bb","og_url":"https:\/\/dana.com.br\/canaldana\/2020\/12\/02\/pedagios-das-rodovias-paulistas-ficam-mais-caros-nesta-terca-feira\/","og_site_name":"Canal Dana","article_published_time":"2020-12-02T11:20:03+00:00","author":"Canal Dana","twitter_card":"summary_large_image","twitter_misc":{"Escrito por":"Canal Dana","Est. tempo de leitura":"1 minuto"},"schema":{"@context":"https:\/\/schema.org","@graph":[{"@type":"Article","@id":"https:\/\/dana.com.br\/canaldana\/2020\/12\/02\/pedagios-das-rodovias-paulistas-ficam-mais-caros-nesta-terca-feira\/#article","isPartOf":{"@id":"https:\/\/dana.com.br\/canaldana\/2020\/12\/02\/pedagios-das-rodovias-paulistas-ficam-mais-caros-nesta-terca-feira\/"},"author":{"name":"Canal Dana","@id":"https:\/\/dana.com.br\/canaldana\/#\/schema\/person\/3c21f22f56fcf3bc46b94bc60ea4fef6"},"headline":"Ped\u00e1gios das rodovias paulistas ficam mais caros nesta ter\u00e7a-feira","datePublished":"2020-12-02T11:20:03+00:00","mainEntityOfPage":{"@id":"https:\/\/dana.com.br\/canaldana\/2020\/12\/02\/pedagios-das-rodovias-paulistas-ficam-mais-caros-nesta-terca-feira\/"},"wordCount":230,"articleSection":["Mercado"],"inLanguage":"pt-BR"},{"@type":"WebPage","@id":"https:\/\/dana.com.br\/canaldana\/2020\/12\/02\/pedagios-das-rodovias-paulistas-ficam-mais-caros-nesta-terca-feira\/","url":"https:\/\/dana.com.br\/canaldana\/2020\/12\/02\/pedagios-das-rodovias-paulistas-ficam-mais-caros-nesta-terca-feira\/","name":"Ped\u00e1gios das rodovias paulistas ficam mais caros nesta ter\u00e7a-feira - Canal Dana","isPartOf":{"@id":"https:\/\/dana.com.br\/canaldana\/#website"},"datePublished":"2020-12-02T11:20:03+00:00","author":{"@id":"https:\/\/dana.com.br\/canaldana\/#\/schema\/person\/3c21f22f56fcf3bc46b94bc60ea4fef6"},"breadcrumb":{"@id":"https:\/\/dana.com.br\/canaldana\/2020\/12\/02\/pedagios-das-rodovias-paulistas-ficam-mais-caros-nesta-terca-feira\/#breadcrumb"},"inLanguage":"pt-BR","potentialAction":[{"@type":"ReadAction","target":["https:\/\/dana.com.br\/canaldana\/2020\/12\/02\/pedagios-das-rodovias-paulistas-ficam-mais-caros-nesta-terca-feira\/"]}]},{"@type":"BreadcrumbList","@id":"https:\/\/dana.com.br\/canaldana\/2020\/12\/02\/pedagios-das-rodovias-paulistas-ficam-mais-caros-nesta-terca-feira\/#breadcrumb","itemListElement":[{"@type":"ListItem","position":1,"name":"Home","item":"https:\/\/dana.com.br\/canaldana\/"},{"@type":"ListItem","position":2,"name":"Mercado","item":"https:\/\/dana.com.br\/canaldana\/mercado\/"},{"@type":"ListItem","position":3,"name":"Ped\u00e1gios das rodovias paulistas ficam mais caros nesta ter\u00e7a-feira"}]},{"@type":"WebSite","@id":"https:\/\/dana.com.br\/canaldana\/#website","url":"https:\/\/dana.com.br\/canaldana\/","name":"Canal Dana","description":"Informativo com as principais not\u00edcias da ind\u00fastria automotiva","potentialAction":[{"@type":"SearchAction","target":{"@type":"EntryPoint","urlTemplate":"https:\/\/dana.com.br\/canaldana\/?s={search_term_string}"},"query-input":{"@type":"PropertyValueSpecification","valueRequired":true,"valueName":"search_term_string"}}],"inLanguage":"pt-BR"},{"@type":"Person","@id":"https:\/\/dana.com.br\/canaldana\/#\/schema\/person\/3c21f22f56fcf3bc46b94bc60ea4fef6","name":"Canal Dana","image":{"@type":"ImageObject","inLanguage":"pt-BR","@id":"https:\/\/secure.gravatar.com\/avatar\/420aaf9278582877d9018637c6817617705899d2858d7572ef0fe59a6b6454b4?s=96&d=mm&r=g","url":"https:\/\/secure.gravatar.com\/avatar\/420aaf9278582877d9018637c6817617705899d2858d7572ef0fe59a6b6454b4?s=96&d=mm&r=g","contentUrl":"https:\/\/secure.gravatar.com\/avatar\/420aaf9278582877d9018637c6817617705899d2858d7572ef0fe59a6b6454b4?s=96&d=mm&r=g","caption":"Canal Dana"},"url":"https:\/\/dana.com.br\/canaldana\/author\/cdeditor\/"}]}},"_links":{"self":[{"href":"https:\/\/dana.com.br\/canaldana\/wp-json\/wp\/v2\/posts\/46607","targetHints":{"allow":["GET"]}}],"collection":[{"href":"https:\/\/dana.com.br\/canaldana\/wp-json\/wp\/v2\/posts"}],"about":[{"href":"https:\/\/dana.com.br\/canaldana\/wp-json\/wp\/v2\/types\/post"}],"author":[{"embeddable":true,"href":"https:\/\/dana.com.br\/canaldana\/wp-json\/wp\/v2\/users\/3"}],"replies":[{"embeddable":true,"href":"https:\/\/dana.com.br\/canaldana\/wp-json\/wp\/v2\/comments?post=46607"}],"version-history":[{"count":0,"href":"https:\/\/dana.com.br\/canaldana\/wp-json\/wp\/v2\/posts\/46607\/revisions"}],"wp:attachment":[{"href":"https:\/\/dana.com.br\/canaldana\/wp-json\/wp\/v2\/media?parent=46607"}],"wp:term":[{"taxonomy":"category","embeddable":true,"href":"https:\/\/dana.com.br\/canaldana\/wp-json\/wp\/v2\/categories?post=46607"},{"taxonomy":"post_tag","embeddable":true,"href":"https:\/\/dana.com.br\/canaldana\/wp-json\/wp\/v2\/tags?post=46607"}],"curies":[{"name":"wp","href":"https:\/\/api.w.org\/{rel}","templated":true}]}}