{"id":46488,"date":"2020-11-26T08:35:40","date_gmt":"2020-11-26T11:35:40","guid":{"rendered":"https:\/\/dana.com.br\/canaldana\/?p=46488"},"modified":"2020-11-26T08:35:40","modified_gmt":"2020-11-26T11:35:40","slug":"gm-abre-mais-um-pdv-para-tentar-reduzir-excedente-de-500-funcionarios","status":"publish","type":"post","link":"https:\/\/dana.com.br\/canaldana\/2020\/11\/26\/gm-abre-mais-um-pdv-para-tentar-reduzir-excedente-de-500-funcionarios\/","title":{"rendered":"GM abre mais um PDV para tentar reduzir excedente de 500 funcion\u00e1rios"},"content":{"rendered":"<p><em>Di\u00e1rio do Grande ABC <\/em><\/p>\n<p>&nbsp;<\/p>\n<p>Em mais uma tentativa de reduzir o efetivo da f\u00e1brica de S\u00e3o Caetano, em meio \u00e0 crise econ\u00f4mica causada pela pandemia do novo coronav\u00edrus, a GM (General Motors) decidiu abrir mais um PDV (Programa de Demiss\u00e3o Volunt\u00e1ria). Trata-se do segundo em intervalo de tr\u00eas meses. Embora a empresa tenha avisado que n\u00e3o mais lan\u00e7aria m\u00e3o da ferramenta neste ano, mas que precisaria enxugar excedente de 500 trabalhadores, sen\u00e3o iria demitir, a baixa ades\u00e3o e a persistente queda na demanda fizeram com que os planos fossem revistos. Desta vez, o pacote, que ser\u00e1 aberto nos pr\u00f3ximos dias, \u00e9 destinado aos trabalhadores com capacidade laboral reduzida \u2013 cerca de 700 pessoas.<\/p>\n<p>&nbsp;<\/p>\n<p>\u201cO PDV foi desenhado para conseguir com que a maior quantidade de empregados poss\u00edvel resolva aderir aos benef\u00edcios oferecidos. Neste sentido, encerrada a etapa volunt\u00e1ria, e caso quantidade relevante de ades\u00f5es n\u00e3o seja atendida, ser\u00e3o avaliadas outras medidas\u201d, afirma comunicado destinado aos trabalhadores, ao qual o Di\u00e1rio teve acesso.<\/p>\n<p>&nbsp;<\/p>\n<p>De acordo com o presidente do Sindicato dos Metal\u00fargicos de S\u00e3o Caetano, Aparecido In\u00e1cio da Silva, o Cid\u00e3o, o PDV foi aprovado pelos trabalhadores, em assembleia, mas ainda n\u00e3o foi aberto pela empresa, \u201co que deve ocorrer nos pr\u00f3ximos dias.\u201d Segundo ele, atualmente h\u00e1 cerca de 700 oper\u00e1rios com capacidade laboral reduzida na unidade, mas o volume de profissionais ociosos chega a 500, equivalente a 6,25% do total de 8.000 empregados na planta do Grande ABC.<\/p>\n<p>&nbsp;<\/p>\n<p>Na tentativa de equacionar volume excedente, a GM abriu PDV em agosto, mas, diante da ades\u00e3o de 293 trabalhadores, reabriu o programa em outubro. No entanto, volume ainda menor, de 46 empregados, aceitou, totalizando 339 pessoas. Isso, mesmo com a montadora tendo avisado que, se n\u00famero suficiente n\u00e3o se voluntariasse, ela demitiria a fim de viabilizar sua opera\u00e7\u00e3o.<\/p>\n<p>&nbsp;<\/p>\n<p>Cid\u00e3o afirmou que, na atual situa\u00e7\u00e3o, \u201c\u00e9 dif\u00edcil fazer qualquer previs\u00e3o\u201d, mas n\u00e3o descarta \u201cque a empresa anuncie demiss\u00f5es\u201d, j\u00e1 que os PDVs n\u00e3o est\u00e3o conseguindo o resultado esperado. \u201cS\u00f3 que o sindicato vai tentar agir para evitar qualquer tipo de demiss\u00e3o que n\u00e3o seja por meio de um PDV\u201d, garantiu.<\/p>\n<p>&nbsp;<\/p>\n<p><strong>Proposta<\/strong><\/p>\n<p>&nbsp;<\/p>\n<p>Esta n\u00e3o \u00e9 a primeira vez que a GM oferece pacote de incentivos especiais para sequelados. Agora, pacote contempla at\u00e9 36 sal\u00e1rios adicionais e o custeio do plano m\u00e9dico, de acordo com a idade do funcion\u00e1rio \u2013 al\u00e9m das verbas rescis\u00f3rias legais. A ades\u00e3o ao PDV n\u00e3o est\u00e1 condicionada \u00e0 quita\u00e7\u00e3o de processos trabalhistas em andamento.<\/p>\n<p>&nbsp;<\/p>\n<p>Para os que possuem at\u00e9 36 anos de idade, a empresa prop\u00f4s o pagamento de 36 remunera\u00e7\u00f5es mensais, j\u00e1 quem est\u00e1 na faixa et\u00e1ria entre 36 e 40 anos receber\u00e1 34 sal\u00e1rios, n\u00famero que \u00e9 reduzido para 32 se o trabalhador tiver entre 41 e 45 anos. S\u00e3o oferecidos 30 sal\u00e1rios adicionais para quem tem entre 46 e 50 anos e, 28, \u00e0queles com 51 a 54 anos. Todos esses s\u00e3o contemplados com tr\u00eas anos de plano de sa\u00fade. J\u00e1 para quem possui mais de 55 anos haver\u00e1 apenas o conv\u00eanio por mais dois anos e, aos maiores de 60 anos, por um ano. Nestas duas situa\u00e7\u00f5es n\u00e3o haver\u00e1 pagamento de sal\u00e1rios adicionais, apenas das verbas rescis\u00f3rias devidas.<\/p>\n<p>&nbsp;<\/p>\n<p>O pacote anterior oferecia de 3,5 a sete sal\u00e1rios adicionais, a partir de quatro anos de casa, e de um a dois anos de plano de sa\u00fade. Como b\u00f4nus, para quem possu\u00eda mais de 11 anos de firma, foi disponibilizado um Onix Joy Black, que custa R$ 55.990.<\/p>\n<p>&nbsp;<\/p>\n<p>No in\u00edcio do m\u00eas, a montadora norte-americana anunciou que prorrogaria o lay-off (suspens\u00e3o tempor\u00e1ria do contrato de trabalho) de 500 trabalhadores por mais cinco meses. No comunicado do PDV, a empresa informou que o lay-off \u00e9 medida tempor\u00e1ria e que a abertura de PDV \u00e9 necess\u00e1ria para adequa\u00e7\u00e3o das estruturas da empresa ao novo momento do mercado, na marcha lenta devido \u00e0 Covid-19.<\/p>\n<p>&nbsp;<\/p>\n<p>Questionada sobre o assunto pelo Di\u00e1rio, a GM n\u00e3o se posicionou at\u00e9 o fechamento desta edi\u00e7\u00e3o. (Di\u00e1rio do Grande ABC\/Yara Ferraz)<\/p>\n","protected":false},"excerpt":{"rendered":"<p>Di\u00e1rio do Grande ABC &nbsp; Em mais uma tentativa de reduzir o efetivo da f\u00e1brica de S\u00e3o Caetano, em meio \u00e0 crise econ\u00f4mica causada pela pandemia do novo coronav\u00edrus, a GM (General Motors) decidiu abrir mais um PDV (Programa de Demiss\u00e3o Volunt\u00e1ria). Trata-se do segundo em intervalo de tr\u00eas meses. Embora a empresa tenha avisado\u2026 <a class=\"readmore\" href=\"https:\/\/dana.com.br\/canaldana\/2020\/11\/26\/gm-abre-mais-um-pdv-para-tentar-reduzir-excedente-de-500-funcionarios\/\">Leia mais \u00bb<\/a><\/p>\n","protected":false},"author":3,"featured_media":0,"comment_status":"closed","ping_status":"closed","sticky":false,"template":"","format":"standard","meta":{"_acf_changed":false,"footnotes":""},"categories":[61],"tags":[],"class_list":["post-46488","post","type-post","status-publish","format-standard","hentry","category-destaques"],"acf":[],"yoast_head":"<!-- This site is optimized with the Yoast SEO plugin v27.3 - https:\/\/yoast.com\/product\/yoast-seo-wordpress\/ -->\n<title>GM abre mais um PDV para tentar reduzir excedente de 500 funcion\u00e1rios - Canal Dana<\/title>\n<meta name=\"robots\" content=\"index, follow, max-snippet:-1, max-image-preview:large, max-video-preview:-1\" \/>\n<link rel=\"canonical\" href=\"https:\/\/dana.com.br\/canaldana\/2020\/11\/26\/gm-abre-mais-um-pdv-para-tentar-reduzir-excedente-de-500-funcionarios\/\" \/>\n<meta property=\"og:locale\" content=\"pt_BR\" \/>\n<meta property=\"og:type\" content=\"article\" \/>\n<meta property=\"og:title\" content=\"GM abre mais um PDV para tentar reduzir excedente de 500 funcion\u00e1rios - Canal Dana\" \/>\n<meta property=\"og:description\" content=\"Di\u00e1rio do Grande ABC &nbsp; Em mais uma tentativa de reduzir o efetivo da f\u00e1brica de S\u00e3o Caetano, em meio \u00e0 crise econ\u00f4mica causada pela pandemia do novo coronav\u00edrus, a GM (General Motors) decidiu abrir mais um PDV (Programa de Demiss\u00e3o Volunt\u00e1ria). Trata-se do segundo em intervalo de tr\u00eas meses. Embora a empresa tenha avisado\u2026 Leia mais \u00bb\" \/>\n<meta property=\"og:url\" content=\"https:\/\/dana.com.br\/canaldana\/2020\/11\/26\/gm-abre-mais-um-pdv-para-tentar-reduzir-excedente-de-500-funcionarios\/\" \/>\n<meta property=\"og:site_name\" content=\"Canal Dana\" \/>\n<meta property=\"article:published_time\" content=\"2020-11-26T11:35:40+00:00\" \/>\n<meta name=\"author\" content=\"Canal Dana\" \/>\n<meta name=\"twitter:card\" content=\"summary_large_image\" \/>\n<meta name=\"twitter:label1\" content=\"Escrito por\" \/>\n\t<meta name=\"twitter:data1\" content=\"Canal Dana\" \/>\n\t<meta name=\"twitter:label2\" content=\"Est. tempo de leitura\" \/>\n\t<meta name=\"twitter:data2\" content=\"4 minutos\" \/>\n<script type=\"application\/ld+json\" class=\"yoast-schema-graph\">{\"@context\":\"https:\\\/\\\/schema.org\",\"@graph\":[{\"@type\":\"Article\",\"@id\":\"https:\\\/\\\/dana.com.br\\\/canaldana\\\/2020\\\/11\\\/26\\\/gm-abre-mais-um-pdv-para-tentar-reduzir-excedente-de-500-funcionarios\\\/#article\",\"isPartOf\":{\"@id\":\"https:\\\/\\\/dana.com.br\\\/canaldana\\\/2020\\\/11\\\/26\\\/gm-abre-mais-um-pdv-para-tentar-reduzir-excedente-de-500-funcionarios\\\/\"},\"author\":{\"name\":\"Canal Dana\",\"@id\":\"https:\\\/\\\/dana.com.br\\\/canaldana\\\/#\\\/schema\\\/person\\\/3c21f22f56fcf3bc46b94bc60ea4fef6\"},\"headline\":\"GM abre mais um PDV para tentar reduzir excedente de 500 funcion\u00e1rios\",\"datePublished\":\"2020-11-26T11:35:40+00:00\",\"mainEntityOfPage\":{\"@id\":\"https:\\\/\\\/dana.com.br\\\/canaldana\\\/2020\\\/11\\\/26\\\/gm-abre-mais-um-pdv-para-tentar-reduzir-excedente-de-500-funcionarios\\\/\"},\"wordCount\":718,\"articleSection\":[\"Destaques\"],\"inLanguage\":\"pt-BR\"},{\"@type\":\"WebPage\",\"@id\":\"https:\\\/\\\/dana.com.br\\\/canaldana\\\/2020\\\/11\\\/26\\\/gm-abre-mais-um-pdv-para-tentar-reduzir-excedente-de-500-funcionarios\\\/\",\"url\":\"https:\\\/\\\/dana.com.br\\\/canaldana\\\/2020\\\/11\\\/26\\\/gm-abre-mais-um-pdv-para-tentar-reduzir-excedente-de-500-funcionarios\\\/\",\"name\":\"GM abre mais um PDV para tentar reduzir excedente de 500 funcion\u00e1rios - Canal Dana\",\"isPartOf\":{\"@id\":\"https:\\\/\\\/dana.com.br\\\/canaldana\\\/#website\"},\"datePublished\":\"2020-11-26T11:35:40+00:00\",\"author\":{\"@id\":\"https:\\\/\\\/dana.com.br\\\/canaldana\\\/#\\\/schema\\\/person\\\/3c21f22f56fcf3bc46b94bc60ea4fef6\"},\"breadcrumb\":{\"@id\":\"https:\\\/\\\/dana.com.br\\\/canaldana\\\/2020\\\/11\\\/26\\\/gm-abre-mais-um-pdv-para-tentar-reduzir-excedente-de-500-funcionarios\\\/#breadcrumb\"},\"inLanguage\":\"pt-BR\",\"potentialAction\":[{\"@type\":\"ReadAction\",\"target\":[\"https:\\\/\\\/dana.com.br\\\/canaldana\\\/2020\\\/11\\\/26\\\/gm-abre-mais-um-pdv-para-tentar-reduzir-excedente-de-500-funcionarios\\\/\"]}]},{\"@type\":\"BreadcrumbList\",\"@id\":\"https:\\\/\\\/dana.com.br\\\/canaldana\\\/2020\\\/11\\\/26\\\/gm-abre-mais-um-pdv-para-tentar-reduzir-excedente-de-500-funcionarios\\\/#breadcrumb\",\"itemListElement\":[{\"@type\":\"ListItem\",\"position\":1,\"name\":\"Home\",\"item\":\"https:\\\/\\\/dana.com.br\\\/canaldana\\\/\"},{\"@type\":\"ListItem\",\"position\":2,\"name\":\"Destaques\",\"item\":\"https:\\\/\\\/dana.com.br\\\/canaldana\\\/destaques\\\/\"},{\"@type\":\"ListItem\",\"position\":3,\"name\":\"GM abre mais um PDV para tentar reduzir excedente de 500 funcion\u00e1rios\"}]},{\"@type\":\"WebSite\",\"@id\":\"https:\\\/\\\/dana.com.br\\\/canaldana\\\/#website\",\"url\":\"https:\\\/\\\/dana.com.br\\\/canaldana\\\/\",\"name\":\"Canal Dana\",\"description\":\"Informativo com as principais not\u00edcias da ind\u00fastria automotiva\",\"potentialAction\":[{\"@type\":\"SearchAction\",\"target\":{\"@type\":\"EntryPoint\",\"urlTemplate\":\"https:\\\/\\\/dana.com.br\\\/canaldana\\\/?s={search_term_string}\"},\"query-input\":{\"@type\":\"PropertyValueSpecification\",\"valueRequired\":true,\"valueName\":\"search_term_string\"}}],\"inLanguage\":\"pt-BR\"},{\"@type\":\"Person\",\"@id\":\"https:\\\/\\\/dana.com.br\\\/canaldana\\\/#\\\/schema\\\/person\\\/3c21f22f56fcf3bc46b94bc60ea4fef6\",\"name\":\"Canal Dana\",\"image\":{\"@type\":\"ImageObject\",\"inLanguage\":\"pt-BR\",\"@id\":\"https:\\\/\\\/secure.gravatar.com\\\/avatar\\\/420aaf9278582877d9018637c6817617705899d2858d7572ef0fe59a6b6454b4?s=96&d=mm&r=g\",\"url\":\"https:\\\/\\\/secure.gravatar.com\\\/avatar\\\/420aaf9278582877d9018637c6817617705899d2858d7572ef0fe59a6b6454b4?s=96&d=mm&r=g\",\"contentUrl\":\"https:\\\/\\\/secure.gravatar.com\\\/avatar\\\/420aaf9278582877d9018637c6817617705899d2858d7572ef0fe59a6b6454b4?s=96&d=mm&r=g\",\"caption\":\"Canal Dana\"},\"url\":\"https:\\\/\\\/dana.com.br\\\/canaldana\\\/author\\\/cdeditor\\\/\"}]}<\/script>\n<!-- \/ Yoast SEO plugin. -->","yoast_head_json":{"title":"GM abre mais um PDV para tentar reduzir excedente de 500 funcion\u00e1rios - Canal Dana","robots":{"index":"index","follow":"follow","max-snippet":"max-snippet:-1","max-image-preview":"max-image-preview:large","max-video-preview":"max-video-preview:-1"},"canonical":"https:\/\/dana.com.br\/canaldana\/2020\/11\/26\/gm-abre-mais-um-pdv-para-tentar-reduzir-excedente-de-500-funcionarios\/","og_locale":"pt_BR","og_type":"article","og_title":"GM abre mais um PDV para tentar reduzir excedente de 500 funcion\u00e1rios - Canal Dana","og_description":"Di\u00e1rio do Grande ABC &nbsp; Em mais uma tentativa de reduzir o efetivo da f\u00e1brica de S\u00e3o Caetano, em meio \u00e0 crise econ\u00f4mica causada pela pandemia do novo coronav\u00edrus, a GM (General Motors) decidiu abrir mais um PDV (Programa de Demiss\u00e3o Volunt\u00e1ria). Trata-se do segundo em intervalo de tr\u00eas meses. Embora a empresa tenha avisado\u2026 Leia mais \u00bb","og_url":"https:\/\/dana.com.br\/canaldana\/2020\/11\/26\/gm-abre-mais-um-pdv-para-tentar-reduzir-excedente-de-500-funcionarios\/","og_site_name":"Canal Dana","article_published_time":"2020-11-26T11:35:40+00:00","author":"Canal Dana","twitter_card":"summary_large_image","twitter_misc":{"Escrito por":"Canal Dana","Est. tempo de leitura":"4 minutos"},"schema":{"@context":"https:\/\/schema.org","@graph":[{"@type":"Article","@id":"https:\/\/dana.com.br\/canaldana\/2020\/11\/26\/gm-abre-mais-um-pdv-para-tentar-reduzir-excedente-de-500-funcionarios\/#article","isPartOf":{"@id":"https:\/\/dana.com.br\/canaldana\/2020\/11\/26\/gm-abre-mais-um-pdv-para-tentar-reduzir-excedente-de-500-funcionarios\/"},"author":{"name":"Canal Dana","@id":"https:\/\/dana.com.br\/canaldana\/#\/schema\/person\/3c21f22f56fcf3bc46b94bc60ea4fef6"},"headline":"GM abre mais um PDV para tentar reduzir excedente de 500 funcion\u00e1rios","datePublished":"2020-11-26T11:35:40+00:00","mainEntityOfPage":{"@id":"https:\/\/dana.com.br\/canaldana\/2020\/11\/26\/gm-abre-mais-um-pdv-para-tentar-reduzir-excedente-de-500-funcionarios\/"},"wordCount":718,"articleSection":["Destaques"],"inLanguage":"pt-BR"},{"@type":"WebPage","@id":"https:\/\/dana.com.br\/canaldana\/2020\/11\/26\/gm-abre-mais-um-pdv-para-tentar-reduzir-excedente-de-500-funcionarios\/","url":"https:\/\/dana.com.br\/canaldana\/2020\/11\/26\/gm-abre-mais-um-pdv-para-tentar-reduzir-excedente-de-500-funcionarios\/","name":"GM abre mais um PDV para tentar reduzir excedente de 500 funcion\u00e1rios - Canal Dana","isPartOf":{"@id":"https:\/\/dana.com.br\/canaldana\/#website"},"datePublished":"2020-11-26T11:35:40+00:00","author":{"@id":"https:\/\/dana.com.br\/canaldana\/#\/schema\/person\/3c21f22f56fcf3bc46b94bc60ea4fef6"},"breadcrumb":{"@id":"https:\/\/dana.com.br\/canaldana\/2020\/11\/26\/gm-abre-mais-um-pdv-para-tentar-reduzir-excedente-de-500-funcionarios\/#breadcrumb"},"inLanguage":"pt-BR","potentialAction":[{"@type":"ReadAction","target":["https:\/\/dana.com.br\/canaldana\/2020\/11\/26\/gm-abre-mais-um-pdv-para-tentar-reduzir-excedente-de-500-funcionarios\/"]}]},{"@type":"BreadcrumbList","@id":"https:\/\/dana.com.br\/canaldana\/2020\/11\/26\/gm-abre-mais-um-pdv-para-tentar-reduzir-excedente-de-500-funcionarios\/#breadcrumb","itemListElement":[{"@type":"ListItem","position":1,"name":"Home","item":"https:\/\/dana.com.br\/canaldana\/"},{"@type":"ListItem","position":2,"name":"Destaques","item":"https:\/\/dana.com.br\/canaldana\/destaques\/"},{"@type":"ListItem","position":3,"name":"GM abre mais um PDV para tentar reduzir excedente de 500 funcion\u00e1rios"}]},{"@type":"WebSite","@id":"https:\/\/dana.com.br\/canaldana\/#website","url":"https:\/\/dana.com.br\/canaldana\/","name":"Canal Dana","description":"Informativo com as principais not\u00edcias da ind\u00fastria automotiva","potentialAction":[{"@type":"SearchAction","target":{"@type":"EntryPoint","urlTemplate":"https:\/\/dana.com.br\/canaldana\/?s={search_term_string}"},"query-input":{"@type":"PropertyValueSpecification","valueRequired":true,"valueName":"search_term_string"}}],"inLanguage":"pt-BR"},{"@type":"Person","@id":"https:\/\/dana.com.br\/canaldana\/#\/schema\/person\/3c21f22f56fcf3bc46b94bc60ea4fef6","name":"Canal Dana","image":{"@type":"ImageObject","inLanguage":"pt-BR","@id":"https:\/\/secure.gravatar.com\/avatar\/420aaf9278582877d9018637c6817617705899d2858d7572ef0fe59a6b6454b4?s=96&d=mm&r=g","url":"https:\/\/secure.gravatar.com\/avatar\/420aaf9278582877d9018637c6817617705899d2858d7572ef0fe59a6b6454b4?s=96&d=mm&r=g","contentUrl":"https:\/\/secure.gravatar.com\/avatar\/420aaf9278582877d9018637c6817617705899d2858d7572ef0fe59a6b6454b4?s=96&d=mm&r=g","caption":"Canal Dana"},"url":"https:\/\/dana.com.br\/canaldana\/author\/cdeditor\/"}]}},"_links":{"self":[{"href":"https:\/\/dana.com.br\/canaldana\/wp-json\/wp\/v2\/posts\/46488","targetHints":{"allow":["GET"]}}],"collection":[{"href":"https:\/\/dana.com.br\/canaldana\/wp-json\/wp\/v2\/posts"}],"about":[{"href":"https:\/\/dana.com.br\/canaldana\/wp-json\/wp\/v2\/types\/post"}],"author":[{"embeddable":true,"href":"https:\/\/dana.com.br\/canaldana\/wp-json\/wp\/v2\/users\/3"}],"replies":[{"embeddable":true,"href":"https:\/\/dana.com.br\/canaldana\/wp-json\/wp\/v2\/comments?post=46488"}],"version-history":[{"count":0,"href":"https:\/\/dana.com.br\/canaldana\/wp-json\/wp\/v2\/posts\/46488\/revisions"}],"wp:attachment":[{"href":"https:\/\/dana.com.br\/canaldana\/wp-json\/wp\/v2\/media?parent=46488"}],"wp:term":[{"taxonomy":"category","embeddable":true,"href":"https:\/\/dana.com.br\/canaldana\/wp-json\/wp\/v2\/categories?post=46488"},{"taxonomy":"post_tag","embeddable":true,"href":"https:\/\/dana.com.br\/canaldana\/wp-json\/wp\/v2\/tags?post=46488"}],"curies":[{"name":"wp","href":"https:\/\/api.w.org\/{rel}","templated":true}]}}