{"id":46453,"date":"2020-11-25T08:35:14","date_gmt":"2020-11-25T11:35:14","guid":{"rendered":"https:\/\/dana.com.br\/canaldana\/?p=46453"},"modified":"2020-11-25T08:35:14","modified_gmt":"2020-11-25T11:35:14","slug":"consorcio-libera-r-313-bilhoes-para-compra-de-veiculos-no-ano","status":"publish","type":"post","link":"https:\/\/dana.com.br\/canaldana\/2020\/11\/25\/consorcio-libera-r-313-bilhoes-para-compra-de-veiculos-no-ano\/","title":{"rendered":"Cons\u00f3rcio libera R$ 31,3 bilh\u00f5es para compra de ve\u00edculos no ano"},"content":{"rendered":"<p><em>AutoInd\u00fastria <\/em><\/p>\n<p>&nbsp;<\/p>\n<p>Apesar da pandemia que ainda afeta a economia do Pa\u00eds, o sistema de cons\u00f3rcio nos segmentos veiculares \u2013 leves, pesados e motocicletas \u2013 registra alguns indicadores positivos no acumulado deste ano, conforme balan\u00e7o divulgado nesta ter\u00e7a-feira, 24, pela Abac, Associa\u00e7\u00e3o Brasileira de Administradoras de Cons\u00f3rcios.<\/p>\n<p>&nbsp;<\/p>\n<p>Dentre eles, a entidade destaca a alta de 11,2% no total de cr\u00e9ditos concedidos, que passou de R$ 28,2 bilh\u00f5es nos primeiros dez meses de 2019 para R$ 31,35 bilh\u00f5es no mesmo per\u00edodo deste ano. O n\u00famero de participantes ativos tamb\u00e9m teve eleva\u00e7\u00e3o, de 2,6%, saltando de 6,19 milh\u00f5es para 6,35 milh\u00f5es no mesmo comparativo.<\/p>\n<p>&nbsp;<\/p>\n<p>Quanto \u00e0 venda de novas cotas, que foi prejudicada no auge das medidas de isolamento social entre mar\u00e7o e maio, o balan\u00e7o consolidado do ano indica estabilidade, com 2,03 milh\u00f5es de ades\u00f5es e janeiro a outubro.<\/p>\n<p>&nbsp;<\/p>\n<p>A Abac tamb\u00e9m destaca como indicador positivo o crescimento de 12,6% no volume de cr\u00e9ditos comercializados \u2013 aquele que diz respeito justamente \u00e0s novas cotas -, que atingiu R$ 78,15 bilh\u00f5es nos primeiros dez meses de 2019 ante os R$ 69,41 bilh\u00f5es do mesmo intervalo do ano passado.<\/p>\n<p>&nbsp;<\/p>\n<p>\u00c9 um dado que reflete o aumento do t\u00edquete m\u00e9dio principalmente no segmento de ve\u00edculos pesados, que no comparativo interanual subiu 14,8%, passando de R$ 155,5 mil para R$ 178,5 mil. Tamb\u00e9m houve alta de 9,7% no t\u00edquete m\u00e9dio das motos, de R$ 13,1 mil R$ 14,4 mil, enquanto no segmento de autom\u00f3veis e comerciais leves esse valor ficou est\u00e1vel em R$ 47 mil.<\/p>\n<p>&nbsp;<\/p>\n<p>Paulo Roberto Rossi, presidente executivo da Abac, faz um balan\u00e7o positivo do sistema de cons\u00f3rcio como um todo, que al\u00e9m de ve\u00edculos tamb\u00e9m contempla im\u00f3veis, eletrodom\u00e9sticos e servi\u00e7os.<\/p>\n<p>&nbsp;<\/p>\n<p>\u201cA demanda crescente no nosso setor reflete o comportamento dos consumidores que, frente \u00e0 pandemia, est\u00e3o encontrando no cons\u00f3rcio uma forma de suprir seus objetivos de consumo, forma\u00e7\u00e3o patrimonial e investimentos, por meio da maneira mais simples e econ\u00f4mica dispon\u00edvel no mercado\u201d. (AutoInd\u00fastria\/Alzira Rodrigues)<\/p>\n","protected":false},"excerpt":{"rendered":"<p>AutoInd\u00fastria &nbsp; Apesar da pandemia que ainda afeta a economia do Pa\u00eds, o sistema de cons\u00f3rcio nos segmentos veiculares \u2013 leves, pesados e motocicletas \u2013 registra alguns indicadores positivos no acumulado deste ano, conforme balan\u00e7o divulgado nesta ter\u00e7a-feira, 24, pela Abac, Associa\u00e7\u00e3o Brasileira de Administradoras de Cons\u00f3rcios. &nbsp; Dentre eles, a entidade destaca a alta\u2026 <a class=\"readmore\" href=\"https:\/\/dana.com.br\/canaldana\/2020\/11\/25\/consorcio-libera-r-313-bilhoes-para-compra-de-veiculos-no-ano\/\">Leia mais \u00bb<\/a><\/p>\n","protected":false},"author":3,"featured_media":0,"comment_status":"closed","ping_status":"closed","sticky":false,"template":"","format":"standard","meta":{"_acf_changed":false,"footnotes":""},"categories":[61],"tags":[],"class_list":["post-46453","post","type-post","status-publish","format-standard","hentry","category-destaques"],"acf":[],"yoast_head":"<!-- This site is optimized with the Yoast SEO plugin v27.3 - https:\/\/yoast.com\/product\/yoast-seo-wordpress\/ -->\n<title>Cons\u00f3rcio libera R$ 31,3 bilh\u00f5es para compra de ve\u00edculos no ano - Canal Dana<\/title>\n<meta name=\"robots\" content=\"index, follow, max-snippet:-1, max-image-preview:large, max-video-preview:-1\" \/>\n<link rel=\"canonical\" href=\"https:\/\/dana.com.br\/canaldana\/2020\/11\/25\/consorcio-libera-r-313-bilhoes-para-compra-de-veiculos-no-ano\/\" \/>\n<meta property=\"og:locale\" content=\"pt_BR\" \/>\n<meta property=\"og:type\" content=\"article\" \/>\n<meta property=\"og:title\" content=\"Cons\u00f3rcio libera R$ 31,3 bilh\u00f5es para compra de ve\u00edculos no ano - Canal Dana\" \/>\n<meta property=\"og:description\" content=\"AutoInd\u00fastria &nbsp; Apesar da pandemia que ainda afeta a economia do Pa\u00eds, o sistema de cons\u00f3rcio nos segmentos veiculares \u2013 leves, pesados e motocicletas \u2013 registra alguns indicadores positivos no acumulado deste ano, conforme balan\u00e7o divulgado nesta ter\u00e7a-feira, 24, pela Abac, Associa\u00e7\u00e3o Brasileira de Administradoras de Cons\u00f3rcios. &nbsp; Dentre eles, a entidade destaca a alta\u2026 Leia mais \u00bb\" \/>\n<meta property=\"og:url\" content=\"https:\/\/dana.com.br\/canaldana\/2020\/11\/25\/consorcio-libera-r-313-bilhoes-para-compra-de-veiculos-no-ano\/\" \/>\n<meta property=\"og:site_name\" content=\"Canal Dana\" \/>\n<meta property=\"article:published_time\" content=\"2020-11-25T11:35:14+00:00\" \/>\n<meta name=\"author\" content=\"Canal Dana\" \/>\n<meta name=\"twitter:card\" content=\"summary_large_image\" \/>\n<meta name=\"twitter:label1\" content=\"Escrito por\" \/>\n\t<meta name=\"twitter:data1\" content=\"Canal Dana\" \/>\n\t<meta name=\"twitter:label2\" content=\"Est. tempo de leitura\" \/>\n\t<meta name=\"twitter:data2\" content=\"2 minutos\" \/>\n<script type=\"application\/ld+json\" class=\"yoast-schema-graph\">{\"@context\":\"https:\\\/\\\/schema.org\",\"@graph\":[{\"@type\":\"Article\",\"@id\":\"https:\\\/\\\/dana.com.br\\\/canaldana\\\/2020\\\/11\\\/25\\\/consorcio-libera-r-313-bilhoes-para-compra-de-veiculos-no-ano\\\/#article\",\"isPartOf\":{\"@id\":\"https:\\\/\\\/dana.com.br\\\/canaldana\\\/2020\\\/11\\\/25\\\/consorcio-libera-r-313-bilhoes-para-compra-de-veiculos-no-ano\\\/\"},\"author\":{\"name\":\"Canal Dana\",\"@id\":\"https:\\\/\\\/dana.com.br\\\/canaldana\\\/#\\\/schema\\\/person\\\/3c21f22f56fcf3bc46b94bc60ea4fef6\"},\"headline\":\"Cons\u00f3rcio libera R$ 31,3 bilh\u00f5es para compra de ve\u00edculos no ano\",\"datePublished\":\"2020-11-25T11:35:14+00:00\",\"mainEntityOfPage\":{\"@id\":\"https:\\\/\\\/dana.com.br\\\/canaldana\\\/2020\\\/11\\\/25\\\/consorcio-libera-r-313-bilhoes-para-compra-de-veiculos-no-ano\\\/\"},\"wordCount\":362,\"articleSection\":[\"Destaques\"],\"inLanguage\":\"pt-BR\"},{\"@type\":\"WebPage\",\"@id\":\"https:\\\/\\\/dana.com.br\\\/canaldana\\\/2020\\\/11\\\/25\\\/consorcio-libera-r-313-bilhoes-para-compra-de-veiculos-no-ano\\\/\",\"url\":\"https:\\\/\\\/dana.com.br\\\/canaldana\\\/2020\\\/11\\\/25\\\/consorcio-libera-r-313-bilhoes-para-compra-de-veiculos-no-ano\\\/\",\"name\":\"Cons\u00f3rcio libera R$ 31,3 bilh\u00f5es para compra de ve\u00edculos no ano - Canal Dana\",\"isPartOf\":{\"@id\":\"https:\\\/\\\/dana.com.br\\\/canaldana\\\/#website\"},\"datePublished\":\"2020-11-25T11:35:14+00:00\",\"author\":{\"@id\":\"https:\\\/\\\/dana.com.br\\\/canaldana\\\/#\\\/schema\\\/person\\\/3c21f22f56fcf3bc46b94bc60ea4fef6\"},\"breadcrumb\":{\"@id\":\"https:\\\/\\\/dana.com.br\\\/canaldana\\\/2020\\\/11\\\/25\\\/consorcio-libera-r-313-bilhoes-para-compra-de-veiculos-no-ano\\\/#breadcrumb\"},\"inLanguage\":\"pt-BR\",\"potentialAction\":[{\"@type\":\"ReadAction\",\"target\":[\"https:\\\/\\\/dana.com.br\\\/canaldana\\\/2020\\\/11\\\/25\\\/consorcio-libera-r-313-bilhoes-para-compra-de-veiculos-no-ano\\\/\"]}]},{\"@type\":\"BreadcrumbList\",\"@id\":\"https:\\\/\\\/dana.com.br\\\/canaldana\\\/2020\\\/11\\\/25\\\/consorcio-libera-r-313-bilhoes-para-compra-de-veiculos-no-ano\\\/#breadcrumb\",\"itemListElement\":[{\"@type\":\"ListItem\",\"position\":1,\"name\":\"Home\",\"item\":\"https:\\\/\\\/dana.com.br\\\/canaldana\\\/\"},{\"@type\":\"ListItem\",\"position\":2,\"name\":\"Destaques\",\"item\":\"https:\\\/\\\/dana.com.br\\\/canaldana\\\/destaques\\\/\"},{\"@type\":\"ListItem\",\"position\":3,\"name\":\"Cons\u00f3rcio libera R$ 31,3 bilh\u00f5es para compra de ve\u00edculos no ano\"}]},{\"@type\":\"WebSite\",\"@id\":\"https:\\\/\\\/dana.com.br\\\/canaldana\\\/#website\",\"url\":\"https:\\\/\\\/dana.com.br\\\/canaldana\\\/\",\"name\":\"Canal Dana\",\"description\":\"Informativo com as principais not\u00edcias da ind\u00fastria automotiva\",\"potentialAction\":[{\"@type\":\"SearchAction\",\"target\":{\"@type\":\"EntryPoint\",\"urlTemplate\":\"https:\\\/\\\/dana.com.br\\\/canaldana\\\/?s={search_term_string}\"},\"query-input\":{\"@type\":\"PropertyValueSpecification\",\"valueRequired\":true,\"valueName\":\"search_term_string\"}}],\"inLanguage\":\"pt-BR\"},{\"@type\":\"Person\",\"@id\":\"https:\\\/\\\/dana.com.br\\\/canaldana\\\/#\\\/schema\\\/person\\\/3c21f22f56fcf3bc46b94bc60ea4fef6\",\"name\":\"Canal Dana\",\"image\":{\"@type\":\"ImageObject\",\"inLanguage\":\"pt-BR\",\"@id\":\"https:\\\/\\\/secure.gravatar.com\\\/avatar\\\/420aaf9278582877d9018637c6817617705899d2858d7572ef0fe59a6b6454b4?s=96&d=mm&r=g\",\"url\":\"https:\\\/\\\/secure.gravatar.com\\\/avatar\\\/420aaf9278582877d9018637c6817617705899d2858d7572ef0fe59a6b6454b4?s=96&d=mm&r=g\",\"contentUrl\":\"https:\\\/\\\/secure.gravatar.com\\\/avatar\\\/420aaf9278582877d9018637c6817617705899d2858d7572ef0fe59a6b6454b4?s=96&d=mm&r=g\",\"caption\":\"Canal Dana\"},\"url\":\"https:\\\/\\\/dana.com.br\\\/canaldana\\\/author\\\/cdeditor\\\/\"}]}<\/script>\n<!-- \/ Yoast SEO plugin. -->","yoast_head_json":{"title":"Cons\u00f3rcio libera R$ 31,3 bilh\u00f5es para compra de ve\u00edculos no ano - Canal Dana","robots":{"index":"index","follow":"follow","max-snippet":"max-snippet:-1","max-image-preview":"max-image-preview:large","max-video-preview":"max-video-preview:-1"},"canonical":"https:\/\/dana.com.br\/canaldana\/2020\/11\/25\/consorcio-libera-r-313-bilhoes-para-compra-de-veiculos-no-ano\/","og_locale":"pt_BR","og_type":"article","og_title":"Cons\u00f3rcio libera R$ 31,3 bilh\u00f5es para compra de ve\u00edculos no ano - Canal Dana","og_description":"AutoInd\u00fastria &nbsp; Apesar da pandemia que ainda afeta a economia do Pa\u00eds, o sistema de cons\u00f3rcio nos segmentos veiculares \u2013 leves, pesados e motocicletas \u2013 registra alguns indicadores positivos no acumulado deste ano, conforme balan\u00e7o divulgado nesta ter\u00e7a-feira, 24, pela Abac, Associa\u00e7\u00e3o Brasileira de Administradoras de Cons\u00f3rcios. &nbsp; Dentre eles, a entidade destaca a alta\u2026 Leia mais \u00bb","og_url":"https:\/\/dana.com.br\/canaldana\/2020\/11\/25\/consorcio-libera-r-313-bilhoes-para-compra-de-veiculos-no-ano\/","og_site_name":"Canal Dana","article_published_time":"2020-11-25T11:35:14+00:00","author":"Canal Dana","twitter_card":"summary_large_image","twitter_misc":{"Escrito por":"Canal Dana","Est. tempo de leitura":"2 minutos"},"schema":{"@context":"https:\/\/schema.org","@graph":[{"@type":"Article","@id":"https:\/\/dana.com.br\/canaldana\/2020\/11\/25\/consorcio-libera-r-313-bilhoes-para-compra-de-veiculos-no-ano\/#article","isPartOf":{"@id":"https:\/\/dana.com.br\/canaldana\/2020\/11\/25\/consorcio-libera-r-313-bilhoes-para-compra-de-veiculos-no-ano\/"},"author":{"name":"Canal Dana","@id":"https:\/\/dana.com.br\/canaldana\/#\/schema\/person\/3c21f22f56fcf3bc46b94bc60ea4fef6"},"headline":"Cons\u00f3rcio libera R$ 31,3 bilh\u00f5es para compra de ve\u00edculos no ano","datePublished":"2020-11-25T11:35:14+00:00","mainEntityOfPage":{"@id":"https:\/\/dana.com.br\/canaldana\/2020\/11\/25\/consorcio-libera-r-313-bilhoes-para-compra-de-veiculos-no-ano\/"},"wordCount":362,"articleSection":["Destaques"],"inLanguage":"pt-BR"},{"@type":"WebPage","@id":"https:\/\/dana.com.br\/canaldana\/2020\/11\/25\/consorcio-libera-r-313-bilhoes-para-compra-de-veiculos-no-ano\/","url":"https:\/\/dana.com.br\/canaldana\/2020\/11\/25\/consorcio-libera-r-313-bilhoes-para-compra-de-veiculos-no-ano\/","name":"Cons\u00f3rcio libera R$ 31,3 bilh\u00f5es para compra de ve\u00edculos no ano - Canal Dana","isPartOf":{"@id":"https:\/\/dana.com.br\/canaldana\/#website"},"datePublished":"2020-11-25T11:35:14+00:00","author":{"@id":"https:\/\/dana.com.br\/canaldana\/#\/schema\/person\/3c21f22f56fcf3bc46b94bc60ea4fef6"},"breadcrumb":{"@id":"https:\/\/dana.com.br\/canaldana\/2020\/11\/25\/consorcio-libera-r-313-bilhoes-para-compra-de-veiculos-no-ano\/#breadcrumb"},"inLanguage":"pt-BR","potentialAction":[{"@type":"ReadAction","target":["https:\/\/dana.com.br\/canaldana\/2020\/11\/25\/consorcio-libera-r-313-bilhoes-para-compra-de-veiculos-no-ano\/"]}]},{"@type":"BreadcrumbList","@id":"https:\/\/dana.com.br\/canaldana\/2020\/11\/25\/consorcio-libera-r-313-bilhoes-para-compra-de-veiculos-no-ano\/#breadcrumb","itemListElement":[{"@type":"ListItem","position":1,"name":"Home","item":"https:\/\/dana.com.br\/canaldana\/"},{"@type":"ListItem","position":2,"name":"Destaques","item":"https:\/\/dana.com.br\/canaldana\/destaques\/"},{"@type":"ListItem","position":3,"name":"Cons\u00f3rcio libera R$ 31,3 bilh\u00f5es para compra de ve\u00edculos no ano"}]},{"@type":"WebSite","@id":"https:\/\/dana.com.br\/canaldana\/#website","url":"https:\/\/dana.com.br\/canaldana\/","name":"Canal Dana","description":"Informativo com as principais not\u00edcias da ind\u00fastria automotiva","potentialAction":[{"@type":"SearchAction","target":{"@type":"EntryPoint","urlTemplate":"https:\/\/dana.com.br\/canaldana\/?s={search_term_string}"},"query-input":{"@type":"PropertyValueSpecification","valueRequired":true,"valueName":"search_term_string"}}],"inLanguage":"pt-BR"},{"@type":"Person","@id":"https:\/\/dana.com.br\/canaldana\/#\/schema\/person\/3c21f22f56fcf3bc46b94bc60ea4fef6","name":"Canal Dana","image":{"@type":"ImageObject","inLanguage":"pt-BR","@id":"https:\/\/secure.gravatar.com\/avatar\/420aaf9278582877d9018637c6817617705899d2858d7572ef0fe59a6b6454b4?s=96&d=mm&r=g","url":"https:\/\/secure.gravatar.com\/avatar\/420aaf9278582877d9018637c6817617705899d2858d7572ef0fe59a6b6454b4?s=96&d=mm&r=g","contentUrl":"https:\/\/secure.gravatar.com\/avatar\/420aaf9278582877d9018637c6817617705899d2858d7572ef0fe59a6b6454b4?s=96&d=mm&r=g","caption":"Canal Dana"},"url":"https:\/\/dana.com.br\/canaldana\/author\/cdeditor\/"}]}},"_links":{"self":[{"href":"https:\/\/dana.com.br\/canaldana\/wp-json\/wp\/v2\/posts\/46453","targetHints":{"allow":["GET"]}}],"collection":[{"href":"https:\/\/dana.com.br\/canaldana\/wp-json\/wp\/v2\/posts"}],"about":[{"href":"https:\/\/dana.com.br\/canaldana\/wp-json\/wp\/v2\/types\/post"}],"author":[{"embeddable":true,"href":"https:\/\/dana.com.br\/canaldana\/wp-json\/wp\/v2\/users\/3"}],"replies":[{"embeddable":true,"href":"https:\/\/dana.com.br\/canaldana\/wp-json\/wp\/v2\/comments?post=46453"}],"version-history":[{"count":0,"href":"https:\/\/dana.com.br\/canaldana\/wp-json\/wp\/v2\/posts\/46453\/revisions"}],"wp:attachment":[{"href":"https:\/\/dana.com.br\/canaldana\/wp-json\/wp\/v2\/media?parent=46453"}],"wp:term":[{"taxonomy":"category","embeddable":true,"href":"https:\/\/dana.com.br\/canaldana\/wp-json\/wp\/v2\/categories?post=46453"},{"taxonomy":"post_tag","embeddable":true,"href":"https:\/\/dana.com.br\/canaldana\/wp-json\/wp\/v2\/tags?post=46453"}],"curies":[{"name":"wp","href":"https:\/\/api.w.org\/{rel}","templated":true}]}}