{"id":46448,"date":"2020-11-25T08:33:52","date_gmt":"2020-11-25T11:33:52","guid":{"rendered":"https:\/\/dana.com.br\/canaldana\/?p=46448"},"modified":"2020-11-25T08:33:52","modified_gmt":"2020-11-25T11:33:52","slug":"inda-preve-crescimento-de-8-das-vendas-de-aco-em-2020","status":"publish","type":"post","link":"https:\/\/dana.com.br\/canaldana\/2020\/11\/25\/inda-preve-crescimento-de-8-das-vendas-de-aco-em-2020\/","title":{"rendered":"Inda prev\u00ea crescimento de 8% das vendas de a\u00e7o em 2020"},"content":{"rendered":"<p><em>Dinheiro Rural\/Ag\u00eancia Estado<\/em><\/p>\n<p>&nbsp;<\/p>\n<p>Os distribuidores de a\u00e7o preveem crescimento de 8% nas vendas neste ano. O presidente do Instituto Nacional dos Distribuidores de A\u00e7o (Inda), Carlos Loureiro, diz que apesar da pandemia, o segundo semestre est\u00e1 sendo bem robusto, compensando as perdas registradas nos primeiros trimestres, bem no auge da crise.<\/p>\n<p>&nbsp;<\/p>\n<p>\u201cMesmo com previs\u00e3o de queda de 5% nas vendas agora em novembro, se comparado com o mesmo per\u00edodo do ano anterior, a alta \u00e9 expressiva, de 20% em rela\u00e7\u00e3o a novembro do ano passado. Ent\u00e3o, avan\u00e7ar 8% no ano ser\u00e1 excelente, considerando que o PIB brasileiro cair\u00e1 cerca de 4%\u201d, afirma.<\/p>\n<p>&nbsp;<\/p>\n<p>Em outubro, as compras dos distribuidores de a\u00e7o do Pa\u00eds subiram 9,4% na compara\u00e7\u00e3o com setembro, com volume total de 346,5 mil toneladas. Em rela\u00e7\u00e3o a outubro do ano passado (299 mil toneladas), houve avan\u00e7o de 15,9%. As vendas de a\u00e7os planos em outubro ca\u00edram 7,8% quando comparadas a setembro, atingindo 371,7 mil toneladas. Sobre o mesmo m\u00eas do ano passado, quando foram vendidas 317,7 mil toneladas, foi registrada alta de 17%.<\/p>\n<p>&nbsp;<\/p>\n<p>Loureiro explica que o aumento da renda no campo, de 37%, influenciou os resultados em outubro. Varejo e servi\u00e7os foram muito prejudicados com a paralisa\u00e7\u00e3o das atividades provocada pelo coronav\u00edrus, mas as receitas obtidas com a venda de gr\u00e3os subiram bastante. Ele diz que as vendas de a\u00e7o para o setor de autope\u00e7as tamb\u00e9m subiram bastante, assim como para constru\u00e7\u00e3o civil. Tamb\u00e9m continuou forte o segmento de energia e\u00f3lica, que consome bastante a\u00e7o para a fabrica\u00e7\u00e3o das torres (as p\u00e1s e\u00f3licas s\u00e3o feitas de resinas).<\/p>\n<p>&nbsp;<\/p>\n<p><strong>Estoques<\/strong><\/p>\n<p>&nbsp;<\/p>\n<p>Em n\u00fameros absolutos, o estoque de outubro caiu 3,6% em rela\u00e7\u00e3o ao m\u00eas anterior, atingindo o montante de 678,3 mil toneladas contra 703,5 mil toneladas. O giro de estoque fechou em alta com 1,8 m\u00eas.<\/p>\n<p>&nbsp;<\/p>\n<p>\u201cEm setembro e come\u00e7o de outubro houve desespero pela compra. Todo mundo quis comprar mais do que precisava pra n\u00e3o correr o risco de n\u00e3o ter o produto. Isso gerou essa sensa\u00e7\u00e3o de falta de estoque, mas n\u00e3o tivemos informa\u00e7\u00e3o de que parou porque n\u00e3o teve a\u00e7o\u201d, comenta.<\/p>\n<p>&nbsp;<\/p>\n<p>Loureiro diz que o ideal \u00e9 que o estoque seja equivalente a 2,5 meses ou 3 meses de venda e o abastecimento deve se normalizar mesmo com as paradas nas usinas previstas para dezembro, quando ocorrer\u00e3o f\u00e9rias coletivas dos trabalhadores ap\u00f3s o dia 20. A expectativa \u00e9 que at\u00e9 o final de janeiro tudo esteja normalizado.<\/p>\n<p>&nbsp;<\/p>\n<p><strong>Aumento de pre\u00e7os<\/strong><\/p>\n<p>&nbsp;<\/p>\n<p>O aumento de pre\u00e7os est\u00e1 em discuss\u00e3o com a ind\u00fastria, mas Loureiro n\u00e3o d\u00e1 como certos os reajustes. Ele diz que os pre\u00e7os j\u00e1 subiram muito este ano, entre 60% e 70%, e que pode n\u00e3o haver espa\u00e7o para novas altas, apesar de o pre\u00e7o internacional da commodity estar em eleva\u00e7\u00e3o e o c\u00e2mbio estar muito \u201cesticado\u201d.<\/p>\n<p>&nbsp;<\/p>\n<p>Ontem, a Companhia Sider\u00fargica Nacional (CSN) informou com exclusividade ao Broadcast que vai aumentar em 10% o pre\u00e7o do a\u00e7o plano (laminados e folhas met\u00e1licas) a partir de 1\u00ba de dezembro. O a\u00e7o longo (vergalh\u00f5es) ser\u00e1 reajustado em 12%. Os principais clientes da companhia j\u00e1 foram informados. Para as montadoras de autom\u00f3veis, que negociam separadamente e apenas uma vez por ano, o reajuste ainda est\u00e1 sendo negociado, mas deve ficar em 35%, no m\u00ednimo, segundo Luis Fernando Martinez, diretor executivo da CSN. (Dinheiro Rural\/Ag\u00eancia Estado)<\/p>\n","protected":false},"excerpt":{"rendered":"<p>Dinheiro Rural\/Ag\u00eancia Estado &nbsp; Os distribuidores de a\u00e7o preveem crescimento de 8% nas vendas neste ano. O presidente do Instituto Nacional dos Distribuidores de A\u00e7o (Inda), Carlos Loureiro, diz que apesar da pandemia, o segundo semestre est\u00e1 sendo bem robusto, compensando as perdas registradas nos primeiros trimestres, bem no auge da crise. &nbsp; \u201cMesmo com\u2026 <a class=\"readmore\" href=\"https:\/\/dana.com.br\/canaldana\/2020\/11\/25\/inda-preve-crescimento-de-8-das-vendas-de-aco-em-2020\/\">Leia mais \u00bb<\/a><\/p>\n","protected":false},"author":3,"featured_media":0,"comment_status":"closed","ping_status":"closed","sticky":false,"template":"","format":"standard","meta":{"_acf_changed":false,"footnotes":""},"categories":[79],"tags":[],"class_list":["post-46448","post","type-post","status-publish","format-standard","hentry","category-mercado"],"acf":[],"yoast_head":"<!-- This site is optimized with the Yoast SEO plugin v27.3 - https:\/\/yoast.com\/product\/yoast-seo-wordpress\/ -->\n<title>Inda prev\u00ea crescimento de 8% das vendas de a\u00e7o em 2020 - Canal Dana<\/title>\n<meta name=\"robots\" content=\"index, follow, max-snippet:-1, max-image-preview:large, max-video-preview:-1\" \/>\n<link rel=\"canonical\" href=\"https:\/\/dana.com.br\/canaldana\/2020\/11\/25\/inda-preve-crescimento-de-8-das-vendas-de-aco-em-2020\/\" \/>\n<meta property=\"og:locale\" content=\"pt_BR\" \/>\n<meta property=\"og:type\" content=\"article\" \/>\n<meta property=\"og:title\" content=\"Inda prev\u00ea crescimento de 8% das vendas de a\u00e7o em 2020 - Canal Dana\" \/>\n<meta property=\"og:description\" content=\"Dinheiro Rural\/Ag\u00eancia Estado &nbsp; Os distribuidores de a\u00e7o preveem crescimento de 8% nas vendas neste ano. O presidente do Instituto Nacional dos Distribuidores de A\u00e7o (Inda), Carlos Loureiro, diz que apesar da pandemia, o segundo semestre est\u00e1 sendo bem robusto, compensando as perdas registradas nos primeiros trimestres, bem no auge da crise. &nbsp; \u201cMesmo com\u2026 Leia mais \u00bb\" \/>\n<meta property=\"og:url\" content=\"https:\/\/dana.com.br\/canaldana\/2020\/11\/25\/inda-preve-crescimento-de-8-das-vendas-de-aco-em-2020\/\" \/>\n<meta property=\"og:site_name\" content=\"Canal Dana\" \/>\n<meta property=\"article:published_time\" content=\"2020-11-25T11:33:52+00:00\" \/>\n<meta name=\"author\" content=\"Canal Dana\" \/>\n<meta name=\"twitter:card\" content=\"summary_large_image\" \/>\n<meta name=\"twitter:label1\" content=\"Escrito por\" \/>\n\t<meta name=\"twitter:data1\" content=\"Canal Dana\" \/>\n\t<meta name=\"twitter:label2\" content=\"Est. tempo de leitura\" \/>\n\t<meta name=\"twitter:data2\" content=\"3 minutos\" \/>\n<script type=\"application\/ld+json\" class=\"yoast-schema-graph\">{\"@context\":\"https:\\\/\\\/schema.org\",\"@graph\":[{\"@type\":\"Article\",\"@id\":\"https:\\\/\\\/dana.com.br\\\/canaldana\\\/2020\\\/11\\\/25\\\/inda-preve-crescimento-de-8-das-vendas-de-aco-em-2020\\\/#article\",\"isPartOf\":{\"@id\":\"https:\\\/\\\/dana.com.br\\\/canaldana\\\/2020\\\/11\\\/25\\\/inda-preve-crescimento-de-8-das-vendas-de-aco-em-2020\\\/\"},\"author\":{\"name\":\"Canal Dana\",\"@id\":\"https:\\\/\\\/dana.com.br\\\/canaldana\\\/#\\\/schema\\\/person\\\/3c21f22f56fcf3bc46b94bc60ea4fef6\"},\"headline\":\"Inda prev\u00ea crescimento de 8% das vendas de a\u00e7o em 2020\",\"datePublished\":\"2020-11-25T11:33:52+00:00\",\"mainEntityOfPage\":{\"@id\":\"https:\\\/\\\/dana.com.br\\\/canaldana\\\/2020\\\/11\\\/25\\\/inda-preve-crescimento-de-8-das-vendas-de-aco-em-2020\\\/\"},\"wordCount\":603,\"articleSection\":[\"Mercado\"],\"inLanguage\":\"pt-BR\"},{\"@type\":\"WebPage\",\"@id\":\"https:\\\/\\\/dana.com.br\\\/canaldana\\\/2020\\\/11\\\/25\\\/inda-preve-crescimento-de-8-das-vendas-de-aco-em-2020\\\/\",\"url\":\"https:\\\/\\\/dana.com.br\\\/canaldana\\\/2020\\\/11\\\/25\\\/inda-preve-crescimento-de-8-das-vendas-de-aco-em-2020\\\/\",\"name\":\"Inda prev\u00ea crescimento de 8% das vendas de a\u00e7o em 2020 - Canal Dana\",\"isPartOf\":{\"@id\":\"https:\\\/\\\/dana.com.br\\\/canaldana\\\/#website\"},\"datePublished\":\"2020-11-25T11:33:52+00:00\",\"author\":{\"@id\":\"https:\\\/\\\/dana.com.br\\\/canaldana\\\/#\\\/schema\\\/person\\\/3c21f22f56fcf3bc46b94bc60ea4fef6\"},\"breadcrumb\":{\"@id\":\"https:\\\/\\\/dana.com.br\\\/canaldana\\\/2020\\\/11\\\/25\\\/inda-preve-crescimento-de-8-das-vendas-de-aco-em-2020\\\/#breadcrumb\"},\"inLanguage\":\"pt-BR\",\"potentialAction\":[{\"@type\":\"ReadAction\",\"target\":[\"https:\\\/\\\/dana.com.br\\\/canaldana\\\/2020\\\/11\\\/25\\\/inda-preve-crescimento-de-8-das-vendas-de-aco-em-2020\\\/\"]}]},{\"@type\":\"BreadcrumbList\",\"@id\":\"https:\\\/\\\/dana.com.br\\\/canaldana\\\/2020\\\/11\\\/25\\\/inda-preve-crescimento-de-8-das-vendas-de-aco-em-2020\\\/#breadcrumb\",\"itemListElement\":[{\"@type\":\"ListItem\",\"position\":1,\"name\":\"Home\",\"item\":\"https:\\\/\\\/dana.com.br\\\/canaldana\\\/\"},{\"@type\":\"ListItem\",\"position\":2,\"name\":\"Mercado\",\"item\":\"https:\\\/\\\/dana.com.br\\\/canaldana\\\/mercado\\\/\"},{\"@type\":\"ListItem\",\"position\":3,\"name\":\"Inda prev\u00ea crescimento de 8% das vendas de a\u00e7o em 2020\"}]},{\"@type\":\"WebSite\",\"@id\":\"https:\\\/\\\/dana.com.br\\\/canaldana\\\/#website\",\"url\":\"https:\\\/\\\/dana.com.br\\\/canaldana\\\/\",\"name\":\"Canal Dana\",\"description\":\"Informativo com as principais not\u00edcias da ind\u00fastria automotiva\",\"potentialAction\":[{\"@type\":\"SearchAction\",\"target\":{\"@type\":\"EntryPoint\",\"urlTemplate\":\"https:\\\/\\\/dana.com.br\\\/canaldana\\\/?s={search_term_string}\"},\"query-input\":{\"@type\":\"PropertyValueSpecification\",\"valueRequired\":true,\"valueName\":\"search_term_string\"}}],\"inLanguage\":\"pt-BR\"},{\"@type\":\"Person\",\"@id\":\"https:\\\/\\\/dana.com.br\\\/canaldana\\\/#\\\/schema\\\/person\\\/3c21f22f56fcf3bc46b94bc60ea4fef6\",\"name\":\"Canal Dana\",\"image\":{\"@type\":\"ImageObject\",\"inLanguage\":\"pt-BR\",\"@id\":\"https:\\\/\\\/secure.gravatar.com\\\/avatar\\\/420aaf9278582877d9018637c6817617705899d2858d7572ef0fe59a6b6454b4?s=96&d=mm&r=g\",\"url\":\"https:\\\/\\\/secure.gravatar.com\\\/avatar\\\/420aaf9278582877d9018637c6817617705899d2858d7572ef0fe59a6b6454b4?s=96&d=mm&r=g\",\"contentUrl\":\"https:\\\/\\\/secure.gravatar.com\\\/avatar\\\/420aaf9278582877d9018637c6817617705899d2858d7572ef0fe59a6b6454b4?s=96&d=mm&r=g\",\"caption\":\"Canal Dana\"},\"url\":\"https:\\\/\\\/dana.com.br\\\/canaldana\\\/author\\\/cdeditor\\\/\"}]}<\/script>\n<!-- \/ Yoast SEO plugin. -->","yoast_head_json":{"title":"Inda prev\u00ea crescimento de 8% das vendas de a\u00e7o em 2020 - Canal Dana","robots":{"index":"index","follow":"follow","max-snippet":"max-snippet:-1","max-image-preview":"max-image-preview:large","max-video-preview":"max-video-preview:-1"},"canonical":"https:\/\/dana.com.br\/canaldana\/2020\/11\/25\/inda-preve-crescimento-de-8-das-vendas-de-aco-em-2020\/","og_locale":"pt_BR","og_type":"article","og_title":"Inda prev\u00ea crescimento de 8% das vendas de a\u00e7o em 2020 - Canal Dana","og_description":"Dinheiro Rural\/Ag\u00eancia Estado &nbsp; Os distribuidores de a\u00e7o preveem crescimento de 8% nas vendas neste ano. O presidente do Instituto Nacional dos Distribuidores de A\u00e7o (Inda), Carlos Loureiro, diz que apesar da pandemia, o segundo semestre est\u00e1 sendo bem robusto, compensando as perdas registradas nos primeiros trimestres, bem no auge da crise. &nbsp; \u201cMesmo com\u2026 Leia mais \u00bb","og_url":"https:\/\/dana.com.br\/canaldana\/2020\/11\/25\/inda-preve-crescimento-de-8-das-vendas-de-aco-em-2020\/","og_site_name":"Canal Dana","article_published_time":"2020-11-25T11:33:52+00:00","author":"Canal Dana","twitter_card":"summary_large_image","twitter_misc":{"Escrito por":"Canal Dana","Est. tempo de leitura":"3 minutos"},"schema":{"@context":"https:\/\/schema.org","@graph":[{"@type":"Article","@id":"https:\/\/dana.com.br\/canaldana\/2020\/11\/25\/inda-preve-crescimento-de-8-das-vendas-de-aco-em-2020\/#article","isPartOf":{"@id":"https:\/\/dana.com.br\/canaldana\/2020\/11\/25\/inda-preve-crescimento-de-8-das-vendas-de-aco-em-2020\/"},"author":{"name":"Canal Dana","@id":"https:\/\/dana.com.br\/canaldana\/#\/schema\/person\/3c21f22f56fcf3bc46b94bc60ea4fef6"},"headline":"Inda prev\u00ea crescimento de 8% das vendas de a\u00e7o em 2020","datePublished":"2020-11-25T11:33:52+00:00","mainEntityOfPage":{"@id":"https:\/\/dana.com.br\/canaldana\/2020\/11\/25\/inda-preve-crescimento-de-8-das-vendas-de-aco-em-2020\/"},"wordCount":603,"articleSection":["Mercado"],"inLanguage":"pt-BR"},{"@type":"WebPage","@id":"https:\/\/dana.com.br\/canaldana\/2020\/11\/25\/inda-preve-crescimento-de-8-das-vendas-de-aco-em-2020\/","url":"https:\/\/dana.com.br\/canaldana\/2020\/11\/25\/inda-preve-crescimento-de-8-das-vendas-de-aco-em-2020\/","name":"Inda prev\u00ea crescimento de 8% das vendas de a\u00e7o em 2020 - Canal Dana","isPartOf":{"@id":"https:\/\/dana.com.br\/canaldana\/#website"},"datePublished":"2020-11-25T11:33:52+00:00","author":{"@id":"https:\/\/dana.com.br\/canaldana\/#\/schema\/person\/3c21f22f56fcf3bc46b94bc60ea4fef6"},"breadcrumb":{"@id":"https:\/\/dana.com.br\/canaldana\/2020\/11\/25\/inda-preve-crescimento-de-8-das-vendas-de-aco-em-2020\/#breadcrumb"},"inLanguage":"pt-BR","potentialAction":[{"@type":"ReadAction","target":["https:\/\/dana.com.br\/canaldana\/2020\/11\/25\/inda-preve-crescimento-de-8-das-vendas-de-aco-em-2020\/"]}]},{"@type":"BreadcrumbList","@id":"https:\/\/dana.com.br\/canaldana\/2020\/11\/25\/inda-preve-crescimento-de-8-das-vendas-de-aco-em-2020\/#breadcrumb","itemListElement":[{"@type":"ListItem","position":1,"name":"Home","item":"https:\/\/dana.com.br\/canaldana\/"},{"@type":"ListItem","position":2,"name":"Mercado","item":"https:\/\/dana.com.br\/canaldana\/mercado\/"},{"@type":"ListItem","position":3,"name":"Inda prev\u00ea crescimento de 8% das vendas de a\u00e7o em 2020"}]},{"@type":"WebSite","@id":"https:\/\/dana.com.br\/canaldana\/#website","url":"https:\/\/dana.com.br\/canaldana\/","name":"Canal Dana","description":"Informativo com as principais not\u00edcias da ind\u00fastria automotiva","potentialAction":[{"@type":"SearchAction","target":{"@type":"EntryPoint","urlTemplate":"https:\/\/dana.com.br\/canaldana\/?s={search_term_string}"},"query-input":{"@type":"PropertyValueSpecification","valueRequired":true,"valueName":"search_term_string"}}],"inLanguage":"pt-BR"},{"@type":"Person","@id":"https:\/\/dana.com.br\/canaldana\/#\/schema\/person\/3c21f22f56fcf3bc46b94bc60ea4fef6","name":"Canal Dana","image":{"@type":"ImageObject","inLanguage":"pt-BR","@id":"https:\/\/secure.gravatar.com\/avatar\/420aaf9278582877d9018637c6817617705899d2858d7572ef0fe59a6b6454b4?s=96&d=mm&r=g","url":"https:\/\/secure.gravatar.com\/avatar\/420aaf9278582877d9018637c6817617705899d2858d7572ef0fe59a6b6454b4?s=96&d=mm&r=g","contentUrl":"https:\/\/secure.gravatar.com\/avatar\/420aaf9278582877d9018637c6817617705899d2858d7572ef0fe59a6b6454b4?s=96&d=mm&r=g","caption":"Canal Dana"},"url":"https:\/\/dana.com.br\/canaldana\/author\/cdeditor\/"}]}},"_links":{"self":[{"href":"https:\/\/dana.com.br\/canaldana\/wp-json\/wp\/v2\/posts\/46448","targetHints":{"allow":["GET"]}}],"collection":[{"href":"https:\/\/dana.com.br\/canaldana\/wp-json\/wp\/v2\/posts"}],"about":[{"href":"https:\/\/dana.com.br\/canaldana\/wp-json\/wp\/v2\/types\/post"}],"author":[{"embeddable":true,"href":"https:\/\/dana.com.br\/canaldana\/wp-json\/wp\/v2\/users\/3"}],"replies":[{"embeddable":true,"href":"https:\/\/dana.com.br\/canaldana\/wp-json\/wp\/v2\/comments?post=46448"}],"version-history":[{"count":0,"href":"https:\/\/dana.com.br\/canaldana\/wp-json\/wp\/v2\/posts\/46448\/revisions"}],"wp:attachment":[{"href":"https:\/\/dana.com.br\/canaldana\/wp-json\/wp\/v2\/media?parent=46448"}],"wp:term":[{"taxonomy":"category","embeddable":true,"href":"https:\/\/dana.com.br\/canaldana\/wp-json\/wp\/v2\/categories?post=46448"},{"taxonomy":"post_tag","embeddable":true,"href":"https:\/\/dana.com.br\/canaldana\/wp-json\/wp\/v2\/tags?post=46448"}],"curies":[{"name":"wp","href":"https:\/\/api.w.org\/{rel}","templated":true}]}}