{"id":46372,"date":"2020-11-23T08:38:06","date_gmt":"2020-11-23T11:38:06","guid":{"rendered":"https:\/\/dana.com.br\/canaldana\/?p=46372"},"modified":"2020-11-23T08:38:06","modified_gmt":"2020-11-23T11:38:06","slug":"com-ajuda-do-cambio-demanda-alta-e-safra-recorde-renda-no-campo-sobe-37","status":"publish","type":"post","link":"https:\/\/dana.com.br\/canaldana\/2020\/11\/23\/com-ajuda-do-cambio-demanda-alta-e-safra-recorde-renda-no-campo-sobe-37\/","title":{"rendered":"Com ajuda do c\u00e2mbio, demanda alta e safra recorde, renda no campo sobe 37%"},"content":{"rendered":"<p><em>O Estado de S. Paulo<\/em><\/p>\n<p>&nbsp;<\/p>\n<p>Enquanto a ind\u00fastria, varejo e os servi\u00e7os ainda mal conseguiram se recompor do baque provocado pela paralisa\u00e7\u00e3o da atividade em raz\u00e3o da covid-19, o campo comemora crescimento de quase 40% na receita obtida com a venda de gr\u00e3os. Produ\u00e7\u00e3o recorde de mais de 250 milh\u00f5es de toneladas, forte demanda externa puxada pela China e outros pa\u00edses asi\u00e1ticos, pre\u00e7os internacionais da soja e do milho historicamente elevados e, principalmente, a desvaloriza\u00e7\u00e3o de mais de 30% do c\u00e2mbio neste ano explicam a grande inje\u00e7\u00e3o de recursos no campo.<\/p>\n<p>&nbsp;<\/p>\n<p>\u201cFoi o alinhamento perfeito dos astros\u201d, diz o economista Fabio Silveira, s\u00f3cio da Macrosector, a respeito dessa combina\u00e7\u00e3o favor\u00e1vel de fatores que sustenta esse resultado. A pedido do Estad\u00e3o, o economista projetou quanto os agricultores devem embolsar neste ano. Ser\u00e3o R$ 347,2 bilh\u00f5es com a venda das safras de soja, milho, arroz, feij\u00e3o, trigo, algod\u00e3o e outros gr\u00e3os, levando em conta dados de produ\u00e7\u00e3o do Instituto Brasileiro de Geografia e Estat\u00edstica (IBGE) e pre\u00e7os apurados pela Funda\u00e7\u00e3o Getulio Vargas (FGV), secretarias de agricultura e cotados na Bolsa de Cereais, entre outras fontes. \u00c9 uma cifra 37,4% maior que em 2019, o maior crescimento em quase 20 anos. S\u00f3 perde para 2003, quando o avan\u00e7o na receita beirou 50%, tamb\u00e9m impulsionada pela desvaloriza\u00e7\u00e3o do c\u00e2mbio.<\/p>\n<p>&nbsp;<\/p>\n<p>Essa montanha de dinheiro se espalha pelas pequenas cidades do interior do Pa\u00eds ligadas ao agroneg\u00f3cio e muda o ritmo de atividade econ\u00f4mica desses munic\u00edpios. O movimento \u00e9 mais n\u00edtido sobretudo nos estados do Paran\u00e1, Goi\u00e1s e Mato Grosso, fortes na produ\u00e7\u00e3o de soja e milho e que registraram, de acordo com o estudo da consultoria, os maiores avan\u00e7os nas receitas. O Paran\u00e1 foi o que mais ampliou a receita agr\u00edcola de gr\u00e3os este ano, com avan\u00e7o de 53,8%, seguido por Goi\u00e1s (36,3%) e Mato Grosso (33,2%). J\u00e1 o Rio Grande do Sul ficou na lanterna, com avan\u00e7o de 3,4%, por conta da quebra na safra.<\/p>\n<p>&nbsp;<\/p>\n<p>Em Ponta Grossa, que fica na regi\u00e3o de Campos Gerais, onde est\u00e3o as lavouras mais ricas do Paran\u00e1, h\u00e1 fila de espera de at\u00e9 90 dias para comprar caminhonete zero quil\u00f4metro em pelo menos quatro concession\u00e1rias de marcas diferentes. O ve\u00edculo pode custar at\u00e9 R$ 215 mil.<\/p>\n<p>&nbsp;<\/p>\n<p>S\u00f3 a produtora Ana Terezinha Slusarz, que cultiva 1,4 mil hectares com soja, milho, trigo, aveia e feij\u00e3o nos munic\u00edpios de Ponta Grossa e Tibagi (PR), comprou duas picapes com os ganhos da safra 2020. Outra parte do lucro investiu na aquisi\u00e7\u00e3o de dois im\u00f3veis e adquiriu v\u00e1rios equipamentos agr\u00edcolas. \u201cEste ano colhi muito bem e fiquei impressionada com os pre\u00e7os bons\u201d, diz. H\u00e1 13 anos Ana toca as fazendas que foram conduzidas pelo pai por mais de 30 anos.<\/p>\n<p>&nbsp;<\/p>\n<p>A cota\u00e7\u00e3o da saca de soja, hoje na faixa de R$ 170, \u00e9 o dobro em rela\u00e7\u00e3o h\u00e1 um ano e est\u00e1 em n\u00edveis recordes. No milho, o quadro n\u00e3o \u00e9 diferente. O pre\u00e7o da saca do gr\u00e3o em 2019 girou em torno de R$ 35 e, neste ano, a m\u00e9dia \u00e9 R$ 66. Pela proximidade do porto, os gr\u00e3os produzidos no Paran\u00e1 t\u00eam pre\u00e7os maiores do que em outros Estados agr\u00edcolas e isso amplia a renda dos produtores. \u201cTanto o milho como a soja est\u00e3o indo muito bem\u201d, diz Edmar Gerv\u00e1sio, analista da Secretaria da Agricultura do Paran\u00e1.<\/p>\n<p>&nbsp;<\/p>\n<p>Como a cota\u00e7\u00e3o dessas commodities \u00e9 definida no mercado internacional e em d\u00f3lar, a desvaloriza\u00e7\u00e3o cambial aumenta o pre\u00e7o do produto em reais e coloca mais dinheiro para girar nas cidades do interior.<\/p>\n<p>&nbsp;<\/p>\n<p><strong>Impacto<\/strong><\/p>\n<p>&nbsp;<\/p>\n<p>No Paran\u00e1, o peso do campo na economia dos 399 munic\u00edpios \u00e9 significativo. A agropecu\u00e1ria responde, em m\u00e9dia, por mais da metade (52%) da gera\u00e7\u00e3o de riqueza das cidades, aponta um estudo do economista Luiz Eliezer Ferreira, da Federa\u00e7\u00e3o da Agricultura do Estado do Paran\u00e1 (Faep). Ele chegou a essa conclus\u00e3o a partir de dados oficiais da Secretaria da Fazenda. \u201cQuando h\u00e1 um boom de pre\u00e7os das commodities, a riqueza transborda e se espalha pelas cidades do interior\u201d, diz.<\/p>\n<p>&nbsp;<\/p>\n<p>Atr\u00e1s dessa riqueza, o Magazine Luiza come\u00e7ou a formar este ano grupos de cons\u00f3rcio para gerar cartas de cr\u00e9dito destinadas \u00e0 compra de m\u00e1quinas agr\u00edcolas, de terras, constru\u00e7\u00e3o de silos, servi\u00e7os de pulveriza\u00e7\u00e3o de lavouras, entre outras finalidades. No segmento de ve\u00edculos pesados, que envolve m\u00e1quinas agr\u00edcolas, o cons\u00f3rcio cresceu 183% este ano.<\/p>\n<p>&nbsp;<\/p>\n<p>Claudio Ribeiro, gerente da divis\u00e3o de vendas do cons\u00f3rcio Magalu nos tr\u00eas Estados do Sul, diz que o mercado de produtos e servi\u00e7os para o agroneg\u00f3cio sempre esteve no radar. \u201cMas, neste ano, realmente o nosso foco se abriu para esse mercado em expans\u00e3o.\u201d A empresa, que nunca teve lojas f\u00edsicas pr\u00f3prias exclusivas para o cons\u00f3rcio, j\u00e1 abriu desde janeiro tr\u00eas no Paran\u00e1. At\u00e9 dezembro, planeja inaugurar mais sete no Estado. \u201cNas pra\u00e7as aonde a receita vem da agricultura, a inadimpl\u00eancia \u00e9 baixa.\u201d<\/p>\n<p>&nbsp;<\/p>\n<p><strong>Empregos<\/strong><\/p>\n<p>&nbsp;<\/p>\n<p>Embora a agricultura n\u00e3o seja um setor que gere tantos empregos quanto o com\u00e9rcio e os servi\u00e7os, a riqueza criada dentro da porteira se espalha, movimenta a economia dos munic\u00edpios do interior do Pa\u00eds e acaba gerando contrata\u00e7\u00f5es em outros segmentos.<\/p>\n<p>&nbsp;<\/p>\n<p>Um levantamento feito pelo economista-chefe da Confedera\u00e7\u00e3o Nacional do Com\u00e9rcio de Bens, Servi\u00e7os e Turismo (CNC), Fabio Bentes, revela que, entre os cem munic\u00edpios que mais ampliaram a quantidade de postos formais de trabalho neste ano at\u00e9 setembro, 26 est\u00e3o nos tr\u00eas Estados que tamb\u00e9m mais expandiram a receita agr\u00edcola na safra 2019\/2020.<\/p>\n<p>&nbsp;<\/p>\n<p>Em primeiro lugar, est\u00e1 o Paran\u00e1, com 11 cidades; depois Goi\u00e1s, com 9; e Mato Grosso, com 6 munic\u00edpios. O relevante \u00e9 que o Paran\u00e1 foi o Estado que registrou, segundo estudo da MacroSector Consultores, o maior avan\u00e7o na receita de gr\u00e3os este ano (53,8%), seguido por Goi\u00e1s (36,3%) e Mato Grosso (33,2).<\/p>\n<p>&nbsp;<\/p>\n<p>Para chegar a esse resultado, Bentes considerou o estoque de emprego formal dos munic\u00edpios pela Rela\u00e7\u00e3o Anual de Informa\u00e7\u00f5es Sociais, do Minist\u00e9rio da Economia, e cruzou essas informa\u00e7\u00f5es com os micros dados do Cadastro Geral de Empregados e Desempregados (Caged) at\u00e9 setembro.<\/p>\n<p>&nbsp;<\/p>\n<p>Os tr\u00eas Estados respondem por 14% dos trabalhadores formais do Pa\u00eds. J\u00e1 entre os cem munic\u00edpios que mais expandiram o emprego neste ano, essa fatia sobe para 26%.<\/p>\n<p>&nbsp;<\/p>\n<p>Segundo Bentes, cidades que s\u00e3o fortes no agroneg\u00f3cio t\u00eam apresentado uma gera\u00e7\u00e3o de emprego acima da m\u00e9dia nacional. Na m\u00e9dia dos cem munic\u00edpios, o emprego formal cresceu 9,5% este ano. Em Ortigueira, com 22 mil habitantes, localizada na regi\u00e3o de Campos Gerais do Paran\u00e1, a expans\u00e3o do emprego foi de 33% no mesmo per\u00edodo. \u201c\u00c9 outro Brasil\u201d, diz o economista, se referindo ao dinamismo das cidades do interior. Enquanto isso, o Pa\u00eds como um todo deu marcha \u00e0 r\u00e9 e teve retra\u00e7\u00e3o de 1,5% a 2% no n\u00famero de vagas formais.<\/p>\n<p>&nbsp;<\/p>\n<p>O economista ressalta tamb\u00e9m que, na lista dos cem munic\u00edpios mais din\u00e2micos no emprego, n\u00e3o h\u00e1 capitais. \u201cIsso revela que a economia brasileira, hoje, depende mais do que nunca do agroneg\u00f3cio para n\u00e3o ter um desempenho ainda pior\u201d, diz Bentes. O agroneg\u00f3cio responde por cerca de um quarto do PIB. (O Estado de S. Paulo\/M\u00e1rcia De Chiara e Millena Sartori)<\/p>\n","protected":false},"excerpt":{"rendered":"<p>O Estado de S. Paulo &nbsp; Enquanto a ind\u00fastria, varejo e os servi\u00e7os ainda mal conseguiram se recompor do baque provocado pela paralisa\u00e7\u00e3o da atividade em raz\u00e3o da covid-19, o campo comemora crescimento de quase 40% na receita obtida com a venda de gr\u00e3os. Produ\u00e7\u00e3o recorde de mais de 250 milh\u00f5es de toneladas, forte demanda\u2026 <a class=\"readmore\" href=\"https:\/\/dana.com.br\/canaldana\/2020\/11\/23\/com-ajuda-do-cambio-demanda-alta-e-safra-recorde-renda-no-campo-sobe-37\/\">Leia mais \u00bb<\/a><\/p>\n","protected":false},"author":3,"featured_media":0,"comment_status":"closed","ping_status":"closed","sticky":false,"template":"","format":"standard","meta":{"_acf_changed":false,"footnotes":""},"categories":[79],"tags":[],"class_list":["post-46372","post","type-post","status-publish","format-standard","hentry","category-mercado"],"acf":[],"yoast_head":"<!-- This site is optimized with the Yoast SEO plugin v27.3 - https:\/\/yoast.com\/product\/yoast-seo-wordpress\/ -->\n<title>Com ajuda do c\u00e2mbio, demanda alta e safra recorde, renda no campo sobe 37% - Canal Dana<\/title>\n<meta name=\"robots\" content=\"index, follow, max-snippet:-1, max-image-preview:large, max-video-preview:-1\" \/>\n<link rel=\"canonical\" href=\"https:\/\/dana.com.br\/canaldana\/2020\/11\/23\/com-ajuda-do-cambio-demanda-alta-e-safra-recorde-renda-no-campo-sobe-37\/\" \/>\n<meta property=\"og:locale\" content=\"pt_BR\" \/>\n<meta property=\"og:type\" content=\"article\" \/>\n<meta property=\"og:title\" content=\"Com ajuda do c\u00e2mbio, demanda alta e safra recorde, renda no campo sobe 37% - Canal Dana\" \/>\n<meta property=\"og:description\" content=\"O Estado de S. Paulo &nbsp; Enquanto a ind\u00fastria, varejo e os servi\u00e7os ainda mal conseguiram se recompor do baque provocado pela paralisa\u00e7\u00e3o da atividade em raz\u00e3o da covid-19, o campo comemora crescimento de quase 40% na receita obtida com a venda de gr\u00e3os. Produ\u00e7\u00e3o recorde de mais de 250 milh\u00f5es de toneladas, forte demanda\u2026 Leia mais \u00bb\" \/>\n<meta property=\"og:url\" content=\"https:\/\/dana.com.br\/canaldana\/2020\/11\/23\/com-ajuda-do-cambio-demanda-alta-e-safra-recorde-renda-no-campo-sobe-37\/\" \/>\n<meta property=\"og:site_name\" content=\"Canal Dana\" \/>\n<meta property=\"article:published_time\" content=\"2020-11-23T11:38:06+00:00\" \/>\n<meta name=\"author\" content=\"Canal Dana\" \/>\n<meta name=\"twitter:card\" content=\"summary_large_image\" \/>\n<meta name=\"twitter:label1\" content=\"Escrito por\" \/>\n\t<meta name=\"twitter:data1\" content=\"Canal Dana\" \/>\n\t<meta name=\"twitter:label2\" content=\"Est. tempo de leitura\" \/>\n\t<meta name=\"twitter:data2\" content=\"6 minutos\" \/>\n<script type=\"application\/ld+json\" class=\"yoast-schema-graph\">{\"@context\":\"https:\\\/\\\/schema.org\",\"@graph\":[{\"@type\":\"Article\",\"@id\":\"https:\\\/\\\/dana.com.br\\\/canaldana\\\/2020\\\/11\\\/23\\\/com-ajuda-do-cambio-demanda-alta-e-safra-recorde-renda-no-campo-sobe-37\\\/#article\",\"isPartOf\":{\"@id\":\"https:\\\/\\\/dana.com.br\\\/canaldana\\\/2020\\\/11\\\/23\\\/com-ajuda-do-cambio-demanda-alta-e-safra-recorde-renda-no-campo-sobe-37\\\/\"},\"author\":{\"name\":\"Canal Dana\",\"@id\":\"https:\\\/\\\/dana.com.br\\\/canaldana\\\/#\\\/schema\\\/person\\\/3c21f22f56fcf3bc46b94bc60ea4fef6\"},\"headline\":\"Com ajuda do c\u00e2mbio, demanda alta e safra recorde, renda no campo sobe 37%\",\"datePublished\":\"2020-11-23T11:38:06+00:00\",\"mainEntityOfPage\":{\"@id\":\"https:\\\/\\\/dana.com.br\\\/canaldana\\\/2020\\\/11\\\/23\\\/com-ajuda-do-cambio-demanda-alta-e-safra-recorde-renda-no-campo-sobe-37\\\/\"},\"wordCount\":1298,\"articleSection\":[\"Mercado\"],\"inLanguage\":\"pt-BR\"},{\"@type\":\"WebPage\",\"@id\":\"https:\\\/\\\/dana.com.br\\\/canaldana\\\/2020\\\/11\\\/23\\\/com-ajuda-do-cambio-demanda-alta-e-safra-recorde-renda-no-campo-sobe-37\\\/\",\"url\":\"https:\\\/\\\/dana.com.br\\\/canaldana\\\/2020\\\/11\\\/23\\\/com-ajuda-do-cambio-demanda-alta-e-safra-recorde-renda-no-campo-sobe-37\\\/\",\"name\":\"Com ajuda do c\u00e2mbio, demanda alta e safra recorde, renda no campo sobe 37% - Canal Dana\",\"isPartOf\":{\"@id\":\"https:\\\/\\\/dana.com.br\\\/canaldana\\\/#website\"},\"datePublished\":\"2020-11-23T11:38:06+00:00\",\"author\":{\"@id\":\"https:\\\/\\\/dana.com.br\\\/canaldana\\\/#\\\/schema\\\/person\\\/3c21f22f56fcf3bc46b94bc60ea4fef6\"},\"breadcrumb\":{\"@id\":\"https:\\\/\\\/dana.com.br\\\/canaldana\\\/2020\\\/11\\\/23\\\/com-ajuda-do-cambio-demanda-alta-e-safra-recorde-renda-no-campo-sobe-37\\\/#breadcrumb\"},\"inLanguage\":\"pt-BR\",\"potentialAction\":[{\"@type\":\"ReadAction\",\"target\":[\"https:\\\/\\\/dana.com.br\\\/canaldana\\\/2020\\\/11\\\/23\\\/com-ajuda-do-cambio-demanda-alta-e-safra-recorde-renda-no-campo-sobe-37\\\/\"]}]},{\"@type\":\"BreadcrumbList\",\"@id\":\"https:\\\/\\\/dana.com.br\\\/canaldana\\\/2020\\\/11\\\/23\\\/com-ajuda-do-cambio-demanda-alta-e-safra-recorde-renda-no-campo-sobe-37\\\/#breadcrumb\",\"itemListElement\":[{\"@type\":\"ListItem\",\"position\":1,\"name\":\"Home\",\"item\":\"https:\\\/\\\/dana.com.br\\\/canaldana\\\/\"},{\"@type\":\"ListItem\",\"position\":2,\"name\":\"Mercado\",\"item\":\"https:\\\/\\\/dana.com.br\\\/canaldana\\\/mercado\\\/\"},{\"@type\":\"ListItem\",\"position\":3,\"name\":\"Com ajuda do c\u00e2mbio, demanda alta e safra recorde, renda no campo sobe 37%\"}]},{\"@type\":\"WebSite\",\"@id\":\"https:\\\/\\\/dana.com.br\\\/canaldana\\\/#website\",\"url\":\"https:\\\/\\\/dana.com.br\\\/canaldana\\\/\",\"name\":\"Canal Dana\",\"description\":\"Informativo com as principais not\u00edcias da ind\u00fastria automotiva\",\"potentialAction\":[{\"@type\":\"SearchAction\",\"target\":{\"@type\":\"EntryPoint\",\"urlTemplate\":\"https:\\\/\\\/dana.com.br\\\/canaldana\\\/?s={search_term_string}\"},\"query-input\":{\"@type\":\"PropertyValueSpecification\",\"valueRequired\":true,\"valueName\":\"search_term_string\"}}],\"inLanguage\":\"pt-BR\"},{\"@type\":\"Person\",\"@id\":\"https:\\\/\\\/dana.com.br\\\/canaldana\\\/#\\\/schema\\\/person\\\/3c21f22f56fcf3bc46b94bc60ea4fef6\",\"name\":\"Canal Dana\",\"image\":{\"@type\":\"ImageObject\",\"inLanguage\":\"pt-BR\",\"@id\":\"https:\\\/\\\/secure.gravatar.com\\\/avatar\\\/420aaf9278582877d9018637c6817617705899d2858d7572ef0fe59a6b6454b4?s=96&d=mm&r=g\",\"url\":\"https:\\\/\\\/secure.gravatar.com\\\/avatar\\\/420aaf9278582877d9018637c6817617705899d2858d7572ef0fe59a6b6454b4?s=96&d=mm&r=g\",\"contentUrl\":\"https:\\\/\\\/secure.gravatar.com\\\/avatar\\\/420aaf9278582877d9018637c6817617705899d2858d7572ef0fe59a6b6454b4?s=96&d=mm&r=g\",\"caption\":\"Canal Dana\"},\"url\":\"https:\\\/\\\/dana.com.br\\\/canaldana\\\/author\\\/cdeditor\\\/\"}]}<\/script>\n<!-- \/ Yoast SEO plugin. -->","yoast_head_json":{"title":"Com ajuda do c\u00e2mbio, demanda alta e safra recorde, renda no campo sobe 37% - Canal Dana","robots":{"index":"index","follow":"follow","max-snippet":"max-snippet:-1","max-image-preview":"max-image-preview:large","max-video-preview":"max-video-preview:-1"},"canonical":"https:\/\/dana.com.br\/canaldana\/2020\/11\/23\/com-ajuda-do-cambio-demanda-alta-e-safra-recorde-renda-no-campo-sobe-37\/","og_locale":"pt_BR","og_type":"article","og_title":"Com ajuda do c\u00e2mbio, demanda alta e safra recorde, renda no campo sobe 37% - Canal Dana","og_description":"O Estado de S. Paulo &nbsp; Enquanto a ind\u00fastria, varejo e os servi\u00e7os ainda mal conseguiram se recompor do baque provocado pela paralisa\u00e7\u00e3o da atividade em raz\u00e3o da covid-19, o campo comemora crescimento de quase 40% na receita obtida com a venda de gr\u00e3os. Produ\u00e7\u00e3o recorde de mais de 250 milh\u00f5es de toneladas, forte demanda\u2026 Leia mais \u00bb","og_url":"https:\/\/dana.com.br\/canaldana\/2020\/11\/23\/com-ajuda-do-cambio-demanda-alta-e-safra-recorde-renda-no-campo-sobe-37\/","og_site_name":"Canal Dana","article_published_time":"2020-11-23T11:38:06+00:00","author":"Canal Dana","twitter_card":"summary_large_image","twitter_misc":{"Escrito por":"Canal Dana","Est. tempo de leitura":"6 minutos"},"schema":{"@context":"https:\/\/schema.org","@graph":[{"@type":"Article","@id":"https:\/\/dana.com.br\/canaldana\/2020\/11\/23\/com-ajuda-do-cambio-demanda-alta-e-safra-recorde-renda-no-campo-sobe-37\/#article","isPartOf":{"@id":"https:\/\/dana.com.br\/canaldana\/2020\/11\/23\/com-ajuda-do-cambio-demanda-alta-e-safra-recorde-renda-no-campo-sobe-37\/"},"author":{"name":"Canal Dana","@id":"https:\/\/dana.com.br\/canaldana\/#\/schema\/person\/3c21f22f56fcf3bc46b94bc60ea4fef6"},"headline":"Com ajuda do c\u00e2mbio, demanda alta e safra recorde, renda no campo sobe 37%","datePublished":"2020-11-23T11:38:06+00:00","mainEntityOfPage":{"@id":"https:\/\/dana.com.br\/canaldana\/2020\/11\/23\/com-ajuda-do-cambio-demanda-alta-e-safra-recorde-renda-no-campo-sobe-37\/"},"wordCount":1298,"articleSection":["Mercado"],"inLanguage":"pt-BR"},{"@type":"WebPage","@id":"https:\/\/dana.com.br\/canaldana\/2020\/11\/23\/com-ajuda-do-cambio-demanda-alta-e-safra-recorde-renda-no-campo-sobe-37\/","url":"https:\/\/dana.com.br\/canaldana\/2020\/11\/23\/com-ajuda-do-cambio-demanda-alta-e-safra-recorde-renda-no-campo-sobe-37\/","name":"Com ajuda do c\u00e2mbio, demanda alta e safra recorde, renda no campo sobe 37% - Canal Dana","isPartOf":{"@id":"https:\/\/dana.com.br\/canaldana\/#website"},"datePublished":"2020-11-23T11:38:06+00:00","author":{"@id":"https:\/\/dana.com.br\/canaldana\/#\/schema\/person\/3c21f22f56fcf3bc46b94bc60ea4fef6"},"breadcrumb":{"@id":"https:\/\/dana.com.br\/canaldana\/2020\/11\/23\/com-ajuda-do-cambio-demanda-alta-e-safra-recorde-renda-no-campo-sobe-37\/#breadcrumb"},"inLanguage":"pt-BR","potentialAction":[{"@type":"ReadAction","target":["https:\/\/dana.com.br\/canaldana\/2020\/11\/23\/com-ajuda-do-cambio-demanda-alta-e-safra-recorde-renda-no-campo-sobe-37\/"]}]},{"@type":"BreadcrumbList","@id":"https:\/\/dana.com.br\/canaldana\/2020\/11\/23\/com-ajuda-do-cambio-demanda-alta-e-safra-recorde-renda-no-campo-sobe-37\/#breadcrumb","itemListElement":[{"@type":"ListItem","position":1,"name":"Home","item":"https:\/\/dana.com.br\/canaldana\/"},{"@type":"ListItem","position":2,"name":"Mercado","item":"https:\/\/dana.com.br\/canaldana\/mercado\/"},{"@type":"ListItem","position":3,"name":"Com ajuda do c\u00e2mbio, demanda alta e safra recorde, renda no campo sobe 37%"}]},{"@type":"WebSite","@id":"https:\/\/dana.com.br\/canaldana\/#website","url":"https:\/\/dana.com.br\/canaldana\/","name":"Canal Dana","description":"Informativo com as principais not\u00edcias da ind\u00fastria automotiva","potentialAction":[{"@type":"SearchAction","target":{"@type":"EntryPoint","urlTemplate":"https:\/\/dana.com.br\/canaldana\/?s={search_term_string}"},"query-input":{"@type":"PropertyValueSpecification","valueRequired":true,"valueName":"search_term_string"}}],"inLanguage":"pt-BR"},{"@type":"Person","@id":"https:\/\/dana.com.br\/canaldana\/#\/schema\/person\/3c21f22f56fcf3bc46b94bc60ea4fef6","name":"Canal Dana","image":{"@type":"ImageObject","inLanguage":"pt-BR","@id":"https:\/\/secure.gravatar.com\/avatar\/420aaf9278582877d9018637c6817617705899d2858d7572ef0fe59a6b6454b4?s=96&d=mm&r=g","url":"https:\/\/secure.gravatar.com\/avatar\/420aaf9278582877d9018637c6817617705899d2858d7572ef0fe59a6b6454b4?s=96&d=mm&r=g","contentUrl":"https:\/\/secure.gravatar.com\/avatar\/420aaf9278582877d9018637c6817617705899d2858d7572ef0fe59a6b6454b4?s=96&d=mm&r=g","caption":"Canal Dana"},"url":"https:\/\/dana.com.br\/canaldana\/author\/cdeditor\/"}]}},"_links":{"self":[{"href":"https:\/\/dana.com.br\/canaldana\/wp-json\/wp\/v2\/posts\/46372","targetHints":{"allow":["GET"]}}],"collection":[{"href":"https:\/\/dana.com.br\/canaldana\/wp-json\/wp\/v2\/posts"}],"about":[{"href":"https:\/\/dana.com.br\/canaldana\/wp-json\/wp\/v2\/types\/post"}],"author":[{"embeddable":true,"href":"https:\/\/dana.com.br\/canaldana\/wp-json\/wp\/v2\/users\/3"}],"replies":[{"embeddable":true,"href":"https:\/\/dana.com.br\/canaldana\/wp-json\/wp\/v2\/comments?post=46372"}],"version-history":[{"count":0,"href":"https:\/\/dana.com.br\/canaldana\/wp-json\/wp\/v2\/posts\/46372\/revisions"}],"wp:attachment":[{"href":"https:\/\/dana.com.br\/canaldana\/wp-json\/wp\/v2\/media?parent=46372"}],"wp:term":[{"taxonomy":"category","embeddable":true,"href":"https:\/\/dana.com.br\/canaldana\/wp-json\/wp\/v2\/categories?post=46372"},{"taxonomy":"post_tag","embeddable":true,"href":"https:\/\/dana.com.br\/canaldana\/wp-json\/wp\/v2\/tags?post=46372"}],"curies":[{"name":"wp","href":"https:\/\/api.w.org\/{rel}","templated":true}]}}