{"id":46362,"date":"2020-11-23T08:35:25","date_gmt":"2020-11-23T11:35:25","guid":{"rendered":"https:\/\/dana.com.br\/canaldana\/?p=46362"},"modified":"2020-11-23T08:35:25","modified_gmt":"2020-11-23T11:35:25","slug":"ford-anuncia-a-chegada-dos-caminhoes-da-serie-legacy-na-italia","status":"publish","type":"post","link":"https:\/\/dana.com.br\/canaldana\/2020\/11\/23\/ford-anuncia-a-chegada-dos-caminhoes-da-serie-legacy-na-italia\/","title":{"rendered":"Ford anuncia a chegada dos caminh\u00f5es da s\u00e9rie Legacy na It\u00e1lia"},"content":{"rendered":"<p><em>Brasil do Trecho<\/em><\/p>\n<p>&nbsp;<\/p>\n<p>H\u00e1 \u00f3timas not\u00edcias na Ford caminh\u00f5es House. O Oval Azul, que j\u00e1 aportou com sucesso num mercado onde come\u00e7am a ser vistas as primeiras personaliza\u00e7\u00f5es importantes do seu tractor carro-chefe, d\u00e1 mais uma m\u00e3o de surpresas, juntamente com o an\u00fancio das novas vers\u00f5es do F-Max. De fato, chegar\u00e1 ao mercado italiano a gama completa de ve\u00edculos da s\u00e9rie Legacy, uma vers\u00e3o que j\u00e1 obteve grande sucesso no mundo. Especificamente, a Faixa do Legacy incluir\u00e1 tr\u00eas s\u00e9ries de ve\u00edculos: Estrada \/ Distribui\u00e7\u00e3o, Tratores e Constru\u00e7\u00e3o.<\/p>\n<p>&nbsp;<\/p>\n<p>Os ve\u00edculos pesados \u200b\u200bda s\u00e9rie Legacy estar\u00e3o presentes no mercado com dois motores Ecotorq , um de 9 litros com 330 cv e outro de 12,7 litros com 420 cv e 480 cv . As caixas de c\u00e2mbio com as quais a Ford caminh\u00f5es oferecer\u00e1 esses ve\u00edculos ser\u00e3o seis, tr\u00eas manuais e tr\u00eas automatizadas. Para os motores de 9 litros, encontramos o EATON 9S ESO14409 e o novo ZF 9S AMT ECOTRONIC, enquanto para os motores de 12,7 litros encontramos o ZF 16S 2230 MT, o ZF 16S 2530 MT, o ZF 12 TX 2210 AMT e o ZF 12 2620 AMT.<\/p>\n<p>&nbsp;<\/p>\n<p>A cabina pode ser escolhida entre duas variantes, a Day Cab, para o trabalho di\u00e1rio, e a Sleeper Cab , para maior conforto, com tectos baixos, altos e extra altos.<\/p>\n<p>&nbsp;<\/p>\n<p>Os novos Ford caminh\u00f5es da S\u00e9rie Strada permitem uma redu\u00e7\u00e3o dos custos operacionais, gra\u00e7as aos novos motores Ecotorq que garantem baixo consumo e maior rentabilidade para todas as atividades comerciais.<\/p>\n<p>&nbsp;<\/p>\n<p>As inova\u00e7\u00f5es ergon\u00f4micas e tecnol\u00f3gicas presentes em todos os modelos permitem uma dire\u00e7\u00e3o segura e confort\u00e1vel em qualquer situa\u00e7\u00e3o. Op\u00e7\u00f5es de quadro baixo est\u00e3o dispon\u00edveis para f\u00e1cil carregamento e transporte de grande volume. Uma ampla variedade de caminh\u00f5es rodovi\u00e1rios 4 \u00d7 2, 6 \u00d7 2 ou 8 \u00d7 2 com diferentes op\u00e7\u00f5es de cabine, dist\u00e2ncia entre eixos e equipamentos \u00e9 capaz de atender \u00e0s m\u00faltiplas necessidades de um alvo em constante expans\u00e3o.<\/p>\n<p>&nbsp;<\/p>\n<p><strong>Serie de caminh\u00f5es<\/strong><\/p>\n<p>&nbsp;<\/p>\n<p>A s\u00e9rie Ford caminh\u00f5es Tractor oferece alto desempenho com baixo consumo de combust\u00edvel, gra\u00e7as ao potente motor Ecotorq. Longos intervalos de manuten\u00e7\u00e3o e conformidade com diferentes op\u00e7\u00f5es de reboque tornam-no um parceiro confi\u00e1vel em qualquer rota. Com recursos de seguran\u00e7a ativa recentemente desenvolvidos e uma cabine ergon\u00f4mica que garante a m\u00e1xima facilidade de dire\u00e7\u00e3o para o motorista, a s\u00e9rie de trator de caminh\u00f5es da Ford \u00e9 ideal para viagens curtas e longas.<\/p>\n<p>&nbsp;<\/p>\n<p><strong>Constru\u00e7\u00e3o Series<\/strong><\/p>\n<p>&nbsp;<\/p>\n<p>Em uma pedreira ou campo lamacento, no topo de uma montanha ou em um canteiro de obras no centro da cidade, a Ford caminh\u00f5es Construction Series est\u00e1 mais potente do que nunca. A for\u00e7a bruta e o torque impar\u00e1vel dos motores Ecotorq garantem que todos os obst\u00e1culos sejam facilmente superados. A Ford caminh\u00f5es Construction Series oferece um suporte s\u00f3lido, reduzindo o consumo de combust\u00edvel e os custos de opera\u00e7\u00e3o. O potente e seguro sistema de travagem, a grande tra\u00e7\u00e3o, a grande estabilidade e robustez dos chassis garantem a m\u00e1xima efici\u00eancia e seguran\u00e7a em qualquer condi\u00e7\u00e3o de trabalho. A nova cabine ergon\u00f4mica melhora o conforto e a produtividade do motorista em qualquer tipo de terreno ou estrada em que ele se encontre operando.<\/p>\n<p>&nbsp;<\/p>\n<p><strong>Constru\u00e7\u00e3o do Legacy 3548T, a primeira nova produ\u00e7\u00e3o em dezembro de 2020<\/strong><\/p>\n<p>&nbsp;<\/p>\n<p>Com o novo motor de 480cv, torque m\u00e1ximo de 2500Nm e o novo sistema de freio controlado eletronicamente, com ESP e ATC (Controle Autom\u00e1tico de Tra\u00e7\u00e3o) integrados, o 3548T possui embreagem de disco duplo de s\u00e9rie e eixo de transmiss\u00e3o aumentou. O eixo traseiro tandem de 27.000 kg n\u00e3o teme nenhuma carga e com a tra\u00e7\u00e3o ATC \u00e9 sempre garantida em qualquer terreno e declive.<\/p>\n<p>&nbsp;<\/p>\n<p><strong>Constru\u00e7\u00e3o 4148D Legacy<\/strong><\/p>\n<p>&nbsp;<\/p>\n<p>\u00c9 o caminh\u00e3o multiuso, o caminh\u00e3o pronto para qualquer trabalho. Gra\u00e7as ao novo motor de 480 CV e \u00e0 caixa de velocidades autom\u00e1tica Traxon de 12 velocidades, permite uma condu\u00e7\u00e3o f\u00e1cil e confort\u00e1vel dentro e fora da estrada. O grande torque dispon\u00edvel de 2500 Nm permite rebocar at\u00e9 os reboques mais pesados \u200b\u200be superar as encostas mais \u00edngremes. A tra\u00e7\u00e3o nas quatro rodas dupla garante a tra\u00e7\u00e3o certa em qualquer condi\u00e7\u00e3o de terreno, mesmo nos mais trai\u00e7oeiros.<\/p>\n<p>&nbsp;<\/p>\n<p><strong>Constru\u00e7\u00e3o Legacy 4142M<\/strong><\/p>\n<p><strong>\u00a0<\/strong><\/p>\n<p>\u00c9 o ve\u00edculo pensado para oferecer o melhor compromisso entre conforto e robustez. A come\u00e7ar pelas inovadoras suspens\u00f5es com insertos de borracha, com rigidez vari\u00e1vel, que garantem o m\u00e1ximo conforto com o ve\u00edculo sem carga e m\u00e1xima estabilidade com o ve\u00edculo carregado, al\u00e9m da tradicional fiabilidade e leveza (cerca de 250 kg menos que as tradicionais molas de l\u00e2mina. para uma carga \u00fatil maior). As suspens\u00f5es com insertos de borracha, amortecendo todas as vibra\u00e7\u00f5es e aspereza da estrada, tamb\u00e9m prolongam a vida \u00fatil do chassi, cabine e carroceria. (Brasil do Trecho)<\/p>\n","protected":false},"excerpt":{"rendered":"<p>Brasil do Trecho &nbsp; H\u00e1 \u00f3timas not\u00edcias na Ford caminh\u00f5es House. O Oval Azul, que j\u00e1 aportou com sucesso num mercado onde come\u00e7am a ser vistas as primeiras personaliza\u00e7\u00f5es importantes do seu tractor carro-chefe, d\u00e1 mais uma m\u00e3o de surpresas, juntamente com o an\u00fancio das novas vers\u00f5es do F-Max. De fato, chegar\u00e1 ao mercado italiano\u2026 <a class=\"readmore\" href=\"https:\/\/dana.com.br\/canaldana\/2020\/11\/23\/ford-anuncia-a-chegada-dos-caminhoes-da-serie-legacy-na-italia\/\">Leia mais \u00bb<\/a><\/p>\n","protected":false},"author":3,"featured_media":0,"comment_status":"closed","ping_status":"closed","sticky":false,"template":"","format":"standard","meta":{"_acf_changed":false,"footnotes":""},"categories":[79],"tags":[],"class_list":["post-46362","post","type-post","status-publish","format-standard","hentry","category-mercado"],"acf":[],"yoast_head":"<!-- This site is optimized with the Yoast SEO plugin v27.3 - https:\/\/yoast.com\/product\/yoast-seo-wordpress\/ -->\n<title>Ford anuncia a chegada dos caminh\u00f5es da s\u00e9rie Legacy na It\u00e1lia - Canal Dana<\/title>\n<meta name=\"robots\" content=\"index, follow, max-snippet:-1, max-image-preview:large, max-video-preview:-1\" \/>\n<link rel=\"canonical\" href=\"https:\/\/dana.com.br\/canaldana\/2020\/11\/23\/ford-anuncia-a-chegada-dos-caminhoes-da-serie-legacy-na-italia\/\" \/>\n<meta property=\"og:locale\" content=\"pt_BR\" \/>\n<meta property=\"og:type\" content=\"article\" \/>\n<meta property=\"og:title\" content=\"Ford anuncia a chegada dos caminh\u00f5es da s\u00e9rie Legacy na It\u00e1lia - Canal Dana\" \/>\n<meta property=\"og:description\" content=\"Brasil do Trecho &nbsp; H\u00e1 \u00f3timas not\u00edcias na Ford caminh\u00f5es House. O Oval Azul, que j\u00e1 aportou com sucesso num mercado onde come\u00e7am a ser vistas as primeiras personaliza\u00e7\u00f5es importantes do seu tractor carro-chefe, d\u00e1 mais uma m\u00e3o de surpresas, juntamente com o an\u00fancio das novas vers\u00f5es do F-Max. De fato, chegar\u00e1 ao mercado italiano\u2026 Leia mais \u00bb\" \/>\n<meta property=\"og:url\" content=\"https:\/\/dana.com.br\/canaldana\/2020\/11\/23\/ford-anuncia-a-chegada-dos-caminhoes-da-serie-legacy-na-italia\/\" \/>\n<meta property=\"og:site_name\" content=\"Canal Dana\" \/>\n<meta property=\"article:published_time\" content=\"2020-11-23T11:35:25+00:00\" \/>\n<meta name=\"author\" content=\"Canal Dana\" \/>\n<meta name=\"twitter:card\" content=\"summary_large_image\" \/>\n<meta name=\"twitter:label1\" content=\"Escrito por\" \/>\n\t<meta name=\"twitter:data1\" content=\"Canal Dana\" \/>\n\t<meta name=\"twitter:label2\" content=\"Est. tempo de leitura\" \/>\n\t<meta name=\"twitter:data2\" content=\"4 minutos\" \/>\n<script type=\"application\/ld+json\" class=\"yoast-schema-graph\">{\"@context\":\"https:\\\/\\\/schema.org\",\"@graph\":[{\"@type\":\"Article\",\"@id\":\"https:\\\/\\\/dana.com.br\\\/canaldana\\\/2020\\\/11\\\/23\\\/ford-anuncia-a-chegada-dos-caminhoes-da-serie-legacy-na-italia\\\/#article\",\"isPartOf\":{\"@id\":\"https:\\\/\\\/dana.com.br\\\/canaldana\\\/2020\\\/11\\\/23\\\/ford-anuncia-a-chegada-dos-caminhoes-da-serie-legacy-na-italia\\\/\"},\"author\":{\"name\":\"Canal Dana\",\"@id\":\"https:\\\/\\\/dana.com.br\\\/canaldana\\\/#\\\/schema\\\/person\\\/3c21f22f56fcf3bc46b94bc60ea4fef6\"},\"headline\":\"Ford anuncia a chegada dos caminh\u00f5es da s\u00e9rie Legacy na It\u00e1lia\",\"datePublished\":\"2020-11-23T11:35:25+00:00\",\"mainEntityOfPage\":{\"@id\":\"https:\\\/\\\/dana.com.br\\\/canaldana\\\/2020\\\/11\\\/23\\\/ford-anuncia-a-chegada-dos-caminhoes-da-serie-legacy-na-italia\\\/\"},\"wordCount\":871,\"articleSection\":[\"Mercado\"],\"inLanguage\":\"pt-BR\"},{\"@type\":\"WebPage\",\"@id\":\"https:\\\/\\\/dana.com.br\\\/canaldana\\\/2020\\\/11\\\/23\\\/ford-anuncia-a-chegada-dos-caminhoes-da-serie-legacy-na-italia\\\/\",\"url\":\"https:\\\/\\\/dana.com.br\\\/canaldana\\\/2020\\\/11\\\/23\\\/ford-anuncia-a-chegada-dos-caminhoes-da-serie-legacy-na-italia\\\/\",\"name\":\"Ford anuncia a chegada dos caminh\u00f5es da s\u00e9rie Legacy na It\u00e1lia - Canal Dana\",\"isPartOf\":{\"@id\":\"https:\\\/\\\/dana.com.br\\\/canaldana\\\/#website\"},\"datePublished\":\"2020-11-23T11:35:25+00:00\",\"author\":{\"@id\":\"https:\\\/\\\/dana.com.br\\\/canaldana\\\/#\\\/schema\\\/person\\\/3c21f22f56fcf3bc46b94bc60ea4fef6\"},\"breadcrumb\":{\"@id\":\"https:\\\/\\\/dana.com.br\\\/canaldana\\\/2020\\\/11\\\/23\\\/ford-anuncia-a-chegada-dos-caminhoes-da-serie-legacy-na-italia\\\/#breadcrumb\"},\"inLanguage\":\"pt-BR\",\"potentialAction\":[{\"@type\":\"ReadAction\",\"target\":[\"https:\\\/\\\/dana.com.br\\\/canaldana\\\/2020\\\/11\\\/23\\\/ford-anuncia-a-chegada-dos-caminhoes-da-serie-legacy-na-italia\\\/\"]}]},{\"@type\":\"BreadcrumbList\",\"@id\":\"https:\\\/\\\/dana.com.br\\\/canaldana\\\/2020\\\/11\\\/23\\\/ford-anuncia-a-chegada-dos-caminhoes-da-serie-legacy-na-italia\\\/#breadcrumb\",\"itemListElement\":[{\"@type\":\"ListItem\",\"position\":1,\"name\":\"Home\",\"item\":\"https:\\\/\\\/dana.com.br\\\/canaldana\\\/\"},{\"@type\":\"ListItem\",\"position\":2,\"name\":\"Mercado\",\"item\":\"https:\\\/\\\/dana.com.br\\\/canaldana\\\/mercado\\\/\"},{\"@type\":\"ListItem\",\"position\":3,\"name\":\"Ford anuncia a chegada dos caminh\u00f5es da s\u00e9rie Legacy na It\u00e1lia\"}]},{\"@type\":\"WebSite\",\"@id\":\"https:\\\/\\\/dana.com.br\\\/canaldana\\\/#website\",\"url\":\"https:\\\/\\\/dana.com.br\\\/canaldana\\\/\",\"name\":\"Canal Dana\",\"description\":\"Informativo com as principais not\u00edcias da ind\u00fastria automotiva\",\"potentialAction\":[{\"@type\":\"SearchAction\",\"target\":{\"@type\":\"EntryPoint\",\"urlTemplate\":\"https:\\\/\\\/dana.com.br\\\/canaldana\\\/?s={search_term_string}\"},\"query-input\":{\"@type\":\"PropertyValueSpecification\",\"valueRequired\":true,\"valueName\":\"search_term_string\"}}],\"inLanguage\":\"pt-BR\"},{\"@type\":\"Person\",\"@id\":\"https:\\\/\\\/dana.com.br\\\/canaldana\\\/#\\\/schema\\\/person\\\/3c21f22f56fcf3bc46b94bc60ea4fef6\",\"name\":\"Canal Dana\",\"image\":{\"@type\":\"ImageObject\",\"inLanguage\":\"pt-BR\",\"@id\":\"https:\\\/\\\/secure.gravatar.com\\\/avatar\\\/420aaf9278582877d9018637c6817617705899d2858d7572ef0fe59a6b6454b4?s=96&d=mm&r=g\",\"url\":\"https:\\\/\\\/secure.gravatar.com\\\/avatar\\\/420aaf9278582877d9018637c6817617705899d2858d7572ef0fe59a6b6454b4?s=96&d=mm&r=g\",\"contentUrl\":\"https:\\\/\\\/secure.gravatar.com\\\/avatar\\\/420aaf9278582877d9018637c6817617705899d2858d7572ef0fe59a6b6454b4?s=96&d=mm&r=g\",\"caption\":\"Canal Dana\"},\"url\":\"https:\\\/\\\/dana.com.br\\\/canaldana\\\/author\\\/cdeditor\\\/\"}]}<\/script>\n<!-- \/ Yoast SEO plugin. -->","yoast_head_json":{"title":"Ford anuncia a chegada dos caminh\u00f5es da s\u00e9rie Legacy na It\u00e1lia - Canal Dana","robots":{"index":"index","follow":"follow","max-snippet":"max-snippet:-1","max-image-preview":"max-image-preview:large","max-video-preview":"max-video-preview:-1"},"canonical":"https:\/\/dana.com.br\/canaldana\/2020\/11\/23\/ford-anuncia-a-chegada-dos-caminhoes-da-serie-legacy-na-italia\/","og_locale":"pt_BR","og_type":"article","og_title":"Ford anuncia a chegada dos caminh\u00f5es da s\u00e9rie Legacy na It\u00e1lia - Canal Dana","og_description":"Brasil do Trecho &nbsp; H\u00e1 \u00f3timas not\u00edcias na Ford caminh\u00f5es House. O Oval Azul, que j\u00e1 aportou com sucesso num mercado onde come\u00e7am a ser vistas as primeiras personaliza\u00e7\u00f5es importantes do seu tractor carro-chefe, d\u00e1 mais uma m\u00e3o de surpresas, juntamente com o an\u00fancio das novas vers\u00f5es do F-Max. De fato, chegar\u00e1 ao mercado italiano\u2026 Leia mais \u00bb","og_url":"https:\/\/dana.com.br\/canaldana\/2020\/11\/23\/ford-anuncia-a-chegada-dos-caminhoes-da-serie-legacy-na-italia\/","og_site_name":"Canal Dana","article_published_time":"2020-11-23T11:35:25+00:00","author":"Canal Dana","twitter_card":"summary_large_image","twitter_misc":{"Escrito por":"Canal Dana","Est. tempo de leitura":"4 minutos"},"schema":{"@context":"https:\/\/schema.org","@graph":[{"@type":"Article","@id":"https:\/\/dana.com.br\/canaldana\/2020\/11\/23\/ford-anuncia-a-chegada-dos-caminhoes-da-serie-legacy-na-italia\/#article","isPartOf":{"@id":"https:\/\/dana.com.br\/canaldana\/2020\/11\/23\/ford-anuncia-a-chegada-dos-caminhoes-da-serie-legacy-na-italia\/"},"author":{"name":"Canal Dana","@id":"https:\/\/dana.com.br\/canaldana\/#\/schema\/person\/3c21f22f56fcf3bc46b94bc60ea4fef6"},"headline":"Ford anuncia a chegada dos caminh\u00f5es da s\u00e9rie Legacy na It\u00e1lia","datePublished":"2020-11-23T11:35:25+00:00","mainEntityOfPage":{"@id":"https:\/\/dana.com.br\/canaldana\/2020\/11\/23\/ford-anuncia-a-chegada-dos-caminhoes-da-serie-legacy-na-italia\/"},"wordCount":871,"articleSection":["Mercado"],"inLanguage":"pt-BR"},{"@type":"WebPage","@id":"https:\/\/dana.com.br\/canaldana\/2020\/11\/23\/ford-anuncia-a-chegada-dos-caminhoes-da-serie-legacy-na-italia\/","url":"https:\/\/dana.com.br\/canaldana\/2020\/11\/23\/ford-anuncia-a-chegada-dos-caminhoes-da-serie-legacy-na-italia\/","name":"Ford anuncia a chegada dos caminh\u00f5es da s\u00e9rie Legacy na It\u00e1lia - Canal Dana","isPartOf":{"@id":"https:\/\/dana.com.br\/canaldana\/#website"},"datePublished":"2020-11-23T11:35:25+00:00","author":{"@id":"https:\/\/dana.com.br\/canaldana\/#\/schema\/person\/3c21f22f56fcf3bc46b94bc60ea4fef6"},"breadcrumb":{"@id":"https:\/\/dana.com.br\/canaldana\/2020\/11\/23\/ford-anuncia-a-chegada-dos-caminhoes-da-serie-legacy-na-italia\/#breadcrumb"},"inLanguage":"pt-BR","potentialAction":[{"@type":"ReadAction","target":["https:\/\/dana.com.br\/canaldana\/2020\/11\/23\/ford-anuncia-a-chegada-dos-caminhoes-da-serie-legacy-na-italia\/"]}]},{"@type":"BreadcrumbList","@id":"https:\/\/dana.com.br\/canaldana\/2020\/11\/23\/ford-anuncia-a-chegada-dos-caminhoes-da-serie-legacy-na-italia\/#breadcrumb","itemListElement":[{"@type":"ListItem","position":1,"name":"Home","item":"https:\/\/dana.com.br\/canaldana\/"},{"@type":"ListItem","position":2,"name":"Mercado","item":"https:\/\/dana.com.br\/canaldana\/mercado\/"},{"@type":"ListItem","position":3,"name":"Ford anuncia a chegada dos caminh\u00f5es da s\u00e9rie Legacy na It\u00e1lia"}]},{"@type":"WebSite","@id":"https:\/\/dana.com.br\/canaldana\/#website","url":"https:\/\/dana.com.br\/canaldana\/","name":"Canal Dana","description":"Informativo com as principais not\u00edcias da ind\u00fastria automotiva","potentialAction":[{"@type":"SearchAction","target":{"@type":"EntryPoint","urlTemplate":"https:\/\/dana.com.br\/canaldana\/?s={search_term_string}"},"query-input":{"@type":"PropertyValueSpecification","valueRequired":true,"valueName":"search_term_string"}}],"inLanguage":"pt-BR"},{"@type":"Person","@id":"https:\/\/dana.com.br\/canaldana\/#\/schema\/person\/3c21f22f56fcf3bc46b94bc60ea4fef6","name":"Canal Dana","image":{"@type":"ImageObject","inLanguage":"pt-BR","@id":"https:\/\/secure.gravatar.com\/avatar\/420aaf9278582877d9018637c6817617705899d2858d7572ef0fe59a6b6454b4?s=96&d=mm&r=g","url":"https:\/\/secure.gravatar.com\/avatar\/420aaf9278582877d9018637c6817617705899d2858d7572ef0fe59a6b6454b4?s=96&d=mm&r=g","contentUrl":"https:\/\/secure.gravatar.com\/avatar\/420aaf9278582877d9018637c6817617705899d2858d7572ef0fe59a6b6454b4?s=96&d=mm&r=g","caption":"Canal Dana"},"url":"https:\/\/dana.com.br\/canaldana\/author\/cdeditor\/"}]}},"_links":{"self":[{"href":"https:\/\/dana.com.br\/canaldana\/wp-json\/wp\/v2\/posts\/46362","targetHints":{"allow":["GET"]}}],"collection":[{"href":"https:\/\/dana.com.br\/canaldana\/wp-json\/wp\/v2\/posts"}],"about":[{"href":"https:\/\/dana.com.br\/canaldana\/wp-json\/wp\/v2\/types\/post"}],"author":[{"embeddable":true,"href":"https:\/\/dana.com.br\/canaldana\/wp-json\/wp\/v2\/users\/3"}],"replies":[{"embeddable":true,"href":"https:\/\/dana.com.br\/canaldana\/wp-json\/wp\/v2\/comments?post=46362"}],"version-history":[{"count":0,"href":"https:\/\/dana.com.br\/canaldana\/wp-json\/wp\/v2\/posts\/46362\/revisions"}],"wp:attachment":[{"href":"https:\/\/dana.com.br\/canaldana\/wp-json\/wp\/v2\/media?parent=46362"}],"wp:term":[{"taxonomy":"category","embeddable":true,"href":"https:\/\/dana.com.br\/canaldana\/wp-json\/wp\/v2\/categories?post=46362"},{"taxonomy":"post_tag","embeddable":true,"href":"https:\/\/dana.com.br\/canaldana\/wp-json\/wp\/v2\/tags?post=46362"}],"curies":[{"name":"wp","href":"https:\/\/api.w.org\/{rel}","templated":true}]}}