{"id":46298,"date":"2020-11-19T08:21:25","date_gmt":"2020-11-19T11:21:25","guid":{"rendered":"https:\/\/dana.com.br\/canaldana\/?p=46298"},"modified":"2020-11-19T08:21:25","modified_gmt":"2020-11-19T11:21:25","slug":"edp-faz-parceria-com-rede-graal-para-instalar-8-postos-de-recarga-de-veiculos","status":"publish","type":"post","link":"https:\/\/dana.com.br\/canaldana\/2020\/11\/19\/edp-faz-parceria-com-rede-graal-para-instalar-8-postos-de-recarga-de-veiculos\/","title":{"rendered":"EDP faz parceria com rede Graal para instalar 8 postos de recarga de ve\u00edculos"},"content":{"rendered":"<p><em>O Estado de S. Paulo<\/em><\/p>\n<p>&nbsp;<\/p>\n<p>O grupo EDP firmou parceria com a rede Graal para instalar oito pontos de recarga para ve\u00edculos el\u00e9tricos no Estado de S\u00e3o Paulo. A expectativa \u00e9 que os \u201celetropostos\u201d estejam prontos at\u00e9 o fim deste ano e que a opera\u00e7\u00e3o tenha in\u00edcio j\u00e1 nos primeiros meses de 2021. O objetivo das duas empresas \u00e9 largar na frente em um mercado que deve disparar nos pr\u00f3ximos anos, com o avan\u00e7o dos carros el\u00e9tricos no Brasil.<\/p>\n<p>&nbsp;<\/p>\n<p>Para a EDP, empresa de energia el\u00e9trica, o projeto \u00e9 mais um passo na chamada transi\u00e7\u00e3o energ\u00e9tica. J\u00e1 para a Graal, a iniciativa \u00e9 uma forma de garantir a presen\u00e7a dos clientes com a oferta de mais um servi\u00e7o essencial, al\u00e9m dos atuais postos de combust\u00edvel, lojas de conveni\u00eancia e restaurantes.<\/p>\n<p>&nbsp;<\/p>\n<p>As esta\u00e7\u00f5es de recarga fazem parte do projeto Plug&amp;go, uma iniciativa em parceria com as fabricantes Audi, Porsche e Volkswagen para montar uma rede de recarga ultrarr\u00e1pida na Am\u00e9rica Latina. A expectativa \u00e9 que 30 postos sejam instalados at\u00e9 2022 no Pa\u00eds, com investimentos totais de R$ 33 milh\u00f5es.<\/p>\n<p>&nbsp;<\/p>\n<p>Na parceria entre EDP e Graal, as instala\u00e7\u00f5es da primeira fase ser\u00e3o feitas nos postos Buenos Aires (Rodovia Regis Bittencourt km 449 \u2013 Registro); Petropen (R\u00e9gis Bittencourt km 461 \u2013 Pariquera-a\u00e7u); Coral (Via Anhanguera km 210 \u2013 Pirassununga); Top\u00e1zio (SP 330 km 140 \u2013 Limeira); 125 Sul (Rodovia dos Bandeirantes, Km 125 \u2013 Santa B\u00e1rbara d\u2019oeste); Mairipor\u00e3 (Fern\u00e3o Dias, km 62 \u2013 Mairipor\u00e3); e Rancho Portugu\u00eas (Fern\u00e3o Dias, km 70 \u2013 Mairipor\u00e3); e Trevo (Anhanguera, Km 320, s\/n \u2013 Ribeir\u00e3o Preto SP).<\/p>\n<p>&nbsp;<\/p>\n<p>Segundo o chefe de mobilidade el\u00e9trica e neg\u00f3cios B2C da EDP, Nuno Pinto, a expectativa \u00e9 avan\u00e7ar essa parceria para uma segunda etapa. No total, ser\u00e3o 15 esta\u00e7\u00f5es de recarga instaladas nos postos Graal, incluindo duas unidades em Minas Gerais. Com isso, a empresa de energia passa a ter presen\u00e7a em todos os Estados do Sudeste. Atualmente, ela tem 50 pontos de carregamento ativos no Pa\u00eds e espera triplicar o tamanho dessa rede at\u00e9 o fim de 2022.<\/p>\n<p>&nbsp;<\/p>\n<p>\u201cN\u00e3o podemos esperar a demanda aumentar para come\u00e7ar a movimenta\u00e7\u00e3o nesse caminho\u201d, diz Nuno Pinto. Segundo ele, o mercado de ve\u00edculos el\u00e9tricos prev\u00ea um crescimento de 60% neste ano, comparado a 2019. At\u00e9 outubro, segundo dados da Associa\u00e7\u00e3o Brasileira do Ve\u00edculo El\u00e9trico (ABVE), a venda desses carros havia crescido 31%, somando 15.565. Se mantiver o ritmo dos \u00faltimos meses, a meta prevista por Nuno ser\u00e1 batida. \u201cIsso j\u00e1 nos d\u00e1 uma demanda interessante para atender.\u201d O gerente de expans\u00e3o da Rede Graal, Nivaldo J\u00fanior, completa que tem recebido pedido de clientes para a instala\u00e7\u00e3o dos postos de recarga.<\/p>\n<p>&nbsp;<\/p>\n<p>Cada local ter\u00e1 dois equipamentos capazes de atender at\u00e9 tr\u00eas carros simultaneamente. Um ser\u00e1 de recarga ultrarr\u00e1pida, que d\u00e1 autonomia de at\u00e9 100 km em cerca de 15 minutos. O outro ser\u00e1 semirr\u00e1pido, que abastece at\u00e9 100% da bateria em uma hora e meia. \u201cMas o tempo depende do carro e da capacidade da bateria\u201d, diz Nuno Pinto. Ele explica que, por ora, o abastecimento ser\u00e1 gratuito. Mas a empresa vai usar a experi\u00eancia para estudar formas de cobran\u00e7a.<\/p>\n<p>&nbsp;<\/p>\n<p><strong>Vantagem<\/strong><\/p>\n<p>&nbsp;<\/p>\n<p>Para o professor da UFRJ, Nivalde Castro, a instala\u00e7\u00e3o de postos de recargas cria um c\u00edrculo virtuoso e estimula a compra de ve\u00edculos el\u00e9tricos, que s\u00e3o uma op\u00e7\u00e3o mais sustent\u00e1vel. \u201cEsse \u00e9 um processo irrevers\u00edvel e cabe muito bem ao Pa\u00eds, que tem a matriz el\u00e9trica mais limpa do mundo.\u201d<\/p>\n<p>&nbsp;<\/p>\n<p>At\u00e9 julho, segundo ABVE, com base no aplicativo Tupinamb\u00e1 Energia, o Pa\u00eds tinha 315 eletropostos no Brasil (exclu\u00eddos pontos de recarga em condom\u00ednios residenciais). (O Estado de S. Paulo\/Ren\u00e9e Pereira)<\/p>\n","protected":false},"excerpt":{"rendered":"<p>O Estado de S. Paulo &nbsp; O grupo EDP firmou parceria com a rede Graal para instalar oito pontos de recarga para ve\u00edculos el\u00e9tricos no Estado de S\u00e3o Paulo. A expectativa \u00e9 que os \u201celetropostos\u201d estejam prontos at\u00e9 o fim deste ano e que a opera\u00e7\u00e3o tenha in\u00edcio j\u00e1 nos primeiros meses de 2021. O\u2026 <a class=\"readmore\" href=\"https:\/\/dana.com.br\/canaldana\/2020\/11\/19\/edp-faz-parceria-com-rede-graal-para-instalar-8-postos-de-recarga-de-veiculos\/\">Leia mais \u00bb<\/a><\/p>\n","protected":false},"author":3,"featured_media":0,"comment_status":"closed","ping_status":"closed","sticky":false,"template":"","format":"standard","meta":{"_acf_changed":false,"footnotes":""},"categories":[110],"tags":[],"class_list":["post-46298","post","type-post","status-publish","format-standard","hentry","category-eletricos"],"acf":[],"yoast_head":"<!-- This site is optimized with the Yoast SEO plugin v27.3 - https:\/\/yoast.com\/product\/yoast-seo-wordpress\/ -->\n<title>EDP faz parceria com rede Graal para instalar 8 postos de recarga de ve\u00edculos - Canal Dana<\/title>\n<meta name=\"robots\" content=\"index, follow, max-snippet:-1, max-image-preview:large, max-video-preview:-1\" \/>\n<link rel=\"canonical\" href=\"https:\/\/dana.com.br\/canaldana\/2020\/11\/19\/edp-faz-parceria-com-rede-graal-para-instalar-8-postos-de-recarga-de-veiculos\/\" \/>\n<meta property=\"og:locale\" content=\"pt_BR\" \/>\n<meta property=\"og:type\" content=\"article\" \/>\n<meta property=\"og:title\" content=\"EDP faz parceria com rede Graal para instalar 8 postos de recarga de ve\u00edculos - Canal Dana\" \/>\n<meta property=\"og:description\" content=\"O Estado de S. Paulo &nbsp; O grupo EDP firmou parceria com a rede Graal para instalar oito pontos de recarga para ve\u00edculos el\u00e9tricos no Estado de S\u00e3o Paulo. A expectativa \u00e9 que os \u201celetropostos\u201d estejam prontos at\u00e9 o fim deste ano e que a opera\u00e7\u00e3o tenha in\u00edcio j\u00e1 nos primeiros meses de 2021. O\u2026 Leia mais \u00bb\" \/>\n<meta property=\"og:url\" content=\"https:\/\/dana.com.br\/canaldana\/2020\/11\/19\/edp-faz-parceria-com-rede-graal-para-instalar-8-postos-de-recarga-de-veiculos\/\" \/>\n<meta property=\"og:site_name\" content=\"Canal Dana\" \/>\n<meta property=\"article:published_time\" content=\"2020-11-19T11:21:25+00:00\" \/>\n<meta name=\"author\" content=\"Canal Dana\" \/>\n<meta name=\"twitter:card\" content=\"summary_large_image\" \/>\n<meta name=\"twitter:label1\" content=\"Escrito por\" \/>\n\t<meta name=\"twitter:data1\" content=\"Canal Dana\" \/>\n\t<meta name=\"twitter:label2\" content=\"Est. tempo de leitura\" \/>\n\t<meta name=\"twitter:data2\" content=\"3 minutos\" \/>\n<script type=\"application\/ld+json\" class=\"yoast-schema-graph\">{\"@context\":\"https:\\\/\\\/schema.org\",\"@graph\":[{\"@type\":\"Article\",\"@id\":\"https:\\\/\\\/dana.com.br\\\/canaldana\\\/2020\\\/11\\\/19\\\/edp-faz-parceria-com-rede-graal-para-instalar-8-postos-de-recarga-de-veiculos\\\/#article\",\"isPartOf\":{\"@id\":\"https:\\\/\\\/dana.com.br\\\/canaldana\\\/2020\\\/11\\\/19\\\/edp-faz-parceria-com-rede-graal-para-instalar-8-postos-de-recarga-de-veiculos\\\/\"},\"author\":{\"name\":\"Canal Dana\",\"@id\":\"https:\\\/\\\/dana.com.br\\\/canaldana\\\/#\\\/schema\\\/person\\\/3c21f22f56fcf3bc46b94bc60ea4fef6\"},\"headline\":\"EDP faz parceria com rede Graal para instalar 8 postos de recarga de ve\u00edculos\",\"datePublished\":\"2020-11-19T11:21:25+00:00\",\"mainEntityOfPage\":{\"@id\":\"https:\\\/\\\/dana.com.br\\\/canaldana\\\/2020\\\/11\\\/19\\\/edp-faz-parceria-com-rede-graal-para-instalar-8-postos-de-recarga-de-veiculos\\\/\"},\"wordCount\":655,\"articleSection\":[\"El\u00e9tricos\"],\"inLanguage\":\"pt-BR\"},{\"@type\":\"WebPage\",\"@id\":\"https:\\\/\\\/dana.com.br\\\/canaldana\\\/2020\\\/11\\\/19\\\/edp-faz-parceria-com-rede-graal-para-instalar-8-postos-de-recarga-de-veiculos\\\/\",\"url\":\"https:\\\/\\\/dana.com.br\\\/canaldana\\\/2020\\\/11\\\/19\\\/edp-faz-parceria-com-rede-graal-para-instalar-8-postos-de-recarga-de-veiculos\\\/\",\"name\":\"EDP faz parceria com rede Graal para instalar 8 postos de recarga de ve\u00edculos - Canal Dana\",\"isPartOf\":{\"@id\":\"https:\\\/\\\/dana.com.br\\\/canaldana\\\/#website\"},\"datePublished\":\"2020-11-19T11:21:25+00:00\",\"author\":{\"@id\":\"https:\\\/\\\/dana.com.br\\\/canaldana\\\/#\\\/schema\\\/person\\\/3c21f22f56fcf3bc46b94bc60ea4fef6\"},\"breadcrumb\":{\"@id\":\"https:\\\/\\\/dana.com.br\\\/canaldana\\\/2020\\\/11\\\/19\\\/edp-faz-parceria-com-rede-graal-para-instalar-8-postos-de-recarga-de-veiculos\\\/#breadcrumb\"},\"inLanguage\":\"pt-BR\",\"potentialAction\":[{\"@type\":\"ReadAction\",\"target\":[\"https:\\\/\\\/dana.com.br\\\/canaldana\\\/2020\\\/11\\\/19\\\/edp-faz-parceria-com-rede-graal-para-instalar-8-postos-de-recarga-de-veiculos\\\/\"]}]},{\"@type\":\"BreadcrumbList\",\"@id\":\"https:\\\/\\\/dana.com.br\\\/canaldana\\\/2020\\\/11\\\/19\\\/edp-faz-parceria-com-rede-graal-para-instalar-8-postos-de-recarga-de-veiculos\\\/#breadcrumb\",\"itemListElement\":[{\"@type\":\"ListItem\",\"position\":1,\"name\":\"Home\",\"item\":\"https:\\\/\\\/dana.com.br\\\/canaldana\\\/\"},{\"@type\":\"ListItem\",\"position\":2,\"name\":\"El\u00e9tricos\",\"item\":\"https:\\\/\\\/dana.com.br\\\/canaldana\\\/eletricos\\\/\"},{\"@type\":\"ListItem\",\"position\":3,\"name\":\"EDP faz parceria com rede Graal para instalar 8 postos de recarga de ve\u00edculos\"}]},{\"@type\":\"WebSite\",\"@id\":\"https:\\\/\\\/dana.com.br\\\/canaldana\\\/#website\",\"url\":\"https:\\\/\\\/dana.com.br\\\/canaldana\\\/\",\"name\":\"Canal Dana\",\"description\":\"Informativo com as principais not\u00edcias da ind\u00fastria automotiva\",\"potentialAction\":[{\"@type\":\"SearchAction\",\"target\":{\"@type\":\"EntryPoint\",\"urlTemplate\":\"https:\\\/\\\/dana.com.br\\\/canaldana\\\/?s={search_term_string}\"},\"query-input\":{\"@type\":\"PropertyValueSpecification\",\"valueRequired\":true,\"valueName\":\"search_term_string\"}}],\"inLanguage\":\"pt-BR\"},{\"@type\":\"Person\",\"@id\":\"https:\\\/\\\/dana.com.br\\\/canaldana\\\/#\\\/schema\\\/person\\\/3c21f22f56fcf3bc46b94bc60ea4fef6\",\"name\":\"Canal Dana\",\"image\":{\"@type\":\"ImageObject\",\"inLanguage\":\"pt-BR\",\"@id\":\"https:\\\/\\\/secure.gravatar.com\\\/avatar\\\/420aaf9278582877d9018637c6817617705899d2858d7572ef0fe59a6b6454b4?s=96&d=mm&r=g\",\"url\":\"https:\\\/\\\/secure.gravatar.com\\\/avatar\\\/420aaf9278582877d9018637c6817617705899d2858d7572ef0fe59a6b6454b4?s=96&d=mm&r=g\",\"contentUrl\":\"https:\\\/\\\/secure.gravatar.com\\\/avatar\\\/420aaf9278582877d9018637c6817617705899d2858d7572ef0fe59a6b6454b4?s=96&d=mm&r=g\",\"caption\":\"Canal Dana\"},\"url\":\"https:\\\/\\\/dana.com.br\\\/canaldana\\\/author\\\/cdeditor\\\/\"}]}<\/script>\n<!-- \/ Yoast SEO plugin. -->","yoast_head_json":{"title":"EDP faz parceria com rede Graal para instalar 8 postos de recarga de ve\u00edculos - Canal Dana","robots":{"index":"index","follow":"follow","max-snippet":"max-snippet:-1","max-image-preview":"max-image-preview:large","max-video-preview":"max-video-preview:-1"},"canonical":"https:\/\/dana.com.br\/canaldana\/2020\/11\/19\/edp-faz-parceria-com-rede-graal-para-instalar-8-postos-de-recarga-de-veiculos\/","og_locale":"pt_BR","og_type":"article","og_title":"EDP faz parceria com rede Graal para instalar 8 postos de recarga de ve\u00edculos - Canal Dana","og_description":"O Estado de S. Paulo &nbsp; O grupo EDP firmou parceria com a rede Graal para instalar oito pontos de recarga para ve\u00edculos el\u00e9tricos no Estado de S\u00e3o Paulo. A expectativa \u00e9 que os \u201celetropostos\u201d estejam prontos at\u00e9 o fim deste ano e que a opera\u00e7\u00e3o tenha in\u00edcio j\u00e1 nos primeiros meses de 2021. O\u2026 Leia mais \u00bb","og_url":"https:\/\/dana.com.br\/canaldana\/2020\/11\/19\/edp-faz-parceria-com-rede-graal-para-instalar-8-postos-de-recarga-de-veiculos\/","og_site_name":"Canal Dana","article_published_time":"2020-11-19T11:21:25+00:00","author":"Canal Dana","twitter_card":"summary_large_image","twitter_misc":{"Escrito por":"Canal Dana","Est. tempo de leitura":"3 minutos"},"schema":{"@context":"https:\/\/schema.org","@graph":[{"@type":"Article","@id":"https:\/\/dana.com.br\/canaldana\/2020\/11\/19\/edp-faz-parceria-com-rede-graal-para-instalar-8-postos-de-recarga-de-veiculos\/#article","isPartOf":{"@id":"https:\/\/dana.com.br\/canaldana\/2020\/11\/19\/edp-faz-parceria-com-rede-graal-para-instalar-8-postos-de-recarga-de-veiculos\/"},"author":{"name":"Canal Dana","@id":"https:\/\/dana.com.br\/canaldana\/#\/schema\/person\/3c21f22f56fcf3bc46b94bc60ea4fef6"},"headline":"EDP faz parceria com rede Graal para instalar 8 postos de recarga de ve\u00edculos","datePublished":"2020-11-19T11:21:25+00:00","mainEntityOfPage":{"@id":"https:\/\/dana.com.br\/canaldana\/2020\/11\/19\/edp-faz-parceria-com-rede-graal-para-instalar-8-postos-de-recarga-de-veiculos\/"},"wordCount":655,"articleSection":["El\u00e9tricos"],"inLanguage":"pt-BR"},{"@type":"WebPage","@id":"https:\/\/dana.com.br\/canaldana\/2020\/11\/19\/edp-faz-parceria-com-rede-graal-para-instalar-8-postos-de-recarga-de-veiculos\/","url":"https:\/\/dana.com.br\/canaldana\/2020\/11\/19\/edp-faz-parceria-com-rede-graal-para-instalar-8-postos-de-recarga-de-veiculos\/","name":"EDP faz parceria com rede Graal para instalar 8 postos de recarga de ve\u00edculos - Canal Dana","isPartOf":{"@id":"https:\/\/dana.com.br\/canaldana\/#website"},"datePublished":"2020-11-19T11:21:25+00:00","author":{"@id":"https:\/\/dana.com.br\/canaldana\/#\/schema\/person\/3c21f22f56fcf3bc46b94bc60ea4fef6"},"breadcrumb":{"@id":"https:\/\/dana.com.br\/canaldana\/2020\/11\/19\/edp-faz-parceria-com-rede-graal-para-instalar-8-postos-de-recarga-de-veiculos\/#breadcrumb"},"inLanguage":"pt-BR","potentialAction":[{"@type":"ReadAction","target":["https:\/\/dana.com.br\/canaldana\/2020\/11\/19\/edp-faz-parceria-com-rede-graal-para-instalar-8-postos-de-recarga-de-veiculos\/"]}]},{"@type":"BreadcrumbList","@id":"https:\/\/dana.com.br\/canaldana\/2020\/11\/19\/edp-faz-parceria-com-rede-graal-para-instalar-8-postos-de-recarga-de-veiculos\/#breadcrumb","itemListElement":[{"@type":"ListItem","position":1,"name":"Home","item":"https:\/\/dana.com.br\/canaldana\/"},{"@type":"ListItem","position":2,"name":"El\u00e9tricos","item":"https:\/\/dana.com.br\/canaldana\/eletricos\/"},{"@type":"ListItem","position":3,"name":"EDP faz parceria com rede Graal para instalar 8 postos de recarga de ve\u00edculos"}]},{"@type":"WebSite","@id":"https:\/\/dana.com.br\/canaldana\/#website","url":"https:\/\/dana.com.br\/canaldana\/","name":"Canal Dana","description":"Informativo com as principais not\u00edcias da ind\u00fastria automotiva","potentialAction":[{"@type":"SearchAction","target":{"@type":"EntryPoint","urlTemplate":"https:\/\/dana.com.br\/canaldana\/?s={search_term_string}"},"query-input":{"@type":"PropertyValueSpecification","valueRequired":true,"valueName":"search_term_string"}}],"inLanguage":"pt-BR"},{"@type":"Person","@id":"https:\/\/dana.com.br\/canaldana\/#\/schema\/person\/3c21f22f56fcf3bc46b94bc60ea4fef6","name":"Canal Dana","image":{"@type":"ImageObject","inLanguage":"pt-BR","@id":"https:\/\/secure.gravatar.com\/avatar\/420aaf9278582877d9018637c6817617705899d2858d7572ef0fe59a6b6454b4?s=96&d=mm&r=g","url":"https:\/\/secure.gravatar.com\/avatar\/420aaf9278582877d9018637c6817617705899d2858d7572ef0fe59a6b6454b4?s=96&d=mm&r=g","contentUrl":"https:\/\/secure.gravatar.com\/avatar\/420aaf9278582877d9018637c6817617705899d2858d7572ef0fe59a6b6454b4?s=96&d=mm&r=g","caption":"Canal Dana"},"url":"https:\/\/dana.com.br\/canaldana\/author\/cdeditor\/"}]}},"_links":{"self":[{"href":"https:\/\/dana.com.br\/canaldana\/wp-json\/wp\/v2\/posts\/46298","targetHints":{"allow":["GET"]}}],"collection":[{"href":"https:\/\/dana.com.br\/canaldana\/wp-json\/wp\/v2\/posts"}],"about":[{"href":"https:\/\/dana.com.br\/canaldana\/wp-json\/wp\/v2\/types\/post"}],"author":[{"embeddable":true,"href":"https:\/\/dana.com.br\/canaldana\/wp-json\/wp\/v2\/users\/3"}],"replies":[{"embeddable":true,"href":"https:\/\/dana.com.br\/canaldana\/wp-json\/wp\/v2\/comments?post=46298"}],"version-history":[{"count":0,"href":"https:\/\/dana.com.br\/canaldana\/wp-json\/wp\/v2\/posts\/46298\/revisions"}],"wp:attachment":[{"href":"https:\/\/dana.com.br\/canaldana\/wp-json\/wp\/v2\/media?parent=46298"}],"wp:term":[{"taxonomy":"category","embeddable":true,"href":"https:\/\/dana.com.br\/canaldana\/wp-json\/wp\/v2\/categories?post=46298"},{"taxonomy":"post_tag","embeddable":true,"href":"https:\/\/dana.com.br\/canaldana\/wp-json\/wp\/v2\/tags?post=46298"}],"curies":[{"name":"wp","href":"https:\/\/api.w.org\/{rel}","templated":true}]}}