{"id":46294,"date":"2020-11-19T08:20:12","date_gmt":"2020-11-19T11:20:12","guid":{"rendered":"https:\/\/dana.com.br\/canaldana\/?p=46294"},"modified":"2020-11-19T08:20:12","modified_gmt":"2020-11-19T11:20:12","slug":"renovacao-de-produtos-volta-ao-cenario-das-montadoras-apos-pandemia","status":"publish","type":"post","link":"https:\/\/dana.com.br\/canaldana\/2020\/11\/19\/renovacao-de-produtos-volta-ao-cenario-das-montadoras-apos-pandemia\/","title":{"rendered":"Renova\u00e7\u00e3o de produtos volta ao cen\u00e1rio das montadoras ap\u00f3s pandemia"},"content":{"rendered":"<p><em>UOL Carros<\/em><\/p>\n<p>&nbsp;<\/p>\n<p>Gra\u00e7as \u00e0 facilidade das conex\u00f5es de alta velocidade o evento Automotive Business Experience 2020 conseguiu, durante os cinco dias \u00fateis da semana passada, explorar alternativas atuais e futuras da cadeia automobil\u00edstica em palestras abertas e fechadas. Digitaliza\u00e7\u00e3o, conectividade, carros aut\u00f4nomos e compartilhamento estiveram entre os temas mais em evid\u00eancia. Al\u00e9m, \u00e9 claro, do que pode ocorrer no cen\u00e1rio de p\u00f3s-pandemia.<\/p>\n<p>&nbsp;<\/p>\n<p>Para o presidente da VW Am\u00e9rica do Sul e Caribe, Pablo Di Si, a prioridade \u00e9 a sa\u00fade das pessoas e lidar com os problemas de fluxo de caixa da companhia agora mais equacionados. &#8220;Mas temos de olhar os neg\u00f3cios \u00e0 frente, nos pr\u00f3ximos cinco a oito anos, porque haver\u00e1 muitas mudan\u00e7as. Ent\u00e3o j\u00e1 come\u00e7amos reuni\u00f5es internas para retomar os projetos de novos produtos, sejam a combust\u00e3o, h\u00edbridos ou el\u00e9tricos. De fato, estamos resgatando a agenda do bem e depois submeteremos os planos \u00e0 matriz&#8221;, revelou. O que se depreende de suas palavras \u00e9 a possibilidade de atrasos, por\u00e9m o objetivo de renova\u00e7\u00e3o de produtos continua firme.<\/p>\n<p>&nbsp;<\/p>\n<p>Antonio Filosa, presidente da FCA, destacou que &#8220;o carro \u00e9 um dos atores dos servi\u00e7os de mobilidade e os mercados assim v\u00eam requerendo. O ecossistema que estamos construindo em parceria com a TIM e o chip de voz e dados no multim\u00eddia UConnect permitir\u00e1 muitas intera\u00e7\u00f5es com parceiros em benef\u00edcio do motorista. At\u00e9 seguros mais em conta&#8221;.<\/p>\n<p>&nbsp;<\/p>\n<p>A pandemia acabou por acelerar processos de digitaliza\u00e7\u00e3o. Um exemplo explicitado por Rodnei de Souza, diretor do Ita\u00fa Unibanco: &#8220;Antes a aprova\u00e7\u00e3o de financiamentos por meios exclusivamente digitais representava 30% e saltou para 85% das transa\u00e7\u00f5es em poucos meses. Nossa previs\u00e3o era que isso acontecesse em dois a tr\u00eas anos.&#8221;<\/p>\n<p>&nbsp;<\/p>\n<p>Para Akzel Kriger, presidente da BMW, &#8220;o mundo digital \u00e9 uma grande oportunidade, por\u00e9m pelo menos nos pr\u00f3ximos 10 a 15 anos as concession\u00e1rias continuar\u00e3o na log\u00edstica de entregas, servi\u00e7os e atendimento aos clientes&#8221;.<\/p>\n<p>&nbsp;<\/p>\n<p>Let\u00edcia Costa, da consultoria Prada, chamou aten\u00e7\u00e3o para o fato de que tend\u00eancias de mobilidade el\u00e9trica n\u00e3o podem ser replicadas em todos os mercados da mesma forma. &#8220;Europa vai ser de um jeito pela alta densidade das popula\u00e7\u00f5es. EUA, \u00c1sia e Brasil com grandes dist\u00e2ncias a percorrer ter\u00e3o implanta\u00e7\u00e3o mais lenta&#8221;, afirmou.<\/p>\n<p>&nbsp;<\/p>\n<p><strong>Novo estilo e mais pot\u00eancia na Hilux 2021<\/strong><\/p>\n<p>&nbsp;<\/p>\n<p>A picape m\u00e9dia da Toyota, em sua reestiliza\u00e7\u00e3o de meia-vida da atual oitava gera\u00e7\u00e3o de 2015, seguiu o caminho de grade dianteira avantajada pintada de preto com moldura para real\u00e7ar as linhas, al\u00e9m de novos far\u00f3is (duplo LED na vers\u00e3o de topo SRX). Rodas e para-choques dianteiro e traseiro s\u00e3o novos. Lanternas traseiras de LED s\u00f3 na SRX.<\/p>\n<p>&nbsp;<\/p>\n<p>Interior recebeu nova central multim\u00eddia de oito pol., projetando Android Auto e Apple CarPlay para navega\u00e7\u00e3o em tela grande, o que concorrentes j\u00e1 disponibilizavam. Nas vers\u00f5es mais caras oferece sistema de som JBL com nove alto-falantes. Al\u00e9m de sistema de ventila\u00e7\u00e3o para os bancos dianteiros, o computador de bordo traz a posi\u00e7\u00e3o das rodas dianteiras em tr\u00eas \u00e2ngulos<\/p>\n<p>&nbsp;<\/p>\n<p>O motor diesel de 2,8 litros ganhou 15% de pot\u00eancia (agora, 204 cv) e 11% em torque (para 50,9 kgfm). Nas vers\u00f5es mais baratas, de c\u00e2mbio manual, o torque n\u00e3o aumentou por quest\u00e3o de capacidade da caixa. O motor flex de 163 cv (etanol) continua dispon\u00edvel por oferecer pre\u00e7o mais em conta.<\/p>\n<p>&nbsp;<\/p>\n<p>Pacote de seguran\u00e7a da vers\u00e3o mais cara \u00e9 bastante completo: sete airbags, al\u00e9m de sistemas de pr\u00e9colis\u00e3o frontal, alerta de mudan\u00e7a de faixa com condu\u00e7\u00e3o assistida e controle de cruzeiro adaptativo. Suspens\u00f5es ganharam um pouco mais de conforto e robustez. Hilux lidera o mercado de picapes m\u00e9dias tradicionais com carroceria sobre chassi. Pre\u00e7os v\u00e3o de R$ 145.390,00 a R$ 241.990. (UOL Carros\/Fernando Calmon)<\/p>\n","protected":false},"excerpt":{"rendered":"<p>UOL Carros &nbsp; Gra\u00e7as \u00e0 facilidade das conex\u00f5es de alta velocidade o evento Automotive Business Experience 2020 conseguiu, durante os cinco dias \u00fateis da semana passada, explorar alternativas atuais e futuras da cadeia automobil\u00edstica em palestras abertas e fechadas. Digitaliza\u00e7\u00e3o, conectividade, carros aut\u00f4nomos e compartilhamento estiveram entre os temas mais em evid\u00eancia. Al\u00e9m, \u00e9 claro,\u2026 <a class=\"readmore\" href=\"https:\/\/dana.com.br\/canaldana\/2020\/11\/19\/renovacao-de-produtos-volta-ao-cenario-das-montadoras-apos-pandemia\/\">Leia mais \u00bb<\/a><\/p>\n","protected":false},"author":3,"featured_media":0,"comment_status":"closed","ping_status":"closed","sticky":false,"template":"","format":"standard","meta":{"_acf_changed":false,"footnotes":""},"categories":[100],"tags":[],"class_list":["post-46294","post","type-post","status-publish","format-standard","hentry","category-artigo"],"acf":[],"yoast_head":"<!-- This site is optimized with the Yoast SEO plugin v27.3 - https:\/\/yoast.com\/product\/yoast-seo-wordpress\/ -->\n<title>Renova\u00e7\u00e3o de produtos volta ao cen\u00e1rio das montadoras ap\u00f3s pandemia - Canal Dana<\/title>\n<meta name=\"robots\" content=\"index, follow, max-snippet:-1, max-image-preview:large, max-video-preview:-1\" \/>\n<link rel=\"canonical\" href=\"https:\/\/dana.com.br\/canaldana\/2020\/11\/19\/renovacao-de-produtos-volta-ao-cenario-das-montadoras-apos-pandemia\/\" \/>\n<meta property=\"og:locale\" content=\"pt_BR\" \/>\n<meta property=\"og:type\" content=\"article\" \/>\n<meta property=\"og:title\" content=\"Renova\u00e7\u00e3o de produtos volta ao cen\u00e1rio das montadoras ap\u00f3s pandemia - Canal Dana\" \/>\n<meta property=\"og:description\" content=\"UOL Carros &nbsp; Gra\u00e7as \u00e0 facilidade das conex\u00f5es de alta velocidade o evento Automotive Business Experience 2020 conseguiu, durante os cinco dias \u00fateis da semana passada, explorar alternativas atuais e futuras da cadeia automobil\u00edstica em palestras abertas e fechadas. Digitaliza\u00e7\u00e3o, conectividade, carros aut\u00f4nomos e compartilhamento estiveram entre os temas mais em evid\u00eancia. Al\u00e9m, \u00e9 claro,\u2026 Leia mais \u00bb\" \/>\n<meta property=\"og:url\" content=\"https:\/\/dana.com.br\/canaldana\/2020\/11\/19\/renovacao-de-produtos-volta-ao-cenario-das-montadoras-apos-pandemia\/\" \/>\n<meta property=\"og:site_name\" content=\"Canal Dana\" \/>\n<meta property=\"article:published_time\" content=\"2020-11-19T11:20:12+00:00\" \/>\n<meta name=\"author\" content=\"Canal Dana\" \/>\n<meta name=\"twitter:card\" content=\"summary_large_image\" \/>\n<meta name=\"twitter:label1\" content=\"Escrito por\" \/>\n\t<meta name=\"twitter:data1\" content=\"Canal Dana\" \/>\n\t<meta name=\"twitter:label2\" content=\"Est. tempo de leitura\" \/>\n\t<meta name=\"twitter:data2\" content=\"3 minutos\" \/>\n<script type=\"application\/ld+json\" class=\"yoast-schema-graph\">{\"@context\":\"https:\\\/\\\/schema.org\",\"@graph\":[{\"@type\":\"Article\",\"@id\":\"https:\\\/\\\/dana.com.br\\\/canaldana\\\/2020\\\/11\\\/19\\\/renovacao-de-produtos-volta-ao-cenario-das-montadoras-apos-pandemia\\\/#article\",\"isPartOf\":{\"@id\":\"https:\\\/\\\/dana.com.br\\\/canaldana\\\/2020\\\/11\\\/19\\\/renovacao-de-produtos-volta-ao-cenario-das-montadoras-apos-pandemia\\\/\"},\"author\":{\"name\":\"Canal Dana\",\"@id\":\"https:\\\/\\\/dana.com.br\\\/canaldana\\\/#\\\/schema\\\/person\\\/3c21f22f56fcf3bc46b94bc60ea4fef6\"},\"headline\":\"Renova\u00e7\u00e3o de produtos volta ao cen\u00e1rio das montadoras ap\u00f3s pandemia\",\"datePublished\":\"2020-11-19T11:20:12+00:00\",\"mainEntityOfPage\":{\"@id\":\"https:\\\/\\\/dana.com.br\\\/canaldana\\\/2020\\\/11\\\/19\\\/renovacao-de-produtos-volta-ao-cenario-das-montadoras-apos-pandemia\\\/\"},\"wordCount\":683,\"articleSection\":[\"Artigo\"],\"inLanguage\":\"pt-BR\"},{\"@type\":\"WebPage\",\"@id\":\"https:\\\/\\\/dana.com.br\\\/canaldana\\\/2020\\\/11\\\/19\\\/renovacao-de-produtos-volta-ao-cenario-das-montadoras-apos-pandemia\\\/\",\"url\":\"https:\\\/\\\/dana.com.br\\\/canaldana\\\/2020\\\/11\\\/19\\\/renovacao-de-produtos-volta-ao-cenario-das-montadoras-apos-pandemia\\\/\",\"name\":\"Renova\u00e7\u00e3o de produtos volta ao cen\u00e1rio das montadoras ap\u00f3s pandemia - Canal Dana\",\"isPartOf\":{\"@id\":\"https:\\\/\\\/dana.com.br\\\/canaldana\\\/#website\"},\"datePublished\":\"2020-11-19T11:20:12+00:00\",\"author\":{\"@id\":\"https:\\\/\\\/dana.com.br\\\/canaldana\\\/#\\\/schema\\\/person\\\/3c21f22f56fcf3bc46b94bc60ea4fef6\"},\"breadcrumb\":{\"@id\":\"https:\\\/\\\/dana.com.br\\\/canaldana\\\/2020\\\/11\\\/19\\\/renovacao-de-produtos-volta-ao-cenario-das-montadoras-apos-pandemia\\\/#breadcrumb\"},\"inLanguage\":\"pt-BR\",\"potentialAction\":[{\"@type\":\"ReadAction\",\"target\":[\"https:\\\/\\\/dana.com.br\\\/canaldana\\\/2020\\\/11\\\/19\\\/renovacao-de-produtos-volta-ao-cenario-das-montadoras-apos-pandemia\\\/\"]}]},{\"@type\":\"BreadcrumbList\",\"@id\":\"https:\\\/\\\/dana.com.br\\\/canaldana\\\/2020\\\/11\\\/19\\\/renovacao-de-produtos-volta-ao-cenario-das-montadoras-apos-pandemia\\\/#breadcrumb\",\"itemListElement\":[{\"@type\":\"ListItem\",\"position\":1,\"name\":\"Home\",\"item\":\"https:\\\/\\\/dana.com.br\\\/canaldana\\\/\"},{\"@type\":\"ListItem\",\"position\":2,\"name\":\"Artigo\",\"item\":\"https:\\\/\\\/dana.com.br\\\/canaldana\\\/artigo\\\/\"},{\"@type\":\"ListItem\",\"position\":3,\"name\":\"Renova\u00e7\u00e3o de produtos volta ao cen\u00e1rio das montadoras ap\u00f3s pandemia\"}]},{\"@type\":\"WebSite\",\"@id\":\"https:\\\/\\\/dana.com.br\\\/canaldana\\\/#website\",\"url\":\"https:\\\/\\\/dana.com.br\\\/canaldana\\\/\",\"name\":\"Canal Dana\",\"description\":\"Informativo com as principais not\u00edcias da ind\u00fastria automotiva\",\"potentialAction\":[{\"@type\":\"SearchAction\",\"target\":{\"@type\":\"EntryPoint\",\"urlTemplate\":\"https:\\\/\\\/dana.com.br\\\/canaldana\\\/?s={search_term_string}\"},\"query-input\":{\"@type\":\"PropertyValueSpecification\",\"valueRequired\":true,\"valueName\":\"search_term_string\"}}],\"inLanguage\":\"pt-BR\"},{\"@type\":\"Person\",\"@id\":\"https:\\\/\\\/dana.com.br\\\/canaldana\\\/#\\\/schema\\\/person\\\/3c21f22f56fcf3bc46b94bc60ea4fef6\",\"name\":\"Canal Dana\",\"image\":{\"@type\":\"ImageObject\",\"inLanguage\":\"pt-BR\",\"@id\":\"https:\\\/\\\/secure.gravatar.com\\\/avatar\\\/420aaf9278582877d9018637c6817617705899d2858d7572ef0fe59a6b6454b4?s=96&d=mm&r=g\",\"url\":\"https:\\\/\\\/secure.gravatar.com\\\/avatar\\\/420aaf9278582877d9018637c6817617705899d2858d7572ef0fe59a6b6454b4?s=96&d=mm&r=g\",\"contentUrl\":\"https:\\\/\\\/secure.gravatar.com\\\/avatar\\\/420aaf9278582877d9018637c6817617705899d2858d7572ef0fe59a6b6454b4?s=96&d=mm&r=g\",\"caption\":\"Canal Dana\"},\"url\":\"https:\\\/\\\/dana.com.br\\\/canaldana\\\/author\\\/cdeditor\\\/\"}]}<\/script>\n<!-- \/ Yoast SEO plugin. -->","yoast_head_json":{"title":"Renova\u00e7\u00e3o de produtos volta ao cen\u00e1rio das montadoras ap\u00f3s pandemia - Canal Dana","robots":{"index":"index","follow":"follow","max-snippet":"max-snippet:-1","max-image-preview":"max-image-preview:large","max-video-preview":"max-video-preview:-1"},"canonical":"https:\/\/dana.com.br\/canaldana\/2020\/11\/19\/renovacao-de-produtos-volta-ao-cenario-das-montadoras-apos-pandemia\/","og_locale":"pt_BR","og_type":"article","og_title":"Renova\u00e7\u00e3o de produtos volta ao cen\u00e1rio das montadoras ap\u00f3s pandemia - Canal Dana","og_description":"UOL Carros &nbsp; Gra\u00e7as \u00e0 facilidade das conex\u00f5es de alta velocidade o evento Automotive Business Experience 2020 conseguiu, durante os cinco dias \u00fateis da semana passada, explorar alternativas atuais e futuras da cadeia automobil\u00edstica em palestras abertas e fechadas. Digitaliza\u00e7\u00e3o, conectividade, carros aut\u00f4nomos e compartilhamento estiveram entre os temas mais em evid\u00eancia. Al\u00e9m, \u00e9 claro,\u2026 Leia mais \u00bb","og_url":"https:\/\/dana.com.br\/canaldana\/2020\/11\/19\/renovacao-de-produtos-volta-ao-cenario-das-montadoras-apos-pandemia\/","og_site_name":"Canal Dana","article_published_time":"2020-11-19T11:20:12+00:00","author":"Canal Dana","twitter_card":"summary_large_image","twitter_misc":{"Escrito por":"Canal Dana","Est. tempo de leitura":"3 minutos"},"schema":{"@context":"https:\/\/schema.org","@graph":[{"@type":"Article","@id":"https:\/\/dana.com.br\/canaldana\/2020\/11\/19\/renovacao-de-produtos-volta-ao-cenario-das-montadoras-apos-pandemia\/#article","isPartOf":{"@id":"https:\/\/dana.com.br\/canaldana\/2020\/11\/19\/renovacao-de-produtos-volta-ao-cenario-das-montadoras-apos-pandemia\/"},"author":{"name":"Canal Dana","@id":"https:\/\/dana.com.br\/canaldana\/#\/schema\/person\/3c21f22f56fcf3bc46b94bc60ea4fef6"},"headline":"Renova\u00e7\u00e3o de produtos volta ao cen\u00e1rio das montadoras ap\u00f3s pandemia","datePublished":"2020-11-19T11:20:12+00:00","mainEntityOfPage":{"@id":"https:\/\/dana.com.br\/canaldana\/2020\/11\/19\/renovacao-de-produtos-volta-ao-cenario-das-montadoras-apos-pandemia\/"},"wordCount":683,"articleSection":["Artigo"],"inLanguage":"pt-BR"},{"@type":"WebPage","@id":"https:\/\/dana.com.br\/canaldana\/2020\/11\/19\/renovacao-de-produtos-volta-ao-cenario-das-montadoras-apos-pandemia\/","url":"https:\/\/dana.com.br\/canaldana\/2020\/11\/19\/renovacao-de-produtos-volta-ao-cenario-das-montadoras-apos-pandemia\/","name":"Renova\u00e7\u00e3o de produtos volta ao cen\u00e1rio das montadoras ap\u00f3s pandemia - Canal Dana","isPartOf":{"@id":"https:\/\/dana.com.br\/canaldana\/#website"},"datePublished":"2020-11-19T11:20:12+00:00","author":{"@id":"https:\/\/dana.com.br\/canaldana\/#\/schema\/person\/3c21f22f56fcf3bc46b94bc60ea4fef6"},"breadcrumb":{"@id":"https:\/\/dana.com.br\/canaldana\/2020\/11\/19\/renovacao-de-produtos-volta-ao-cenario-das-montadoras-apos-pandemia\/#breadcrumb"},"inLanguage":"pt-BR","potentialAction":[{"@type":"ReadAction","target":["https:\/\/dana.com.br\/canaldana\/2020\/11\/19\/renovacao-de-produtos-volta-ao-cenario-das-montadoras-apos-pandemia\/"]}]},{"@type":"BreadcrumbList","@id":"https:\/\/dana.com.br\/canaldana\/2020\/11\/19\/renovacao-de-produtos-volta-ao-cenario-das-montadoras-apos-pandemia\/#breadcrumb","itemListElement":[{"@type":"ListItem","position":1,"name":"Home","item":"https:\/\/dana.com.br\/canaldana\/"},{"@type":"ListItem","position":2,"name":"Artigo","item":"https:\/\/dana.com.br\/canaldana\/artigo\/"},{"@type":"ListItem","position":3,"name":"Renova\u00e7\u00e3o de produtos volta ao cen\u00e1rio das montadoras ap\u00f3s pandemia"}]},{"@type":"WebSite","@id":"https:\/\/dana.com.br\/canaldana\/#website","url":"https:\/\/dana.com.br\/canaldana\/","name":"Canal Dana","description":"Informativo com as principais not\u00edcias da ind\u00fastria automotiva","potentialAction":[{"@type":"SearchAction","target":{"@type":"EntryPoint","urlTemplate":"https:\/\/dana.com.br\/canaldana\/?s={search_term_string}"},"query-input":{"@type":"PropertyValueSpecification","valueRequired":true,"valueName":"search_term_string"}}],"inLanguage":"pt-BR"},{"@type":"Person","@id":"https:\/\/dana.com.br\/canaldana\/#\/schema\/person\/3c21f22f56fcf3bc46b94bc60ea4fef6","name":"Canal Dana","image":{"@type":"ImageObject","inLanguage":"pt-BR","@id":"https:\/\/secure.gravatar.com\/avatar\/420aaf9278582877d9018637c6817617705899d2858d7572ef0fe59a6b6454b4?s=96&d=mm&r=g","url":"https:\/\/secure.gravatar.com\/avatar\/420aaf9278582877d9018637c6817617705899d2858d7572ef0fe59a6b6454b4?s=96&d=mm&r=g","contentUrl":"https:\/\/secure.gravatar.com\/avatar\/420aaf9278582877d9018637c6817617705899d2858d7572ef0fe59a6b6454b4?s=96&d=mm&r=g","caption":"Canal Dana"},"url":"https:\/\/dana.com.br\/canaldana\/author\/cdeditor\/"}]}},"_links":{"self":[{"href":"https:\/\/dana.com.br\/canaldana\/wp-json\/wp\/v2\/posts\/46294","targetHints":{"allow":["GET"]}}],"collection":[{"href":"https:\/\/dana.com.br\/canaldana\/wp-json\/wp\/v2\/posts"}],"about":[{"href":"https:\/\/dana.com.br\/canaldana\/wp-json\/wp\/v2\/types\/post"}],"author":[{"embeddable":true,"href":"https:\/\/dana.com.br\/canaldana\/wp-json\/wp\/v2\/users\/3"}],"replies":[{"embeddable":true,"href":"https:\/\/dana.com.br\/canaldana\/wp-json\/wp\/v2\/comments?post=46294"}],"version-history":[{"count":0,"href":"https:\/\/dana.com.br\/canaldana\/wp-json\/wp\/v2\/posts\/46294\/revisions"}],"wp:attachment":[{"href":"https:\/\/dana.com.br\/canaldana\/wp-json\/wp\/v2\/media?parent=46294"}],"wp:term":[{"taxonomy":"category","embeddable":true,"href":"https:\/\/dana.com.br\/canaldana\/wp-json\/wp\/v2\/categories?post=46294"},{"taxonomy":"post_tag","embeddable":true,"href":"https:\/\/dana.com.br\/canaldana\/wp-json\/wp\/v2\/tags?post=46294"}],"curies":[{"name":"wp","href":"https:\/\/api.w.org\/{rel}","templated":true}]}}