{"id":46289,"date":"2020-11-18T11:01:55","date_gmt":"2020-11-18T14:01:55","guid":{"rendered":"https:\/\/dana.com.br\/canaldana\/?p=46289"},"modified":"2020-11-18T11:01:55","modified_gmt":"2020-11-18T14:01:55","slug":"toyota-demite-via-pdv-mas-mostra-otimismo-quanto-a-2021","status":"publish","type":"post","link":"https:\/\/dana.com.br\/canaldana\/2020\/11\/18\/toyota-demite-via-pdv-mas-mostra-otimismo-quanto-a-2021\/","title":{"rendered":"Toyota demite via PDV, mas mostra otimismo quanto a 2021"},"content":{"rendered":"<p><em>AutoInd\u00fastria <\/em><\/p>\n<p>&nbsp;<\/p>\n<p>Ap\u00f3s o lan\u00e7amento da nova Hylux em evento virtual, o presidente da Toyota do Brasil atendeu um grupo de jornalistas para falar das expectativas com rela\u00e7\u00e3o ao modelo, ao mercado brasileiro e ao pr\u00f3prio desempenho da marca em 2021.<\/p>\n<p>&nbsp;<\/p>\n<p>O executivo confirmou corte de 10% do efetivo da empresa a partir de PDVs, Programa de Demiss\u00e3o Volunt\u00e1ria, abertos na f\u00e1brica de Indaiatuba, SP, e na \u00e1rea administrativa, com a dispensa de 600 empregados (cerca de 300 em cada caso) dos 6 mil de todas as opera\u00e7\u00f5es da empresa no Brasil.<\/p>\n<p>&nbsp;<\/p>\n<p>Foi certamente um dado negativo dentro da pandemia que assolou o mundo este ano, mas Chang disse que a pandemia trouxe muito aprendizado: \u201cAcertamos nossos custos e nos tornamos muito mais eficientes este ano\u201d.<\/p>\n<p>&nbsp;<\/p>\n<p>Ao comentar sobre a recupera\u00e7\u00e3o do mercado brasileiro e de outros pa\u00edses da regi\u00e3o em n\u00edveis bem mais acelerados do que os previstos inicialmente, o presidente da Toyota previu a venda de 2,5 de autom\u00f3veis e comerciais leves no Pa\u00eds em 2021, o que representaria crescimento de 25% sobre a estimativa de 2 milh\u00f5es para este ano.<\/p>\n<p>&nbsp;<\/p>\n<p>E projeta um desempenho ainda melhor para a marca, que deve encerrar 2020 com 130 mil emplacamentos e quer chegar a 180 mil no ano que vem, com alta de 38,5%. Chang acredita que j\u00e1 em 2021 a empresa voltar\u00e1 a operar a plena capacidade tanto no Brasil \u2013 170 mil unidades nas f\u00e1brica de Indaiatuba e Sorocaba, SP, assim como na de Z\u00e1rate, na Argentina, onde a capacidade da picape Hilux, que tem 44% da produ\u00e7\u00e3o destinada ao mercado brasileiro, \u00e9 de 140 mil unidades.<\/p>\n<p>&nbsp;<\/p>\n<p>Comentou que a empresa est\u00e1 retomando n\u00edveis de exporta\u00e7\u00e3o pr\u00e9-pandemia e disse que em fun\u00e7\u00e3o da desvaloriza\u00e7\u00e3o do real vem buscando aumento o \u00edndice de localiza\u00e7\u00e3o de autope\u00e7as. Tamb\u00e9m garantiu que o investimento de R$ 1 bilh\u00e3o na f\u00e1brica de Sorocaba n\u00e3o sofreu qualquer impacto, confirmando um novo produto (como se sabe, um SUV) para o ano que vem.<\/p>\n<p>&nbsp;<\/p>\n<p>Operando atualmente em dois turnos no Brasil, Chang avalia que s\u00f3 mesmo uma segunda onda da Covid-19 pode atrapalhar as proje\u00e7\u00f5es de crescimento do Pa\u00eds e do mercado para 2021. \u201cEspero que n\u00e3o ocorra aqui como est\u00e1 acontecendo na Europa. Se ela vier, as previs\u00f5es mudam\u201d.<\/p>\n<p>&nbsp;<\/p>\n<p>Comentou ainda sobre ve\u00edculos eletrificados, mas disse que por enquanto n\u00e3o est\u00e1 definida a produ\u00e7\u00e3o de motores h\u00edbridos no Brasil. \u201cEssa decis\u00e3o depende de volume\u201d, explicou. Tamb\u00e9m admitiu que h\u00e1 planos de uma vers\u00e3o eletrificada para a Hilux \u2013 el\u00e9trica ou h\u00edbrida -, mas garantiu que n\u00e3o h\u00e1 defini\u00e7\u00f5es nesse sentido por enquanto. (AutoInd\u00fastria\/Alzira Rodrigues)<\/p>\n","protected":false},"excerpt":{"rendered":"<p>AutoInd\u00fastria &nbsp; Ap\u00f3s o lan\u00e7amento da nova Hylux em evento virtual, o presidente da Toyota do Brasil atendeu um grupo de jornalistas para falar das expectativas com rela\u00e7\u00e3o ao modelo, ao mercado brasileiro e ao pr\u00f3prio desempenho da marca em 2021. &nbsp; O executivo confirmou corte de 10% do efetivo da empresa a partir de\u2026 <a class=\"readmore\" href=\"https:\/\/dana.com.br\/canaldana\/2020\/11\/18\/toyota-demite-via-pdv-mas-mostra-otimismo-quanto-a-2021\/\">Leia mais \u00bb<\/a><\/p>\n","protected":false},"author":3,"featured_media":0,"comment_status":"closed","ping_status":"closed","sticky":false,"template":"","format":"standard","meta":{"_acf_changed":false,"footnotes":""},"categories":[61],"tags":[],"class_list":["post-46289","post","type-post","status-publish","format-standard","hentry","category-destaques"],"acf":[],"yoast_head":"<!-- This site is optimized with the Yoast SEO plugin v27.3 - https:\/\/yoast.com\/product\/yoast-seo-wordpress\/ -->\n<title>Toyota demite via PDV, mas mostra otimismo quanto a 2021 - Canal Dana<\/title>\n<meta name=\"robots\" content=\"index, follow, max-snippet:-1, max-image-preview:large, max-video-preview:-1\" \/>\n<link rel=\"canonical\" href=\"https:\/\/dana.com.br\/canaldana\/2020\/11\/18\/toyota-demite-via-pdv-mas-mostra-otimismo-quanto-a-2021\/\" \/>\n<meta property=\"og:locale\" content=\"pt_BR\" \/>\n<meta property=\"og:type\" content=\"article\" \/>\n<meta property=\"og:title\" content=\"Toyota demite via PDV, mas mostra otimismo quanto a 2021 - Canal Dana\" \/>\n<meta property=\"og:description\" content=\"AutoInd\u00fastria &nbsp; Ap\u00f3s o lan\u00e7amento da nova Hylux em evento virtual, o presidente da Toyota do Brasil atendeu um grupo de jornalistas para falar das expectativas com rela\u00e7\u00e3o ao modelo, ao mercado brasileiro e ao pr\u00f3prio desempenho da marca em 2021. &nbsp; O executivo confirmou corte de 10% do efetivo da empresa a partir de\u2026 Leia mais \u00bb\" \/>\n<meta property=\"og:url\" content=\"https:\/\/dana.com.br\/canaldana\/2020\/11\/18\/toyota-demite-via-pdv-mas-mostra-otimismo-quanto-a-2021\/\" \/>\n<meta property=\"og:site_name\" content=\"Canal Dana\" \/>\n<meta property=\"article:published_time\" content=\"2020-11-18T14:01:55+00:00\" \/>\n<meta name=\"author\" content=\"Canal Dana\" \/>\n<meta name=\"twitter:card\" content=\"summary_large_image\" \/>\n<meta name=\"twitter:label1\" content=\"Escrito por\" \/>\n\t<meta name=\"twitter:data1\" content=\"Canal Dana\" \/>\n\t<meta name=\"twitter:label2\" content=\"Est. tempo de leitura\" \/>\n\t<meta name=\"twitter:data2\" content=\"2 minutos\" \/>\n<script type=\"application\/ld+json\" class=\"yoast-schema-graph\">{\"@context\":\"https:\\\/\\\/schema.org\",\"@graph\":[{\"@type\":\"Article\",\"@id\":\"https:\\\/\\\/dana.com.br\\\/canaldana\\\/2020\\\/11\\\/18\\\/toyota-demite-via-pdv-mas-mostra-otimismo-quanto-a-2021\\\/#article\",\"isPartOf\":{\"@id\":\"https:\\\/\\\/dana.com.br\\\/canaldana\\\/2020\\\/11\\\/18\\\/toyota-demite-via-pdv-mas-mostra-otimismo-quanto-a-2021\\\/\"},\"author\":{\"name\":\"Canal Dana\",\"@id\":\"https:\\\/\\\/dana.com.br\\\/canaldana\\\/#\\\/schema\\\/person\\\/3c21f22f56fcf3bc46b94bc60ea4fef6\"},\"headline\":\"Toyota demite via PDV, mas mostra otimismo quanto a 2021\",\"datePublished\":\"2020-11-18T14:01:55+00:00\",\"mainEntityOfPage\":{\"@id\":\"https:\\\/\\\/dana.com.br\\\/canaldana\\\/2020\\\/11\\\/18\\\/toyota-demite-via-pdv-mas-mostra-otimismo-quanto-a-2021\\\/\"},\"wordCount\":470,\"articleSection\":[\"Destaques\"],\"inLanguage\":\"pt-BR\"},{\"@type\":\"WebPage\",\"@id\":\"https:\\\/\\\/dana.com.br\\\/canaldana\\\/2020\\\/11\\\/18\\\/toyota-demite-via-pdv-mas-mostra-otimismo-quanto-a-2021\\\/\",\"url\":\"https:\\\/\\\/dana.com.br\\\/canaldana\\\/2020\\\/11\\\/18\\\/toyota-demite-via-pdv-mas-mostra-otimismo-quanto-a-2021\\\/\",\"name\":\"Toyota demite via PDV, mas mostra otimismo quanto a 2021 - Canal Dana\",\"isPartOf\":{\"@id\":\"https:\\\/\\\/dana.com.br\\\/canaldana\\\/#website\"},\"datePublished\":\"2020-11-18T14:01:55+00:00\",\"author\":{\"@id\":\"https:\\\/\\\/dana.com.br\\\/canaldana\\\/#\\\/schema\\\/person\\\/3c21f22f56fcf3bc46b94bc60ea4fef6\"},\"breadcrumb\":{\"@id\":\"https:\\\/\\\/dana.com.br\\\/canaldana\\\/2020\\\/11\\\/18\\\/toyota-demite-via-pdv-mas-mostra-otimismo-quanto-a-2021\\\/#breadcrumb\"},\"inLanguage\":\"pt-BR\",\"potentialAction\":[{\"@type\":\"ReadAction\",\"target\":[\"https:\\\/\\\/dana.com.br\\\/canaldana\\\/2020\\\/11\\\/18\\\/toyota-demite-via-pdv-mas-mostra-otimismo-quanto-a-2021\\\/\"]}]},{\"@type\":\"BreadcrumbList\",\"@id\":\"https:\\\/\\\/dana.com.br\\\/canaldana\\\/2020\\\/11\\\/18\\\/toyota-demite-via-pdv-mas-mostra-otimismo-quanto-a-2021\\\/#breadcrumb\",\"itemListElement\":[{\"@type\":\"ListItem\",\"position\":1,\"name\":\"Home\",\"item\":\"https:\\\/\\\/dana.com.br\\\/canaldana\\\/\"},{\"@type\":\"ListItem\",\"position\":2,\"name\":\"Destaques\",\"item\":\"https:\\\/\\\/dana.com.br\\\/canaldana\\\/destaques\\\/\"},{\"@type\":\"ListItem\",\"position\":3,\"name\":\"Toyota demite via PDV, mas mostra otimismo quanto a 2021\"}]},{\"@type\":\"WebSite\",\"@id\":\"https:\\\/\\\/dana.com.br\\\/canaldana\\\/#website\",\"url\":\"https:\\\/\\\/dana.com.br\\\/canaldana\\\/\",\"name\":\"Canal Dana\",\"description\":\"Informativo com as principais not\u00edcias da ind\u00fastria automotiva\",\"potentialAction\":[{\"@type\":\"SearchAction\",\"target\":{\"@type\":\"EntryPoint\",\"urlTemplate\":\"https:\\\/\\\/dana.com.br\\\/canaldana\\\/?s={search_term_string}\"},\"query-input\":{\"@type\":\"PropertyValueSpecification\",\"valueRequired\":true,\"valueName\":\"search_term_string\"}}],\"inLanguage\":\"pt-BR\"},{\"@type\":\"Person\",\"@id\":\"https:\\\/\\\/dana.com.br\\\/canaldana\\\/#\\\/schema\\\/person\\\/3c21f22f56fcf3bc46b94bc60ea4fef6\",\"name\":\"Canal Dana\",\"image\":{\"@type\":\"ImageObject\",\"inLanguage\":\"pt-BR\",\"@id\":\"https:\\\/\\\/secure.gravatar.com\\\/avatar\\\/420aaf9278582877d9018637c6817617705899d2858d7572ef0fe59a6b6454b4?s=96&d=mm&r=g\",\"url\":\"https:\\\/\\\/secure.gravatar.com\\\/avatar\\\/420aaf9278582877d9018637c6817617705899d2858d7572ef0fe59a6b6454b4?s=96&d=mm&r=g\",\"contentUrl\":\"https:\\\/\\\/secure.gravatar.com\\\/avatar\\\/420aaf9278582877d9018637c6817617705899d2858d7572ef0fe59a6b6454b4?s=96&d=mm&r=g\",\"caption\":\"Canal Dana\"},\"url\":\"https:\\\/\\\/dana.com.br\\\/canaldana\\\/author\\\/cdeditor\\\/\"}]}<\/script>\n<!-- \/ Yoast SEO plugin. -->","yoast_head_json":{"title":"Toyota demite via PDV, mas mostra otimismo quanto a 2021 - Canal Dana","robots":{"index":"index","follow":"follow","max-snippet":"max-snippet:-1","max-image-preview":"max-image-preview:large","max-video-preview":"max-video-preview:-1"},"canonical":"https:\/\/dana.com.br\/canaldana\/2020\/11\/18\/toyota-demite-via-pdv-mas-mostra-otimismo-quanto-a-2021\/","og_locale":"pt_BR","og_type":"article","og_title":"Toyota demite via PDV, mas mostra otimismo quanto a 2021 - Canal Dana","og_description":"AutoInd\u00fastria &nbsp; Ap\u00f3s o lan\u00e7amento da nova Hylux em evento virtual, o presidente da Toyota do Brasil atendeu um grupo de jornalistas para falar das expectativas com rela\u00e7\u00e3o ao modelo, ao mercado brasileiro e ao pr\u00f3prio desempenho da marca em 2021. &nbsp; O executivo confirmou corte de 10% do efetivo da empresa a partir de\u2026 Leia mais \u00bb","og_url":"https:\/\/dana.com.br\/canaldana\/2020\/11\/18\/toyota-demite-via-pdv-mas-mostra-otimismo-quanto-a-2021\/","og_site_name":"Canal Dana","article_published_time":"2020-11-18T14:01:55+00:00","author":"Canal Dana","twitter_card":"summary_large_image","twitter_misc":{"Escrito por":"Canal Dana","Est. tempo de leitura":"2 minutos"},"schema":{"@context":"https:\/\/schema.org","@graph":[{"@type":"Article","@id":"https:\/\/dana.com.br\/canaldana\/2020\/11\/18\/toyota-demite-via-pdv-mas-mostra-otimismo-quanto-a-2021\/#article","isPartOf":{"@id":"https:\/\/dana.com.br\/canaldana\/2020\/11\/18\/toyota-demite-via-pdv-mas-mostra-otimismo-quanto-a-2021\/"},"author":{"name":"Canal Dana","@id":"https:\/\/dana.com.br\/canaldana\/#\/schema\/person\/3c21f22f56fcf3bc46b94bc60ea4fef6"},"headline":"Toyota demite via PDV, mas mostra otimismo quanto a 2021","datePublished":"2020-11-18T14:01:55+00:00","mainEntityOfPage":{"@id":"https:\/\/dana.com.br\/canaldana\/2020\/11\/18\/toyota-demite-via-pdv-mas-mostra-otimismo-quanto-a-2021\/"},"wordCount":470,"articleSection":["Destaques"],"inLanguage":"pt-BR"},{"@type":"WebPage","@id":"https:\/\/dana.com.br\/canaldana\/2020\/11\/18\/toyota-demite-via-pdv-mas-mostra-otimismo-quanto-a-2021\/","url":"https:\/\/dana.com.br\/canaldana\/2020\/11\/18\/toyota-demite-via-pdv-mas-mostra-otimismo-quanto-a-2021\/","name":"Toyota demite via PDV, mas mostra otimismo quanto a 2021 - Canal Dana","isPartOf":{"@id":"https:\/\/dana.com.br\/canaldana\/#website"},"datePublished":"2020-11-18T14:01:55+00:00","author":{"@id":"https:\/\/dana.com.br\/canaldana\/#\/schema\/person\/3c21f22f56fcf3bc46b94bc60ea4fef6"},"breadcrumb":{"@id":"https:\/\/dana.com.br\/canaldana\/2020\/11\/18\/toyota-demite-via-pdv-mas-mostra-otimismo-quanto-a-2021\/#breadcrumb"},"inLanguage":"pt-BR","potentialAction":[{"@type":"ReadAction","target":["https:\/\/dana.com.br\/canaldana\/2020\/11\/18\/toyota-demite-via-pdv-mas-mostra-otimismo-quanto-a-2021\/"]}]},{"@type":"BreadcrumbList","@id":"https:\/\/dana.com.br\/canaldana\/2020\/11\/18\/toyota-demite-via-pdv-mas-mostra-otimismo-quanto-a-2021\/#breadcrumb","itemListElement":[{"@type":"ListItem","position":1,"name":"Home","item":"https:\/\/dana.com.br\/canaldana\/"},{"@type":"ListItem","position":2,"name":"Destaques","item":"https:\/\/dana.com.br\/canaldana\/destaques\/"},{"@type":"ListItem","position":3,"name":"Toyota demite via PDV, mas mostra otimismo quanto a 2021"}]},{"@type":"WebSite","@id":"https:\/\/dana.com.br\/canaldana\/#website","url":"https:\/\/dana.com.br\/canaldana\/","name":"Canal Dana","description":"Informativo com as principais not\u00edcias da ind\u00fastria automotiva","potentialAction":[{"@type":"SearchAction","target":{"@type":"EntryPoint","urlTemplate":"https:\/\/dana.com.br\/canaldana\/?s={search_term_string}"},"query-input":{"@type":"PropertyValueSpecification","valueRequired":true,"valueName":"search_term_string"}}],"inLanguage":"pt-BR"},{"@type":"Person","@id":"https:\/\/dana.com.br\/canaldana\/#\/schema\/person\/3c21f22f56fcf3bc46b94bc60ea4fef6","name":"Canal Dana","image":{"@type":"ImageObject","inLanguage":"pt-BR","@id":"https:\/\/secure.gravatar.com\/avatar\/420aaf9278582877d9018637c6817617705899d2858d7572ef0fe59a6b6454b4?s=96&d=mm&r=g","url":"https:\/\/secure.gravatar.com\/avatar\/420aaf9278582877d9018637c6817617705899d2858d7572ef0fe59a6b6454b4?s=96&d=mm&r=g","contentUrl":"https:\/\/secure.gravatar.com\/avatar\/420aaf9278582877d9018637c6817617705899d2858d7572ef0fe59a6b6454b4?s=96&d=mm&r=g","caption":"Canal Dana"},"url":"https:\/\/dana.com.br\/canaldana\/author\/cdeditor\/"}]}},"_links":{"self":[{"href":"https:\/\/dana.com.br\/canaldana\/wp-json\/wp\/v2\/posts\/46289","targetHints":{"allow":["GET"]}}],"collection":[{"href":"https:\/\/dana.com.br\/canaldana\/wp-json\/wp\/v2\/posts"}],"about":[{"href":"https:\/\/dana.com.br\/canaldana\/wp-json\/wp\/v2\/types\/post"}],"author":[{"embeddable":true,"href":"https:\/\/dana.com.br\/canaldana\/wp-json\/wp\/v2\/users\/3"}],"replies":[{"embeddable":true,"href":"https:\/\/dana.com.br\/canaldana\/wp-json\/wp\/v2\/comments?post=46289"}],"version-history":[{"count":0,"href":"https:\/\/dana.com.br\/canaldana\/wp-json\/wp\/v2\/posts\/46289\/revisions"}],"wp:attachment":[{"href":"https:\/\/dana.com.br\/canaldana\/wp-json\/wp\/v2\/media?parent=46289"}],"wp:term":[{"taxonomy":"category","embeddable":true,"href":"https:\/\/dana.com.br\/canaldana\/wp-json\/wp\/v2\/categories?post=46289"},{"taxonomy":"post_tag","embeddable":true,"href":"https:\/\/dana.com.br\/canaldana\/wp-json\/wp\/v2\/tags?post=46289"}],"curies":[{"name":"wp","href":"https:\/\/api.w.org\/{rel}","templated":true}]}}