{"id":46285,"date":"2020-11-18T11:01:02","date_gmt":"2020-11-18T14:01:02","guid":{"rendered":"https:\/\/dana.com.br\/canaldana\/?p=46285"},"modified":"2020-11-18T11:01:02","modified_gmt":"2020-11-18T14:01:02","slug":"brasil-quer-exportar-tecnologia-do-etanol","status":"publish","type":"post","link":"https:\/\/dana.com.br\/canaldana\/2020\/11\/18\/brasil-quer-exportar-tecnologia-do-etanol\/","title":{"rendered":"Brasil quer exportar tecnologia do etanol"},"content":{"rendered":"<p><em>O Estado de S. Paulo <\/em><\/p>\n<p>&nbsp;<\/p>\n<p>H\u00e1 d\u00e9cadas, o Brasil \u00e9 refer\u00eancia no setor de etanol, combust\u00edvel menos poluente e feito, aqui, principalmente da cana-de-a\u00e7\u00facar, cuja produ\u00e7\u00e3o o Pa\u00eds tamb\u00e9m lidera. Al\u00e9m de manter um amplo programa de substitui\u00e7\u00e3o de combust\u00edveis f\u00f3sseis por renov\u00e1veis, o Brasil busca ampliar, no mundo, o mercado do etanol, sobretudo na \u00cdndia, outro grande produtor de cana-de-a\u00e7\u00facar. Iniciativas sustent\u00e1veis como essa ser\u00e3o discutidas no Summit Agroneg\u00f3cio Brasil 2020, promovido pelo \u2018Estad\u00e3o\u2019, que ser\u00e1 realizado entre os dias 23 e 25 de novembro.<\/p>\n<p>&nbsp;<\/p>\n<p>O uso do biocombust\u00edvel traz vantagens econ\u00f4micas e ambientais: c\u00e1lculos da Uni\u00e3o da Ind\u00fastria de Cana-de-a\u00e7\u00facar (Unica), entidade representativa de unidades produtoras no centro-sul do Brasil, indicam que, entre mar\u00e7o de 2003 \u2013 quando foram lan\u00e7ados os carros flex \u2013 e dezembro de 2019, o consumo de etanol reduziu em 600 milh\u00f5es de toneladas as emiss\u00f5es de gases causadores de efeito estufa. A inova\u00e7\u00e3o brasileira no setor vem desde o Pro\u00e1lcool, que completa 45 anos este ano.<\/p>\n<p>&nbsp;<\/p>\n<p>Na atualidade, o Pa\u00eds tamb\u00e9m inova com o Renovabio, programa aprovado em 2017 que visa a estimular o uso de biocombust\u00edveis. Nele, produtores e importadores de biocombust\u00edveis se certificam e s\u00e3o autorizados a emitir Cr\u00e9ditos de Descarboniza\u00e7\u00e3o (CBIOS). O governo estabelece metas de redu\u00e7\u00e3o de emiss\u00f5es das distribuidoras de combust\u00edveis f\u00f3sseis, que ter\u00e3o de adquirir os CBIOS para compensar o descumprimento dessas metas. Cada CBIO que as distribuidoras adquirem equivale a uma tonelada de di\u00f3xido de carbono que deixou de ser emitido. Portanto, quanto mais as distribuidoras venderem combust\u00edveis poluentes, mais CBIOS ter\u00e3o de adquirir.<\/p>\n<p>&nbsp;<\/p>\n<p>A meta total das distribuidoras para este ano \u00e9 de 14,5 milh\u00f5es de CBIOS, ou seja, ser\u00e3o compensados 14,5 milh\u00f5es de toneladas de CO2. Essa meta era, originalmente, de 28,7 milh\u00f5es, mas foi revisada ao longo do ano por causa da pandemia da covid-19, que reduziu a demanda por combust\u00edveis. Para o ano que vem, a meta total \u00e9 de 24,86 milh\u00f5es. Ela avan\u00e7ar\u00e1 ano a ano at\u00e9 que, em 2030, chegar\u00e1 a 90,67 milh\u00f5es de CBIOS, neutralizando, portanto, 90,67 milh\u00f5es de toneladas de di\u00f3xido de carbono. Entre 2020 e 2030, as metas preveem neutraliza\u00e7\u00e3o de mais de 600 milh\u00f5es de toneladas de CO2.<\/p>\n<p>&nbsp;<\/p>\n<p>Ainda h\u00e1, no entanto, disputa sobre essa quest\u00e3o. Recentemente, uma liminar concedida pela Justi\u00e7a a pedido da Associa\u00e7\u00e3o das Distribuidoras de Combust\u00edveis (Brasilcom) autorizou a redu\u00e7\u00e3o das metas de 2020 a 25% do previsto no in\u00edcio do ano. As distribuidoras disseram n\u00e3o ter condi\u00e7\u00f5es de adquirir nem mesmo os n\u00fameros revisados de CBIOS por causa dos efeitos econ\u00f4micos da pandemia, da falta de tempo e da baixa disponibilidade de Cr\u00e9ditos de Descarboniza\u00e7\u00e3o no mercado. Alguns dias depois, por\u00e9m, o Tribunal Regional Federal da 1.\u00aa Regi\u00e3o suspendeu a liminar e retomou as metas anteriores.<\/p>\n<p>&nbsp;<\/p>\n<p><strong>Setor privado<\/strong><\/p>\n<p>&nbsp;<\/p>\n<p>Al\u00e9m dos programas governamentais, o setor privado tamb\u00e9m trabalha na transi\u00e7\u00e3o para combust\u00edveis mais limpos. No m\u00eas passado, a Ra\u00edzen, joint venture de Cosan e Shell e maior processadora de cana do Pa\u00eds, inaugurou sua primeira planta de biog\u00e1s de subprodutos da cana em escala comercial, em Guariba (SP). O investimento foi de R$ 153 milh\u00f5es.<\/p>\n<p>&nbsp;<\/p>\n<p>A produ\u00e7\u00e3o de biog\u00e1s usa torta de filtro e vinha\u00e7a como mat\u00e9ria-prima. A planta foi feita na unidade da Ra\u00edzen que tem a segunda maior moagem de cana, assim a mat\u00e9ria-prima para o biog\u00e1s ser\u00e1 o res\u00edduo da produ\u00e7\u00e3o de \u00e1lcool e a\u00e7\u00facar. Com isso, ser\u00e1 poss\u00edvel produzir 50% de energia el\u00e9trica a mais sem que seja necess\u00e1ria mais cana.<\/p>\n<p>&nbsp;<\/p>\n<p>\u201cA companhia entende a import\u00e2ncia da economia circular e os atributos da cana-de-a\u00e7\u00facar, e com a evidente transforma\u00e7\u00e3o na ind\u00fastria dos biocombust\u00edveis e da energia el\u00e9trica, enxergamos na biomassa a transi\u00e7\u00e3o adequada para uma matriz mais limpa e renov\u00e1vel\u201d, afirmou, em entrevista por email, o Rela\u00e7\u00f5es Institucionais e Desenvolvimento Sustent\u00e1vel da Ra\u00edzen, Cl\u00e1udio Oliveira.<\/p>\n<p>&nbsp;<\/p>\n<p>O Brasil tenta estimular tamb\u00e9m que outros pa\u00edses adotem o etanol \u2013 hoje, o mercado do biocombust\u00edvel ainda \u00e9 muito concentrado em Brasil e Estados Unidos. Em janeiro, esse foi um dos assuntos na pauta da miss\u00e3o do presidente Jair Bolsonaro \u00e0 \u00cdndia. O pa\u00eds \u00e9 o segundo maior produtor de cana-de-a\u00e7\u00facar do mundo, atr\u00e1s do Brasil, mas a maior parte de suas usinas converte a planta apenas em a\u00e7\u00facar, pois n\u00e3o t\u00eam tecnologia para produzir etanol. Isso prejudica tanto Brasil quanto \u00cdndia, j\u00e1 que cria um excesso de oferta do ado\u00e7ante e pressiona os pre\u00e7os. Al\u00e9m disso, a \u00cdndia sofre com polui\u00e7\u00e3o do ar e com a necessidade de importar petr\u00f3leo, dois problemas que o etanol poderia ajudar a reduzir.<\/p>\n<p>&nbsp;<\/p>\n<p>Eduardo Le\u00e3o de Sousa, diretor executivo da Unica, foi \u00e0 \u00cdndia duas vezes ap\u00f3s a miss\u00e3o em janeiro. \u201cO trabalho continua. As miss\u00f5es f\u00edsicas foram interrompidas pela pandemia, mas mantemos o trabalho, at\u00e9 em discuss\u00f5es virtuais com o governo deles\u201d, afirma. Para ele, al\u00e9m da \u00cdndia, outros pa\u00edses podem evoluir na produ\u00e7\u00e3o de biocombust\u00edveis. \u201cO desafio de polui\u00e7\u00e3o nas cidades \u00e9 muito presente na \u00c1sia. E s\u00e3o pa\u00edses que crescem muito e precisar\u00e3o de mais energia ao mesmo tempo que ter\u00e3o de reduzir a capacidade dos f\u00f3sseis\u201d. (O Estado de S. Paulo\/Augusto Decker)<\/p>\n","protected":false},"excerpt":{"rendered":"<p>O Estado de S. Paulo &nbsp; H\u00e1 d\u00e9cadas, o Brasil \u00e9 refer\u00eancia no setor de etanol, combust\u00edvel menos poluente e feito, aqui, principalmente da cana-de-a\u00e7\u00facar, cuja produ\u00e7\u00e3o o Pa\u00eds tamb\u00e9m lidera. Al\u00e9m de manter um amplo programa de substitui\u00e7\u00e3o de combust\u00edveis f\u00f3sseis por renov\u00e1veis, o Brasil busca ampliar, no mundo, o mercado do etanol, sobretudo\u2026 <a class=\"readmore\" href=\"https:\/\/dana.com.br\/canaldana\/2020\/11\/18\/brasil-quer-exportar-tecnologia-do-etanol\/\">Leia mais \u00bb<\/a><\/p>\n","protected":false},"author":3,"featured_media":0,"comment_status":"closed","ping_status":"closed","sticky":false,"template":"","format":"standard","meta":{"_acf_changed":false,"footnotes":""},"categories":[61],"tags":[],"class_list":["post-46285","post","type-post","status-publish","format-standard","hentry","category-destaques"],"acf":[],"yoast_head":"<!-- This site is optimized with the Yoast SEO plugin v27.3 - https:\/\/yoast.com\/product\/yoast-seo-wordpress\/ -->\n<title>Brasil quer exportar tecnologia do etanol - Canal Dana<\/title>\n<meta name=\"robots\" content=\"index, follow, max-snippet:-1, max-image-preview:large, max-video-preview:-1\" \/>\n<link rel=\"canonical\" href=\"https:\/\/dana.com.br\/canaldana\/2020\/11\/18\/brasil-quer-exportar-tecnologia-do-etanol\/\" \/>\n<meta property=\"og:locale\" content=\"pt_BR\" \/>\n<meta property=\"og:type\" content=\"article\" \/>\n<meta property=\"og:title\" content=\"Brasil quer exportar tecnologia do etanol - Canal Dana\" \/>\n<meta property=\"og:description\" content=\"O Estado de S. Paulo &nbsp; H\u00e1 d\u00e9cadas, o Brasil \u00e9 refer\u00eancia no setor de etanol, combust\u00edvel menos poluente e feito, aqui, principalmente da cana-de-a\u00e7\u00facar, cuja produ\u00e7\u00e3o o Pa\u00eds tamb\u00e9m lidera. Al\u00e9m de manter um amplo programa de substitui\u00e7\u00e3o de combust\u00edveis f\u00f3sseis por renov\u00e1veis, o Brasil busca ampliar, no mundo, o mercado do etanol, sobretudo\u2026 Leia mais \u00bb\" \/>\n<meta property=\"og:url\" content=\"https:\/\/dana.com.br\/canaldana\/2020\/11\/18\/brasil-quer-exportar-tecnologia-do-etanol\/\" \/>\n<meta property=\"og:site_name\" content=\"Canal Dana\" \/>\n<meta property=\"article:published_time\" content=\"2020-11-18T14:01:02+00:00\" \/>\n<meta name=\"author\" content=\"Canal Dana\" \/>\n<meta name=\"twitter:card\" content=\"summary_large_image\" \/>\n<meta name=\"twitter:label1\" content=\"Escrito por\" \/>\n\t<meta name=\"twitter:data1\" content=\"Canal Dana\" \/>\n\t<meta name=\"twitter:label2\" content=\"Est. tempo de leitura\" \/>\n\t<meta name=\"twitter:data2\" content=\"5 minutos\" \/>\n<script type=\"application\/ld+json\" class=\"yoast-schema-graph\">{\"@context\":\"https:\\\/\\\/schema.org\",\"@graph\":[{\"@type\":\"Article\",\"@id\":\"https:\\\/\\\/dana.com.br\\\/canaldana\\\/2020\\\/11\\\/18\\\/brasil-quer-exportar-tecnologia-do-etanol\\\/#article\",\"isPartOf\":{\"@id\":\"https:\\\/\\\/dana.com.br\\\/canaldana\\\/2020\\\/11\\\/18\\\/brasil-quer-exportar-tecnologia-do-etanol\\\/\"},\"author\":{\"name\":\"Canal Dana\",\"@id\":\"https:\\\/\\\/dana.com.br\\\/canaldana\\\/#\\\/schema\\\/person\\\/3c21f22f56fcf3bc46b94bc60ea4fef6\"},\"headline\":\"Brasil quer exportar tecnologia do etanol\",\"datePublished\":\"2020-11-18T14:01:02+00:00\",\"mainEntityOfPage\":{\"@id\":\"https:\\\/\\\/dana.com.br\\\/canaldana\\\/2020\\\/11\\\/18\\\/brasil-quer-exportar-tecnologia-do-etanol\\\/\"},\"wordCount\":960,\"articleSection\":[\"Destaques\"],\"inLanguage\":\"pt-BR\"},{\"@type\":\"WebPage\",\"@id\":\"https:\\\/\\\/dana.com.br\\\/canaldana\\\/2020\\\/11\\\/18\\\/brasil-quer-exportar-tecnologia-do-etanol\\\/\",\"url\":\"https:\\\/\\\/dana.com.br\\\/canaldana\\\/2020\\\/11\\\/18\\\/brasil-quer-exportar-tecnologia-do-etanol\\\/\",\"name\":\"Brasil quer exportar tecnologia do etanol - Canal Dana\",\"isPartOf\":{\"@id\":\"https:\\\/\\\/dana.com.br\\\/canaldana\\\/#website\"},\"datePublished\":\"2020-11-18T14:01:02+00:00\",\"author\":{\"@id\":\"https:\\\/\\\/dana.com.br\\\/canaldana\\\/#\\\/schema\\\/person\\\/3c21f22f56fcf3bc46b94bc60ea4fef6\"},\"breadcrumb\":{\"@id\":\"https:\\\/\\\/dana.com.br\\\/canaldana\\\/2020\\\/11\\\/18\\\/brasil-quer-exportar-tecnologia-do-etanol\\\/#breadcrumb\"},\"inLanguage\":\"pt-BR\",\"potentialAction\":[{\"@type\":\"ReadAction\",\"target\":[\"https:\\\/\\\/dana.com.br\\\/canaldana\\\/2020\\\/11\\\/18\\\/brasil-quer-exportar-tecnologia-do-etanol\\\/\"]}]},{\"@type\":\"BreadcrumbList\",\"@id\":\"https:\\\/\\\/dana.com.br\\\/canaldana\\\/2020\\\/11\\\/18\\\/brasil-quer-exportar-tecnologia-do-etanol\\\/#breadcrumb\",\"itemListElement\":[{\"@type\":\"ListItem\",\"position\":1,\"name\":\"Home\",\"item\":\"https:\\\/\\\/dana.com.br\\\/canaldana\\\/\"},{\"@type\":\"ListItem\",\"position\":2,\"name\":\"Destaques\",\"item\":\"https:\\\/\\\/dana.com.br\\\/canaldana\\\/destaques\\\/\"},{\"@type\":\"ListItem\",\"position\":3,\"name\":\"Brasil quer exportar tecnologia do etanol\"}]},{\"@type\":\"WebSite\",\"@id\":\"https:\\\/\\\/dana.com.br\\\/canaldana\\\/#website\",\"url\":\"https:\\\/\\\/dana.com.br\\\/canaldana\\\/\",\"name\":\"Canal Dana\",\"description\":\"Informativo com as principais not\u00edcias da ind\u00fastria automotiva\",\"potentialAction\":[{\"@type\":\"SearchAction\",\"target\":{\"@type\":\"EntryPoint\",\"urlTemplate\":\"https:\\\/\\\/dana.com.br\\\/canaldana\\\/?s={search_term_string}\"},\"query-input\":{\"@type\":\"PropertyValueSpecification\",\"valueRequired\":true,\"valueName\":\"search_term_string\"}}],\"inLanguage\":\"pt-BR\"},{\"@type\":\"Person\",\"@id\":\"https:\\\/\\\/dana.com.br\\\/canaldana\\\/#\\\/schema\\\/person\\\/3c21f22f56fcf3bc46b94bc60ea4fef6\",\"name\":\"Canal Dana\",\"image\":{\"@type\":\"ImageObject\",\"inLanguage\":\"pt-BR\",\"@id\":\"https:\\\/\\\/secure.gravatar.com\\\/avatar\\\/420aaf9278582877d9018637c6817617705899d2858d7572ef0fe59a6b6454b4?s=96&d=mm&r=g\",\"url\":\"https:\\\/\\\/secure.gravatar.com\\\/avatar\\\/420aaf9278582877d9018637c6817617705899d2858d7572ef0fe59a6b6454b4?s=96&d=mm&r=g\",\"contentUrl\":\"https:\\\/\\\/secure.gravatar.com\\\/avatar\\\/420aaf9278582877d9018637c6817617705899d2858d7572ef0fe59a6b6454b4?s=96&d=mm&r=g\",\"caption\":\"Canal Dana\"},\"url\":\"https:\\\/\\\/dana.com.br\\\/canaldana\\\/author\\\/cdeditor\\\/\"}]}<\/script>\n<!-- \/ Yoast SEO plugin. -->","yoast_head_json":{"title":"Brasil quer exportar tecnologia do etanol - Canal Dana","robots":{"index":"index","follow":"follow","max-snippet":"max-snippet:-1","max-image-preview":"max-image-preview:large","max-video-preview":"max-video-preview:-1"},"canonical":"https:\/\/dana.com.br\/canaldana\/2020\/11\/18\/brasil-quer-exportar-tecnologia-do-etanol\/","og_locale":"pt_BR","og_type":"article","og_title":"Brasil quer exportar tecnologia do etanol - Canal Dana","og_description":"O Estado de S. Paulo &nbsp; H\u00e1 d\u00e9cadas, o Brasil \u00e9 refer\u00eancia no setor de etanol, combust\u00edvel menos poluente e feito, aqui, principalmente da cana-de-a\u00e7\u00facar, cuja produ\u00e7\u00e3o o Pa\u00eds tamb\u00e9m lidera. Al\u00e9m de manter um amplo programa de substitui\u00e7\u00e3o de combust\u00edveis f\u00f3sseis por renov\u00e1veis, o Brasil busca ampliar, no mundo, o mercado do etanol, sobretudo\u2026 Leia mais \u00bb","og_url":"https:\/\/dana.com.br\/canaldana\/2020\/11\/18\/brasil-quer-exportar-tecnologia-do-etanol\/","og_site_name":"Canal Dana","article_published_time":"2020-11-18T14:01:02+00:00","author":"Canal Dana","twitter_card":"summary_large_image","twitter_misc":{"Escrito por":"Canal Dana","Est. tempo de leitura":"5 minutos"},"schema":{"@context":"https:\/\/schema.org","@graph":[{"@type":"Article","@id":"https:\/\/dana.com.br\/canaldana\/2020\/11\/18\/brasil-quer-exportar-tecnologia-do-etanol\/#article","isPartOf":{"@id":"https:\/\/dana.com.br\/canaldana\/2020\/11\/18\/brasil-quer-exportar-tecnologia-do-etanol\/"},"author":{"name":"Canal Dana","@id":"https:\/\/dana.com.br\/canaldana\/#\/schema\/person\/3c21f22f56fcf3bc46b94bc60ea4fef6"},"headline":"Brasil quer exportar tecnologia do etanol","datePublished":"2020-11-18T14:01:02+00:00","mainEntityOfPage":{"@id":"https:\/\/dana.com.br\/canaldana\/2020\/11\/18\/brasil-quer-exportar-tecnologia-do-etanol\/"},"wordCount":960,"articleSection":["Destaques"],"inLanguage":"pt-BR"},{"@type":"WebPage","@id":"https:\/\/dana.com.br\/canaldana\/2020\/11\/18\/brasil-quer-exportar-tecnologia-do-etanol\/","url":"https:\/\/dana.com.br\/canaldana\/2020\/11\/18\/brasil-quer-exportar-tecnologia-do-etanol\/","name":"Brasil quer exportar tecnologia do etanol - Canal Dana","isPartOf":{"@id":"https:\/\/dana.com.br\/canaldana\/#website"},"datePublished":"2020-11-18T14:01:02+00:00","author":{"@id":"https:\/\/dana.com.br\/canaldana\/#\/schema\/person\/3c21f22f56fcf3bc46b94bc60ea4fef6"},"breadcrumb":{"@id":"https:\/\/dana.com.br\/canaldana\/2020\/11\/18\/brasil-quer-exportar-tecnologia-do-etanol\/#breadcrumb"},"inLanguage":"pt-BR","potentialAction":[{"@type":"ReadAction","target":["https:\/\/dana.com.br\/canaldana\/2020\/11\/18\/brasil-quer-exportar-tecnologia-do-etanol\/"]}]},{"@type":"BreadcrumbList","@id":"https:\/\/dana.com.br\/canaldana\/2020\/11\/18\/brasil-quer-exportar-tecnologia-do-etanol\/#breadcrumb","itemListElement":[{"@type":"ListItem","position":1,"name":"Home","item":"https:\/\/dana.com.br\/canaldana\/"},{"@type":"ListItem","position":2,"name":"Destaques","item":"https:\/\/dana.com.br\/canaldana\/destaques\/"},{"@type":"ListItem","position":3,"name":"Brasil quer exportar tecnologia do etanol"}]},{"@type":"WebSite","@id":"https:\/\/dana.com.br\/canaldana\/#website","url":"https:\/\/dana.com.br\/canaldana\/","name":"Canal Dana","description":"Informativo com as principais not\u00edcias da ind\u00fastria automotiva","potentialAction":[{"@type":"SearchAction","target":{"@type":"EntryPoint","urlTemplate":"https:\/\/dana.com.br\/canaldana\/?s={search_term_string}"},"query-input":{"@type":"PropertyValueSpecification","valueRequired":true,"valueName":"search_term_string"}}],"inLanguage":"pt-BR"},{"@type":"Person","@id":"https:\/\/dana.com.br\/canaldana\/#\/schema\/person\/3c21f22f56fcf3bc46b94bc60ea4fef6","name":"Canal Dana","image":{"@type":"ImageObject","inLanguage":"pt-BR","@id":"https:\/\/secure.gravatar.com\/avatar\/420aaf9278582877d9018637c6817617705899d2858d7572ef0fe59a6b6454b4?s=96&d=mm&r=g","url":"https:\/\/secure.gravatar.com\/avatar\/420aaf9278582877d9018637c6817617705899d2858d7572ef0fe59a6b6454b4?s=96&d=mm&r=g","contentUrl":"https:\/\/secure.gravatar.com\/avatar\/420aaf9278582877d9018637c6817617705899d2858d7572ef0fe59a6b6454b4?s=96&d=mm&r=g","caption":"Canal Dana"},"url":"https:\/\/dana.com.br\/canaldana\/author\/cdeditor\/"}]}},"_links":{"self":[{"href":"https:\/\/dana.com.br\/canaldana\/wp-json\/wp\/v2\/posts\/46285","targetHints":{"allow":["GET"]}}],"collection":[{"href":"https:\/\/dana.com.br\/canaldana\/wp-json\/wp\/v2\/posts"}],"about":[{"href":"https:\/\/dana.com.br\/canaldana\/wp-json\/wp\/v2\/types\/post"}],"author":[{"embeddable":true,"href":"https:\/\/dana.com.br\/canaldana\/wp-json\/wp\/v2\/users\/3"}],"replies":[{"embeddable":true,"href":"https:\/\/dana.com.br\/canaldana\/wp-json\/wp\/v2\/comments?post=46285"}],"version-history":[{"count":0,"href":"https:\/\/dana.com.br\/canaldana\/wp-json\/wp\/v2\/posts\/46285\/revisions"}],"wp:attachment":[{"href":"https:\/\/dana.com.br\/canaldana\/wp-json\/wp\/v2\/media?parent=46285"}],"wp:term":[{"taxonomy":"category","embeddable":true,"href":"https:\/\/dana.com.br\/canaldana\/wp-json\/wp\/v2\/categories?post=46285"},{"taxonomy":"post_tag","embeddable":true,"href":"https:\/\/dana.com.br\/canaldana\/wp-json\/wp\/v2\/tags?post=46285"}],"curies":[{"name":"wp","href":"https:\/\/api.w.org\/{rel}","templated":true}]}}