{"id":46073,"date":"2020-11-10T08:23:57","date_gmt":"2020-11-10T11:23:57","guid":{"rendered":"https:\/\/dana.com.br\/canaldana\/?p=46073"},"modified":"2020-11-10T08:23:57","modified_gmt":"2020-11-10T11:23:57","slug":"volvo-vende-mais-321-onibus-para-sistema-transmilenio-de-bogota","status":"publish","type":"post","link":"https:\/\/dana.com.br\/canaldana\/2020\/11\/10\/volvo-vende-mais-321-onibus-para-sistema-transmilenio-de-bogota\/","title":{"rendered":"Volvo vende mais 321 \u00f4nibus para sistema Transmilenio, de Bogot\u00e1"},"content":{"rendered":"<p><em>Di\u00e1rio do Transporte<\/em><\/p>\n<p>&nbsp;<\/p>\n<p>A Volvo informou nesta segunda-feira, 09 de novembro de 2020, que vendeu mais 321 \u00f4nibus para o Transmilenio, de Bogot\u00e1, capital da Col\u00f4mbia. Ao todo, s\u00e3o 250 ve\u00edculos com carroceria Busscar e 71 encarro\u00e7ados pela Marcopolo.<\/p>\n<p>&nbsp;<\/p>\n<p>De acordo com a fabricante, trata-se de um e lote de \u00f4nibus convencionais, com motor traseiro, para as linhas zonais do sistema integrado de transporte da cidade.<\/p>\n<p>&nbsp;<\/p>\n<p>As entregas est\u00e3o previstas para serem realizadas neste ano e em 2021. A venda foi anunciada logo ap\u00f3s a conclus\u00e3o de entrega de 700 \u00f4nibus articulados e biarticulados para o sistema BRT de Bogot\u00e1.<\/p>\n<p>&nbsp;<\/p>\n<p>Os novos ve\u00edculos s\u00e3o do modelo B8R, adquiridos por tr\u00eas grandes operadores. Foram 143 unidades para a Este Es Mi Bus, 71 unidades para a ETIB e 96 unidades para a Cons\u00f3rcio Express, que adquiriu tamb\u00e9m cinco chassis Volvo B340M articulados e seis chassis Volvo B340M biarticulados, totalizando os 321 novos \u00f4nibus da marca.<\/p>\n<p>&nbsp;<\/p>\n<p>O Transmilenio \u00e9 considerado um dos mais modernos do mundo. Com a venda da Volvo, a participa\u00e7\u00e3o da marca nos ve\u00edculos pesados do sistema chega a 55%.<\/p>\n<p>&nbsp;<\/p>\n<p>Implantado em 2001, o BRT da cidade transporta 2,5 milh\u00f5es de passageiros por dia. Ao todo, 2.094 \u00f4nibus articulados e biarticulados trafegam nos eixos principais, que cruzam e interligam toda a metr\u00f3pole em vias segregadas, dando alta fluidez nos deslocamentos.<\/p>\n<p>&nbsp;<\/p>\n<p>Os novos \u00f4nibus Volvo v\u00e3o operar nas linhas zonais, que trazem passageiros de pontos mais remotos at\u00e9 as esta\u00e7\u00f5es de transbordo das linhas troncais principais, al\u00e9m de fazer a conex\u00e3o direta entre os diferentes bairros da capital colombiana.<\/p>\n<p>&nbsp;<\/p>\n<p>\u201cEsse novo neg\u00f3cio com a Col\u00f4mbia mant\u00e9m a lideran\u00e7a Volvo em BRTs, com mais de 50 % de participa\u00e7\u00e3o nas frotas desses sistemas no continente\u201d, afirmou o diretor de vendas estrat\u00e9gicas da Volvo Buses na Am\u00e9rica Latina, Alexandre Selski, em nota.<\/p>\n<p>&nbsp;<\/p>\n<p>Al\u00e9m de Bogot\u00e1, os \u00f4nibus da Volvo operam em sistemas de cidades como S\u00e3o Paulo, Rio de Janeiro, Goi\u00e2nia, Cidade da Guatemala, San Salvador, Quito, Cidade do M\u00e9xico, Guayaquil, Manaus, Belo Horizonte, Porto Alegre, Recife, Cali, Bucaramanga, Santiago e Curitiba. (Di\u00e1rio do Transporte\/Jessica Marques)<\/p>\n","protected":false},"excerpt":{"rendered":"<p>Di\u00e1rio do Transporte &nbsp; A Volvo informou nesta segunda-feira, 09 de novembro de 2020, que vendeu mais 321 \u00f4nibus para o Transmilenio, de Bogot\u00e1, capital da Col\u00f4mbia. Ao todo, s\u00e3o 250 ve\u00edculos com carroceria Busscar e 71 encarro\u00e7ados pela Marcopolo. &nbsp; De acordo com a fabricante, trata-se de um e lote de \u00f4nibus convencionais, com\u2026 <a class=\"readmore\" href=\"https:\/\/dana.com.br\/canaldana\/2020\/11\/10\/volvo-vende-mais-321-onibus-para-sistema-transmilenio-de-bogota\/\">Leia mais \u00bb<\/a><\/p>\n","protected":false},"author":3,"featured_media":0,"comment_status":"closed","ping_status":"closed","sticky":false,"template":"","format":"standard","meta":{"_acf_changed":false,"footnotes":""},"categories":[79],"tags":[],"class_list":["post-46073","post","type-post","status-publish","format-standard","hentry","category-mercado"],"acf":[],"yoast_head":"<!-- This site is optimized with the Yoast SEO plugin v27.3 - https:\/\/yoast.com\/product\/yoast-seo-wordpress\/ -->\n<title>Volvo vende mais 321 \u00f4nibus para sistema Transmilenio, de Bogot\u00e1 - Canal Dana<\/title>\n<meta name=\"robots\" content=\"index, follow, max-snippet:-1, max-image-preview:large, max-video-preview:-1\" \/>\n<link rel=\"canonical\" href=\"https:\/\/dana.com.br\/canaldana\/2020\/11\/10\/volvo-vende-mais-321-onibus-para-sistema-transmilenio-de-bogota\/\" \/>\n<meta property=\"og:locale\" content=\"pt_BR\" \/>\n<meta property=\"og:type\" content=\"article\" \/>\n<meta property=\"og:title\" content=\"Volvo vende mais 321 \u00f4nibus para sistema Transmilenio, de Bogot\u00e1 - Canal Dana\" \/>\n<meta property=\"og:description\" content=\"Di\u00e1rio do Transporte &nbsp; A Volvo informou nesta segunda-feira, 09 de novembro de 2020, que vendeu mais 321 \u00f4nibus para o Transmilenio, de Bogot\u00e1, capital da Col\u00f4mbia. Ao todo, s\u00e3o 250 ve\u00edculos com carroceria Busscar e 71 encarro\u00e7ados pela Marcopolo. &nbsp; De acordo com a fabricante, trata-se de um e lote de \u00f4nibus convencionais, com\u2026 Leia mais \u00bb\" \/>\n<meta property=\"og:url\" content=\"https:\/\/dana.com.br\/canaldana\/2020\/11\/10\/volvo-vende-mais-321-onibus-para-sistema-transmilenio-de-bogota\/\" \/>\n<meta property=\"og:site_name\" content=\"Canal Dana\" \/>\n<meta property=\"article:published_time\" content=\"2020-11-10T11:23:57+00:00\" \/>\n<meta name=\"author\" content=\"Canal Dana\" \/>\n<meta name=\"twitter:card\" content=\"summary_large_image\" \/>\n<meta name=\"twitter:label1\" content=\"Escrito por\" \/>\n\t<meta name=\"twitter:data1\" content=\"Canal Dana\" \/>\n\t<meta name=\"twitter:label2\" content=\"Est. tempo de leitura\" \/>\n\t<meta name=\"twitter:data2\" content=\"2 minutos\" \/>\n<script type=\"application\/ld+json\" class=\"yoast-schema-graph\">{\"@context\":\"https:\\\/\\\/schema.org\",\"@graph\":[{\"@type\":\"Article\",\"@id\":\"https:\\\/\\\/dana.com.br\\\/canaldana\\\/2020\\\/11\\\/10\\\/volvo-vende-mais-321-onibus-para-sistema-transmilenio-de-bogota\\\/#article\",\"isPartOf\":{\"@id\":\"https:\\\/\\\/dana.com.br\\\/canaldana\\\/2020\\\/11\\\/10\\\/volvo-vende-mais-321-onibus-para-sistema-transmilenio-de-bogota\\\/\"},\"author\":{\"name\":\"Canal Dana\",\"@id\":\"https:\\\/\\\/dana.com.br\\\/canaldana\\\/#\\\/schema\\\/person\\\/3c21f22f56fcf3bc46b94bc60ea4fef6\"},\"headline\":\"Volvo vende mais 321 \u00f4nibus para sistema Transmilenio, de Bogot\u00e1\",\"datePublished\":\"2020-11-10T11:23:57+00:00\",\"mainEntityOfPage\":{\"@id\":\"https:\\\/\\\/dana.com.br\\\/canaldana\\\/2020\\\/11\\\/10\\\/volvo-vende-mais-321-onibus-para-sistema-transmilenio-de-bogota\\\/\"},\"wordCount\":381,\"articleSection\":[\"Mercado\"],\"inLanguage\":\"pt-BR\"},{\"@type\":\"WebPage\",\"@id\":\"https:\\\/\\\/dana.com.br\\\/canaldana\\\/2020\\\/11\\\/10\\\/volvo-vende-mais-321-onibus-para-sistema-transmilenio-de-bogota\\\/\",\"url\":\"https:\\\/\\\/dana.com.br\\\/canaldana\\\/2020\\\/11\\\/10\\\/volvo-vende-mais-321-onibus-para-sistema-transmilenio-de-bogota\\\/\",\"name\":\"Volvo vende mais 321 \u00f4nibus para sistema Transmilenio, de Bogot\u00e1 - Canal Dana\",\"isPartOf\":{\"@id\":\"https:\\\/\\\/dana.com.br\\\/canaldana\\\/#website\"},\"datePublished\":\"2020-11-10T11:23:57+00:00\",\"author\":{\"@id\":\"https:\\\/\\\/dana.com.br\\\/canaldana\\\/#\\\/schema\\\/person\\\/3c21f22f56fcf3bc46b94bc60ea4fef6\"},\"breadcrumb\":{\"@id\":\"https:\\\/\\\/dana.com.br\\\/canaldana\\\/2020\\\/11\\\/10\\\/volvo-vende-mais-321-onibus-para-sistema-transmilenio-de-bogota\\\/#breadcrumb\"},\"inLanguage\":\"pt-BR\",\"potentialAction\":[{\"@type\":\"ReadAction\",\"target\":[\"https:\\\/\\\/dana.com.br\\\/canaldana\\\/2020\\\/11\\\/10\\\/volvo-vende-mais-321-onibus-para-sistema-transmilenio-de-bogota\\\/\"]}]},{\"@type\":\"BreadcrumbList\",\"@id\":\"https:\\\/\\\/dana.com.br\\\/canaldana\\\/2020\\\/11\\\/10\\\/volvo-vende-mais-321-onibus-para-sistema-transmilenio-de-bogota\\\/#breadcrumb\",\"itemListElement\":[{\"@type\":\"ListItem\",\"position\":1,\"name\":\"Home\",\"item\":\"https:\\\/\\\/dana.com.br\\\/canaldana\\\/\"},{\"@type\":\"ListItem\",\"position\":2,\"name\":\"Mercado\",\"item\":\"https:\\\/\\\/dana.com.br\\\/canaldana\\\/mercado\\\/\"},{\"@type\":\"ListItem\",\"position\":3,\"name\":\"Volvo vende mais 321 \u00f4nibus para sistema Transmilenio, de Bogot\u00e1\"}]},{\"@type\":\"WebSite\",\"@id\":\"https:\\\/\\\/dana.com.br\\\/canaldana\\\/#website\",\"url\":\"https:\\\/\\\/dana.com.br\\\/canaldana\\\/\",\"name\":\"Canal Dana\",\"description\":\"Informativo com as principais not\u00edcias da ind\u00fastria automotiva\",\"potentialAction\":[{\"@type\":\"SearchAction\",\"target\":{\"@type\":\"EntryPoint\",\"urlTemplate\":\"https:\\\/\\\/dana.com.br\\\/canaldana\\\/?s={search_term_string}\"},\"query-input\":{\"@type\":\"PropertyValueSpecification\",\"valueRequired\":true,\"valueName\":\"search_term_string\"}}],\"inLanguage\":\"pt-BR\"},{\"@type\":\"Person\",\"@id\":\"https:\\\/\\\/dana.com.br\\\/canaldana\\\/#\\\/schema\\\/person\\\/3c21f22f56fcf3bc46b94bc60ea4fef6\",\"name\":\"Canal Dana\",\"image\":{\"@type\":\"ImageObject\",\"inLanguage\":\"pt-BR\",\"@id\":\"https:\\\/\\\/secure.gravatar.com\\\/avatar\\\/420aaf9278582877d9018637c6817617705899d2858d7572ef0fe59a6b6454b4?s=96&d=mm&r=g\",\"url\":\"https:\\\/\\\/secure.gravatar.com\\\/avatar\\\/420aaf9278582877d9018637c6817617705899d2858d7572ef0fe59a6b6454b4?s=96&d=mm&r=g\",\"contentUrl\":\"https:\\\/\\\/secure.gravatar.com\\\/avatar\\\/420aaf9278582877d9018637c6817617705899d2858d7572ef0fe59a6b6454b4?s=96&d=mm&r=g\",\"caption\":\"Canal Dana\"},\"url\":\"https:\\\/\\\/dana.com.br\\\/canaldana\\\/author\\\/cdeditor\\\/\"}]}<\/script>\n<!-- \/ Yoast SEO plugin. -->","yoast_head_json":{"title":"Volvo vende mais 321 \u00f4nibus para sistema Transmilenio, de Bogot\u00e1 - Canal Dana","robots":{"index":"index","follow":"follow","max-snippet":"max-snippet:-1","max-image-preview":"max-image-preview:large","max-video-preview":"max-video-preview:-1"},"canonical":"https:\/\/dana.com.br\/canaldana\/2020\/11\/10\/volvo-vende-mais-321-onibus-para-sistema-transmilenio-de-bogota\/","og_locale":"pt_BR","og_type":"article","og_title":"Volvo vende mais 321 \u00f4nibus para sistema Transmilenio, de Bogot\u00e1 - Canal Dana","og_description":"Di\u00e1rio do Transporte &nbsp; A Volvo informou nesta segunda-feira, 09 de novembro de 2020, que vendeu mais 321 \u00f4nibus para o Transmilenio, de Bogot\u00e1, capital da Col\u00f4mbia. Ao todo, s\u00e3o 250 ve\u00edculos com carroceria Busscar e 71 encarro\u00e7ados pela Marcopolo. &nbsp; De acordo com a fabricante, trata-se de um e lote de \u00f4nibus convencionais, com\u2026 Leia mais \u00bb","og_url":"https:\/\/dana.com.br\/canaldana\/2020\/11\/10\/volvo-vende-mais-321-onibus-para-sistema-transmilenio-de-bogota\/","og_site_name":"Canal Dana","article_published_time":"2020-11-10T11:23:57+00:00","author":"Canal Dana","twitter_card":"summary_large_image","twitter_misc":{"Escrito por":"Canal Dana","Est. tempo de leitura":"2 minutos"},"schema":{"@context":"https:\/\/schema.org","@graph":[{"@type":"Article","@id":"https:\/\/dana.com.br\/canaldana\/2020\/11\/10\/volvo-vende-mais-321-onibus-para-sistema-transmilenio-de-bogota\/#article","isPartOf":{"@id":"https:\/\/dana.com.br\/canaldana\/2020\/11\/10\/volvo-vende-mais-321-onibus-para-sistema-transmilenio-de-bogota\/"},"author":{"name":"Canal Dana","@id":"https:\/\/dana.com.br\/canaldana\/#\/schema\/person\/3c21f22f56fcf3bc46b94bc60ea4fef6"},"headline":"Volvo vende mais 321 \u00f4nibus para sistema Transmilenio, de Bogot\u00e1","datePublished":"2020-11-10T11:23:57+00:00","mainEntityOfPage":{"@id":"https:\/\/dana.com.br\/canaldana\/2020\/11\/10\/volvo-vende-mais-321-onibus-para-sistema-transmilenio-de-bogota\/"},"wordCount":381,"articleSection":["Mercado"],"inLanguage":"pt-BR"},{"@type":"WebPage","@id":"https:\/\/dana.com.br\/canaldana\/2020\/11\/10\/volvo-vende-mais-321-onibus-para-sistema-transmilenio-de-bogota\/","url":"https:\/\/dana.com.br\/canaldana\/2020\/11\/10\/volvo-vende-mais-321-onibus-para-sistema-transmilenio-de-bogota\/","name":"Volvo vende mais 321 \u00f4nibus para sistema Transmilenio, de Bogot\u00e1 - Canal Dana","isPartOf":{"@id":"https:\/\/dana.com.br\/canaldana\/#website"},"datePublished":"2020-11-10T11:23:57+00:00","author":{"@id":"https:\/\/dana.com.br\/canaldana\/#\/schema\/person\/3c21f22f56fcf3bc46b94bc60ea4fef6"},"breadcrumb":{"@id":"https:\/\/dana.com.br\/canaldana\/2020\/11\/10\/volvo-vende-mais-321-onibus-para-sistema-transmilenio-de-bogota\/#breadcrumb"},"inLanguage":"pt-BR","potentialAction":[{"@type":"ReadAction","target":["https:\/\/dana.com.br\/canaldana\/2020\/11\/10\/volvo-vende-mais-321-onibus-para-sistema-transmilenio-de-bogota\/"]}]},{"@type":"BreadcrumbList","@id":"https:\/\/dana.com.br\/canaldana\/2020\/11\/10\/volvo-vende-mais-321-onibus-para-sistema-transmilenio-de-bogota\/#breadcrumb","itemListElement":[{"@type":"ListItem","position":1,"name":"Home","item":"https:\/\/dana.com.br\/canaldana\/"},{"@type":"ListItem","position":2,"name":"Mercado","item":"https:\/\/dana.com.br\/canaldana\/mercado\/"},{"@type":"ListItem","position":3,"name":"Volvo vende mais 321 \u00f4nibus para sistema Transmilenio, de Bogot\u00e1"}]},{"@type":"WebSite","@id":"https:\/\/dana.com.br\/canaldana\/#website","url":"https:\/\/dana.com.br\/canaldana\/","name":"Canal Dana","description":"Informativo com as principais not\u00edcias da ind\u00fastria automotiva","potentialAction":[{"@type":"SearchAction","target":{"@type":"EntryPoint","urlTemplate":"https:\/\/dana.com.br\/canaldana\/?s={search_term_string}"},"query-input":{"@type":"PropertyValueSpecification","valueRequired":true,"valueName":"search_term_string"}}],"inLanguage":"pt-BR"},{"@type":"Person","@id":"https:\/\/dana.com.br\/canaldana\/#\/schema\/person\/3c21f22f56fcf3bc46b94bc60ea4fef6","name":"Canal Dana","image":{"@type":"ImageObject","inLanguage":"pt-BR","@id":"https:\/\/secure.gravatar.com\/avatar\/420aaf9278582877d9018637c6817617705899d2858d7572ef0fe59a6b6454b4?s=96&d=mm&r=g","url":"https:\/\/secure.gravatar.com\/avatar\/420aaf9278582877d9018637c6817617705899d2858d7572ef0fe59a6b6454b4?s=96&d=mm&r=g","contentUrl":"https:\/\/secure.gravatar.com\/avatar\/420aaf9278582877d9018637c6817617705899d2858d7572ef0fe59a6b6454b4?s=96&d=mm&r=g","caption":"Canal Dana"},"url":"https:\/\/dana.com.br\/canaldana\/author\/cdeditor\/"}]}},"_links":{"self":[{"href":"https:\/\/dana.com.br\/canaldana\/wp-json\/wp\/v2\/posts\/46073","targetHints":{"allow":["GET"]}}],"collection":[{"href":"https:\/\/dana.com.br\/canaldana\/wp-json\/wp\/v2\/posts"}],"about":[{"href":"https:\/\/dana.com.br\/canaldana\/wp-json\/wp\/v2\/types\/post"}],"author":[{"embeddable":true,"href":"https:\/\/dana.com.br\/canaldana\/wp-json\/wp\/v2\/users\/3"}],"replies":[{"embeddable":true,"href":"https:\/\/dana.com.br\/canaldana\/wp-json\/wp\/v2\/comments?post=46073"}],"version-history":[{"count":0,"href":"https:\/\/dana.com.br\/canaldana\/wp-json\/wp\/v2\/posts\/46073\/revisions"}],"wp:attachment":[{"href":"https:\/\/dana.com.br\/canaldana\/wp-json\/wp\/v2\/media?parent=46073"}],"wp:term":[{"taxonomy":"category","embeddable":true,"href":"https:\/\/dana.com.br\/canaldana\/wp-json\/wp\/v2\/categories?post=46073"},{"taxonomy":"post_tag","embeddable":true,"href":"https:\/\/dana.com.br\/canaldana\/wp-json\/wp\/v2\/tags?post=46073"}],"curies":[{"name":"wp","href":"https:\/\/api.w.org\/{rel}","templated":true}]}}