{"id":46071,"date":"2020-11-10T08:23:03","date_gmt":"2020-11-10T11:23:03","guid":{"rendered":"https:\/\/dana.com.br\/canaldana\/?p=46071"},"modified":"2020-11-10T08:23:03","modified_gmt":"2020-11-10T11:23:03","slug":"embraer-e-porsche-tem-combo-de-jato-e-carro","status":"publish","type":"post","link":"https:\/\/dana.com.br\/canaldana\/2020\/11\/10\/embraer-e-porsche-tem-combo-de-jato-e-carro\/","title":{"rendered":"Embraer e Porsche t\u00eam \u2018combo\u2019 de jato e carro"},"content":{"rendered":"<p><em>O Estado de S. Paulo<\/em><\/p>\n<p>&nbsp;<\/p>\n<p>A brasileira Embraer e a alem\u00e3 Porsche anunciaram uma parceria para desenvolver dez pares de jatos executivos e carros esportivos a serem vendidos conjuntamente, com caracter\u00edsticas, design e \u201cmimos\u201d compartilhados em ambos os produtos. O jato executivo ser\u00e1 o Phenom 300E e o carro, o cl\u00e1ssico Porsche 911, na vers\u00e3o Turbo S.<\/p>\n<p>&nbsp;<\/p>\n<p>De acordo com a Embraer, ser\u00e3o produzidos apenas dez pares e j\u00e1 \u00e9 poss\u00edvel reserv\u00e1-los. As entregas come\u00e7ar\u00e3o em 2021. O Porsche, com todas as altera\u00e7\u00f5es feitas em parceria com a Embraer, n\u00e3o est\u00e1 dispon\u00edvel para compra separadamente.<\/p>\n<p>&nbsp;<\/p>\n<p>O combo Duet, como foi batizada a parceria, vai custar US$ 10,9 milh\u00f5es, o equivalente a R$ 58 milh\u00f5es. De acordo com fontes ouvidas pelo Estad\u00e3o, o avi\u00e3o, sozinho, custa a partir de US$ 9,5 milh\u00f5es. A ideia, segundo a Embraer, \u00e9 \u201coferecer uma experi\u00eancia verdadeiramente cont\u00ednua e exclusiva, desde a estrada at\u00e9 as nuvens\u201d.<\/p>\n<p>&nbsp;<\/p>\n<p>As especifica\u00e7\u00f5es gerais do Porsche 911 S Turbo s\u00e3o: 478 KW de pot\u00eancia e velocidade m\u00e1xima de 330 Km\/h. Na configura\u00e7\u00e3o inicial apresentada pela pr\u00f3pria fabricante, sem quaisquer altera\u00e7\u00f5es, o valor do carro \u00e9 de R$ 1,36 milh\u00e3o.<\/p>\n<p>&nbsp;<\/p>\n<p>O Phenom 300E tem capacidade de cinco ocupantes, com altitude m\u00e1xima de opera\u00e7\u00e3o de 45 mil p\u00e9s, ou pouco mais de 13 mil metros de altura, com velocidade m\u00e1xima de 860 km por hora.<\/p>\n<p>&nbsp;<\/p>\n<p>Al\u00e9m dos dois principais produtos, os clientes que comprarem o conjunto receber\u00e3o malas com o logo da Duet e uma edi\u00e7\u00e3o do rel\u00f3gio Porsche Design, inspirado no cockpit da aeronave.<\/p>\n<p>&nbsp;<\/p>\n<p>O logo da colabora\u00e7\u00e3o vir\u00e1 gravado nos encostos de cabe\u00e7a do avi\u00e3o e do carro. Tamb\u00e9m estar\u00e1 presente nas tampas dos porta-objetos, grades de alto-falantes e perto da porta principal. Cada um dos dez pares ser\u00e1 exclusivo e poder\u00e1 ser identificado por um distintivo especial. O carro e no avi\u00e3o ter\u00e3o a mesma paleta de cores, pintadas \u00e0 m\u00e3o, e o Porsche trar\u00e1 os dizeres \u201cNo Step\u201d nas portas \u2013 como se v\u00ea, geralmente, nas asas de avi\u00f5es. (O Estado de S. Paulo\/Felipe Siqueira e Luciana Dyniewicz)<\/p>\n","protected":false},"excerpt":{"rendered":"<p>O Estado de S. Paulo &nbsp; A brasileira Embraer e a alem\u00e3 Porsche anunciaram uma parceria para desenvolver dez pares de jatos executivos e carros esportivos a serem vendidos conjuntamente, com caracter\u00edsticas, design e \u201cmimos\u201d compartilhados em ambos os produtos. O jato executivo ser\u00e1 o Phenom 300E e o carro, o cl\u00e1ssico Porsche 911, na\u2026 <a class=\"readmore\" href=\"https:\/\/dana.com.br\/canaldana\/2020\/11\/10\/embraer-e-porsche-tem-combo-de-jato-e-carro\/\">Leia mais \u00bb<\/a><\/p>\n","protected":false},"author":3,"featured_media":0,"comment_status":"closed","ping_status":"closed","sticky":false,"template":"","format":"standard","meta":{"_acf_changed":false,"footnotes":""},"categories":[79],"tags":[],"class_list":["post-46071","post","type-post","status-publish","format-standard","hentry","category-mercado"],"acf":[],"yoast_head":"<!-- This site is optimized with the Yoast SEO plugin v27.3 - https:\/\/yoast.com\/product\/yoast-seo-wordpress\/ -->\n<title>Embraer e Porsche t\u00eam \u2018combo\u2019 de jato e carro - Canal Dana<\/title>\n<meta name=\"robots\" content=\"index, follow, max-snippet:-1, max-image-preview:large, max-video-preview:-1\" \/>\n<link rel=\"canonical\" href=\"https:\/\/dana.com.br\/canaldana\/2020\/11\/10\/embraer-e-porsche-tem-combo-de-jato-e-carro\/\" \/>\n<meta property=\"og:locale\" content=\"pt_BR\" \/>\n<meta property=\"og:type\" content=\"article\" \/>\n<meta property=\"og:title\" content=\"Embraer e Porsche t\u00eam \u2018combo\u2019 de jato e carro - Canal Dana\" \/>\n<meta property=\"og:description\" content=\"O Estado de S. Paulo &nbsp; A brasileira Embraer e a alem\u00e3 Porsche anunciaram uma parceria para desenvolver dez pares de jatos executivos e carros esportivos a serem vendidos conjuntamente, com caracter\u00edsticas, design e \u201cmimos\u201d compartilhados em ambos os produtos. O jato executivo ser\u00e1 o Phenom 300E e o carro, o cl\u00e1ssico Porsche 911, na\u2026 Leia mais \u00bb\" \/>\n<meta property=\"og:url\" content=\"https:\/\/dana.com.br\/canaldana\/2020\/11\/10\/embraer-e-porsche-tem-combo-de-jato-e-carro\/\" \/>\n<meta property=\"og:site_name\" content=\"Canal Dana\" \/>\n<meta property=\"article:published_time\" content=\"2020-11-10T11:23:03+00:00\" \/>\n<meta name=\"author\" content=\"Canal Dana\" \/>\n<meta name=\"twitter:card\" content=\"summary_large_image\" \/>\n<meta name=\"twitter:label1\" content=\"Escrito por\" \/>\n\t<meta name=\"twitter:data1\" content=\"Canal Dana\" \/>\n\t<meta name=\"twitter:label2\" content=\"Est. tempo de leitura\" \/>\n\t<meta name=\"twitter:data2\" content=\"2 minutos\" \/>\n<script type=\"application\/ld+json\" class=\"yoast-schema-graph\">{\"@context\":\"https:\\\/\\\/schema.org\",\"@graph\":[{\"@type\":\"Article\",\"@id\":\"https:\\\/\\\/dana.com.br\\\/canaldana\\\/2020\\\/11\\\/10\\\/embraer-e-porsche-tem-combo-de-jato-e-carro\\\/#article\",\"isPartOf\":{\"@id\":\"https:\\\/\\\/dana.com.br\\\/canaldana\\\/2020\\\/11\\\/10\\\/embraer-e-porsche-tem-combo-de-jato-e-carro\\\/\"},\"author\":{\"name\":\"Canal Dana\",\"@id\":\"https:\\\/\\\/dana.com.br\\\/canaldana\\\/#\\\/schema\\\/person\\\/3c21f22f56fcf3bc46b94bc60ea4fef6\"},\"headline\":\"Embraer e Porsche t\u00eam \u2018combo\u2019 de jato e carro\",\"datePublished\":\"2020-11-10T11:23:03+00:00\",\"mainEntityOfPage\":{\"@id\":\"https:\\\/\\\/dana.com.br\\\/canaldana\\\/2020\\\/11\\\/10\\\/embraer-e-porsche-tem-combo-de-jato-e-carro\\\/\"},\"wordCount\":383,\"articleSection\":[\"Mercado\"],\"inLanguage\":\"pt-BR\"},{\"@type\":\"WebPage\",\"@id\":\"https:\\\/\\\/dana.com.br\\\/canaldana\\\/2020\\\/11\\\/10\\\/embraer-e-porsche-tem-combo-de-jato-e-carro\\\/\",\"url\":\"https:\\\/\\\/dana.com.br\\\/canaldana\\\/2020\\\/11\\\/10\\\/embraer-e-porsche-tem-combo-de-jato-e-carro\\\/\",\"name\":\"Embraer e Porsche t\u00eam \u2018combo\u2019 de jato e carro - Canal Dana\",\"isPartOf\":{\"@id\":\"https:\\\/\\\/dana.com.br\\\/canaldana\\\/#website\"},\"datePublished\":\"2020-11-10T11:23:03+00:00\",\"author\":{\"@id\":\"https:\\\/\\\/dana.com.br\\\/canaldana\\\/#\\\/schema\\\/person\\\/3c21f22f56fcf3bc46b94bc60ea4fef6\"},\"breadcrumb\":{\"@id\":\"https:\\\/\\\/dana.com.br\\\/canaldana\\\/2020\\\/11\\\/10\\\/embraer-e-porsche-tem-combo-de-jato-e-carro\\\/#breadcrumb\"},\"inLanguage\":\"pt-BR\",\"potentialAction\":[{\"@type\":\"ReadAction\",\"target\":[\"https:\\\/\\\/dana.com.br\\\/canaldana\\\/2020\\\/11\\\/10\\\/embraer-e-porsche-tem-combo-de-jato-e-carro\\\/\"]}]},{\"@type\":\"BreadcrumbList\",\"@id\":\"https:\\\/\\\/dana.com.br\\\/canaldana\\\/2020\\\/11\\\/10\\\/embraer-e-porsche-tem-combo-de-jato-e-carro\\\/#breadcrumb\",\"itemListElement\":[{\"@type\":\"ListItem\",\"position\":1,\"name\":\"Home\",\"item\":\"https:\\\/\\\/dana.com.br\\\/canaldana\\\/\"},{\"@type\":\"ListItem\",\"position\":2,\"name\":\"Mercado\",\"item\":\"https:\\\/\\\/dana.com.br\\\/canaldana\\\/mercado\\\/\"},{\"@type\":\"ListItem\",\"position\":3,\"name\":\"Embraer e Porsche t\u00eam \u2018combo\u2019 de jato e carro\"}]},{\"@type\":\"WebSite\",\"@id\":\"https:\\\/\\\/dana.com.br\\\/canaldana\\\/#website\",\"url\":\"https:\\\/\\\/dana.com.br\\\/canaldana\\\/\",\"name\":\"Canal Dana\",\"description\":\"Informativo com as principais not\u00edcias da ind\u00fastria automotiva\",\"potentialAction\":[{\"@type\":\"SearchAction\",\"target\":{\"@type\":\"EntryPoint\",\"urlTemplate\":\"https:\\\/\\\/dana.com.br\\\/canaldana\\\/?s={search_term_string}\"},\"query-input\":{\"@type\":\"PropertyValueSpecification\",\"valueRequired\":true,\"valueName\":\"search_term_string\"}}],\"inLanguage\":\"pt-BR\"},{\"@type\":\"Person\",\"@id\":\"https:\\\/\\\/dana.com.br\\\/canaldana\\\/#\\\/schema\\\/person\\\/3c21f22f56fcf3bc46b94bc60ea4fef6\",\"name\":\"Canal Dana\",\"image\":{\"@type\":\"ImageObject\",\"inLanguage\":\"pt-BR\",\"@id\":\"https:\\\/\\\/secure.gravatar.com\\\/avatar\\\/420aaf9278582877d9018637c6817617705899d2858d7572ef0fe59a6b6454b4?s=96&d=mm&r=g\",\"url\":\"https:\\\/\\\/secure.gravatar.com\\\/avatar\\\/420aaf9278582877d9018637c6817617705899d2858d7572ef0fe59a6b6454b4?s=96&d=mm&r=g\",\"contentUrl\":\"https:\\\/\\\/secure.gravatar.com\\\/avatar\\\/420aaf9278582877d9018637c6817617705899d2858d7572ef0fe59a6b6454b4?s=96&d=mm&r=g\",\"caption\":\"Canal Dana\"},\"url\":\"https:\\\/\\\/dana.com.br\\\/canaldana\\\/author\\\/cdeditor\\\/\"}]}<\/script>\n<!-- \/ Yoast SEO plugin. -->","yoast_head_json":{"title":"Embraer e Porsche t\u00eam \u2018combo\u2019 de jato e carro - Canal Dana","robots":{"index":"index","follow":"follow","max-snippet":"max-snippet:-1","max-image-preview":"max-image-preview:large","max-video-preview":"max-video-preview:-1"},"canonical":"https:\/\/dana.com.br\/canaldana\/2020\/11\/10\/embraer-e-porsche-tem-combo-de-jato-e-carro\/","og_locale":"pt_BR","og_type":"article","og_title":"Embraer e Porsche t\u00eam \u2018combo\u2019 de jato e carro - Canal Dana","og_description":"O Estado de S. Paulo &nbsp; A brasileira Embraer e a alem\u00e3 Porsche anunciaram uma parceria para desenvolver dez pares de jatos executivos e carros esportivos a serem vendidos conjuntamente, com caracter\u00edsticas, design e \u201cmimos\u201d compartilhados em ambos os produtos. O jato executivo ser\u00e1 o Phenom 300E e o carro, o cl\u00e1ssico Porsche 911, na\u2026 Leia mais \u00bb","og_url":"https:\/\/dana.com.br\/canaldana\/2020\/11\/10\/embraer-e-porsche-tem-combo-de-jato-e-carro\/","og_site_name":"Canal Dana","article_published_time":"2020-11-10T11:23:03+00:00","author":"Canal Dana","twitter_card":"summary_large_image","twitter_misc":{"Escrito por":"Canal Dana","Est. tempo de leitura":"2 minutos"},"schema":{"@context":"https:\/\/schema.org","@graph":[{"@type":"Article","@id":"https:\/\/dana.com.br\/canaldana\/2020\/11\/10\/embraer-e-porsche-tem-combo-de-jato-e-carro\/#article","isPartOf":{"@id":"https:\/\/dana.com.br\/canaldana\/2020\/11\/10\/embraer-e-porsche-tem-combo-de-jato-e-carro\/"},"author":{"name":"Canal Dana","@id":"https:\/\/dana.com.br\/canaldana\/#\/schema\/person\/3c21f22f56fcf3bc46b94bc60ea4fef6"},"headline":"Embraer e Porsche t\u00eam \u2018combo\u2019 de jato e carro","datePublished":"2020-11-10T11:23:03+00:00","mainEntityOfPage":{"@id":"https:\/\/dana.com.br\/canaldana\/2020\/11\/10\/embraer-e-porsche-tem-combo-de-jato-e-carro\/"},"wordCount":383,"articleSection":["Mercado"],"inLanguage":"pt-BR"},{"@type":"WebPage","@id":"https:\/\/dana.com.br\/canaldana\/2020\/11\/10\/embraer-e-porsche-tem-combo-de-jato-e-carro\/","url":"https:\/\/dana.com.br\/canaldana\/2020\/11\/10\/embraer-e-porsche-tem-combo-de-jato-e-carro\/","name":"Embraer e Porsche t\u00eam \u2018combo\u2019 de jato e carro - Canal Dana","isPartOf":{"@id":"https:\/\/dana.com.br\/canaldana\/#website"},"datePublished":"2020-11-10T11:23:03+00:00","author":{"@id":"https:\/\/dana.com.br\/canaldana\/#\/schema\/person\/3c21f22f56fcf3bc46b94bc60ea4fef6"},"breadcrumb":{"@id":"https:\/\/dana.com.br\/canaldana\/2020\/11\/10\/embraer-e-porsche-tem-combo-de-jato-e-carro\/#breadcrumb"},"inLanguage":"pt-BR","potentialAction":[{"@type":"ReadAction","target":["https:\/\/dana.com.br\/canaldana\/2020\/11\/10\/embraer-e-porsche-tem-combo-de-jato-e-carro\/"]}]},{"@type":"BreadcrumbList","@id":"https:\/\/dana.com.br\/canaldana\/2020\/11\/10\/embraer-e-porsche-tem-combo-de-jato-e-carro\/#breadcrumb","itemListElement":[{"@type":"ListItem","position":1,"name":"Home","item":"https:\/\/dana.com.br\/canaldana\/"},{"@type":"ListItem","position":2,"name":"Mercado","item":"https:\/\/dana.com.br\/canaldana\/mercado\/"},{"@type":"ListItem","position":3,"name":"Embraer e Porsche t\u00eam \u2018combo\u2019 de jato e carro"}]},{"@type":"WebSite","@id":"https:\/\/dana.com.br\/canaldana\/#website","url":"https:\/\/dana.com.br\/canaldana\/","name":"Canal Dana","description":"Informativo com as principais not\u00edcias da ind\u00fastria automotiva","potentialAction":[{"@type":"SearchAction","target":{"@type":"EntryPoint","urlTemplate":"https:\/\/dana.com.br\/canaldana\/?s={search_term_string}"},"query-input":{"@type":"PropertyValueSpecification","valueRequired":true,"valueName":"search_term_string"}}],"inLanguage":"pt-BR"},{"@type":"Person","@id":"https:\/\/dana.com.br\/canaldana\/#\/schema\/person\/3c21f22f56fcf3bc46b94bc60ea4fef6","name":"Canal Dana","image":{"@type":"ImageObject","inLanguage":"pt-BR","@id":"https:\/\/secure.gravatar.com\/avatar\/420aaf9278582877d9018637c6817617705899d2858d7572ef0fe59a6b6454b4?s=96&d=mm&r=g","url":"https:\/\/secure.gravatar.com\/avatar\/420aaf9278582877d9018637c6817617705899d2858d7572ef0fe59a6b6454b4?s=96&d=mm&r=g","contentUrl":"https:\/\/secure.gravatar.com\/avatar\/420aaf9278582877d9018637c6817617705899d2858d7572ef0fe59a6b6454b4?s=96&d=mm&r=g","caption":"Canal Dana"},"url":"https:\/\/dana.com.br\/canaldana\/author\/cdeditor\/"}]}},"_links":{"self":[{"href":"https:\/\/dana.com.br\/canaldana\/wp-json\/wp\/v2\/posts\/46071","targetHints":{"allow":["GET"]}}],"collection":[{"href":"https:\/\/dana.com.br\/canaldana\/wp-json\/wp\/v2\/posts"}],"about":[{"href":"https:\/\/dana.com.br\/canaldana\/wp-json\/wp\/v2\/types\/post"}],"author":[{"embeddable":true,"href":"https:\/\/dana.com.br\/canaldana\/wp-json\/wp\/v2\/users\/3"}],"replies":[{"embeddable":true,"href":"https:\/\/dana.com.br\/canaldana\/wp-json\/wp\/v2\/comments?post=46071"}],"version-history":[{"count":0,"href":"https:\/\/dana.com.br\/canaldana\/wp-json\/wp\/v2\/posts\/46071\/revisions"}],"wp:attachment":[{"href":"https:\/\/dana.com.br\/canaldana\/wp-json\/wp\/v2\/media?parent=46071"}],"wp:term":[{"taxonomy":"category","embeddable":true,"href":"https:\/\/dana.com.br\/canaldana\/wp-json\/wp\/v2\/categories?post=46071"},{"taxonomy":"post_tag","embeddable":true,"href":"https:\/\/dana.com.br\/canaldana\/wp-json\/wp\/v2\/tags?post=46071"}],"curies":[{"name":"wp","href":"https:\/\/api.w.org\/{rel}","templated":true}]}}