{"id":46050,"date":"2020-11-09T08:14:08","date_gmt":"2020-11-09T11:14:08","guid":{"rendered":"https:\/\/dana.com.br\/canaldana\/?p=46050"},"modified":"2020-11-09T08:14:08","modified_gmt":"2020-11-09T11:14:08","slug":"isencao-do-icms-para-pcd-e-prorrogada-para-marco-de-2021","status":"publish","type":"post","link":"https:\/\/dana.com.br\/canaldana\/2020\/11\/09\/isencao-do-icms-para-pcd-e-prorrogada-para-marco-de-2021\/","title":{"rendered":"Isen\u00e7\u00e3o do ICMS para PCD \u00e9 prorrogada para mar\u00e7o de 2021"},"content":{"rendered":"<p><em>Jornal do Carro<\/em><\/p>\n<p>&nbsp;<\/p>\n<p>O Di\u00e1rio Oficial da Uni\u00e3o publicou a prorroga\u00e7\u00e3o da isen\u00e7\u00e3o do ICMS para carros PCD zero km. A concess\u00e3o deveria acabar no dia 31 de dezembro de 2020 e foi estendida por tr\u00eas meses.<\/p>\n<p>&nbsp;<\/p>\n<p>Em reuni\u00e3o extraordin\u00e1ria no dia 29 de outubro, o Conselho Nacional de Pol\u00edtica Fazend\u00e1ria (Confaz) decidiu alterar a data limite do Conv\u00eanio ICMS 37\/12 para at\u00e9 31 de mar\u00e7o de 2021. Na pr\u00e1tica, at\u00e9 o final do terceiro m\u00eas de 2021, o carro PCD 0 km estar\u00e1 assegurado da isen\u00e7\u00e3o do imposto.<\/p>\n<p>&nbsp;<\/p>\n<p>H\u00e1 anos entidades pedem para aumentar o teto do valor do ve\u00edculo novo PCD que garante o ICMS \u2013 cujo pre\u00e7o atual \u00e9 de R$ 70 mil. A cifra, aplicada em 2009, n\u00e3o passou por reajuste at\u00e9 agora.<\/p>\n<p>&nbsp;<\/p>\n<p>Entretanto, na \u00faltima reuni\u00e3o o Confaz optou por n\u00e3o atualizar essa quantia. Enquanto isso, os ve\u00edculos tiveram um aumento constante e substancial de pre\u00e7o, principalmente nos \u00faltimos tempos com a alta cambial.<\/p>\n<p>&nbsp;<\/p>\n<p>A Jeep e a Volkswagen decidiram suspender \u00e0s vendas do Renegade para PCD e T-Cross Sense por tempo indeterminado. Espera-se que outras montadoras adotem a mesma postura at\u00e9 o reajuste da restri\u00e7\u00e3o. Contudo, nas pr\u00f3ximas reuni\u00f5es o Confaz dever\u00e1 pautar o aumento do teto limite. Dessa forma, ser\u00e1 vi\u00e1vel para montadoras continuarem comercializando modelos para esse p\u00fablico.<\/p>\n<p>&nbsp;<\/p>\n<p>Fora isso, foi aprovado pela Assembleia Legislativa de S\u00e3o Paulo o Projeto de Lei 529\/2020. O PL, que permanecia em tramita\u00e7\u00e3o desde meados de agosto, dentre os pontos, vai mexer no bolso do consumidor PCD. De acordo com o texto, a isen\u00e7\u00e3o do IPVA ser\u00e1 concedida apenas para deficientes f\u00edsicos que utilizem carro adaptado.<\/p>\n<p>&nbsp;<\/p>\n<p>Com isso, apenas motoristas com doen\u00e7as severas ser\u00e3o beneficiados pela concess\u00e3o do benef\u00edcio. De acordo com o Governo de S\u00e3o Paulo, o objetivo \u00e9 conter o d\u00e9ficit do Estado. A previs\u00e3o \u00e9 de R$ 10,4 bilh\u00f5es de queda neste ano. O texto proposto pelo governador Jo\u00e3o Doria (PSDB), al\u00e9m de dificultar a concess\u00e3o da isen\u00e7\u00e3o do IPVA, limita a 18% a al\u00edquota de ICMS. At\u00e9 ent\u00e3o, era estendido \u00e0 21%. (Jornal do Carro)<\/p>\n","protected":false},"excerpt":{"rendered":"<p>Jornal do Carro &nbsp; O Di\u00e1rio Oficial da Uni\u00e3o publicou a prorroga\u00e7\u00e3o da isen\u00e7\u00e3o do ICMS para carros PCD zero km. A concess\u00e3o deveria acabar no dia 31 de dezembro de 2020 e foi estendida por tr\u00eas meses. &nbsp; Em reuni\u00e3o extraordin\u00e1ria no dia 29 de outubro, o Conselho Nacional de Pol\u00edtica Fazend\u00e1ria (Confaz) decidiu\u2026 <a class=\"readmore\" href=\"https:\/\/dana.com.br\/canaldana\/2020\/11\/09\/isencao-do-icms-para-pcd-e-prorrogada-para-marco-de-2021\/\">Leia mais \u00bb<\/a><\/p>\n","protected":false},"author":3,"featured_media":0,"comment_status":"closed","ping_status":"closed","sticky":false,"template":"","format":"standard","meta":{"_acf_changed":false,"footnotes":""},"categories":[79],"tags":[],"class_list":["post-46050","post","type-post","status-publish","format-standard","hentry","category-mercado"],"acf":[],"yoast_head":"<!-- This site is optimized with the Yoast SEO plugin v27.3 - https:\/\/yoast.com\/product\/yoast-seo-wordpress\/ -->\n<title>Isen\u00e7\u00e3o do ICMS para PCD \u00e9 prorrogada para mar\u00e7o de 2021 - Canal Dana<\/title>\n<meta name=\"robots\" content=\"index, follow, max-snippet:-1, max-image-preview:large, max-video-preview:-1\" \/>\n<link rel=\"canonical\" href=\"https:\/\/dana.com.br\/canaldana\/2020\/11\/09\/isencao-do-icms-para-pcd-e-prorrogada-para-marco-de-2021\/\" \/>\n<meta property=\"og:locale\" content=\"pt_BR\" \/>\n<meta property=\"og:type\" content=\"article\" \/>\n<meta property=\"og:title\" content=\"Isen\u00e7\u00e3o do ICMS para PCD \u00e9 prorrogada para mar\u00e7o de 2021 - Canal Dana\" \/>\n<meta property=\"og:description\" content=\"Jornal do Carro &nbsp; O Di\u00e1rio Oficial da Uni\u00e3o publicou a prorroga\u00e7\u00e3o da isen\u00e7\u00e3o do ICMS para carros PCD zero km. A concess\u00e3o deveria acabar no dia 31 de dezembro de 2020 e foi estendida por tr\u00eas meses. &nbsp; Em reuni\u00e3o extraordin\u00e1ria no dia 29 de outubro, o Conselho Nacional de Pol\u00edtica Fazend\u00e1ria (Confaz) decidiu\u2026 Leia mais \u00bb\" \/>\n<meta property=\"og:url\" content=\"https:\/\/dana.com.br\/canaldana\/2020\/11\/09\/isencao-do-icms-para-pcd-e-prorrogada-para-marco-de-2021\/\" \/>\n<meta property=\"og:site_name\" content=\"Canal Dana\" \/>\n<meta property=\"article:published_time\" content=\"2020-11-09T11:14:08+00:00\" \/>\n<meta name=\"author\" content=\"Canal Dana\" \/>\n<meta name=\"twitter:card\" content=\"summary_large_image\" \/>\n<meta name=\"twitter:label1\" content=\"Escrito por\" \/>\n\t<meta name=\"twitter:data1\" content=\"Canal Dana\" \/>\n\t<meta name=\"twitter:label2\" content=\"Est. tempo de leitura\" \/>\n\t<meta name=\"twitter:data2\" content=\"2 minutos\" \/>\n<script type=\"application\/ld+json\" class=\"yoast-schema-graph\">{\"@context\":\"https:\\\/\\\/schema.org\",\"@graph\":[{\"@type\":\"Article\",\"@id\":\"https:\\\/\\\/dana.com.br\\\/canaldana\\\/2020\\\/11\\\/09\\\/isencao-do-icms-para-pcd-e-prorrogada-para-marco-de-2021\\\/#article\",\"isPartOf\":{\"@id\":\"https:\\\/\\\/dana.com.br\\\/canaldana\\\/2020\\\/11\\\/09\\\/isencao-do-icms-para-pcd-e-prorrogada-para-marco-de-2021\\\/\"},\"author\":{\"name\":\"Canal Dana\",\"@id\":\"https:\\\/\\\/dana.com.br\\\/canaldana\\\/#\\\/schema\\\/person\\\/3c21f22f56fcf3bc46b94bc60ea4fef6\"},\"headline\":\"Isen\u00e7\u00e3o do ICMS para PCD \u00e9 prorrogada para mar\u00e7o de 2021\",\"datePublished\":\"2020-11-09T11:14:08+00:00\",\"mainEntityOfPage\":{\"@id\":\"https:\\\/\\\/dana.com.br\\\/canaldana\\\/2020\\\/11\\\/09\\\/isencao-do-icms-para-pcd-e-prorrogada-para-marco-de-2021\\\/\"},\"wordCount\":387,\"articleSection\":[\"Mercado\"],\"inLanguage\":\"pt-BR\"},{\"@type\":\"WebPage\",\"@id\":\"https:\\\/\\\/dana.com.br\\\/canaldana\\\/2020\\\/11\\\/09\\\/isencao-do-icms-para-pcd-e-prorrogada-para-marco-de-2021\\\/\",\"url\":\"https:\\\/\\\/dana.com.br\\\/canaldana\\\/2020\\\/11\\\/09\\\/isencao-do-icms-para-pcd-e-prorrogada-para-marco-de-2021\\\/\",\"name\":\"Isen\u00e7\u00e3o do ICMS para PCD \u00e9 prorrogada para mar\u00e7o de 2021 - Canal Dana\",\"isPartOf\":{\"@id\":\"https:\\\/\\\/dana.com.br\\\/canaldana\\\/#website\"},\"datePublished\":\"2020-11-09T11:14:08+00:00\",\"author\":{\"@id\":\"https:\\\/\\\/dana.com.br\\\/canaldana\\\/#\\\/schema\\\/person\\\/3c21f22f56fcf3bc46b94bc60ea4fef6\"},\"breadcrumb\":{\"@id\":\"https:\\\/\\\/dana.com.br\\\/canaldana\\\/2020\\\/11\\\/09\\\/isencao-do-icms-para-pcd-e-prorrogada-para-marco-de-2021\\\/#breadcrumb\"},\"inLanguage\":\"pt-BR\",\"potentialAction\":[{\"@type\":\"ReadAction\",\"target\":[\"https:\\\/\\\/dana.com.br\\\/canaldana\\\/2020\\\/11\\\/09\\\/isencao-do-icms-para-pcd-e-prorrogada-para-marco-de-2021\\\/\"]}]},{\"@type\":\"BreadcrumbList\",\"@id\":\"https:\\\/\\\/dana.com.br\\\/canaldana\\\/2020\\\/11\\\/09\\\/isencao-do-icms-para-pcd-e-prorrogada-para-marco-de-2021\\\/#breadcrumb\",\"itemListElement\":[{\"@type\":\"ListItem\",\"position\":1,\"name\":\"Home\",\"item\":\"https:\\\/\\\/dana.com.br\\\/canaldana\\\/\"},{\"@type\":\"ListItem\",\"position\":2,\"name\":\"Mercado\",\"item\":\"https:\\\/\\\/dana.com.br\\\/canaldana\\\/mercado\\\/\"},{\"@type\":\"ListItem\",\"position\":3,\"name\":\"Isen\u00e7\u00e3o do ICMS para PCD \u00e9 prorrogada para mar\u00e7o de 2021\"}]},{\"@type\":\"WebSite\",\"@id\":\"https:\\\/\\\/dana.com.br\\\/canaldana\\\/#website\",\"url\":\"https:\\\/\\\/dana.com.br\\\/canaldana\\\/\",\"name\":\"Canal Dana\",\"description\":\"Informativo com as principais not\u00edcias da ind\u00fastria automotiva\",\"potentialAction\":[{\"@type\":\"SearchAction\",\"target\":{\"@type\":\"EntryPoint\",\"urlTemplate\":\"https:\\\/\\\/dana.com.br\\\/canaldana\\\/?s={search_term_string}\"},\"query-input\":{\"@type\":\"PropertyValueSpecification\",\"valueRequired\":true,\"valueName\":\"search_term_string\"}}],\"inLanguage\":\"pt-BR\"},{\"@type\":\"Person\",\"@id\":\"https:\\\/\\\/dana.com.br\\\/canaldana\\\/#\\\/schema\\\/person\\\/3c21f22f56fcf3bc46b94bc60ea4fef6\",\"name\":\"Canal Dana\",\"image\":{\"@type\":\"ImageObject\",\"inLanguage\":\"pt-BR\",\"@id\":\"https:\\\/\\\/secure.gravatar.com\\\/avatar\\\/420aaf9278582877d9018637c6817617705899d2858d7572ef0fe59a6b6454b4?s=96&d=mm&r=g\",\"url\":\"https:\\\/\\\/secure.gravatar.com\\\/avatar\\\/420aaf9278582877d9018637c6817617705899d2858d7572ef0fe59a6b6454b4?s=96&d=mm&r=g\",\"contentUrl\":\"https:\\\/\\\/secure.gravatar.com\\\/avatar\\\/420aaf9278582877d9018637c6817617705899d2858d7572ef0fe59a6b6454b4?s=96&d=mm&r=g\",\"caption\":\"Canal Dana\"},\"url\":\"https:\\\/\\\/dana.com.br\\\/canaldana\\\/author\\\/cdeditor\\\/\"}]}<\/script>\n<!-- \/ Yoast SEO plugin. -->","yoast_head_json":{"title":"Isen\u00e7\u00e3o do ICMS para PCD \u00e9 prorrogada para mar\u00e7o de 2021 - Canal Dana","robots":{"index":"index","follow":"follow","max-snippet":"max-snippet:-1","max-image-preview":"max-image-preview:large","max-video-preview":"max-video-preview:-1"},"canonical":"https:\/\/dana.com.br\/canaldana\/2020\/11\/09\/isencao-do-icms-para-pcd-e-prorrogada-para-marco-de-2021\/","og_locale":"pt_BR","og_type":"article","og_title":"Isen\u00e7\u00e3o do ICMS para PCD \u00e9 prorrogada para mar\u00e7o de 2021 - Canal Dana","og_description":"Jornal do Carro &nbsp; O Di\u00e1rio Oficial da Uni\u00e3o publicou a prorroga\u00e7\u00e3o da isen\u00e7\u00e3o do ICMS para carros PCD zero km. A concess\u00e3o deveria acabar no dia 31 de dezembro de 2020 e foi estendida por tr\u00eas meses. &nbsp; Em reuni\u00e3o extraordin\u00e1ria no dia 29 de outubro, o Conselho Nacional de Pol\u00edtica Fazend\u00e1ria (Confaz) decidiu\u2026 Leia mais \u00bb","og_url":"https:\/\/dana.com.br\/canaldana\/2020\/11\/09\/isencao-do-icms-para-pcd-e-prorrogada-para-marco-de-2021\/","og_site_name":"Canal Dana","article_published_time":"2020-11-09T11:14:08+00:00","author":"Canal Dana","twitter_card":"summary_large_image","twitter_misc":{"Escrito por":"Canal Dana","Est. tempo de leitura":"2 minutos"},"schema":{"@context":"https:\/\/schema.org","@graph":[{"@type":"Article","@id":"https:\/\/dana.com.br\/canaldana\/2020\/11\/09\/isencao-do-icms-para-pcd-e-prorrogada-para-marco-de-2021\/#article","isPartOf":{"@id":"https:\/\/dana.com.br\/canaldana\/2020\/11\/09\/isencao-do-icms-para-pcd-e-prorrogada-para-marco-de-2021\/"},"author":{"name":"Canal Dana","@id":"https:\/\/dana.com.br\/canaldana\/#\/schema\/person\/3c21f22f56fcf3bc46b94bc60ea4fef6"},"headline":"Isen\u00e7\u00e3o do ICMS para PCD \u00e9 prorrogada para mar\u00e7o de 2021","datePublished":"2020-11-09T11:14:08+00:00","mainEntityOfPage":{"@id":"https:\/\/dana.com.br\/canaldana\/2020\/11\/09\/isencao-do-icms-para-pcd-e-prorrogada-para-marco-de-2021\/"},"wordCount":387,"articleSection":["Mercado"],"inLanguage":"pt-BR"},{"@type":"WebPage","@id":"https:\/\/dana.com.br\/canaldana\/2020\/11\/09\/isencao-do-icms-para-pcd-e-prorrogada-para-marco-de-2021\/","url":"https:\/\/dana.com.br\/canaldana\/2020\/11\/09\/isencao-do-icms-para-pcd-e-prorrogada-para-marco-de-2021\/","name":"Isen\u00e7\u00e3o do ICMS para PCD \u00e9 prorrogada para mar\u00e7o de 2021 - Canal Dana","isPartOf":{"@id":"https:\/\/dana.com.br\/canaldana\/#website"},"datePublished":"2020-11-09T11:14:08+00:00","author":{"@id":"https:\/\/dana.com.br\/canaldana\/#\/schema\/person\/3c21f22f56fcf3bc46b94bc60ea4fef6"},"breadcrumb":{"@id":"https:\/\/dana.com.br\/canaldana\/2020\/11\/09\/isencao-do-icms-para-pcd-e-prorrogada-para-marco-de-2021\/#breadcrumb"},"inLanguage":"pt-BR","potentialAction":[{"@type":"ReadAction","target":["https:\/\/dana.com.br\/canaldana\/2020\/11\/09\/isencao-do-icms-para-pcd-e-prorrogada-para-marco-de-2021\/"]}]},{"@type":"BreadcrumbList","@id":"https:\/\/dana.com.br\/canaldana\/2020\/11\/09\/isencao-do-icms-para-pcd-e-prorrogada-para-marco-de-2021\/#breadcrumb","itemListElement":[{"@type":"ListItem","position":1,"name":"Home","item":"https:\/\/dana.com.br\/canaldana\/"},{"@type":"ListItem","position":2,"name":"Mercado","item":"https:\/\/dana.com.br\/canaldana\/mercado\/"},{"@type":"ListItem","position":3,"name":"Isen\u00e7\u00e3o do ICMS para PCD \u00e9 prorrogada para mar\u00e7o de 2021"}]},{"@type":"WebSite","@id":"https:\/\/dana.com.br\/canaldana\/#website","url":"https:\/\/dana.com.br\/canaldana\/","name":"Canal Dana","description":"Informativo com as principais not\u00edcias da ind\u00fastria automotiva","potentialAction":[{"@type":"SearchAction","target":{"@type":"EntryPoint","urlTemplate":"https:\/\/dana.com.br\/canaldana\/?s={search_term_string}"},"query-input":{"@type":"PropertyValueSpecification","valueRequired":true,"valueName":"search_term_string"}}],"inLanguage":"pt-BR"},{"@type":"Person","@id":"https:\/\/dana.com.br\/canaldana\/#\/schema\/person\/3c21f22f56fcf3bc46b94bc60ea4fef6","name":"Canal Dana","image":{"@type":"ImageObject","inLanguage":"pt-BR","@id":"https:\/\/secure.gravatar.com\/avatar\/420aaf9278582877d9018637c6817617705899d2858d7572ef0fe59a6b6454b4?s=96&d=mm&r=g","url":"https:\/\/secure.gravatar.com\/avatar\/420aaf9278582877d9018637c6817617705899d2858d7572ef0fe59a6b6454b4?s=96&d=mm&r=g","contentUrl":"https:\/\/secure.gravatar.com\/avatar\/420aaf9278582877d9018637c6817617705899d2858d7572ef0fe59a6b6454b4?s=96&d=mm&r=g","caption":"Canal Dana"},"url":"https:\/\/dana.com.br\/canaldana\/author\/cdeditor\/"}]}},"_links":{"self":[{"href":"https:\/\/dana.com.br\/canaldana\/wp-json\/wp\/v2\/posts\/46050","targetHints":{"allow":["GET"]}}],"collection":[{"href":"https:\/\/dana.com.br\/canaldana\/wp-json\/wp\/v2\/posts"}],"about":[{"href":"https:\/\/dana.com.br\/canaldana\/wp-json\/wp\/v2\/types\/post"}],"author":[{"embeddable":true,"href":"https:\/\/dana.com.br\/canaldana\/wp-json\/wp\/v2\/users\/3"}],"replies":[{"embeddable":true,"href":"https:\/\/dana.com.br\/canaldana\/wp-json\/wp\/v2\/comments?post=46050"}],"version-history":[{"count":0,"href":"https:\/\/dana.com.br\/canaldana\/wp-json\/wp\/v2\/posts\/46050\/revisions"}],"wp:attachment":[{"href":"https:\/\/dana.com.br\/canaldana\/wp-json\/wp\/v2\/media?parent=46050"}],"wp:term":[{"taxonomy":"category","embeddable":true,"href":"https:\/\/dana.com.br\/canaldana\/wp-json\/wp\/v2\/categories?post=46050"},{"taxonomy":"post_tag","embeddable":true,"href":"https:\/\/dana.com.br\/canaldana\/wp-json\/wp\/v2\/tags?post=46050"}],"curies":[{"name":"wp","href":"https:\/\/api.w.org\/{rel}","templated":true}]}}