{"id":4603,"date":"2015-12-01T08:39:59","date_gmt":"2015-12-01T10:39:59","guid":{"rendered":"http:\/\/dana.com.br\/canaldana\/?p=4603"},"modified":"2015-12-01T08:39:59","modified_gmt":"2015-12-01T10:39:59","slug":"ociosidade-das-montadoras-esta-em-50-admite-anfavea","status":"publish","type":"post","link":"https:\/\/dana.com.br\/canaldana\/2015\/12\/01\/ociosidade-das-montadoras-esta-em-50-admite-anfavea\/","title":{"rendered":"Ociosidade das montadoras est\u00e1 em 50%, admite Anfavea"},"content":{"rendered":"<p><em>DCI<\/em><\/p>\n<p>&nbsp;<\/p>\n<p>Diante da queda persistente das vendas da ind\u00fastria automotiva, as montadoras trabalham atualmente com cerca de 50% de ociosidade, afirmou ao DCI o presidente da Associa\u00e7\u00e3o Nacional dos Fabricantes de Ve\u00edculos Automotores (Anfavea), Luiz Moan.<\/p>\n<p>&nbsp;<\/p>\n<p>&#8220;O segmento de caminh\u00f5es teve uma queda muito maior e eu diria que estas empresas est\u00e3o utilizando apenas um ter\u00e7o da sua capacidade produtiva&#8221;, acrescenta o dirigente.<\/p>\n<p>&nbsp;<\/p>\n<p>Contudo, Moan acredita que no final do terceiro trimestre do ano que vem a economia comece a esbo\u00e7ar os primeiros sinais de retomada. &#8220;Essa \u00e9 a nossa aposta.&#8221;<\/p>\n<p>&nbsp;<\/p>\n<p>Segundo ele, uma montadora &#8220;veterana&#8221; no Brasil chega a gastar US$ 1 milh\u00e3o por dia \u00fatil apenas para manter as opera\u00e7\u00f5es. &#8220;O gasto m\u00e9dio anual de algumas montadoras ultrapassa US$ 250 milh\u00f5es somente para se manter. S\u00f3 investe assim quem acredita no potencial do mercado no longo prazo&#8221;, garante.<\/p>\n<p>&nbsp;<\/p>\n<p>Moan observa que uma das sa\u00eddas para utilizar a sobrecapacidade das montadoras \u00e9 intensificar as exporta\u00e7\u00f5es. No entanto, essa \u00e9 uma tarefa que leva tempo. &#8220;Durante os \u00faltimos dez anos, tivemos um aumento significativo dos custos e perdemos muita competitividade. Agora, com a aprecia\u00e7\u00e3o do d\u00f3lar, estamos correndo atr\u00e1s do preju\u00edzo&#8221;, pondera.<\/p>\n<p>&nbsp;<\/p>\n<p><strong>Elei\u00e7\u00e3o na Argentina<\/strong><\/p>\n<p>&nbsp;<\/p>\n<p>Moan avalia que a elei\u00e7\u00e3o do candidato opositor na Argentina, Mauricio Macri, pode trazer resultados positivos para o Brasil e especificamente para a cadeia automotiva.<\/p>\n<p>&nbsp;<\/p>\n<p>&#8220;O discurso inicial do Macri foi extremamente positivo para os la\u00e7os entre os dois pa\u00edses. Ele demonstra preocupa\u00e7\u00e3o em intensificar o di\u00e1logo com o Brasil&#8221;, destaca o dirigente.<\/p>\n<p>&nbsp;<\/p>\n<p>Nos \u00faltimos anos, o setor automotivo brasileiro se tornou altamente dependente da Argentina, que chegou a representar quase 80% das vendas externas das montadoras localmente. &#8220;O pa\u00eds vizinho sempre foi um grande cliente para n\u00f3s. Mas com o movimento de valoriza\u00e7\u00e3o do real sobre o d\u00f3lar, essa depend\u00eancia aumentou ainda mais&#8221;, revela.<\/p>\n<p>&nbsp;<\/p>\n<p>De acordo com a Anfavea, 2013 foi o ano em que o Brasil mais exportou para a Argentina: 475,3 mil unidades do total de mais de 560 mil exportados.<\/p>\n<p>&nbsp;<\/p>\n<p>Moan destaca que o acordo automotivo com o pa\u00eds vizinho vence em junho de 2016. &#8220;Precisamos que o tratado seja adequadamente renegociado e que seja estabelecido um prazo, o mais longo poss\u00edvel, para essas novas regras&#8221;, pontua. &#8220;O que n\u00f3s precisamos \u00e9 de previsibilidade.&#8221;<\/p>\n<p>&nbsp;<\/p>\n<p>Ele ressalta que &#8220;equil\u00edbrio&#8221; seria um bom caminho para a pol\u00edtica econ\u00f4mica argentina. (DCI\/Juliana Estigarr\u00edbia)<\/p>\n","protected":false},"excerpt":{"rendered":"<p>DCI &nbsp; Diante da queda persistente das vendas da ind\u00fastria automotiva, as montadoras trabalham atualmente com cerca de 50% de ociosidade, afirmou ao DCI o presidente da Associa\u00e7\u00e3o Nacional dos Fabricantes de Ve\u00edculos Automotores (Anfavea), Luiz Moan. &nbsp; &#8220;O segmento de caminh\u00f5es teve uma queda muito maior e eu diria que estas empresas est\u00e3o utilizando\u2026 <a class=\"readmore\" href=\"https:\/\/dana.com.br\/canaldana\/2015\/12\/01\/ociosidade-das-montadoras-esta-em-50-admite-anfavea\/\">Leia mais \u00bb<\/a><\/p>\n","protected":false},"author":3,"featured_media":0,"comment_status":"closed","ping_status":"closed","sticky":false,"template":"","format":"standard","meta":{"_acf_changed":false,"footnotes":""},"categories":[61],"tags":[],"class_list":["post-4603","post","type-post","status-publish","format-standard","hentry","category-destaques"],"acf":[],"yoast_head":"<!-- This site is optimized with the Yoast SEO plugin v27.3 - https:\/\/yoast.com\/product\/yoast-seo-wordpress\/ -->\n<title>Ociosidade das montadoras est\u00e1 em 50%, admite Anfavea - Canal Dana<\/title>\n<meta name=\"robots\" content=\"index, follow, max-snippet:-1, max-image-preview:large, max-video-preview:-1\" \/>\n<link rel=\"canonical\" href=\"https:\/\/dana.com.br\/canaldana\/2015\/12\/01\/ociosidade-das-montadoras-esta-em-50-admite-anfavea\/\" \/>\n<meta property=\"og:locale\" content=\"pt_BR\" \/>\n<meta property=\"og:type\" content=\"article\" \/>\n<meta property=\"og:title\" content=\"Ociosidade das montadoras est\u00e1 em 50%, admite Anfavea - Canal Dana\" \/>\n<meta property=\"og:description\" content=\"DCI &nbsp; Diante da queda persistente das vendas da ind\u00fastria automotiva, as montadoras trabalham atualmente com cerca de 50% de ociosidade, afirmou ao DCI o presidente da Associa\u00e7\u00e3o Nacional dos Fabricantes de Ve\u00edculos Automotores (Anfavea), Luiz Moan. &nbsp; &#8220;O segmento de caminh\u00f5es teve uma queda muito maior e eu diria que estas empresas est\u00e3o utilizando\u2026 Leia mais \u00bb\" \/>\n<meta property=\"og:url\" content=\"https:\/\/dana.com.br\/canaldana\/2015\/12\/01\/ociosidade-das-montadoras-esta-em-50-admite-anfavea\/\" \/>\n<meta property=\"og:site_name\" content=\"Canal Dana\" \/>\n<meta property=\"article:published_time\" content=\"2015-12-01T10:39:59+00:00\" \/>\n<meta name=\"author\" content=\"Canal Dana\" \/>\n<meta name=\"twitter:card\" content=\"summary_large_image\" \/>\n<meta name=\"twitter:label1\" content=\"Escrito por\" \/>\n\t<meta name=\"twitter:data1\" content=\"Canal Dana\" \/>\n\t<meta name=\"twitter:label2\" content=\"Est. tempo de leitura\" \/>\n\t<meta name=\"twitter:data2\" content=\"2 minutos\" \/>\n<script type=\"application\/ld+json\" class=\"yoast-schema-graph\">{\"@context\":\"https:\\\/\\\/schema.org\",\"@graph\":[{\"@type\":\"Article\",\"@id\":\"https:\\\/\\\/dana.com.br\\\/canaldana\\\/2015\\\/12\\\/01\\\/ociosidade-das-montadoras-esta-em-50-admite-anfavea\\\/#article\",\"isPartOf\":{\"@id\":\"https:\\\/\\\/dana.com.br\\\/canaldana\\\/2015\\\/12\\\/01\\\/ociosidade-das-montadoras-esta-em-50-admite-anfavea\\\/\"},\"author\":{\"name\":\"Canal Dana\",\"@id\":\"https:\\\/\\\/dana.com.br\\\/canaldana\\\/#\\\/schema\\\/person\\\/3c21f22f56fcf3bc46b94bc60ea4fef6\"},\"headline\":\"Ociosidade das montadoras est\u00e1 em 50%, admite Anfavea\",\"datePublished\":\"2015-12-01T10:39:59+00:00\",\"mainEntityOfPage\":{\"@id\":\"https:\\\/\\\/dana.com.br\\\/canaldana\\\/2015\\\/12\\\/01\\\/ociosidade-das-montadoras-esta-em-50-admite-anfavea\\\/\"},\"wordCount\":431,\"articleSection\":[\"Destaques\"],\"inLanguage\":\"pt-BR\"},{\"@type\":\"WebPage\",\"@id\":\"https:\\\/\\\/dana.com.br\\\/canaldana\\\/2015\\\/12\\\/01\\\/ociosidade-das-montadoras-esta-em-50-admite-anfavea\\\/\",\"url\":\"https:\\\/\\\/dana.com.br\\\/canaldana\\\/2015\\\/12\\\/01\\\/ociosidade-das-montadoras-esta-em-50-admite-anfavea\\\/\",\"name\":\"Ociosidade das montadoras est\u00e1 em 50%, admite Anfavea - Canal Dana\",\"isPartOf\":{\"@id\":\"https:\\\/\\\/dana.com.br\\\/canaldana\\\/#website\"},\"datePublished\":\"2015-12-01T10:39:59+00:00\",\"author\":{\"@id\":\"https:\\\/\\\/dana.com.br\\\/canaldana\\\/#\\\/schema\\\/person\\\/3c21f22f56fcf3bc46b94bc60ea4fef6\"},\"breadcrumb\":{\"@id\":\"https:\\\/\\\/dana.com.br\\\/canaldana\\\/2015\\\/12\\\/01\\\/ociosidade-das-montadoras-esta-em-50-admite-anfavea\\\/#breadcrumb\"},\"inLanguage\":\"pt-BR\",\"potentialAction\":[{\"@type\":\"ReadAction\",\"target\":[\"https:\\\/\\\/dana.com.br\\\/canaldana\\\/2015\\\/12\\\/01\\\/ociosidade-das-montadoras-esta-em-50-admite-anfavea\\\/\"]}]},{\"@type\":\"BreadcrumbList\",\"@id\":\"https:\\\/\\\/dana.com.br\\\/canaldana\\\/2015\\\/12\\\/01\\\/ociosidade-das-montadoras-esta-em-50-admite-anfavea\\\/#breadcrumb\",\"itemListElement\":[{\"@type\":\"ListItem\",\"position\":1,\"name\":\"Home\",\"item\":\"https:\\\/\\\/dana.com.br\\\/canaldana\\\/\"},{\"@type\":\"ListItem\",\"position\":2,\"name\":\"Destaques\",\"item\":\"https:\\\/\\\/dana.com.br\\\/canaldana\\\/destaques\\\/\"},{\"@type\":\"ListItem\",\"position\":3,\"name\":\"Ociosidade das montadoras est\u00e1 em 50%, admite Anfavea\"}]},{\"@type\":\"WebSite\",\"@id\":\"https:\\\/\\\/dana.com.br\\\/canaldana\\\/#website\",\"url\":\"https:\\\/\\\/dana.com.br\\\/canaldana\\\/\",\"name\":\"Canal Dana\",\"description\":\"Informativo com as principais not\u00edcias da ind\u00fastria automotiva\",\"potentialAction\":[{\"@type\":\"SearchAction\",\"target\":{\"@type\":\"EntryPoint\",\"urlTemplate\":\"https:\\\/\\\/dana.com.br\\\/canaldana\\\/?s={search_term_string}\"},\"query-input\":{\"@type\":\"PropertyValueSpecification\",\"valueRequired\":true,\"valueName\":\"search_term_string\"}}],\"inLanguage\":\"pt-BR\"},{\"@type\":\"Person\",\"@id\":\"https:\\\/\\\/dana.com.br\\\/canaldana\\\/#\\\/schema\\\/person\\\/3c21f22f56fcf3bc46b94bc60ea4fef6\",\"name\":\"Canal Dana\",\"image\":{\"@type\":\"ImageObject\",\"inLanguage\":\"pt-BR\",\"@id\":\"https:\\\/\\\/secure.gravatar.com\\\/avatar\\\/420aaf9278582877d9018637c6817617705899d2858d7572ef0fe59a6b6454b4?s=96&d=mm&r=g\",\"url\":\"https:\\\/\\\/secure.gravatar.com\\\/avatar\\\/420aaf9278582877d9018637c6817617705899d2858d7572ef0fe59a6b6454b4?s=96&d=mm&r=g\",\"contentUrl\":\"https:\\\/\\\/secure.gravatar.com\\\/avatar\\\/420aaf9278582877d9018637c6817617705899d2858d7572ef0fe59a6b6454b4?s=96&d=mm&r=g\",\"caption\":\"Canal Dana\"},\"url\":\"https:\\\/\\\/dana.com.br\\\/canaldana\\\/author\\\/cdeditor\\\/\"}]}<\/script>\n<!-- \/ Yoast SEO plugin. -->","yoast_head_json":{"title":"Ociosidade das montadoras est\u00e1 em 50%, admite Anfavea - Canal Dana","robots":{"index":"index","follow":"follow","max-snippet":"max-snippet:-1","max-image-preview":"max-image-preview:large","max-video-preview":"max-video-preview:-1"},"canonical":"https:\/\/dana.com.br\/canaldana\/2015\/12\/01\/ociosidade-das-montadoras-esta-em-50-admite-anfavea\/","og_locale":"pt_BR","og_type":"article","og_title":"Ociosidade das montadoras est\u00e1 em 50%, admite Anfavea - Canal Dana","og_description":"DCI &nbsp; Diante da queda persistente das vendas da ind\u00fastria automotiva, as montadoras trabalham atualmente com cerca de 50% de ociosidade, afirmou ao DCI o presidente da Associa\u00e7\u00e3o Nacional dos Fabricantes de Ve\u00edculos Automotores (Anfavea), Luiz Moan. &nbsp; &#8220;O segmento de caminh\u00f5es teve uma queda muito maior e eu diria que estas empresas est\u00e3o utilizando\u2026 Leia mais \u00bb","og_url":"https:\/\/dana.com.br\/canaldana\/2015\/12\/01\/ociosidade-das-montadoras-esta-em-50-admite-anfavea\/","og_site_name":"Canal Dana","article_published_time":"2015-12-01T10:39:59+00:00","author":"Canal Dana","twitter_card":"summary_large_image","twitter_misc":{"Escrito por":"Canal Dana","Est. tempo de leitura":"2 minutos"},"schema":{"@context":"https:\/\/schema.org","@graph":[{"@type":"Article","@id":"https:\/\/dana.com.br\/canaldana\/2015\/12\/01\/ociosidade-das-montadoras-esta-em-50-admite-anfavea\/#article","isPartOf":{"@id":"https:\/\/dana.com.br\/canaldana\/2015\/12\/01\/ociosidade-das-montadoras-esta-em-50-admite-anfavea\/"},"author":{"name":"Canal Dana","@id":"https:\/\/dana.com.br\/canaldana\/#\/schema\/person\/3c21f22f56fcf3bc46b94bc60ea4fef6"},"headline":"Ociosidade das montadoras est\u00e1 em 50%, admite Anfavea","datePublished":"2015-12-01T10:39:59+00:00","mainEntityOfPage":{"@id":"https:\/\/dana.com.br\/canaldana\/2015\/12\/01\/ociosidade-das-montadoras-esta-em-50-admite-anfavea\/"},"wordCount":431,"articleSection":["Destaques"],"inLanguage":"pt-BR"},{"@type":"WebPage","@id":"https:\/\/dana.com.br\/canaldana\/2015\/12\/01\/ociosidade-das-montadoras-esta-em-50-admite-anfavea\/","url":"https:\/\/dana.com.br\/canaldana\/2015\/12\/01\/ociosidade-das-montadoras-esta-em-50-admite-anfavea\/","name":"Ociosidade das montadoras est\u00e1 em 50%, admite Anfavea - Canal Dana","isPartOf":{"@id":"https:\/\/dana.com.br\/canaldana\/#website"},"datePublished":"2015-12-01T10:39:59+00:00","author":{"@id":"https:\/\/dana.com.br\/canaldana\/#\/schema\/person\/3c21f22f56fcf3bc46b94bc60ea4fef6"},"breadcrumb":{"@id":"https:\/\/dana.com.br\/canaldana\/2015\/12\/01\/ociosidade-das-montadoras-esta-em-50-admite-anfavea\/#breadcrumb"},"inLanguage":"pt-BR","potentialAction":[{"@type":"ReadAction","target":["https:\/\/dana.com.br\/canaldana\/2015\/12\/01\/ociosidade-das-montadoras-esta-em-50-admite-anfavea\/"]}]},{"@type":"BreadcrumbList","@id":"https:\/\/dana.com.br\/canaldana\/2015\/12\/01\/ociosidade-das-montadoras-esta-em-50-admite-anfavea\/#breadcrumb","itemListElement":[{"@type":"ListItem","position":1,"name":"Home","item":"https:\/\/dana.com.br\/canaldana\/"},{"@type":"ListItem","position":2,"name":"Destaques","item":"https:\/\/dana.com.br\/canaldana\/destaques\/"},{"@type":"ListItem","position":3,"name":"Ociosidade das montadoras est\u00e1 em 50%, admite Anfavea"}]},{"@type":"WebSite","@id":"https:\/\/dana.com.br\/canaldana\/#website","url":"https:\/\/dana.com.br\/canaldana\/","name":"Canal Dana","description":"Informativo com as principais not\u00edcias da ind\u00fastria automotiva","potentialAction":[{"@type":"SearchAction","target":{"@type":"EntryPoint","urlTemplate":"https:\/\/dana.com.br\/canaldana\/?s={search_term_string}"},"query-input":{"@type":"PropertyValueSpecification","valueRequired":true,"valueName":"search_term_string"}}],"inLanguage":"pt-BR"},{"@type":"Person","@id":"https:\/\/dana.com.br\/canaldana\/#\/schema\/person\/3c21f22f56fcf3bc46b94bc60ea4fef6","name":"Canal Dana","image":{"@type":"ImageObject","inLanguage":"pt-BR","@id":"https:\/\/secure.gravatar.com\/avatar\/420aaf9278582877d9018637c6817617705899d2858d7572ef0fe59a6b6454b4?s=96&d=mm&r=g","url":"https:\/\/secure.gravatar.com\/avatar\/420aaf9278582877d9018637c6817617705899d2858d7572ef0fe59a6b6454b4?s=96&d=mm&r=g","contentUrl":"https:\/\/secure.gravatar.com\/avatar\/420aaf9278582877d9018637c6817617705899d2858d7572ef0fe59a6b6454b4?s=96&d=mm&r=g","caption":"Canal Dana"},"url":"https:\/\/dana.com.br\/canaldana\/author\/cdeditor\/"}]}},"_links":{"self":[{"href":"https:\/\/dana.com.br\/canaldana\/wp-json\/wp\/v2\/posts\/4603","targetHints":{"allow":["GET"]}}],"collection":[{"href":"https:\/\/dana.com.br\/canaldana\/wp-json\/wp\/v2\/posts"}],"about":[{"href":"https:\/\/dana.com.br\/canaldana\/wp-json\/wp\/v2\/types\/post"}],"author":[{"embeddable":true,"href":"https:\/\/dana.com.br\/canaldana\/wp-json\/wp\/v2\/users\/3"}],"replies":[{"embeddable":true,"href":"https:\/\/dana.com.br\/canaldana\/wp-json\/wp\/v2\/comments?post=4603"}],"version-history":[{"count":0,"href":"https:\/\/dana.com.br\/canaldana\/wp-json\/wp\/v2\/posts\/4603\/revisions"}],"wp:attachment":[{"href":"https:\/\/dana.com.br\/canaldana\/wp-json\/wp\/v2\/media?parent=4603"}],"wp:term":[{"taxonomy":"category","embeddable":true,"href":"https:\/\/dana.com.br\/canaldana\/wp-json\/wp\/v2\/categories?post=4603"},{"taxonomy":"post_tag","embeddable":true,"href":"https:\/\/dana.com.br\/canaldana\/wp-json\/wp\/v2\/tags?post=4603"}],"curies":[{"name":"wp","href":"https:\/\/api.w.org\/{rel}","templated":true}]}}