{"id":45905,"date":"2020-11-03T09:09:23","date_gmt":"2020-11-03T12:09:23","guid":{"rendered":"https:\/\/dana.com.br\/canaldana\/?p=45905"},"modified":"2020-11-03T09:09:23","modified_gmt":"2020-11-03T12:09:23","slug":"renault-acelera-a-participacao-da-mulher-na-companhia","status":"publish","type":"post","link":"https:\/\/dana.com.br\/canaldana\/2020\/11\/03\/renault-acelera-a-participacao-da-mulher-na-companhia\/","title":{"rendered":"Renault acelera a participa\u00e7\u00e3o da mulher na companhia"},"content":{"rendered":"<p><em>AutoInd\u00fastria <\/em><\/p>\n<p>&nbsp;<\/p>\n<p>Criado em 2010 com proposta de encaminhar a\u00e7\u00f5es focadas na inclus\u00e3o e respeito \u00e0 diversidade, o grupo Women@Renault comemora sua primeira d\u00e9cada de atividades com resultados vitoriosos no que diz respeito a equidade de g\u00eanero<\/p>\n<p>&nbsp;<\/p>\n<p>Projetos e programas internos da empresa encaminhados pelo grupo de trabalho refor\u00e7aram o empoderamento e protagonismo da mulher. Em dez anos, a participa\u00e7\u00e3o do p\u00fablico feminino quadro de funcion\u00e1rios da fabricante cresceu 64%. Hoje, dos 6,5 mil empregados, em torno de 30% s\u00e3o de mulheres. E presentes em todas as \u00e1reas.<\/p>\n<p>&nbsp;<\/p>\n<p>\u201cNa Renault do Brasil, dos 1 mil engenheiros, 20% s\u00e3o mulheres. Tamb\u00e9m, 30% dos gerentes, ou seja, cargos de poder decis\u00f3rio, s\u00e3o representados por mulheres, al\u00e9m de 36% serem potenciais sucessores\u201d, conta Ricardo Gondo, presidente da companhia.<\/p>\n<p>&nbsp;<\/p>\n<p>Para o executivo, n\u00e3o se trata somente de um compromisso que visa acelerar a participa\u00e7\u00e3o e o protagonismo das mulheres na organiza\u00e7\u00e3o, com impactos na sociedade e na economia. \u201cO olhar feminino \u2013 a diversidade em geral \u2013 promove produtos e servi\u00e7os mais criativos e inovadores, que se transformam em resultados\u201d.<\/p>\n<p>&nbsp;<\/p>\n<p>Dentre as diversas a\u00e7\u00f5es encabe\u00e7adas pelo Women@Renault que visam acelerar a participa\u00e7\u00e3o das mulheres na empresa, cabe destaque o Mulherar, programa interno que, al\u00e9m de discutir os diversos pap\u00e9is da mulher, se prop\u00f5e a contribuir com desenvolvimento profissional, oferecendo treinamento cont\u00ednuo para ascens\u00e3o na companhia.<\/p>\n<p>&nbsp;<\/p>\n<p>\u201cTemos o papel fundamental de abrir os caminhos para que as mulheres se tornem cada vez mais presentes e atuantes. Da\u00ed, a grande import\u00e2ncia do grupo Women@Renault, um projeto que aumenta a diversidade dentro da empresa para tornar a mulheres cada vez mais protagonistas de suas carreiras. resume Gondo. (AutoInd\u00fastria\/D\u00e9cio Costa)<\/p>\n","protected":false},"excerpt":{"rendered":"<p>AutoInd\u00fastria &nbsp; Criado em 2010 com proposta de encaminhar a\u00e7\u00f5es focadas na inclus\u00e3o e respeito \u00e0 diversidade, o grupo Women@Renault comemora sua primeira d\u00e9cada de atividades com resultados vitoriosos no que diz respeito a equidade de g\u00eanero &nbsp; Projetos e programas internos da empresa encaminhados pelo grupo de trabalho refor\u00e7aram o empoderamento e protagonismo da\u2026 <a class=\"readmore\" href=\"https:\/\/dana.com.br\/canaldana\/2020\/11\/03\/renault-acelera-a-participacao-da-mulher-na-companhia\/\">Leia mais \u00bb<\/a><\/p>\n","protected":false},"author":3,"featured_media":0,"comment_status":"closed","ping_status":"closed","sticky":false,"template":"","format":"standard","meta":{"_acf_changed":false,"footnotes":""},"categories":[112],"tags":[],"class_list":["post-45905","post","type-post","status-publish","format-standard","hentry","category-campanhas"],"acf":[],"yoast_head":"<!-- This site is optimized with the Yoast SEO plugin v27.3 - https:\/\/yoast.com\/product\/yoast-seo-wordpress\/ -->\n<title>Renault acelera a participa\u00e7\u00e3o da mulher na companhia - Canal Dana<\/title>\n<meta name=\"robots\" content=\"index, follow, max-snippet:-1, max-image-preview:large, max-video-preview:-1\" \/>\n<link rel=\"canonical\" href=\"https:\/\/dana.com.br\/canaldana\/2020\/11\/03\/renault-acelera-a-participacao-da-mulher-na-companhia\/\" \/>\n<meta property=\"og:locale\" content=\"pt_BR\" \/>\n<meta property=\"og:type\" content=\"article\" \/>\n<meta property=\"og:title\" content=\"Renault acelera a participa\u00e7\u00e3o da mulher na companhia - Canal Dana\" \/>\n<meta property=\"og:description\" content=\"AutoInd\u00fastria &nbsp; Criado em 2010 com proposta de encaminhar a\u00e7\u00f5es focadas na inclus\u00e3o e respeito \u00e0 diversidade, o grupo Women@Renault comemora sua primeira d\u00e9cada de atividades com resultados vitoriosos no que diz respeito a equidade de g\u00eanero &nbsp; Projetos e programas internos da empresa encaminhados pelo grupo de trabalho refor\u00e7aram o empoderamento e protagonismo da\u2026 Leia mais \u00bb\" \/>\n<meta property=\"og:url\" content=\"https:\/\/dana.com.br\/canaldana\/2020\/11\/03\/renault-acelera-a-participacao-da-mulher-na-companhia\/\" \/>\n<meta property=\"og:site_name\" content=\"Canal Dana\" \/>\n<meta property=\"article:published_time\" content=\"2020-11-03T12:09:23+00:00\" \/>\n<meta name=\"author\" content=\"Canal Dana\" \/>\n<meta name=\"twitter:card\" content=\"summary_large_image\" \/>\n<meta name=\"twitter:label1\" content=\"Escrito por\" \/>\n\t<meta name=\"twitter:data1\" content=\"Canal Dana\" \/>\n\t<meta name=\"twitter:label2\" content=\"Est. tempo de leitura\" \/>\n\t<meta name=\"twitter:data2\" content=\"2 minutos\" \/>\n<script type=\"application\/ld+json\" class=\"yoast-schema-graph\">{\"@context\":\"https:\\\/\\\/schema.org\",\"@graph\":[{\"@type\":\"Article\",\"@id\":\"https:\\\/\\\/dana.com.br\\\/canaldana\\\/2020\\\/11\\\/03\\\/renault-acelera-a-participacao-da-mulher-na-companhia\\\/#article\",\"isPartOf\":{\"@id\":\"https:\\\/\\\/dana.com.br\\\/canaldana\\\/2020\\\/11\\\/03\\\/renault-acelera-a-participacao-da-mulher-na-companhia\\\/\"},\"author\":{\"name\":\"Canal Dana\",\"@id\":\"https:\\\/\\\/dana.com.br\\\/canaldana\\\/#\\\/schema\\\/person\\\/3c21f22f56fcf3bc46b94bc60ea4fef6\"},\"headline\":\"Renault acelera a participa\u00e7\u00e3o da mulher na companhia\",\"datePublished\":\"2020-11-03T12:09:23+00:00\",\"mainEntityOfPage\":{\"@id\":\"https:\\\/\\\/dana.com.br\\\/canaldana\\\/2020\\\/11\\\/03\\\/renault-acelera-a-participacao-da-mulher-na-companhia\\\/\"},\"wordCount\":309,\"articleSection\":[\"Campanhas\"],\"inLanguage\":\"pt-BR\"},{\"@type\":\"WebPage\",\"@id\":\"https:\\\/\\\/dana.com.br\\\/canaldana\\\/2020\\\/11\\\/03\\\/renault-acelera-a-participacao-da-mulher-na-companhia\\\/\",\"url\":\"https:\\\/\\\/dana.com.br\\\/canaldana\\\/2020\\\/11\\\/03\\\/renault-acelera-a-participacao-da-mulher-na-companhia\\\/\",\"name\":\"Renault acelera a participa\u00e7\u00e3o da mulher na companhia - Canal Dana\",\"isPartOf\":{\"@id\":\"https:\\\/\\\/dana.com.br\\\/canaldana\\\/#website\"},\"datePublished\":\"2020-11-03T12:09:23+00:00\",\"author\":{\"@id\":\"https:\\\/\\\/dana.com.br\\\/canaldana\\\/#\\\/schema\\\/person\\\/3c21f22f56fcf3bc46b94bc60ea4fef6\"},\"breadcrumb\":{\"@id\":\"https:\\\/\\\/dana.com.br\\\/canaldana\\\/2020\\\/11\\\/03\\\/renault-acelera-a-participacao-da-mulher-na-companhia\\\/#breadcrumb\"},\"inLanguage\":\"pt-BR\",\"potentialAction\":[{\"@type\":\"ReadAction\",\"target\":[\"https:\\\/\\\/dana.com.br\\\/canaldana\\\/2020\\\/11\\\/03\\\/renault-acelera-a-participacao-da-mulher-na-companhia\\\/\"]}]},{\"@type\":\"BreadcrumbList\",\"@id\":\"https:\\\/\\\/dana.com.br\\\/canaldana\\\/2020\\\/11\\\/03\\\/renault-acelera-a-participacao-da-mulher-na-companhia\\\/#breadcrumb\",\"itemListElement\":[{\"@type\":\"ListItem\",\"position\":1,\"name\":\"Home\",\"item\":\"https:\\\/\\\/dana.com.br\\\/canaldana\\\/\"},{\"@type\":\"ListItem\",\"position\":2,\"name\":\"Campanhas\",\"item\":\"https:\\\/\\\/dana.com.br\\\/canaldana\\\/campanhas\\\/\"},{\"@type\":\"ListItem\",\"position\":3,\"name\":\"Renault acelera a participa\u00e7\u00e3o da mulher na companhia\"}]},{\"@type\":\"WebSite\",\"@id\":\"https:\\\/\\\/dana.com.br\\\/canaldana\\\/#website\",\"url\":\"https:\\\/\\\/dana.com.br\\\/canaldana\\\/\",\"name\":\"Canal Dana\",\"description\":\"Informativo com as principais not\u00edcias da ind\u00fastria automotiva\",\"potentialAction\":[{\"@type\":\"SearchAction\",\"target\":{\"@type\":\"EntryPoint\",\"urlTemplate\":\"https:\\\/\\\/dana.com.br\\\/canaldana\\\/?s={search_term_string}\"},\"query-input\":{\"@type\":\"PropertyValueSpecification\",\"valueRequired\":true,\"valueName\":\"search_term_string\"}}],\"inLanguage\":\"pt-BR\"},{\"@type\":\"Person\",\"@id\":\"https:\\\/\\\/dana.com.br\\\/canaldana\\\/#\\\/schema\\\/person\\\/3c21f22f56fcf3bc46b94bc60ea4fef6\",\"name\":\"Canal Dana\",\"image\":{\"@type\":\"ImageObject\",\"inLanguage\":\"pt-BR\",\"@id\":\"https:\\\/\\\/secure.gravatar.com\\\/avatar\\\/420aaf9278582877d9018637c6817617705899d2858d7572ef0fe59a6b6454b4?s=96&d=mm&r=g\",\"url\":\"https:\\\/\\\/secure.gravatar.com\\\/avatar\\\/420aaf9278582877d9018637c6817617705899d2858d7572ef0fe59a6b6454b4?s=96&d=mm&r=g\",\"contentUrl\":\"https:\\\/\\\/secure.gravatar.com\\\/avatar\\\/420aaf9278582877d9018637c6817617705899d2858d7572ef0fe59a6b6454b4?s=96&d=mm&r=g\",\"caption\":\"Canal Dana\"},\"url\":\"https:\\\/\\\/dana.com.br\\\/canaldana\\\/author\\\/cdeditor\\\/\"}]}<\/script>\n<!-- \/ Yoast SEO plugin. -->","yoast_head_json":{"title":"Renault acelera a participa\u00e7\u00e3o da mulher na companhia - Canal Dana","robots":{"index":"index","follow":"follow","max-snippet":"max-snippet:-1","max-image-preview":"max-image-preview:large","max-video-preview":"max-video-preview:-1"},"canonical":"https:\/\/dana.com.br\/canaldana\/2020\/11\/03\/renault-acelera-a-participacao-da-mulher-na-companhia\/","og_locale":"pt_BR","og_type":"article","og_title":"Renault acelera a participa\u00e7\u00e3o da mulher na companhia - Canal Dana","og_description":"AutoInd\u00fastria &nbsp; Criado em 2010 com proposta de encaminhar a\u00e7\u00f5es focadas na inclus\u00e3o e respeito \u00e0 diversidade, o grupo Women@Renault comemora sua primeira d\u00e9cada de atividades com resultados vitoriosos no que diz respeito a equidade de g\u00eanero &nbsp; Projetos e programas internos da empresa encaminhados pelo grupo de trabalho refor\u00e7aram o empoderamento e protagonismo da\u2026 Leia mais \u00bb","og_url":"https:\/\/dana.com.br\/canaldana\/2020\/11\/03\/renault-acelera-a-participacao-da-mulher-na-companhia\/","og_site_name":"Canal Dana","article_published_time":"2020-11-03T12:09:23+00:00","author":"Canal Dana","twitter_card":"summary_large_image","twitter_misc":{"Escrito por":"Canal Dana","Est. tempo de leitura":"2 minutos"},"schema":{"@context":"https:\/\/schema.org","@graph":[{"@type":"Article","@id":"https:\/\/dana.com.br\/canaldana\/2020\/11\/03\/renault-acelera-a-participacao-da-mulher-na-companhia\/#article","isPartOf":{"@id":"https:\/\/dana.com.br\/canaldana\/2020\/11\/03\/renault-acelera-a-participacao-da-mulher-na-companhia\/"},"author":{"name":"Canal Dana","@id":"https:\/\/dana.com.br\/canaldana\/#\/schema\/person\/3c21f22f56fcf3bc46b94bc60ea4fef6"},"headline":"Renault acelera a participa\u00e7\u00e3o da mulher na companhia","datePublished":"2020-11-03T12:09:23+00:00","mainEntityOfPage":{"@id":"https:\/\/dana.com.br\/canaldana\/2020\/11\/03\/renault-acelera-a-participacao-da-mulher-na-companhia\/"},"wordCount":309,"articleSection":["Campanhas"],"inLanguage":"pt-BR"},{"@type":"WebPage","@id":"https:\/\/dana.com.br\/canaldana\/2020\/11\/03\/renault-acelera-a-participacao-da-mulher-na-companhia\/","url":"https:\/\/dana.com.br\/canaldana\/2020\/11\/03\/renault-acelera-a-participacao-da-mulher-na-companhia\/","name":"Renault acelera a participa\u00e7\u00e3o da mulher na companhia - Canal Dana","isPartOf":{"@id":"https:\/\/dana.com.br\/canaldana\/#website"},"datePublished":"2020-11-03T12:09:23+00:00","author":{"@id":"https:\/\/dana.com.br\/canaldana\/#\/schema\/person\/3c21f22f56fcf3bc46b94bc60ea4fef6"},"breadcrumb":{"@id":"https:\/\/dana.com.br\/canaldana\/2020\/11\/03\/renault-acelera-a-participacao-da-mulher-na-companhia\/#breadcrumb"},"inLanguage":"pt-BR","potentialAction":[{"@type":"ReadAction","target":["https:\/\/dana.com.br\/canaldana\/2020\/11\/03\/renault-acelera-a-participacao-da-mulher-na-companhia\/"]}]},{"@type":"BreadcrumbList","@id":"https:\/\/dana.com.br\/canaldana\/2020\/11\/03\/renault-acelera-a-participacao-da-mulher-na-companhia\/#breadcrumb","itemListElement":[{"@type":"ListItem","position":1,"name":"Home","item":"https:\/\/dana.com.br\/canaldana\/"},{"@type":"ListItem","position":2,"name":"Campanhas","item":"https:\/\/dana.com.br\/canaldana\/campanhas\/"},{"@type":"ListItem","position":3,"name":"Renault acelera a participa\u00e7\u00e3o da mulher na companhia"}]},{"@type":"WebSite","@id":"https:\/\/dana.com.br\/canaldana\/#website","url":"https:\/\/dana.com.br\/canaldana\/","name":"Canal Dana","description":"Informativo com as principais not\u00edcias da ind\u00fastria automotiva","potentialAction":[{"@type":"SearchAction","target":{"@type":"EntryPoint","urlTemplate":"https:\/\/dana.com.br\/canaldana\/?s={search_term_string}"},"query-input":{"@type":"PropertyValueSpecification","valueRequired":true,"valueName":"search_term_string"}}],"inLanguage":"pt-BR"},{"@type":"Person","@id":"https:\/\/dana.com.br\/canaldana\/#\/schema\/person\/3c21f22f56fcf3bc46b94bc60ea4fef6","name":"Canal Dana","image":{"@type":"ImageObject","inLanguage":"pt-BR","@id":"https:\/\/secure.gravatar.com\/avatar\/420aaf9278582877d9018637c6817617705899d2858d7572ef0fe59a6b6454b4?s=96&d=mm&r=g","url":"https:\/\/secure.gravatar.com\/avatar\/420aaf9278582877d9018637c6817617705899d2858d7572ef0fe59a6b6454b4?s=96&d=mm&r=g","contentUrl":"https:\/\/secure.gravatar.com\/avatar\/420aaf9278582877d9018637c6817617705899d2858d7572ef0fe59a6b6454b4?s=96&d=mm&r=g","caption":"Canal Dana"},"url":"https:\/\/dana.com.br\/canaldana\/author\/cdeditor\/"}]}},"_links":{"self":[{"href":"https:\/\/dana.com.br\/canaldana\/wp-json\/wp\/v2\/posts\/45905","targetHints":{"allow":["GET"]}}],"collection":[{"href":"https:\/\/dana.com.br\/canaldana\/wp-json\/wp\/v2\/posts"}],"about":[{"href":"https:\/\/dana.com.br\/canaldana\/wp-json\/wp\/v2\/types\/post"}],"author":[{"embeddable":true,"href":"https:\/\/dana.com.br\/canaldana\/wp-json\/wp\/v2\/users\/3"}],"replies":[{"embeddable":true,"href":"https:\/\/dana.com.br\/canaldana\/wp-json\/wp\/v2\/comments?post=45905"}],"version-history":[{"count":0,"href":"https:\/\/dana.com.br\/canaldana\/wp-json\/wp\/v2\/posts\/45905\/revisions"}],"wp:attachment":[{"href":"https:\/\/dana.com.br\/canaldana\/wp-json\/wp\/v2\/media?parent=45905"}],"wp:term":[{"taxonomy":"category","embeddable":true,"href":"https:\/\/dana.com.br\/canaldana\/wp-json\/wp\/v2\/categories?post=45905"},{"taxonomy":"post_tag","embeddable":true,"href":"https:\/\/dana.com.br\/canaldana\/wp-json\/wp\/v2\/tags?post=45905"}],"curies":[{"name":"wp","href":"https:\/\/api.w.org\/{rel}","templated":true}]}}