{"id":45896,"date":"2020-10-30T08:29:50","date_gmt":"2020-10-30T11:29:50","guid":{"rendered":"https:\/\/dana.com.br\/canaldana\/?p=45896"},"modified":"2020-10-30T08:29:50","modified_gmt":"2020-10-30T11:29:50","slug":"escassez-de-aco-pode-prejudicar-crescimento-do-setor-automotivo","status":"publish","type":"post","link":"https:\/\/dana.com.br\/canaldana\/2020\/10\/30\/escassez-de-aco-pode-prejudicar-crescimento-do-setor-automotivo\/","title":{"rendered":"Escassez de a\u00e7o pode prejudicar crescimento do setor automotivo"},"content":{"rendered":"<p><em>AutoInd\u00fastria <\/em><\/p>\n<p>&nbsp;<\/p>\n<p>\u00c9 consenso no setor automotivo que a retomada do mercado est\u00e1 sendo mais acelerada do que se previa no come\u00e7o da pandemia. Ante previs\u00e3o anterior da Anfavea de se retomar os n\u00fameros de 2019 \u2013 2,6 milh\u00f5es de autom\u00f3veis e comerciais leves \u2013 somente em 2025, agora j\u00e1 h\u00e1 apostas de que isso possa ocorrer em 2022.<\/p>\n<p>&nbsp;<\/p>\n<p>Tal proje\u00e7\u00e3o, inclusive, foi feita pelo presidente da Nissan do Brasil, Marco Silva, durante o lan\u00e7amento do novo Versa nesta quarta-feira, 28, quando revelou estimativa de um mercado em torno de 2,4 milh\u00f5es a 2,5 milh\u00f5es de unidades j\u00e1 no ano que vem, o que representaria crescimento na faixa de 30% sobre o total de 1,85 milh\u00e3o a 1,9 milh\u00e3o estimado para 2020.<\/p>\n<p>&nbsp;<\/p>\n<p>H\u00e1, no entanto, fatores que podem inibir a retomada do setor nos novos n\u00edveis programados. Dentre eles, Silva destaca a disponibilidade de mat\u00e9ria-prima e a inevit\u00e1vel alta no pre\u00e7o dos autom\u00f3veis por causa do c\u00e2mbio e da pr\u00f3pria eleva\u00e7\u00e3o dos custos.<\/p>\n<p>&nbsp;<\/p>\n<p>\u201cVai ter limitador de crescimento em 2021\u201d, comenta o presidente da Nissan. \u201cH\u00e1 escassez de mat\u00e9rias-primas, principalmente a\u00e7o e algumas resinas, tanto para n\u00f3s como para os fornecedores. E todos sabem que o pre\u00e7o dos carros de todas as marcas est\u00e1 subindo, movimento que tende a continuar por causa da alta dos custos\u201d.<\/p>\n<p>&nbsp;<\/p>\n<p>Em entrevista online concedida ap\u00f3s o lan\u00e7amento do novo Versa importado do M\u00e9xico, o executivo falou que com o d\u00f3lar nos n\u00edveis atuais o Brasil est\u00e1 mais competitivo e h\u00e1 potencial de fornecedores brasileiros ampliar vendas para a f\u00e1brica da marca no M\u00e9xico.<\/p>\n<p>&nbsp;<\/p>\n<p>\u201cJ\u00e1 seguem para l\u00e1 componentes espec\u00edficos do Versa que vem para o Brasil, principalmente os referentes \u00e0 motoriza\u00e7\u00e3o flex. Mas h\u00e1 espa\u00e7o para as autope\u00e7as aqui instaladas ampliarem os neg\u00f3cios externos\u201d. (AutoInd\u00fastria\/Alzira Rodrigues)<\/p>\n","protected":false},"excerpt":{"rendered":"<p>AutoInd\u00fastria &nbsp; \u00c9 consenso no setor automotivo que a retomada do mercado est\u00e1 sendo mais acelerada do que se previa no come\u00e7o da pandemia. Ante previs\u00e3o anterior da Anfavea de se retomar os n\u00fameros de 2019 \u2013 2,6 milh\u00f5es de autom\u00f3veis e comerciais leves \u2013 somente em 2025, agora j\u00e1 h\u00e1 apostas de que isso\u2026 <a class=\"readmore\" href=\"https:\/\/dana.com.br\/canaldana\/2020\/10\/30\/escassez-de-aco-pode-prejudicar-crescimento-do-setor-automotivo\/\">Leia mais \u00bb<\/a><\/p>\n","protected":false},"author":3,"featured_media":0,"comment_status":"closed","ping_status":"closed","sticky":false,"template":"","format":"standard","meta":{"_acf_changed":false,"footnotes":""},"categories":[61],"tags":[],"class_list":["post-45896","post","type-post","status-publish","format-standard","hentry","category-destaques"],"acf":[],"yoast_head":"<!-- This site is optimized with the Yoast SEO plugin v27.3 - https:\/\/yoast.com\/product\/yoast-seo-wordpress\/ -->\n<title>Escassez de a\u00e7o pode prejudicar crescimento do setor automotivo - Canal Dana<\/title>\n<meta name=\"robots\" content=\"index, follow, max-snippet:-1, max-image-preview:large, max-video-preview:-1\" \/>\n<link rel=\"canonical\" href=\"https:\/\/dana.com.br\/canaldana\/2020\/10\/30\/escassez-de-aco-pode-prejudicar-crescimento-do-setor-automotivo\/\" \/>\n<meta property=\"og:locale\" content=\"pt_BR\" \/>\n<meta property=\"og:type\" content=\"article\" \/>\n<meta property=\"og:title\" content=\"Escassez de a\u00e7o pode prejudicar crescimento do setor automotivo - Canal Dana\" \/>\n<meta property=\"og:description\" content=\"AutoInd\u00fastria &nbsp; \u00c9 consenso no setor automotivo que a retomada do mercado est\u00e1 sendo mais acelerada do que se previa no come\u00e7o da pandemia. Ante previs\u00e3o anterior da Anfavea de se retomar os n\u00fameros de 2019 \u2013 2,6 milh\u00f5es de autom\u00f3veis e comerciais leves \u2013 somente em 2025, agora j\u00e1 h\u00e1 apostas de que isso\u2026 Leia mais \u00bb\" \/>\n<meta property=\"og:url\" content=\"https:\/\/dana.com.br\/canaldana\/2020\/10\/30\/escassez-de-aco-pode-prejudicar-crescimento-do-setor-automotivo\/\" \/>\n<meta property=\"og:site_name\" content=\"Canal Dana\" \/>\n<meta property=\"article:published_time\" content=\"2020-10-30T11:29:50+00:00\" \/>\n<meta name=\"author\" content=\"Canal Dana\" \/>\n<meta name=\"twitter:card\" content=\"summary_large_image\" \/>\n<meta name=\"twitter:label1\" content=\"Escrito por\" \/>\n\t<meta name=\"twitter:data1\" content=\"Canal Dana\" \/>\n\t<meta name=\"twitter:label2\" content=\"Est. tempo de leitura\" \/>\n\t<meta name=\"twitter:data2\" content=\"2 minutos\" \/>\n<script type=\"application\/ld+json\" class=\"yoast-schema-graph\">{\"@context\":\"https:\\\/\\\/schema.org\",\"@graph\":[{\"@type\":\"Article\",\"@id\":\"https:\\\/\\\/dana.com.br\\\/canaldana\\\/2020\\\/10\\\/30\\\/escassez-de-aco-pode-prejudicar-crescimento-do-setor-automotivo\\\/#article\",\"isPartOf\":{\"@id\":\"https:\\\/\\\/dana.com.br\\\/canaldana\\\/2020\\\/10\\\/30\\\/escassez-de-aco-pode-prejudicar-crescimento-do-setor-automotivo\\\/\"},\"author\":{\"name\":\"Canal Dana\",\"@id\":\"https:\\\/\\\/dana.com.br\\\/canaldana\\\/#\\\/schema\\\/person\\\/3c21f22f56fcf3bc46b94bc60ea4fef6\"},\"headline\":\"Escassez de a\u00e7o pode prejudicar crescimento do setor automotivo\",\"datePublished\":\"2020-10-30T11:29:50+00:00\",\"mainEntityOfPage\":{\"@id\":\"https:\\\/\\\/dana.com.br\\\/canaldana\\\/2020\\\/10\\\/30\\\/escassez-de-aco-pode-prejudicar-crescimento-do-setor-automotivo\\\/\"},\"wordCount\":329,\"articleSection\":[\"Destaques\"],\"inLanguage\":\"pt-BR\"},{\"@type\":\"WebPage\",\"@id\":\"https:\\\/\\\/dana.com.br\\\/canaldana\\\/2020\\\/10\\\/30\\\/escassez-de-aco-pode-prejudicar-crescimento-do-setor-automotivo\\\/\",\"url\":\"https:\\\/\\\/dana.com.br\\\/canaldana\\\/2020\\\/10\\\/30\\\/escassez-de-aco-pode-prejudicar-crescimento-do-setor-automotivo\\\/\",\"name\":\"Escassez de a\u00e7o pode prejudicar crescimento do setor automotivo - Canal Dana\",\"isPartOf\":{\"@id\":\"https:\\\/\\\/dana.com.br\\\/canaldana\\\/#website\"},\"datePublished\":\"2020-10-30T11:29:50+00:00\",\"author\":{\"@id\":\"https:\\\/\\\/dana.com.br\\\/canaldana\\\/#\\\/schema\\\/person\\\/3c21f22f56fcf3bc46b94bc60ea4fef6\"},\"breadcrumb\":{\"@id\":\"https:\\\/\\\/dana.com.br\\\/canaldana\\\/2020\\\/10\\\/30\\\/escassez-de-aco-pode-prejudicar-crescimento-do-setor-automotivo\\\/#breadcrumb\"},\"inLanguage\":\"pt-BR\",\"potentialAction\":[{\"@type\":\"ReadAction\",\"target\":[\"https:\\\/\\\/dana.com.br\\\/canaldana\\\/2020\\\/10\\\/30\\\/escassez-de-aco-pode-prejudicar-crescimento-do-setor-automotivo\\\/\"]}]},{\"@type\":\"BreadcrumbList\",\"@id\":\"https:\\\/\\\/dana.com.br\\\/canaldana\\\/2020\\\/10\\\/30\\\/escassez-de-aco-pode-prejudicar-crescimento-do-setor-automotivo\\\/#breadcrumb\",\"itemListElement\":[{\"@type\":\"ListItem\",\"position\":1,\"name\":\"Home\",\"item\":\"https:\\\/\\\/dana.com.br\\\/canaldana\\\/\"},{\"@type\":\"ListItem\",\"position\":2,\"name\":\"Destaques\",\"item\":\"https:\\\/\\\/dana.com.br\\\/canaldana\\\/destaques\\\/\"},{\"@type\":\"ListItem\",\"position\":3,\"name\":\"Escassez de a\u00e7o pode prejudicar crescimento do setor automotivo\"}]},{\"@type\":\"WebSite\",\"@id\":\"https:\\\/\\\/dana.com.br\\\/canaldana\\\/#website\",\"url\":\"https:\\\/\\\/dana.com.br\\\/canaldana\\\/\",\"name\":\"Canal Dana\",\"description\":\"Informativo com as principais not\u00edcias da ind\u00fastria automotiva\",\"potentialAction\":[{\"@type\":\"SearchAction\",\"target\":{\"@type\":\"EntryPoint\",\"urlTemplate\":\"https:\\\/\\\/dana.com.br\\\/canaldana\\\/?s={search_term_string}\"},\"query-input\":{\"@type\":\"PropertyValueSpecification\",\"valueRequired\":true,\"valueName\":\"search_term_string\"}}],\"inLanguage\":\"pt-BR\"},{\"@type\":\"Person\",\"@id\":\"https:\\\/\\\/dana.com.br\\\/canaldana\\\/#\\\/schema\\\/person\\\/3c21f22f56fcf3bc46b94bc60ea4fef6\",\"name\":\"Canal Dana\",\"image\":{\"@type\":\"ImageObject\",\"inLanguage\":\"pt-BR\",\"@id\":\"https:\\\/\\\/secure.gravatar.com\\\/avatar\\\/420aaf9278582877d9018637c6817617705899d2858d7572ef0fe59a6b6454b4?s=96&d=mm&r=g\",\"url\":\"https:\\\/\\\/secure.gravatar.com\\\/avatar\\\/420aaf9278582877d9018637c6817617705899d2858d7572ef0fe59a6b6454b4?s=96&d=mm&r=g\",\"contentUrl\":\"https:\\\/\\\/secure.gravatar.com\\\/avatar\\\/420aaf9278582877d9018637c6817617705899d2858d7572ef0fe59a6b6454b4?s=96&d=mm&r=g\",\"caption\":\"Canal Dana\"},\"url\":\"https:\\\/\\\/dana.com.br\\\/canaldana\\\/author\\\/cdeditor\\\/\"}]}<\/script>\n<!-- \/ Yoast SEO plugin. -->","yoast_head_json":{"title":"Escassez de a\u00e7o pode prejudicar crescimento do setor automotivo - Canal Dana","robots":{"index":"index","follow":"follow","max-snippet":"max-snippet:-1","max-image-preview":"max-image-preview:large","max-video-preview":"max-video-preview:-1"},"canonical":"https:\/\/dana.com.br\/canaldana\/2020\/10\/30\/escassez-de-aco-pode-prejudicar-crescimento-do-setor-automotivo\/","og_locale":"pt_BR","og_type":"article","og_title":"Escassez de a\u00e7o pode prejudicar crescimento do setor automotivo - Canal Dana","og_description":"AutoInd\u00fastria &nbsp; \u00c9 consenso no setor automotivo que a retomada do mercado est\u00e1 sendo mais acelerada do que se previa no come\u00e7o da pandemia. Ante previs\u00e3o anterior da Anfavea de se retomar os n\u00fameros de 2019 \u2013 2,6 milh\u00f5es de autom\u00f3veis e comerciais leves \u2013 somente em 2025, agora j\u00e1 h\u00e1 apostas de que isso\u2026 Leia mais \u00bb","og_url":"https:\/\/dana.com.br\/canaldana\/2020\/10\/30\/escassez-de-aco-pode-prejudicar-crescimento-do-setor-automotivo\/","og_site_name":"Canal Dana","article_published_time":"2020-10-30T11:29:50+00:00","author":"Canal Dana","twitter_card":"summary_large_image","twitter_misc":{"Escrito por":"Canal Dana","Est. tempo de leitura":"2 minutos"},"schema":{"@context":"https:\/\/schema.org","@graph":[{"@type":"Article","@id":"https:\/\/dana.com.br\/canaldana\/2020\/10\/30\/escassez-de-aco-pode-prejudicar-crescimento-do-setor-automotivo\/#article","isPartOf":{"@id":"https:\/\/dana.com.br\/canaldana\/2020\/10\/30\/escassez-de-aco-pode-prejudicar-crescimento-do-setor-automotivo\/"},"author":{"name":"Canal Dana","@id":"https:\/\/dana.com.br\/canaldana\/#\/schema\/person\/3c21f22f56fcf3bc46b94bc60ea4fef6"},"headline":"Escassez de a\u00e7o pode prejudicar crescimento do setor automotivo","datePublished":"2020-10-30T11:29:50+00:00","mainEntityOfPage":{"@id":"https:\/\/dana.com.br\/canaldana\/2020\/10\/30\/escassez-de-aco-pode-prejudicar-crescimento-do-setor-automotivo\/"},"wordCount":329,"articleSection":["Destaques"],"inLanguage":"pt-BR"},{"@type":"WebPage","@id":"https:\/\/dana.com.br\/canaldana\/2020\/10\/30\/escassez-de-aco-pode-prejudicar-crescimento-do-setor-automotivo\/","url":"https:\/\/dana.com.br\/canaldana\/2020\/10\/30\/escassez-de-aco-pode-prejudicar-crescimento-do-setor-automotivo\/","name":"Escassez de a\u00e7o pode prejudicar crescimento do setor automotivo - Canal Dana","isPartOf":{"@id":"https:\/\/dana.com.br\/canaldana\/#website"},"datePublished":"2020-10-30T11:29:50+00:00","author":{"@id":"https:\/\/dana.com.br\/canaldana\/#\/schema\/person\/3c21f22f56fcf3bc46b94bc60ea4fef6"},"breadcrumb":{"@id":"https:\/\/dana.com.br\/canaldana\/2020\/10\/30\/escassez-de-aco-pode-prejudicar-crescimento-do-setor-automotivo\/#breadcrumb"},"inLanguage":"pt-BR","potentialAction":[{"@type":"ReadAction","target":["https:\/\/dana.com.br\/canaldana\/2020\/10\/30\/escassez-de-aco-pode-prejudicar-crescimento-do-setor-automotivo\/"]}]},{"@type":"BreadcrumbList","@id":"https:\/\/dana.com.br\/canaldana\/2020\/10\/30\/escassez-de-aco-pode-prejudicar-crescimento-do-setor-automotivo\/#breadcrumb","itemListElement":[{"@type":"ListItem","position":1,"name":"Home","item":"https:\/\/dana.com.br\/canaldana\/"},{"@type":"ListItem","position":2,"name":"Destaques","item":"https:\/\/dana.com.br\/canaldana\/destaques\/"},{"@type":"ListItem","position":3,"name":"Escassez de a\u00e7o pode prejudicar crescimento do setor automotivo"}]},{"@type":"WebSite","@id":"https:\/\/dana.com.br\/canaldana\/#website","url":"https:\/\/dana.com.br\/canaldana\/","name":"Canal Dana","description":"Informativo com as principais not\u00edcias da ind\u00fastria automotiva","potentialAction":[{"@type":"SearchAction","target":{"@type":"EntryPoint","urlTemplate":"https:\/\/dana.com.br\/canaldana\/?s={search_term_string}"},"query-input":{"@type":"PropertyValueSpecification","valueRequired":true,"valueName":"search_term_string"}}],"inLanguage":"pt-BR"},{"@type":"Person","@id":"https:\/\/dana.com.br\/canaldana\/#\/schema\/person\/3c21f22f56fcf3bc46b94bc60ea4fef6","name":"Canal Dana","image":{"@type":"ImageObject","inLanguage":"pt-BR","@id":"https:\/\/secure.gravatar.com\/avatar\/420aaf9278582877d9018637c6817617705899d2858d7572ef0fe59a6b6454b4?s=96&d=mm&r=g","url":"https:\/\/secure.gravatar.com\/avatar\/420aaf9278582877d9018637c6817617705899d2858d7572ef0fe59a6b6454b4?s=96&d=mm&r=g","contentUrl":"https:\/\/secure.gravatar.com\/avatar\/420aaf9278582877d9018637c6817617705899d2858d7572ef0fe59a6b6454b4?s=96&d=mm&r=g","caption":"Canal Dana"},"url":"https:\/\/dana.com.br\/canaldana\/author\/cdeditor\/"}]}},"_links":{"self":[{"href":"https:\/\/dana.com.br\/canaldana\/wp-json\/wp\/v2\/posts\/45896","targetHints":{"allow":["GET"]}}],"collection":[{"href":"https:\/\/dana.com.br\/canaldana\/wp-json\/wp\/v2\/posts"}],"about":[{"href":"https:\/\/dana.com.br\/canaldana\/wp-json\/wp\/v2\/types\/post"}],"author":[{"embeddable":true,"href":"https:\/\/dana.com.br\/canaldana\/wp-json\/wp\/v2\/users\/3"}],"replies":[{"embeddable":true,"href":"https:\/\/dana.com.br\/canaldana\/wp-json\/wp\/v2\/comments?post=45896"}],"version-history":[{"count":0,"href":"https:\/\/dana.com.br\/canaldana\/wp-json\/wp\/v2\/posts\/45896\/revisions"}],"wp:attachment":[{"href":"https:\/\/dana.com.br\/canaldana\/wp-json\/wp\/v2\/media?parent=45896"}],"wp:term":[{"taxonomy":"category","embeddable":true,"href":"https:\/\/dana.com.br\/canaldana\/wp-json\/wp\/v2\/categories?post=45896"},{"taxonomy":"post_tag","embeddable":true,"href":"https:\/\/dana.com.br\/canaldana\/wp-json\/wp\/v2\/tags?post=45896"}],"curies":[{"name":"wp","href":"https:\/\/api.w.org\/{rel}","templated":true}]}}