{"id":45892,"date":"2020-10-30T08:27:52","date_gmt":"2020-10-30T11:27:52","guid":{"rendered":"https:\/\/dana.com.br\/canaldana\/?p=45892"},"modified":"2020-10-30T08:27:52","modified_gmt":"2020-10-30T11:27:52","slug":"abrati-da-inicio-hoje-a-campanha-contra-o-transporte-clandestino","status":"publish","type":"post","link":"https:\/\/dana.com.br\/canaldana\/2020\/10\/30\/abrati-da-inicio-hoje-a-campanha-contra-o-transporte-clandestino\/","title":{"rendered":"Abrati d\u00e1 in\u00edcio hoje a campanha contra o transporte clandestino"},"content":{"rendered":"<p><em>Frota &amp; Cia <\/em><\/p>\n<p>&nbsp;<\/p>\n<p>O avan\u00e7o do transporte clandestino nas viagens rodovi\u00e1rios no pa\u00eds, acentuado com a crise do coronav\u00edrus que provocou uma evas\u00e3o de passageiros do transporte regular, levou a Abrati a lan\u00e7ar uma campanha de conscientiza\u00e7\u00e3o da popula\u00e7\u00e3o para esse grave problema. Batizada de \u201cSua Vida Vale Mais. Diga N\u00e3o ao Transporte Clandestino\u201d, a iniciativa da Associa\u00e7\u00e3o Brasileira das Empresas de Transporte Terrestre de Passageiros se prop\u00f5e a mostrar os riscos do transporte irregular para os usu\u00e1rios desse servi\u00e7o.<\/p>\n<p>&nbsp;<\/p>\n<p>Segundo a Abrati, os perigos que cercam os transportes clandestinos s\u00e3o in\u00fameros, a come\u00e7ar por quem dirige ve\u00edculos n\u00e3o autorizados pela ANTT. A extensa lista inclui a n\u00e3o verifica\u00e7\u00e3o de antecedentes criminais dos motoristas de \u00f4nibus clandestinos; a falta de treinamento para dirigir os equipamentos; a inexist\u00eancia de alojamentos adequados para descanso; al\u00e9m da dispensa de testes toxicol\u00f3gicos peri\u00f3dicos, de aferi\u00e7\u00e3o alc\u00f3olica, entre outros problemas.<\/p>\n<p>&nbsp;<\/p>\n<p><strong>Vidas em risco<\/strong><\/p>\n<p>&nbsp;<\/p>\n<p>\u201cToda essa irresponsabilidade, n\u00e3o apenas coloca em risco a vida de milh\u00f5es de passageiros em todo o Brasil, mas tamb\u00e9m ceifa milhares de vidas de outros viajantes que circulam nas rodovias\u201d, afirma o presidente da Associa\u00e7\u00e3o, Eduardo Tude.<\/p>\n<p>&nbsp;<\/p>\n<p>As consequ\u00eancias desse descaso aparecem em n\u00fameros. Apenas em S\u00e3o Paulo, o Setpesp \u2013 que re\u00fane as empresas de transporte de passageiros no Estado \u2013 estima que todos os meses s\u00e3o realizadas cerca de 6.801 viagens ilegais, ou que totaliza 81.612 viagens por ano. Isso se traduz em uma perda de cerca de 684 mil passageiros anuais, por parte das empresas regulares. N\u00e3o sem motivo, a ANTT, ag\u00eancia reguladora da atividade j\u00e1 contabiliza mais de dois Autos de Infra\u00e7\u00e3o e 930 apreens\u00f5es de \u00f4nibus clandestinos apenas esse ano.<\/p>\n<p>&nbsp;<\/p>\n<p>Para a conselheira da Associa\u00e7\u00e3o, Let\u00edcia Pineschi, utilizar o transporte irregular equivale a um tiro no escuro. \u201cVoc\u00ea entra no clandestino e n\u00e3o faz ideia se o \u00f4nibus pode quebrar e causar algum acidente. E n\u00e3o sabe se o motorista est\u00e1 preparado para aquele trajeto. A seguran\u00e7a \u00e9 zero\u201d, afirma. Em adi\u00e7\u00e3o, Leticia alerta que os clandestinos n\u00e3o cumprem protocolos sanit\u00e1rios, comprometendo a sa\u00fade de seus passageiros, o que \u00e9 agravado em um momento de pandemia.<\/p>\n<p>&nbsp;<\/p>\n<p>Na inten\u00e7\u00e3o de chamar a aten\u00e7\u00e3o para o tema, a Abrati decidiu que hoje (29) ser\u00e1 o \u201cDia D\u201d da Campanha. Para tanto, a entidade vai promover mobiliza\u00e7\u00f5es contra o transporte clandestino na internet, na m\u00eddia e em terminais rodovi\u00e1rios. A lista inclui o Rio de Janeiro, S\u00e3o Paulo, Belo Horizonte, Bel\u00e9m, Jo\u00e3o Pessoa, Vit\u00f3ria, Curitiba, Porto Alegre, Bras\u00edlia, S\u00e3o Lu\u00eds e Recife. Nesses locais, ser\u00e3o realizadas panfletagens e promo\u00e7\u00e3o de di\u00e1logos ativos com cidad\u00e3os voltados \u00e0 conscientiza\u00e7\u00e3o e prote\u00e7\u00e3o dos passageiros. (Frota &amp; Cia\/Jose Augusto)<\/p>\n","protected":false},"excerpt":{"rendered":"<p>Frota &amp; Cia &nbsp; O avan\u00e7o do transporte clandestino nas viagens rodovi\u00e1rios no pa\u00eds, acentuado com a crise do coronav\u00edrus que provocou uma evas\u00e3o de passageiros do transporte regular, levou a Abrati a lan\u00e7ar uma campanha de conscientiza\u00e7\u00e3o da popula\u00e7\u00e3o para esse grave problema. Batizada de \u201cSua Vida Vale Mais. Diga N\u00e3o ao Transporte Clandestino\u201d,\u2026 <a class=\"readmore\" href=\"https:\/\/dana.com.br\/canaldana\/2020\/10\/30\/abrati-da-inicio-hoje-a-campanha-contra-o-transporte-clandestino\/\">Leia mais \u00bb<\/a><\/p>\n","protected":false},"author":3,"featured_media":0,"comment_status":"closed","ping_status":"closed","sticky":false,"template":"","format":"standard","meta":{"_acf_changed":false,"footnotes":""},"categories":[61],"tags":[],"class_list":["post-45892","post","type-post","status-publish","format-standard","hentry","category-destaques"],"acf":[],"yoast_head":"<!-- This site is optimized with the Yoast SEO plugin v27.5 - https:\/\/yoast.com\/product\/yoast-seo-wordpress\/ -->\n<title>Abrati d\u00e1 in\u00edcio hoje a campanha contra o transporte clandestino - Canal Dana<\/title>\n<meta name=\"robots\" content=\"index, follow, max-snippet:-1, max-image-preview:large, max-video-preview:-1\" \/>\n<link rel=\"canonical\" href=\"https:\/\/dana.com.br\/canaldana\/2020\/10\/30\/abrati-da-inicio-hoje-a-campanha-contra-o-transporte-clandestino\/\" \/>\n<meta property=\"og:locale\" content=\"pt_BR\" \/>\n<meta property=\"og:type\" content=\"article\" \/>\n<meta property=\"og:title\" content=\"Abrati d\u00e1 in\u00edcio hoje a campanha contra o transporte clandestino - Canal Dana\" \/>\n<meta property=\"og:description\" content=\"Frota &amp; Cia &nbsp; O avan\u00e7o do transporte clandestino nas viagens rodovi\u00e1rios no pa\u00eds, acentuado com a crise do coronav\u00edrus que provocou uma evas\u00e3o de passageiros do transporte regular, levou a Abrati a lan\u00e7ar uma campanha de conscientiza\u00e7\u00e3o da popula\u00e7\u00e3o para esse grave problema. Batizada de \u201cSua Vida Vale Mais. Diga N\u00e3o ao Transporte Clandestino\u201d,\u2026 Leia mais \u00bb\" \/>\n<meta property=\"og:url\" content=\"https:\/\/dana.com.br\/canaldana\/2020\/10\/30\/abrati-da-inicio-hoje-a-campanha-contra-o-transporte-clandestino\/\" \/>\n<meta property=\"og:site_name\" content=\"Canal Dana\" \/>\n<meta property=\"article:published_time\" content=\"2020-10-30T11:27:52+00:00\" \/>\n<meta name=\"author\" content=\"Canal Dana\" \/>\n<meta name=\"twitter:card\" content=\"summary_large_image\" \/>\n<meta name=\"twitter:label1\" content=\"Escrito por\" \/>\n\t<meta name=\"twitter:data1\" content=\"Canal Dana\" \/>\n\t<meta name=\"twitter:label2\" content=\"Est. tempo de leitura\" \/>\n\t<meta name=\"twitter:data2\" content=\"3 minutos\" \/>\n<script type=\"application\/ld+json\" class=\"yoast-schema-graph\">{\"@context\":\"https:\\\/\\\/schema.org\",\"@graph\":[{\"@type\":\"Article\",\"@id\":\"https:\\\/\\\/dana.com.br\\\/canaldana\\\/2020\\\/10\\\/30\\\/abrati-da-inicio-hoje-a-campanha-contra-o-transporte-clandestino\\\/#article\",\"isPartOf\":{\"@id\":\"https:\\\/\\\/dana.com.br\\\/canaldana\\\/2020\\\/10\\\/30\\\/abrati-da-inicio-hoje-a-campanha-contra-o-transporte-clandestino\\\/\"},\"author\":{\"name\":\"Canal Dana\",\"@id\":\"https:\\\/\\\/dana.com.br\\\/canaldana\\\/#\\\/schema\\\/person\\\/3c21f22f56fcf3bc46b94bc60ea4fef6\"},\"headline\":\"Abrati d\u00e1 in\u00edcio hoje a campanha contra o transporte clandestino\",\"datePublished\":\"2020-10-30T11:27:52+00:00\",\"mainEntityOfPage\":{\"@id\":\"https:\\\/\\\/dana.com.br\\\/canaldana\\\/2020\\\/10\\\/30\\\/abrati-da-inicio-hoje-a-campanha-contra-o-transporte-clandestino\\\/\"},\"wordCount\":511,\"articleSection\":[\"Destaques\"],\"inLanguage\":\"pt-BR\"},{\"@type\":\"WebPage\",\"@id\":\"https:\\\/\\\/dana.com.br\\\/canaldana\\\/2020\\\/10\\\/30\\\/abrati-da-inicio-hoje-a-campanha-contra-o-transporte-clandestino\\\/\",\"url\":\"https:\\\/\\\/dana.com.br\\\/canaldana\\\/2020\\\/10\\\/30\\\/abrati-da-inicio-hoje-a-campanha-contra-o-transporte-clandestino\\\/\",\"name\":\"Abrati d\u00e1 in\u00edcio hoje a campanha contra o transporte clandestino - Canal Dana\",\"isPartOf\":{\"@id\":\"https:\\\/\\\/dana.com.br\\\/canaldana\\\/#website\"},\"datePublished\":\"2020-10-30T11:27:52+00:00\",\"author\":{\"@id\":\"https:\\\/\\\/dana.com.br\\\/canaldana\\\/#\\\/schema\\\/person\\\/3c21f22f56fcf3bc46b94bc60ea4fef6\"},\"breadcrumb\":{\"@id\":\"https:\\\/\\\/dana.com.br\\\/canaldana\\\/2020\\\/10\\\/30\\\/abrati-da-inicio-hoje-a-campanha-contra-o-transporte-clandestino\\\/#breadcrumb\"},\"inLanguage\":\"pt-BR\",\"potentialAction\":[{\"@type\":\"ReadAction\",\"target\":[\"https:\\\/\\\/dana.com.br\\\/canaldana\\\/2020\\\/10\\\/30\\\/abrati-da-inicio-hoje-a-campanha-contra-o-transporte-clandestino\\\/\"]}]},{\"@type\":\"BreadcrumbList\",\"@id\":\"https:\\\/\\\/dana.com.br\\\/canaldana\\\/2020\\\/10\\\/30\\\/abrati-da-inicio-hoje-a-campanha-contra-o-transporte-clandestino\\\/#breadcrumb\",\"itemListElement\":[{\"@type\":\"ListItem\",\"position\":1,\"name\":\"Home\",\"item\":\"https:\\\/\\\/dana.com.br\\\/canaldana\\\/\"},{\"@type\":\"ListItem\",\"position\":2,\"name\":\"Destaques\",\"item\":\"https:\\\/\\\/dana.com.br\\\/canaldana\\\/destaques\\\/\"},{\"@type\":\"ListItem\",\"position\":3,\"name\":\"Abrati d\u00e1 in\u00edcio hoje a campanha contra o transporte clandestino\"}]},{\"@type\":\"WebSite\",\"@id\":\"https:\\\/\\\/dana.com.br\\\/canaldana\\\/#website\",\"url\":\"https:\\\/\\\/dana.com.br\\\/canaldana\\\/\",\"name\":\"Canal Dana\",\"description\":\"Informativo com as principais not\u00edcias da ind\u00fastria automotiva\",\"potentialAction\":[{\"@type\":\"SearchAction\",\"target\":{\"@type\":\"EntryPoint\",\"urlTemplate\":\"https:\\\/\\\/dana.com.br\\\/canaldana\\\/?s={search_term_string}\"},\"query-input\":{\"@type\":\"PropertyValueSpecification\",\"valueRequired\":true,\"valueName\":\"search_term_string\"}}],\"inLanguage\":\"pt-BR\"},{\"@type\":\"Person\",\"@id\":\"https:\\\/\\\/dana.com.br\\\/canaldana\\\/#\\\/schema\\\/person\\\/3c21f22f56fcf3bc46b94bc60ea4fef6\",\"name\":\"Canal Dana\",\"image\":{\"@type\":\"ImageObject\",\"inLanguage\":\"pt-BR\",\"@id\":\"https:\\\/\\\/secure.gravatar.com\\\/avatar\\\/420aaf9278582877d9018637c6817617705899d2858d7572ef0fe59a6b6454b4?s=96&d=mm&r=g\",\"url\":\"https:\\\/\\\/secure.gravatar.com\\\/avatar\\\/420aaf9278582877d9018637c6817617705899d2858d7572ef0fe59a6b6454b4?s=96&d=mm&r=g\",\"contentUrl\":\"https:\\\/\\\/secure.gravatar.com\\\/avatar\\\/420aaf9278582877d9018637c6817617705899d2858d7572ef0fe59a6b6454b4?s=96&d=mm&r=g\",\"caption\":\"Canal Dana\"},\"url\":\"https:\\\/\\\/dana.com.br\\\/canaldana\\\/author\\\/cdeditor\\\/\"}]}<\/script>\n<!-- \/ Yoast SEO plugin. -->","yoast_head_json":{"title":"Abrati d\u00e1 in\u00edcio hoje a campanha contra o transporte clandestino - Canal Dana","robots":{"index":"index","follow":"follow","max-snippet":"max-snippet:-1","max-image-preview":"max-image-preview:large","max-video-preview":"max-video-preview:-1"},"canonical":"https:\/\/dana.com.br\/canaldana\/2020\/10\/30\/abrati-da-inicio-hoje-a-campanha-contra-o-transporte-clandestino\/","og_locale":"pt_BR","og_type":"article","og_title":"Abrati d\u00e1 in\u00edcio hoje a campanha contra o transporte clandestino - Canal Dana","og_description":"Frota &amp; Cia &nbsp; O avan\u00e7o do transporte clandestino nas viagens rodovi\u00e1rios no pa\u00eds, acentuado com a crise do coronav\u00edrus que provocou uma evas\u00e3o de passageiros do transporte regular, levou a Abrati a lan\u00e7ar uma campanha de conscientiza\u00e7\u00e3o da popula\u00e7\u00e3o para esse grave problema. Batizada de \u201cSua Vida Vale Mais. Diga N\u00e3o ao Transporte Clandestino\u201d,\u2026 Leia mais \u00bb","og_url":"https:\/\/dana.com.br\/canaldana\/2020\/10\/30\/abrati-da-inicio-hoje-a-campanha-contra-o-transporte-clandestino\/","og_site_name":"Canal Dana","article_published_time":"2020-10-30T11:27:52+00:00","author":"Canal Dana","twitter_card":"summary_large_image","twitter_misc":{"Escrito por":"Canal Dana","Est. tempo de leitura":"3 minutos"},"schema":{"@context":"https:\/\/schema.org","@graph":[{"@type":"Article","@id":"https:\/\/dana.com.br\/canaldana\/2020\/10\/30\/abrati-da-inicio-hoje-a-campanha-contra-o-transporte-clandestino\/#article","isPartOf":{"@id":"https:\/\/dana.com.br\/canaldana\/2020\/10\/30\/abrati-da-inicio-hoje-a-campanha-contra-o-transporte-clandestino\/"},"author":{"name":"Canal Dana","@id":"https:\/\/dana.com.br\/canaldana\/#\/schema\/person\/3c21f22f56fcf3bc46b94bc60ea4fef6"},"headline":"Abrati d\u00e1 in\u00edcio hoje a campanha contra o transporte clandestino","datePublished":"2020-10-30T11:27:52+00:00","mainEntityOfPage":{"@id":"https:\/\/dana.com.br\/canaldana\/2020\/10\/30\/abrati-da-inicio-hoje-a-campanha-contra-o-transporte-clandestino\/"},"wordCount":511,"articleSection":["Destaques"],"inLanguage":"pt-BR"},{"@type":"WebPage","@id":"https:\/\/dana.com.br\/canaldana\/2020\/10\/30\/abrati-da-inicio-hoje-a-campanha-contra-o-transporte-clandestino\/","url":"https:\/\/dana.com.br\/canaldana\/2020\/10\/30\/abrati-da-inicio-hoje-a-campanha-contra-o-transporte-clandestino\/","name":"Abrati d\u00e1 in\u00edcio hoje a campanha contra o transporte clandestino - Canal Dana","isPartOf":{"@id":"https:\/\/dana.com.br\/canaldana\/#website"},"datePublished":"2020-10-30T11:27:52+00:00","author":{"@id":"https:\/\/dana.com.br\/canaldana\/#\/schema\/person\/3c21f22f56fcf3bc46b94bc60ea4fef6"},"breadcrumb":{"@id":"https:\/\/dana.com.br\/canaldana\/2020\/10\/30\/abrati-da-inicio-hoje-a-campanha-contra-o-transporte-clandestino\/#breadcrumb"},"inLanguage":"pt-BR","potentialAction":[{"@type":"ReadAction","target":["https:\/\/dana.com.br\/canaldana\/2020\/10\/30\/abrati-da-inicio-hoje-a-campanha-contra-o-transporte-clandestino\/"]}]},{"@type":"BreadcrumbList","@id":"https:\/\/dana.com.br\/canaldana\/2020\/10\/30\/abrati-da-inicio-hoje-a-campanha-contra-o-transporte-clandestino\/#breadcrumb","itemListElement":[{"@type":"ListItem","position":1,"name":"Home","item":"https:\/\/dana.com.br\/canaldana\/"},{"@type":"ListItem","position":2,"name":"Destaques","item":"https:\/\/dana.com.br\/canaldana\/destaques\/"},{"@type":"ListItem","position":3,"name":"Abrati d\u00e1 in\u00edcio hoje a campanha contra o transporte clandestino"}]},{"@type":"WebSite","@id":"https:\/\/dana.com.br\/canaldana\/#website","url":"https:\/\/dana.com.br\/canaldana\/","name":"Canal Dana","description":"Informativo com as principais not\u00edcias da ind\u00fastria automotiva","potentialAction":[{"@type":"SearchAction","target":{"@type":"EntryPoint","urlTemplate":"https:\/\/dana.com.br\/canaldana\/?s={search_term_string}"},"query-input":{"@type":"PropertyValueSpecification","valueRequired":true,"valueName":"search_term_string"}}],"inLanguage":"pt-BR"},{"@type":"Person","@id":"https:\/\/dana.com.br\/canaldana\/#\/schema\/person\/3c21f22f56fcf3bc46b94bc60ea4fef6","name":"Canal Dana","image":{"@type":"ImageObject","inLanguage":"pt-BR","@id":"https:\/\/secure.gravatar.com\/avatar\/420aaf9278582877d9018637c6817617705899d2858d7572ef0fe59a6b6454b4?s=96&d=mm&r=g","url":"https:\/\/secure.gravatar.com\/avatar\/420aaf9278582877d9018637c6817617705899d2858d7572ef0fe59a6b6454b4?s=96&d=mm&r=g","contentUrl":"https:\/\/secure.gravatar.com\/avatar\/420aaf9278582877d9018637c6817617705899d2858d7572ef0fe59a6b6454b4?s=96&d=mm&r=g","caption":"Canal Dana"},"url":"https:\/\/dana.com.br\/canaldana\/author\/cdeditor\/"}]}},"_links":{"self":[{"href":"https:\/\/dana.com.br\/canaldana\/wp-json\/wp\/v2\/posts\/45892","targetHints":{"allow":["GET"]}}],"collection":[{"href":"https:\/\/dana.com.br\/canaldana\/wp-json\/wp\/v2\/posts"}],"about":[{"href":"https:\/\/dana.com.br\/canaldana\/wp-json\/wp\/v2\/types\/post"}],"author":[{"embeddable":true,"href":"https:\/\/dana.com.br\/canaldana\/wp-json\/wp\/v2\/users\/3"}],"replies":[{"embeddable":true,"href":"https:\/\/dana.com.br\/canaldana\/wp-json\/wp\/v2\/comments?post=45892"}],"version-history":[{"count":0,"href":"https:\/\/dana.com.br\/canaldana\/wp-json\/wp\/v2\/posts\/45892\/revisions"}],"wp:attachment":[{"href":"https:\/\/dana.com.br\/canaldana\/wp-json\/wp\/v2\/media?parent=45892"}],"wp:term":[{"taxonomy":"category","embeddable":true,"href":"https:\/\/dana.com.br\/canaldana\/wp-json\/wp\/v2\/categories?post=45892"},{"taxonomy":"post_tag","embeddable":true,"href":"https:\/\/dana.com.br\/canaldana\/wp-json\/wp\/v2\/tags?post=45892"}],"curies":[{"name":"wp","href":"https:\/\/api.w.org\/{rel}","templated":true}]}}