{"id":45355,"date":"2020-10-07T08:13:20","date_gmt":"2020-10-07T11:13:20","guid":{"rendered":"https:\/\/dana.com.br\/canaldana\/?p=45355"},"modified":"2020-10-07T08:13:20","modified_gmt":"2020-10-07T11:13:20","slug":"desvendando-a-complexa-mobilidade-feminina","status":"publish","type":"post","link":"https:\/\/dana.com.br\/canaldana\/2020\/10\/07\/desvendando-a-complexa-mobilidade-feminina\/","title":{"rendered":"Desvendando a complexa mobilidade feminina"},"content":{"rendered":"<p><em>O Estado de S. Paulo <\/em><\/p>\n<p>&nbsp;<\/p>\n<p>Renda, localiza\u00e7\u00e3o de suas resid\u00eancias, idade, grau de instru\u00e7\u00e3o e atribui\u00e7\u00f5es familiares s\u00e3o fatores que alteram os tipos e os motivos do deslocamento feminino, de acordo com o estudo \u201cMulheres e seus deslocamentos na cidade: uma an\u00e1lise da Pesquisa Origem e Destino, do Metr\u00f4\u201d, da Prefeitura de S\u00e3o Paulo e da Secretaria Municipal de Desenvolvimento Urbano (SMDU). De maneira geral, o transporte coletivo \u00e9 predominante, com uso cada mais frequente, de acordo com o aumento da idade: seu maior percentual se concentra em mulheres entre 18 e 29 anos, representando 57% das viagens femininas nessa faixa et\u00e1ria.<\/p>\n<p>&nbsp;<\/p>\n<p>As mulheres com maior renda possuem padr\u00f5es de deslocamento muito parecidos aos dos homens da mesma faixa et\u00e1ria e renda. \u201cO que se nota, sobretudo entre mulheres brancas, \u00e9 que, quanto mais ascendem socialmente, mais predominante ser\u00e1 o uso do transporte particular, principalmente carro\u201d, diz Clarisse Cunha Linke, diretora executiva do Instituto de Pol\u00edticas de Transporte &amp; Desenvolvimento (ITDP). Oposto ao que ocorre com as mulheres de baixa renda, cujo padr\u00e3o \u00e9 diferente dos homens da mesma classe social: enquanto elas se deslocam via transporte coletivo e a p\u00e9, eles utilizam, sobretudo, transporte individual.<\/p>\n<p>&nbsp;<\/p>\n<p><strong>Dificuldades para as m\u00e3es <\/strong><\/p>\n<p>&nbsp;<\/p>\n<p>Ter filhos \u00e9 outro fator que influencia diretamente a mobilidade feminina: de maneira geral, as mulheres com filhos entre 5 e 9 anos s\u00e3o as que mais realizam viagens a p\u00e9 (44%), seguido pelo transporte coletivo (29%), como mostra o gr\u00e1fico acima. \u201cEsse comportamento \u00e9 resultado das diferentes fun\u00e7\u00f5es que o p\u00fablico feminino exerce na fam\u00edlia e ele se repete nas mulheres que saem de casa para trabalhar\u201d, diz Linke.<\/p>\n<p>&nbsp;<\/p>\n<p>Ainda de acordo com o estudo, para os homens, o fato de ter filhos nessa mesma faixa et\u00e1ria n\u00e3o altera t\u00e3o significativamente o modo e o motivo predominantes do deslocamento: modo individual (51% do total), motivado pelo trabalho.<\/p>\n<p>&nbsp;<\/p>\n<p>Inseguran\u00e7a, medo e ass\u00e9dio ainda s\u00e3o, infelizmente, palavras associadas aos deslocamentos femininos, e isso ocorre em diversos modais. Para poder compreender alguns dos desafios das mulheres em sua locomo\u00e7\u00e3o, o Instituto Patr\u00edcia Galv\u00e3o e o Instituto Locomotiva realizaram, em 2019, uma pesquisa com 1.081 brasileiras que usam transporte p\u00fablico e por aplicativo. Desse total, 97% dizem j\u00e1 ter sido v\u00edtimas de ass\u00e9dio em meios de transporte. Entre as ocorr\u00eancias mais apontadas est\u00e3o olhares insistentes, cantadas, coment\u00e1rios de cunho sexual, passadas de m\u00e3o e at\u00e9 mesmo \u201cencoxadas\u201d.<\/p>\n<p>&nbsp;<\/p>\n<p><strong>Ciclistas com medo <\/strong><\/p>\n<p>&nbsp;<\/p>\n<p>O levantamento tamb\u00e9m revela que, para as mulheres que trabalham e\/ou estudam, o tempo gasto no deslocamento entre sua casa e o trabalho\/institui\u00e7\u00e3o de ensino \u00e9 um fator decisivo em suas vidas: para 72% delas, esse fator determina se ir\u00e3o aceitar um emprego ou permanecer nele. Quase metade das entrevistadas (46%) afirma n\u00e3o se sentirem confiantes para usar os meios de transporte sem sofrer ass\u00e9dio.<\/p>\n<p>&nbsp;<\/p>\n<p>O medo tamb\u00e9m \u00e9 presente na rotina das ciclistas. A bicicleta ainda representa 0,2% dos deslocamentos das mulheres na cidade de S\u00e3o Paulo \u2013 e 1% dos homens \u2013, mas \u00e9 um modal com muito potencial para avan\u00e7ar, principalmente no cen\u00e1rio p\u00f3s-pandemia. \u201c\u00c9 muito comum que as ciclistas mudem seus trajetos e pedalem muito mais para n\u00e3o passar por locais desertos e perigosos, como viadutos de travessia em estradas, ruas pouco iluminadas, becos e vielas\u201d, diz Renata Falzoni, arquiteta, jornalista e cicloativista.<\/p>\n<p>&nbsp;<\/p>\n<p>De acordo com ela, a bicicleta \u00e9 um meio de transporte que tem muita aceita\u00e7\u00e3o pelas mulheres e se encaixa em seu perfil de deslocamentos, mas a quest\u00e3o da seguran\u00e7a ainda \u00e9 um ponto de aten\u00e7\u00e3o. \u201cBasta ver em ciclovias com boa estrutura e muita circula\u00e7\u00e3o de pessoas, como as da Avenida Faria Lima e Paulista, que registram n\u00famero de mulheres muito maior que o de homens\u201d, diz ela. O problema da falta de inclus\u00e3o na mobilidade, segundo Falzoni, \u00e9 que as necessidades das mulheres n\u00e3o chegam at\u00e9 as inst\u00e2ncias finais dos projetos. \u201cNo in\u00edcio das discuss\u00f5es, como em consultas p\u00fablicas e outros f\u00f3runs, as necessidades das mulheres, bem como as de idosos e adolescentes, aparecem. Mas, nas tomadas de decis\u00e3o, essas demandas somem\u201d, comenta a cicloativista.<\/p>\n<p>&nbsp;<\/p>\n<p>Para Linke, falta um olhar mais inclusivo nas pessoas envolvidas nessas discuss\u00f5es. \u201cSe n\u00e3o formos capazes de entender melhor o p\u00fablico a que o transporte serve no Brasil e suas necessidades, continuaremos reproduzindo um modelo desigual, que n\u00e3o promove inclus\u00e3o nem proporciona bem-estar a quem o utiliza\u201d, afirma Linke. (O Estado de S. Paulo)<\/p>\n","protected":false},"excerpt":{"rendered":"<p>O Estado de S. Paulo &nbsp; Renda, localiza\u00e7\u00e3o de suas resid\u00eancias, idade, grau de instru\u00e7\u00e3o e atribui\u00e7\u00f5es familiares s\u00e3o fatores que alteram os tipos e os motivos do deslocamento feminino, de acordo com o estudo \u201cMulheres e seus deslocamentos na cidade: uma an\u00e1lise da Pesquisa Origem e Destino, do Metr\u00f4\u201d, da Prefeitura de S\u00e3o Paulo\u2026 <a class=\"readmore\" href=\"https:\/\/dana.com.br\/canaldana\/2020\/10\/07\/desvendando-a-complexa-mobilidade-feminina\/\">Leia mais \u00bb<\/a><\/p>\n","protected":false},"author":3,"featured_media":0,"comment_status":"closed","ping_status":"closed","sticky":false,"template":"","format":"standard","meta":{"_acf_changed":false,"footnotes":""},"categories":[102],"tags":[],"class_list":["post-45355","post","type-post","status-publish","format-standard","hentry","category-mobilidade"],"acf":[],"yoast_head":"<!-- This site is optimized with the Yoast SEO plugin v27.5 - https:\/\/yoast.com\/product\/yoast-seo-wordpress\/ -->\n<title>Desvendando a complexa mobilidade feminina - Canal Dana<\/title>\n<meta name=\"robots\" content=\"index, follow, max-snippet:-1, max-image-preview:large, max-video-preview:-1\" \/>\n<link rel=\"canonical\" href=\"https:\/\/dana.com.br\/canaldana\/2020\/10\/07\/desvendando-a-complexa-mobilidade-feminina\/\" \/>\n<meta property=\"og:locale\" content=\"pt_BR\" \/>\n<meta property=\"og:type\" content=\"article\" \/>\n<meta property=\"og:title\" content=\"Desvendando a complexa mobilidade feminina - Canal Dana\" \/>\n<meta property=\"og:description\" content=\"O Estado de S. Paulo &nbsp; Renda, localiza\u00e7\u00e3o de suas resid\u00eancias, idade, grau de instru\u00e7\u00e3o e atribui\u00e7\u00f5es familiares s\u00e3o fatores que alteram os tipos e os motivos do deslocamento feminino, de acordo com o estudo \u201cMulheres e seus deslocamentos na cidade: uma an\u00e1lise da Pesquisa Origem e Destino, do Metr\u00f4\u201d, da Prefeitura de S\u00e3o Paulo\u2026 Leia mais \u00bb\" \/>\n<meta property=\"og:url\" content=\"https:\/\/dana.com.br\/canaldana\/2020\/10\/07\/desvendando-a-complexa-mobilidade-feminina\/\" \/>\n<meta property=\"og:site_name\" content=\"Canal Dana\" \/>\n<meta property=\"article:published_time\" content=\"2020-10-07T11:13:20+00:00\" \/>\n<meta name=\"author\" content=\"Canal Dana\" \/>\n<meta name=\"twitter:card\" content=\"summary_large_image\" \/>\n<meta name=\"twitter:label1\" content=\"Escrito por\" \/>\n\t<meta name=\"twitter:data1\" content=\"Canal Dana\" \/>\n\t<meta name=\"twitter:label2\" content=\"Est. tempo de leitura\" \/>\n\t<meta name=\"twitter:data2\" content=\"4 minutos\" \/>\n<script type=\"application\/ld+json\" class=\"yoast-schema-graph\">{\"@context\":\"https:\\\/\\\/schema.org\",\"@graph\":[{\"@type\":\"Article\",\"@id\":\"https:\\\/\\\/dana.com.br\\\/canaldana\\\/2020\\\/10\\\/07\\\/desvendando-a-complexa-mobilidade-feminina\\\/#article\",\"isPartOf\":{\"@id\":\"https:\\\/\\\/dana.com.br\\\/canaldana\\\/2020\\\/10\\\/07\\\/desvendando-a-complexa-mobilidade-feminina\\\/\"},\"author\":{\"name\":\"Canal Dana\",\"@id\":\"https:\\\/\\\/dana.com.br\\\/canaldana\\\/#\\\/schema\\\/person\\\/3c21f22f56fcf3bc46b94bc60ea4fef6\"},\"headline\":\"Desvendando a complexa mobilidade feminina\",\"datePublished\":\"2020-10-07T11:13:20+00:00\",\"mainEntityOfPage\":{\"@id\":\"https:\\\/\\\/dana.com.br\\\/canaldana\\\/2020\\\/10\\\/07\\\/desvendando-a-complexa-mobilidade-feminina\\\/\"},\"wordCount\":778,\"articleSection\":[\"Mobilidade\"],\"inLanguage\":\"pt-BR\"},{\"@type\":\"WebPage\",\"@id\":\"https:\\\/\\\/dana.com.br\\\/canaldana\\\/2020\\\/10\\\/07\\\/desvendando-a-complexa-mobilidade-feminina\\\/\",\"url\":\"https:\\\/\\\/dana.com.br\\\/canaldana\\\/2020\\\/10\\\/07\\\/desvendando-a-complexa-mobilidade-feminina\\\/\",\"name\":\"Desvendando a complexa mobilidade feminina - Canal Dana\",\"isPartOf\":{\"@id\":\"https:\\\/\\\/dana.com.br\\\/canaldana\\\/#website\"},\"datePublished\":\"2020-10-07T11:13:20+00:00\",\"author\":{\"@id\":\"https:\\\/\\\/dana.com.br\\\/canaldana\\\/#\\\/schema\\\/person\\\/3c21f22f56fcf3bc46b94bc60ea4fef6\"},\"breadcrumb\":{\"@id\":\"https:\\\/\\\/dana.com.br\\\/canaldana\\\/2020\\\/10\\\/07\\\/desvendando-a-complexa-mobilidade-feminina\\\/#breadcrumb\"},\"inLanguage\":\"pt-BR\",\"potentialAction\":[{\"@type\":\"ReadAction\",\"target\":[\"https:\\\/\\\/dana.com.br\\\/canaldana\\\/2020\\\/10\\\/07\\\/desvendando-a-complexa-mobilidade-feminina\\\/\"]}]},{\"@type\":\"BreadcrumbList\",\"@id\":\"https:\\\/\\\/dana.com.br\\\/canaldana\\\/2020\\\/10\\\/07\\\/desvendando-a-complexa-mobilidade-feminina\\\/#breadcrumb\",\"itemListElement\":[{\"@type\":\"ListItem\",\"position\":1,\"name\":\"Home\",\"item\":\"https:\\\/\\\/dana.com.br\\\/canaldana\\\/\"},{\"@type\":\"ListItem\",\"position\":2,\"name\":\"Mobilidade\",\"item\":\"https:\\\/\\\/dana.com.br\\\/canaldana\\\/mobilidade\\\/\"},{\"@type\":\"ListItem\",\"position\":3,\"name\":\"Desvendando a complexa mobilidade feminina\"}]},{\"@type\":\"WebSite\",\"@id\":\"https:\\\/\\\/dana.com.br\\\/canaldana\\\/#website\",\"url\":\"https:\\\/\\\/dana.com.br\\\/canaldana\\\/\",\"name\":\"Canal Dana\",\"description\":\"Informativo com as principais not\u00edcias da ind\u00fastria automotiva\",\"potentialAction\":[{\"@type\":\"SearchAction\",\"target\":{\"@type\":\"EntryPoint\",\"urlTemplate\":\"https:\\\/\\\/dana.com.br\\\/canaldana\\\/?s={search_term_string}\"},\"query-input\":{\"@type\":\"PropertyValueSpecification\",\"valueRequired\":true,\"valueName\":\"search_term_string\"}}],\"inLanguage\":\"pt-BR\"},{\"@type\":\"Person\",\"@id\":\"https:\\\/\\\/dana.com.br\\\/canaldana\\\/#\\\/schema\\\/person\\\/3c21f22f56fcf3bc46b94bc60ea4fef6\",\"name\":\"Canal Dana\",\"image\":{\"@type\":\"ImageObject\",\"inLanguage\":\"pt-BR\",\"@id\":\"https:\\\/\\\/secure.gravatar.com\\\/avatar\\\/420aaf9278582877d9018637c6817617705899d2858d7572ef0fe59a6b6454b4?s=96&d=mm&r=g\",\"url\":\"https:\\\/\\\/secure.gravatar.com\\\/avatar\\\/420aaf9278582877d9018637c6817617705899d2858d7572ef0fe59a6b6454b4?s=96&d=mm&r=g\",\"contentUrl\":\"https:\\\/\\\/secure.gravatar.com\\\/avatar\\\/420aaf9278582877d9018637c6817617705899d2858d7572ef0fe59a6b6454b4?s=96&d=mm&r=g\",\"caption\":\"Canal Dana\"},\"url\":\"https:\\\/\\\/dana.com.br\\\/canaldana\\\/author\\\/cdeditor\\\/\"}]}<\/script>\n<!-- \/ Yoast SEO plugin. -->","yoast_head_json":{"title":"Desvendando a complexa mobilidade feminina - Canal Dana","robots":{"index":"index","follow":"follow","max-snippet":"max-snippet:-1","max-image-preview":"max-image-preview:large","max-video-preview":"max-video-preview:-1"},"canonical":"https:\/\/dana.com.br\/canaldana\/2020\/10\/07\/desvendando-a-complexa-mobilidade-feminina\/","og_locale":"pt_BR","og_type":"article","og_title":"Desvendando a complexa mobilidade feminina - Canal Dana","og_description":"O Estado de S. Paulo &nbsp; Renda, localiza\u00e7\u00e3o de suas resid\u00eancias, idade, grau de instru\u00e7\u00e3o e atribui\u00e7\u00f5es familiares s\u00e3o fatores que alteram os tipos e os motivos do deslocamento feminino, de acordo com o estudo \u201cMulheres e seus deslocamentos na cidade: uma an\u00e1lise da Pesquisa Origem e Destino, do Metr\u00f4\u201d, da Prefeitura de S\u00e3o Paulo\u2026 Leia mais \u00bb","og_url":"https:\/\/dana.com.br\/canaldana\/2020\/10\/07\/desvendando-a-complexa-mobilidade-feminina\/","og_site_name":"Canal Dana","article_published_time":"2020-10-07T11:13:20+00:00","author":"Canal Dana","twitter_card":"summary_large_image","twitter_misc":{"Escrito por":"Canal Dana","Est. tempo de leitura":"4 minutos"},"schema":{"@context":"https:\/\/schema.org","@graph":[{"@type":"Article","@id":"https:\/\/dana.com.br\/canaldana\/2020\/10\/07\/desvendando-a-complexa-mobilidade-feminina\/#article","isPartOf":{"@id":"https:\/\/dana.com.br\/canaldana\/2020\/10\/07\/desvendando-a-complexa-mobilidade-feminina\/"},"author":{"name":"Canal Dana","@id":"https:\/\/dana.com.br\/canaldana\/#\/schema\/person\/3c21f22f56fcf3bc46b94bc60ea4fef6"},"headline":"Desvendando a complexa mobilidade feminina","datePublished":"2020-10-07T11:13:20+00:00","mainEntityOfPage":{"@id":"https:\/\/dana.com.br\/canaldana\/2020\/10\/07\/desvendando-a-complexa-mobilidade-feminina\/"},"wordCount":778,"articleSection":["Mobilidade"],"inLanguage":"pt-BR"},{"@type":"WebPage","@id":"https:\/\/dana.com.br\/canaldana\/2020\/10\/07\/desvendando-a-complexa-mobilidade-feminina\/","url":"https:\/\/dana.com.br\/canaldana\/2020\/10\/07\/desvendando-a-complexa-mobilidade-feminina\/","name":"Desvendando a complexa mobilidade feminina - Canal Dana","isPartOf":{"@id":"https:\/\/dana.com.br\/canaldana\/#website"},"datePublished":"2020-10-07T11:13:20+00:00","author":{"@id":"https:\/\/dana.com.br\/canaldana\/#\/schema\/person\/3c21f22f56fcf3bc46b94bc60ea4fef6"},"breadcrumb":{"@id":"https:\/\/dana.com.br\/canaldana\/2020\/10\/07\/desvendando-a-complexa-mobilidade-feminina\/#breadcrumb"},"inLanguage":"pt-BR","potentialAction":[{"@type":"ReadAction","target":["https:\/\/dana.com.br\/canaldana\/2020\/10\/07\/desvendando-a-complexa-mobilidade-feminina\/"]}]},{"@type":"BreadcrumbList","@id":"https:\/\/dana.com.br\/canaldana\/2020\/10\/07\/desvendando-a-complexa-mobilidade-feminina\/#breadcrumb","itemListElement":[{"@type":"ListItem","position":1,"name":"Home","item":"https:\/\/dana.com.br\/canaldana\/"},{"@type":"ListItem","position":2,"name":"Mobilidade","item":"https:\/\/dana.com.br\/canaldana\/mobilidade\/"},{"@type":"ListItem","position":3,"name":"Desvendando a complexa mobilidade feminina"}]},{"@type":"WebSite","@id":"https:\/\/dana.com.br\/canaldana\/#website","url":"https:\/\/dana.com.br\/canaldana\/","name":"Canal Dana","description":"Informativo com as principais not\u00edcias da ind\u00fastria automotiva","potentialAction":[{"@type":"SearchAction","target":{"@type":"EntryPoint","urlTemplate":"https:\/\/dana.com.br\/canaldana\/?s={search_term_string}"},"query-input":{"@type":"PropertyValueSpecification","valueRequired":true,"valueName":"search_term_string"}}],"inLanguage":"pt-BR"},{"@type":"Person","@id":"https:\/\/dana.com.br\/canaldana\/#\/schema\/person\/3c21f22f56fcf3bc46b94bc60ea4fef6","name":"Canal Dana","image":{"@type":"ImageObject","inLanguage":"pt-BR","@id":"https:\/\/secure.gravatar.com\/avatar\/420aaf9278582877d9018637c6817617705899d2858d7572ef0fe59a6b6454b4?s=96&d=mm&r=g","url":"https:\/\/secure.gravatar.com\/avatar\/420aaf9278582877d9018637c6817617705899d2858d7572ef0fe59a6b6454b4?s=96&d=mm&r=g","contentUrl":"https:\/\/secure.gravatar.com\/avatar\/420aaf9278582877d9018637c6817617705899d2858d7572ef0fe59a6b6454b4?s=96&d=mm&r=g","caption":"Canal Dana"},"url":"https:\/\/dana.com.br\/canaldana\/author\/cdeditor\/"}]}},"_links":{"self":[{"href":"https:\/\/dana.com.br\/canaldana\/wp-json\/wp\/v2\/posts\/45355","targetHints":{"allow":["GET"]}}],"collection":[{"href":"https:\/\/dana.com.br\/canaldana\/wp-json\/wp\/v2\/posts"}],"about":[{"href":"https:\/\/dana.com.br\/canaldana\/wp-json\/wp\/v2\/types\/post"}],"author":[{"embeddable":true,"href":"https:\/\/dana.com.br\/canaldana\/wp-json\/wp\/v2\/users\/3"}],"replies":[{"embeddable":true,"href":"https:\/\/dana.com.br\/canaldana\/wp-json\/wp\/v2\/comments?post=45355"}],"version-history":[{"count":0,"href":"https:\/\/dana.com.br\/canaldana\/wp-json\/wp\/v2\/posts\/45355\/revisions"}],"wp:attachment":[{"href":"https:\/\/dana.com.br\/canaldana\/wp-json\/wp\/v2\/media?parent=45355"}],"wp:term":[{"taxonomy":"category","embeddable":true,"href":"https:\/\/dana.com.br\/canaldana\/wp-json\/wp\/v2\/categories?post=45355"},{"taxonomy":"post_tag","embeddable":true,"href":"https:\/\/dana.com.br\/canaldana\/wp-json\/wp\/v2\/tags?post=45355"}],"curies":[{"name":"wp","href":"https:\/\/api.w.org\/{rel}","templated":true}]}}