{"id":45165,"date":"2020-09-29T08:47:51","date_gmt":"2020-09-29T11:47:51","guid":{"rendered":"https:\/\/dana.com.br\/canaldana\/?p=45165"},"modified":"2020-09-29T08:47:51","modified_gmt":"2020-09-29T11:47:51","slug":"implementos-rodoviarios-empregam-mais-em-2020","status":"publish","type":"post","link":"https:\/\/dana.com.br\/canaldana\/2020\/09\/29\/implementos-rodoviarios-empregam-mais-em-2020\/","title":{"rendered":"Implementos rodovi\u00e1rios empregam mais em 2020"},"content":{"rendered":"<p><em>Estrad\u00e3o<\/em><\/p>\n<p>&nbsp;<\/p>\n<p>A ind\u00fastria de implementos rodovi\u00e1rios ampliou o quadro de funcion\u00e1rios no Brasil. Mesmo com a crise causada pelo novo coronav\u00edrus, em 2020 foram abertos 500 novos postos de trabalho. Com isso, o n\u00famero de trabalhadores do setor passou de 45 mil em 2019 para 45.500 neste ano. O dado \u00e9 da Associa\u00e7\u00e3o Nacional dos Fabricantes de Implementos Rodovi\u00e1rios (Anfir).<\/p>\n<p>&nbsp;<\/p>\n<p>Segundo o presidente da Anfir, Norberto Fabris, o per\u00edodo mais cr\u00edtico para o setor foi de janeiro a maio. Nesses meses, os emplacamentos ficaram 20% abaixo dos registrados em igual intervalo de 2019. \u201cA partir da\u00ed, a economia come\u00e7ou a mostrar melhor desempenho, refletindo nos percentuais de retra\u00e7\u00e3o que ficaram menores\u201d, diz.<\/p>\n<p>&nbsp;<\/p>\n<p>Dos 15 segmentos que formam os setores de reboques e semirreboques, oito apresentam recupera\u00e7\u00e3o. Dos sete que comp\u00f5em o setor de carroceria sobre chassis, tr\u00eas est\u00e3o com resultados positivos.<\/p>\n<p>&nbsp;<\/p>\n<p><strong>Venda de implementos deve cair 5% em 2020<\/strong><\/p>\n<p>&nbsp;<\/p>\n<p>Fabris diz o atual momento \u00e9 diferente do enfrentado pelo setor de 2014 a 2018. Ele afirma que a crise anterior fez com que as fabricantes melhorassem os processos de produ\u00e7\u00e3o. Isso permitiu reduzir custos e racionalizar as opera\u00e7\u00f5es. \u201cQuando a crise provocada pelo novo coronav\u00edrus chegou, est\u00e1vamos preparados.\u201d<\/p>\n<p>&nbsp;<\/p>\n<p>Mesmo assim, a estimativa da Anfir \u00e9 fechar 2020 com 114 mil unidades vendidas. Se esse n\u00famero for concretizado, haver\u00e1 queda 5% na compara\u00e7\u00e3o com o resultado de 2019.<\/p>\n<p>&nbsp;<\/p>\n<p>A previs\u00e3o est\u00e1 relacionada ao desempenho das vendas de janeiro a agosto de 2020. No acumulado do ano, foram emplacados 73.744 implementos no Brasil. O volume \u00e9 6,22% inferior \u00e0s 78.639 unidades vendidas em igual per\u00edodo de 2019.<\/p>\n<p>&nbsp;<\/p>\n<p><strong>Vendas de basculantes registram a maior alta<\/strong><\/p>\n<p>&nbsp;<\/p>\n<p>No acumulado de janeiro a agosto de 2020, foram vendidos 40.462 reboques e semirreboques no Pa\u00eds. Os basculantes foram os mais emplacados, com 9.768 unidades. O n\u00famero representa alta de 15,20% na compara\u00e7\u00e3o com as 8.479 vendas registradas em igual per\u00edodo de 2019.<\/p>\n<p>&nbsp;<\/p>\n<p>A venda de carrocerias sobre chassi somou 33.282 unidades nos oito meses do ano. Os implementos ba\u00fa alum\u00ednio\/frigor\u00edfico representaram quase a metade desse volume, com 14.773 vendas. Nesse caso houve queda de 2,1% na compara\u00e7\u00e3o com as 15.090 unidades vendidas no mesmo per\u00edodo de 2019.<\/p>\n<p>&nbsp;<\/p>\n<p>O segmento de graneleiros e carga seca, registrou 7.992 emplacamentos de janeiro a agosto de 2020. Na compara\u00e7\u00e3o com as vendas acumuladas no mesmo per\u00edodo (10.233 unidades) de 2019 a queda foi expressiva: 21,9%. (Estrad\u00e3o)<\/p>\n","protected":false},"excerpt":{"rendered":"<p>Estrad\u00e3o &nbsp; A ind\u00fastria de implementos rodovi\u00e1rios ampliou o quadro de funcion\u00e1rios no Brasil. Mesmo com a crise causada pelo novo coronav\u00edrus, em 2020 foram abertos 500 novos postos de trabalho. Com isso, o n\u00famero de trabalhadores do setor passou de 45 mil em 2019 para 45.500 neste ano. O dado \u00e9 da Associa\u00e7\u00e3o Nacional\u2026 <a class=\"readmore\" href=\"https:\/\/dana.com.br\/canaldana\/2020\/09\/29\/implementos-rodoviarios-empregam-mais-em-2020\/\">Leia mais \u00bb<\/a><\/p>\n","protected":false},"author":3,"featured_media":0,"comment_status":"closed","ping_status":"closed","sticky":false,"template":"","format":"standard","meta":{"_acf_changed":false,"footnotes":""},"categories":[79],"tags":[],"class_list":["post-45165","post","type-post","status-publish","format-standard","hentry","category-mercado"],"acf":[],"yoast_head":"<!-- This site is optimized with the Yoast SEO plugin v27.5 - https:\/\/yoast.com\/product\/yoast-seo-wordpress\/ -->\n<title>Implementos rodovi\u00e1rios empregam mais em 2020 - Canal Dana<\/title>\n<meta name=\"robots\" content=\"index, follow, max-snippet:-1, max-image-preview:large, max-video-preview:-1\" \/>\n<link rel=\"canonical\" href=\"https:\/\/dana.com.br\/canaldana\/2020\/09\/29\/implementos-rodoviarios-empregam-mais-em-2020\/\" \/>\n<meta property=\"og:locale\" content=\"pt_BR\" \/>\n<meta property=\"og:type\" content=\"article\" \/>\n<meta property=\"og:title\" content=\"Implementos rodovi\u00e1rios empregam mais em 2020 - Canal Dana\" \/>\n<meta property=\"og:description\" content=\"Estrad\u00e3o &nbsp; A ind\u00fastria de implementos rodovi\u00e1rios ampliou o quadro de funcion\u00e1rios no Brasil. Mesmo com a crise causada pelo novo coronav\u00edrus, em 2020 foram abertos 500 novos postos de trabalho. Com isso, o n\u00famero de trabalhadores do setor passou de 45 mil em 2019 para 45.500 neste ano. O dado \u00e9 da Associa\u00e7\u00e3o Nacional\u2026 Leia mais \u00bb\" \/>\n<meta property=\"og:url\" content=\"https:\/\/dana.com.br\/canaldana\/2020\/09\/29\/implementos-rodoviarios-empregam-mais-em-2020\/\" \/>\n<meta property=\"og:site_name\" content=\"Canal Dana\" \/>\n<meta property=\"article:published_time\" content=\"2020-09-29T11:47:51+00:00\" \/>\n<meta name=\"author\" content=\"Canal Dana\" \/>\n<meta name=\"twitter:card\" content=\"summary_large_image\" \/>\n<meta name=\"twitter:label1\" content=\"Escrito por\" \/>\n\t<meta name=\"twitter:data1\" content=\"Canal Dana\" \/>\n\t<meta name=\"twitter:label2\" content=\"Est. tempo de leitura\" \/>\n\t<meta name=\"twitter:data2\" content=\"2 minutos\" \/>\n<script type=\"application\/ld+json\" class=\"yoast-schema-graph\">{\"@context\":\"https:\\\/\\\/schema.org\",\"@graph\":[{\"@type\":\"Article\",\"@id\":\"https:\\\/\\\/dana.com.br\\\/canaldana\\\/2020\\\/09\\\/29\\\/implementos-rodoviarios-empregam-mais-em-2020\\\/#article\",\"isPartOf\":{\"@id\":\"https:\\\/\\\/dana.com.br\\\/canaldana\\\/2020\\\/09\\\/29\\\/implementos-rodoviarios-empregam-mais-em-2020\\\/\"},\"author\":{\"name\":\"Canal Dana\",\"@id\":\"https:\\\/\\\/dana.com.br\\\/canaldana\\\/#\\\/schema\\\/person\\\/3c21f22f56fcf3bc46b94bc60ea4fef6\"},\"headline\":\"Implementos rodovi\u00e1rios empregam mais em 2020\",\"datePublished\":\"2020-09-29T11:47:51+00:00\",\"mainEntityOfPage\":{\"@id\":\"https:\\\/\\\/dana.com.br\\\/canaldana\\\/2020\\\/09\\\/29\\\/implementos-rodoviarios-empregam-mais-em-2020\\\/\"},\"wordCount\":407,\"articleSection\":[\"Mercado\"],\"inLanguage\":\"pt-BR\"},{\"@type\":\"WebPage\",\"@id\":\"https:\\\/\\\/dana.com.br\\\/canaldana\\\/2020\\\/09\\\/29\\\/implementos-rodoviarios-empregam-mais-em-2020\\\/\",\"url\":\"https:\\\/\\\/dana.com.br\\\/canaldana\\\/2020\\\/09\\\/29\\\/implementos-rodoviarios-empregam-mais-em-2020\\\/\",\"name\":\"Implementos rodovi\u00e1rios empregam mais em 2020 - Canal Dana\",\"isPartOf\":{\"@id\":\"https:\\\/\\\/dana.com.br\\\/canaldana\\\/#website\"},\"datePublished\":\"2020-09-29T11:47:51+00:00\",\"author\":{\"@id\":\"https:\\\/\\\/dana.com.br\\\/canaldana\\\/#\\\/schema\\\/person\\\/3c21f22f56fcf3bc46b94bc60ea4fef6\"},\"breadcrumb\":{\"@id\":\"https:\\\/\\\/dana.com.br\\\/canaldana\\\/2020\\\/09\\\/29\\\/implementos-rodoviarios-empregam-mais-em-2020\\\/#breadcrumb\"},\"inLanguage\":\"pt-BR\",\"potentialAction\":[{\"@type\":\"ReadAction\",\"target\":[\"https:\\\/\\\/dana.com.br\\\/canaldana\\\/2020\\\/09\\\/29\\\/implementos-rodoviarios-empregam-mais-em-2020\\\/\"]}]},{\"@type\":\"BreadcrumbList\",\"@id\":\"https:\\\/\\\/dana.com.br\\\/canaldana\\\/2020\\\/09\\\/29\\\/implementos-rodoviarios-empregam-mais-em-2020\\\/#breadcrumb\",\"itemListElement\":[{\"@type\":\"ListItem\",\"position\":1,\"name\":\"Home\",\"item\":\"https:\\\/\\\/dana.com.br\\\/canaldana\\\/\"},{\"@type\":\"ListItem\",\"position\":2,\"name\":\"Mercado\",\"item\":\"https:\\\/\\\/dana.com.br\\\/canaldana\\\/mercado\\\/\"},{\"@type\":\"ListItem\",\"position\":3,\"name\":\"Implementos rodovi\u00e1rios empregam mais em 2020\"}]},{\"@type\":\"WebSite\",\"@id\":\"https:\\\/\\\/dana.com.br\\\/canaldana\\\/#website\",\"url\":\"https:\\\/\\\/dana.com.br\\\/canaldana\\\/\",\"name\":\"Canal Dana\",\"description\":\"Informativo com as principais not\u00edcias da ind\u00fastria automotiva\",\"potentialAction\":[{\"@type\":\"SearchAction\",\"target\":{\"@type\":\"EntryPoint\",\"urlTemplate\":\"https:\\\/\\\/dana.com.br\\\/canaldana\\\/?s={search_term_string}\"},\"query-input\":{\"@type\":\"PropertyValueSpecification\",\"valueRequired\":true,\"valueName\":\"search_term_string\"}}],\"inLanguage\":\"pt-BR\"},{\"@type\":\"Person\",\"@id\":\"https:\\\/\\\/dana.com.br\\\/canaldana\\\/#\\\/schema\\\/person\\\/3c21f22f56fcf3bc46b94bc60ea4fef6\",\"name\":\"Canal Dana\",\"image\":{\"@type\":\"ImageObject\",\"inLanguage\":\"pt-BR\",\"@id\":\"https:\\\/\\\/secure.gravatar.com\\\/avatar\\\/420aaf9278582877d9018637c6817617705899d2858d7572ef0fe59a6b6454b4?s=96&d=mm&r=g\",\"url\":\"https:\\\/\\\/secure.gravatar.com\\\/avatar\\\/420aaf9278582877d9018637c6817617705899d2858d7572ef0fe59a6b6454b4?s=96&d=mm&r=g\",\"contentUrl\":\"https:\\\/\\\/secure.gravatar.com\\\/avatar\\\/420aaf9278582877d9018637c6817617705899d2858d7572ef0fe59a6b6454b4?s=96&d=mm&r=g\",\"caption\":\"Canal Dana\"},\"url\":\"https:\\\/\\\/dana.com.br\\\/canaldana\\\/author\\\/cdeditor\\\/\"}]}<\/script>\n<!-- \/ Yoast SEO plugin. -->","yoast_head_json":{"title":"Implementos rodovi\u00e1rios empregam mais em 2020 - Canal Dana","robots":{"index":"index","follow":"follow","max-snippet":"max-snippet:-1","max-image-preview":"max-image-preview:large","max-video-preview":"max-video-preview:-1"},"canonical":"https:\/\/dana.com.br\/canaldana\/2020\/09\/29\/implementos-rodoviarios-empregam-mais-em-2020\/","og_locale":"pt_BR","og_type":"article","og_title":"Implementos rodovi\u00e1rios empregam mais em 2020 - Canal Dana","og_description":"Estrad\u00e3o &nbsp; A ind\u00fastria de implementos rodovi\u00e1rios ampliou o quadro de funcion\u00e1rios no Brasil. Mesmo com a crise causada pelo novo coronav\u00edrus, em 2020 foram abertos 500 novos postos de trabalho. Com isso, o n\u00famero de trabalhadores do setor passou de 45 mil em 2019 para 45.500 neste ano. O dado \u00e9 da Associa\u00e7\u00e3o Nacional\u2026 Leia mais \u00bb","og_url":"https:\/\/dana.com.br\/canaldana\/2020\/09\/29\/implementos-rodoviarios-empregam-mais-em-2020\/","og_site_name":"Canal Dana","article_published_time":"2020-09-29T11:47:51+00:00","author":"Canal Dana","twitter_card":"summary_large_image","twitter_misc":{"Escrito por":"Canal Dana","Est. tempo de leitura":"2 minutos"},"schema":{"@context":"https:\/\/schema.org","@graph":[{"@type":"Article","@id":"https:\/\/dana.com.br\/canaldana\/2020\/09\/29\/implementos-rodoviarios-empregam-mais-em-2020\/#article","isPartOf":{"@id":"https:\/\/dana.com.br\/canaldana\/2020\/09\/29\/implementos-rodoviarios-empregam-mais-em-2020\/"},"author":{"name":"Canal Dana","@id":"https:\/\/dana.com.br\/canaldana\/#\/schema\/person\/3c21f22f56fcf3bc46b94bc60ea4fef6"},"headline":"Implementos rodovi\u00e1rios empregam mais em 2020","datePublished":"2020-09-29T11:47:51+00:00","mainEntityOfPage":{"@id":"https:\/\/dana.com.br\/canaldana\/2020\/09\/29\/implementos-rodoviarios-empregam-mais-em-2020\/"},"wordCount":407,"articleSection":["Mercado"],"inLanguage":"pt-BR"},{"@type":"WebPage","@id":"https:\/\/dana.com.br\/canaldana\/2020\/09\/29\/implementos-rodoviarios-empregam-mais-em-2020\/","url":"https:\/\/dana.com.br\/canaldana\/2020\/09\/29\/implementos-rodoviarios-empregam-mais-em-2020\/","name":"Implementos rodovi\u00e1rios empregam mais em 2020 - Canal Dana","isPartOf":{"@id":"https:\/\/dana.com.br\/canaldana\/#website"},"datePublished":"2020-09-29T11:47:51+00:00","author":{"@id":"https:\/\/dana.com.br\/canaldana\/#\/schema\/person\/3c21f22f56fcf3bc46b94bc60ea4fef6"},"breadcrumb":{"@id":"https:\/\/dana.com.br\/canaldana\/2020\/09\/29\/implementos-rodoviarios-empregam-mais-em-2020\/#breadcrumb"},"inLanguage":"pt-BR","potentialAction":[{"@type":"ReadAction","target":["https:\/\/dana.com.br\/canaldana\/2020\/09\/29\/implementos-rodoviarios-empregam-mais-em-2020\/"]}]},{"@type":"BreadcrumbList","@id":"https:\/\/dana.com.br\/canaldana\/2020\/09\/29\/implementos-rodoviarios-empregam-mais-em-2020\/#breadcrumb","itemListElement":[{"@type":"ListItem","position":1,"name":"Home","item":"https:\/\/dana.com.br\/canaldana\/"},{"@type":"ListItem","position":2,"name":"Mercado","item":"https:\/\/dana.com.br\/canaldana\/mercado\/"},{"@type":"ListItem","position":3,"name":"Implementos rodovi\u00e1rios empregam mais em 2020"}]},{"@type":"WebSite","@id":"https:\/\/dana.com.br\/canaldana\/#website","url":"https:\/\/dana.com.br\/canaldana\/","name":"Canal Dana","description":"Informativo com as principais not\u00edcias da ind\u00fastria automotiva","potentialAction":[{"@type":"SearchAction","target":{"@type":"EntryPoint","urlTemplate":"https:\/\/dana.com.br\/canaldana\/?s={search_term_string}"},"query-input":{"@type":"PropertyValueSpecification","valueRequired":true,"valueName":"search_term_string"}}],"inLanguage":"pt-BR"},{"@type":"Person","@id":"https:\/\/dana.com.br\/canaldana\/#\/schema\/person\/3c21f22f56fcf3bc46b94bc60ea4fef6","name":"Canal Dana","image":{"@type":"ImageObject","inLanguage":"pt-BR","@id":"https:\/\/secure.gravatar.com\/avatar\/420aaf9278582877d9018637c6817617705899d2858d7572ef0fe59a6b6454b4?s=96&d=mm&r=g","url":"https:\/\/secure.gravatar.com\/avatar\/420aaf9278582877d9018637c6817617705899d2858d7572ef0fe59a6b6454b4?s=96&d=mm&r=g","contentUrl":"https:\/\/secure.gravatar.com\/avatar\/420aaf9278582877d9018637c6817617705899d2858d7572ef0fe59a6b6454b4?s=96&d=mm&r=g","caption":"Canal Dana"},"url":"https:\/\/dana.com.br\/canaldana\/author\/cdeditor\/"}]}},"_links":{"self":[{"href":"https:\/\/dana.com.br\/canaldana\/wp-json\/wp\/v2\/posts\/45165","targetHints":{"allow":["GET"]}}],"collection":[{"href":"https:\/\/dana.com.br\/canaldana\/wp-json\/wp\/v2\/posts"}],"about":[{"href":"https:\/\/dana.com.br\/canaldana\/wp-json\/wp\/v2\/types\/post"}],"author":[{"embeddable":true,"href":"https:\/\/dana.com.br\/canaldana\/wp-json\/wp\/v2\/users\/3"}],"replies":[{"embeddable":true,"href":"https:\/\/dana.com.br\/canaldana\/wp-json\/wp\/v2\/comments?post=45165"}],"version-history":[{"count":0,"href":"https:\/\/dana.com.br\/canaldana\/wp-json\/wp\/v2\/posts\/45165\/revisions"}],"wp:attachment":[{"href":"https:\/\/dana.com.br\/canaldana\/wp-json\/wp\/v2\/media?parent=45165"}],"wp:term":[{"taxonomy":"category","embeddable":true,"href":"https:\/\/dana.com.br\/canaldana\/wp-json\/wp\/v2\/categories?post=45165"},{"taxonomy":"post_tag","embeddable":true,"href":"https:\/\/dana.com.br\/canaldana\/wp-json\/wp\/v2\/tags?post=45165"}],"curies":[{"name":"wp","href":"https:\/\/api.w.org\/{rel}","templated":true}]}}