{"id":45116,"date":"2020-09-28T09:46:17","date_gmt":"2020-09-28T12:46:17","guid":{"rendered":"https:\/\/dana.com.br\/canaldana\/?p=45116"},"modified":"2020-09-28T09:46:17","modified_gmt":"2020-09-28T12:46:17","slug":"setor-automotivo-deve-cair-30-em-2020","status":"publish","type":"post","link":"https:\/\/dana.com.br\/canaldana\/2020\/09\/28\/setor-automotivo-deve-cair-30-em-2020\/","title":{"rendered":"&#8220;Setor automotivo deve cair 30% em 2020&#8221;"},"content":{"rendered":"<p><em>O Estado de S. Paulo <\/em><\/p>\n<p>&nbsp;<\/p>\n<p>A pandemia do coronav\u00edrus derrubou economias do mundo inteiro e impactou fortemente at\u00e9 as maiores empresas globais. Foi o caso da brasileira Iochpe-maxion, l\u00edder mundial em produ\u00e7\u00e3o de rodas e componentes estruturais automotivos. A companhia, que tem 32 f\u00e1bricas em 14 pa\u00edses, viu sua receita diminuir 56% no segundo trimestre de 2020. Como resultado do choque no segmento, as a\u00e7\u00f5es da empresa est\u00e3o caindo 41,6% no ano.<\/p>\n<p>&nbsp;<\/p>\n<p>\u201cComo t\u00ednhamos pouca visibilidade, n\u00e3o sab\u00edamos da profundidade e dura\u00e7\u00e3o da crise. Um movimento forte que fizemos foi o de refor\u00e7ar a posi\u00e7\u00e3o de caixa\u201d, explica Elcio Ito, diretor financeiro global da Iochpe-maxion.<\/p>\n<p>&nbsp;<\/p>\n<p>De fato, a multinacional chegou ao final do segundo trimestre com R$ 1,4 bilh\u00e3o em caixa, valor tr\u00eas vezes maior que o observado em igual per\u00edodo, do ano passado. Na vis\u00e3o de Ito, o setor automotivo brasileiro deve demorar mais para se recuperar do que nos demais pa\u00edses da Europa e Am\u00e9rica do Norte. \u201cO Pa\u00eds tem mostrado uma recupera\u00e7\u00e3o maior nos \u00faltimos dois meses, mas ainda muito abaixo dos volumes que a gente viu no ano passado\u201d, diz o executivo.<\/p>\n<p>&nbsp;<\/p>\n<ul>\n<li><strong> Como est\u00e1 a recupera\u00e7\u00e3o do setor automotivo?<\/strong><\/li>\n<\/ul>\n<p>Uma consultoria muito reconhecida no mundo automotivo, chamada IHS, apontou que o m\u00eas de junho j\u00e1 mostrou uma recupera\u00e7\u00e3o importante. No segundo trimestre, o Brasil caiu em torno de 80%, a Am\u00e9rica do Norte, aproximadamente 71% e a Europa, 66%, na compara\u00e7\u00e3o com o ano anterior. Quando olhamos para o terceiro trimestre, vemos uma queda bem menor: no Brasil de 25% e, na Am\u00e9rica do Norte e na Europa, abaixo de 10%. A recupera\u00e7\u00e3o continua de forma consistente e gradual. O pior, que foi l\u00e1 em abril, n\u00e3o estamos prevendo que aconte\u00e7a novamente, pelo menos no horizonte pr\u00f3ximo.<\/p>\n<p>&nbsp;<\/p>\n<ul>\n<li><strong> O que esperar do mercado brasileiro?<\/strong><\/li>\n<\/ul>\n<p>O Brasil entrou no ciclo do v\u00edrus um pouco mais tarde que os outros pa\u00edses. Isto \u00e9, o Pa\u00eds tem mostrado uma recupera\u00e7\u00e3o maior nos \u00faltimos dois meses, mas ainda muito abaixo dos volumes que vimos no ano passado. E, mesmo com essa recupera\u00e7\u00e3o que tem se mostrado positiva e gradual, ainda assim vamos ter uma queda muito relevante em rela\u00e7\u00e3o a 2019, ao redor de 30%.<\/p>\n<p>&nbsp;<\/p>\n<ul>\n<li><strong> Como o sr. avalia a redu\u00e7\u00e3o do uso do carro em raz\u00e3o da pandemia da covid? <\/strong><\/li>\n<\/ul>\n<p>\u00c9 um novo comportamento? Os novos comportamentos advindos da pandemia ainda est\u00e3o na esfera das possibilidades. Muitos pa\u00edses ainda nem sa\u00edram da pandemia, como \u00e9 o caso do Brasil. Mas o que percebemos foi que, em mercados que j\u00e1 est\u00e3o um pouco na frente desse processo de recupera\u00e7\u00e3o, especificamente na China e na \u00cdndia, tem ocorrido uma demanda um pouco maior de ve\u00edculos de entrada, que s\u00e3o um pouco mais b\u00e1sicos. Isso vem na tend\u00eancia de as pessoas buscarem ter um ve\u00edculo pr\u00f3prio, em vez de utilizar o transporte p\u00fablico. Mas isso est\u00e1 no in\u00edcio, n\u00e3o sabemos se ser\u00e1 permanente ou tempor\u00e1rio.<\/p>\n<p>&nbsp;<\/p>\n<ul>\n<li><strong> E a avalia\u00e7\u00e3o da chegada dos carros el\u00e9tricos?<\/strong><\/li>\n<\/ul>\n<p>Os carros el\u00e9tricos j\u00e1 eram no pr\u00e9-pandemia e continuam sendo uma tend\u00eancia. Em alguns mercados, acabam at\u00e9 colocando incentivos adicionais em rela\u00e7\u00e3o aos ve\u00edculos el\u00e9tricos para fomentar a demanda. Do nosso lado, j\u00e1 fornecemos rodas e componentes estruturais que est\u00e3o presentes nos ve\u00edculos el\u00e9tricos.<\/p>\n<p>&nbsp;<\/p>\n<p><strong>Hoje, o maior risco para o setor continua sendo o coronav\u00edrus?<\/strong><\/p>\n<p>Ainda tem uma incerteza grande sobre o pr\u00f3prio processo do v\u00edrus, ent\u00e3o n\u00e3o d\u00e1 para descartar totalmente que esse processo est\u00e1 finalizado. Mas, de forma geral, a ind\u00fastria automotiva global tem seus altos e baixos, e vem em uma tend\u00eancia mais est\u00e1vel, esses solavancos grandes que tivemos agora s\u00e3o mais dif\u00edceis de acontecer. Passado esse momento, ajustando nosso balan\u00e7o, a ideia \u00e9 continuar expandindo nosso crescimento de forma bastante forte. (O Estado de S. Paulo\/Jenne Andrade)<\/p>\n","protected":false},"excerpt":{"rendered":"<p>O Estado de S. Paulo &nbsp; A pandemia do coronav\u00edrus derrubou economias do mundo inteiro e impactou fortemente at\u00e9 as maiores empresas globais. Foi o caso da brasileira Iochpe-maxion, l\u00edder mundial em produ\u00e7\u00e3o de rodas e componentes estruturais automotivos. A companhia, que tem 32 f\u00e1bricas em 14 pa\u00edses, viu sua receita diminuir 56% no segundo\u2026 <a class=\"readmore\" href=\"https:\/\/dana.com.br\/canaldana\/2020\/09\/28\/setor-automotivo-deve-cair-30-em-2020\/\">Leia mais \u00bb<\/a><\/p>\n","protected":false},"author":3,"featured_media":0,"comment_status":"closed","ping_status":"closed","sticky":false,"template":"","format":"standard","meta":{"_acf_changed":false,"footnotes":""},"categories":[52],"tags":[],"class_list":["post-45116","post","type-post","status-publish","format-standard","hentry","category-entrevista"],"acf":[],"yoast_head":"<!-- This site is optimized with the Yoast SEO plugin v27.3 - https:\/\/yoast.com\/product\/yoast-seo-wordpress\/ -->\n<title>&quot;Setor automotivo deve cair 30% em 2020&quot; - Canal Dana<\/title>\n<meta name=\"robots\" content=\"index, follow, max-snippet:-1, max-image-preview:large, max-video-preview:-1\" \/>\n<link rel=\"canonical\" href=\"https:\/\/dana.com.br\/canaldana\/2020\/09\/28\/setor-automotivo-deve-cair-30-em-2020\/\" \/>\n<meta property=\"og:locale\" content=\"pt_BR\" \/>\n<meta property=\"og:type\" content=\"article\" \/>\n<meta property=\"og:title\" content=\"&quot;Setor automotivo deve cair 30% em 2020&quot; - Canal Dana\" \/>\n<meta property=\"og:description\" content=\"O Estado de S. Paulo &nbsp; A pandemia do coronav\u00edrus derrubou economias do mundo inteiro e impactou fortemente at\u00e9 as maiores empresas globais. Foi o caso da brasileira Iochpe-maxion, l\u00edder mundial em produ\u00e7\u00e3o de rodas e componentes estruturais automotivos. A companhia, que tem 32 f\u00e1bricas em 14 pa\u00edses, viu sua receita diminuir 56% no segundo\u2026 Leia mais \u00bb\" \/>\n<meta property=\"og:url\" content=\"https:\/\/dana.com.br\/canaldana\/2020\/09\/28\/setor-automotivo-deve-cair-30-em-2020\/\" \/>\n<meta property=\"og:site_name\" content=\"Canal Dana\" \/>\n<meta property=\"article:published_time\" content=\"2020-09-28T12:46:17+00:00\" \/>\n<meta name=\"author\" content=\"Canal Dana\" \/>\n<meta name=\"twitter:card\" content=\"summary_large_image\" \/>\n<meta name=\"twitter:label1\" content=\"Escrito por\" \/>\n\t<meta name=\"twitter:data1\" content=\"Canal Dana\" \/>\n\t<meta name=\"twitter:label2\" content=\"Est. tempo de leitura\" \/>\n\t<meta name=\"twitter:data2\" content=\"3 minutos\" \/>\n<script type=\"application\/ld+json\" class=\"yoast-schema-graph\">{\"@context\":\"https:\\\/\\\/schema.org\",\"@graph\":[{\"@type\":\"Article\",\"@id\":\"https:\\\/\\\/dana.com.br\\\/canaldana\\\/2020\\\/09\\\/28\\\/setor-automotivo-deve-cair-30-em-2020\\\/#article\",\"isPartOf\":{\"@id\":\"https:\\\/\\\/dana.com.br\\\/canaldana\\\/2020\\\/09\\\/28\\\/setor-automotivo-deve-cair-30-em-2020\\\/\"},\"author\":{\"name\":\"Canal Dana\",\"@id\":\"https:\\\/\\\/dana.com.br\\\/canaldana\\\/#\\\/schema\\\/person\\\/3c21f22f56fcf3bc46b94bc60ea4fef6\"},\"headline\":\"&#8220;Setor automotivo deve cair 30% em 2020&#8221;\",\"datePublished\":\"2020-09-28T12:46:17+00:00\",\"mainEntityOfPage\":{\"@id\":\"https:\\\/\\\/dana.com.br\\\/canaldana\\\/2020\\\/09\\\/28\\\/setor-automotivo-deve-cair-30-em-2020\\\/\"},\"wordCount\":694,\"articleSection\":[\"Entrevista\"],\"inLanguage\":\"pt-BR\"},{\"@type\":\"WebPage\",\"@id\":\"https:\\\/\\\/dana.com.br\\\/canaldana\\\/2020\\\/09\\\/28\\\/setor-automotivo-deve-cair-30-em-2020\\\/\",\"url\":\"https:\\\/\\\/dana.com.br\\\/canaldana\\\/2020\\\/09\\\/28\\\/setor-automotivo-deve-cair-30-em-2020\\\/\",\"name\":\"\\\"Setor automotivo deve cair 30% em 2020\\\" - Canal Dana\",\"isPartOf\":{\"@id\":\"https:\\\/\\\/dana.com.br\\\/canaldana\\\/#website\"},\"datePublished\":\"2020-09-28T12:46:17+00:00\",\"author\":{\"@id\":\"https:\\\/\\\/dana.com.br\\\/canaldana\\\/#\\\/schema\\\/person\\\/3c21f22f56fcf3bc46b94bc60ea4fef6\"},\"breadcrumb\":{\"@id\":\"https:\\\/\\\/dana.com.br\\\/canaldana\\\/2020\\\/09\\\/28\\\/setor-automotivo-deve-cair-30-em-2020\\\/#breadcrumb\"},\"inLanguage\":\"pt-BR\",\"potentialAction\":[{\"@type\":\"ReadAction\",\"target\":[\"https:\\\/\\\/dana.com.br\\\/canaldana\\\/2020\\\/09\\\/28\\\/setor-automotivo-deve-cair-30-em-2020\\\/\"]}]},{\"@type\":\"BreadcrumbList\",\"@id\":\"https:\\\/\\\/dana.com.br\\\/canaldana\\\/2020\\\/09\\\/28\\\/setor-automotivo-deve-cair-30-em-2020\\\/#breadcrumb\",\"itemListElement\":[{\"@type\":\"ListItem\",\"position\":1,\"name\":\"Home\",\"item\":\"https:\\\/\\\/dana.com.br\\\/canaldana\\\/\"},{\"@type\":\"ListItem\",\"position\":2,\"name\":\"Entrevista\",\"item\":\"https:\\\/\\\/dana.com.br\\\/canaldana\\\/entrevista\\\/\"},{\"@type\":\"ListItem\",\"position\":3,\"name\":\"&#8220;Setor automotivo deve cair 30% em 2020&#8221;\"}]},{\"@type\":\"WebSite\",\"@id\":\"https:\\\/\\\/dana.com.br\\\/canaldana\\\/#website\",\"url\":\"https:\\\/\\\/dana.com.br\\\/canaldana\\\/\",\"name\":\"Canal Dana\",\"description\":\"Informativo com as principais not\u00edcias da ind\u00fastria automotiva\",\"potentialAction\":[{\"@type\":\"SearchAction\",\"target\":{\"@type\":\"EntryPoint\",\"urlTemplate\":\"https:\\\/\\\/dana.com.br\\\/canaldana\\\/?s={search_term_string}\"},\"query-input\":{\"@type\":\"PropertyValueSpecification\",\"valueRequired\":true,\"valueName\":\"search_term_string\"}}],\"inLanguage\":\"pt-BR\"},{\"@type\":\"Person\",\"@id\":\"https:\\\/\\\/dana.com.br\\\/canaldana\\\/#\\\/schema\\\/person\\\/3c21f22f56fcf3bc46b94bc60ea4fef6\",\"name\":\"Canal Dana\",\"image\":{\"@type\":\"ImageObject\",\"inLanguage\":\"pt-BR\",\"@id\":\"https:\\\/\\\/secure.gravatar.com\\\/avatar\\\/420aaf9278582877d9018637c6817617705899d2858d7572ef0fe59a6b6454b4?s=96&d=mm&r=g\",\"url\":\"https:\\\/\\\/secure.gravatar.com\\\/avatar\\\/420aaf9278582877d9018637c6817617705899d2858d7572ef0fe59a6b6454b4?s=96&d=mm&r=g\",\"contentUrl\":\"https:\\\/\\\/secure.gravatar.com\\\/avatar\\\/420aaf9278582877d9018637c6817617705899d2858d7572ef0fe59a6b6454b4?s=96&d=mm&r=g\",\"caption\":\"Canal Dana\"},\"url\":\"https:\\\/\\\/dana.com.br\\\/canaldana\\\/author\\\/cdeditor\\\/\"}]}<\/script>\n<!-- \/ Yoast SEO plugin. -->","yoast_head_json":{"title":"\"Setor automotivo deve cair 30% em 2020\" - Canal Dana","robots":{"index":"index","follow":"follow","max-snippet":"max-snippet:-1","max-image-preview":"max-image-preview:large","max-video-preview":"max-video-preview:-1"},"canonical":"https:\/\/dana.com.br\/canaldana\/2020\/09\/28\/setor-automotivo-deve-cair-30-em-2020\/","og_locale":"pt_BR","og_type":"article","og_title":"\"Setor automotivo deve cair 30% em 2020\" - Canal Dana","og_description":"O Estado de S. Paulo &nbsp; A pandemia do coronav\u00edrus derrubou economias do mundo inteiro e impactou fortemente at\u00e9 as maiores empresas globais. Foi o caso da brasileira Iochpe-maxion, l\u00edder mundial em produ\u00e7\u00e3o de rodas e componentes estruturais automotivos. A companhia, que tem 32 f\u00e1bricas em 14 pa\u00edses, viu sua receita diminuir 56% no segundo\u2026 Leia mais \u00bb","og_url":"https:\/\/dana.com.br\/canaldana\/2020\/09\/28\/setor-automotivo-deve-cair-30-em-2020\/","og_site_name":"Canal Dana","article_published_time":"2020-09-28T12:46:17+00:00","author":"Canal Dana","twitter_card":"summary_large_image","twitter_misc":{"Escrito por":"Canal Dana","Est. tempo de leitura":"3 minutos"},"schema":{"@context":"https:\/\/schema.org","@graph":[{"@type":"Article","@id":"https:\/\/dana.com.br\/canaldana\/2020\/09\/28\/setor-automotivo-deve-cair-30-em-2020\/#article","isPartOf":{"@id":"https:\/\/dana.com.br\/canaldana\/2020\/09\/28\/setor-automotivo-deve-cair-30-em-2020\/"},"author":{"name":"Canal Dana","@id":"https:\/\/dana.com.br\/canaldana\/#\/schema\/person\/3c21f22f56fcf3bc46b94bc60ea4fef6"},"headline":"&#8220;Setor automotivo deve cair 30% em 2020&#8221;","datePublished":"2020-09-28T12:46:17+00:00","mainEntityOfPage":{"@id":"https:\/\/dana.com.br\/canaldana\/2020\/09\/28\/setor-automotivo-deve-cair-30-em-2020\/"},"wordCount":694,"articleSection":["Entrevista"],"inLanguage":"pt-BR"},{"@type":"WebPage","@id":"https:\/\/dana.com.br\/canaldana\/2020\/09\/28\/setor-automotivo-deve-cair-30-em-2020\/","url":"https:\/\/dana.com.br\/canaldana\/2020\/09\/28\/setor-automotivo-deve-cair-30-em-2020\/","name":"\"Setor automotivo deve cair 30% em 2020\" - Canal Dana","isPartOf":{"@id":"https:\/\/dana.com.br\/canaldana\/#website"},"datePublished":"2020-09-28T12:46:17+00:00","author":{"@id":"https:\/\/dana.com.br\/canaldana\/#\/schema\/person\/3c21f22f56fcf3bc46b94bc60ea4fef6"},"breadcrumb":{"@id":"https:\/\/dana.com.br\/canaldana\/2020\/09\/28\/setor-automotivo-deve-cair-30-em-2020\/#breadcrumb"},"inLanguage":"pt-BR","potentialAction":[{"@type":"ReadAction","target":["https:\/\/dana.com.br\/canaldana\/2020\/09\/28\/setor-automotivo-deve-cair-30-em-2020\/"]}]},{"@type":"BreadcrumbList","@id":"https:\/\/dana.com.br\/canaldana\/2020\/09\/28\/setor-automotivo-deve-cair-30-em-2020\/#breadcrumb","itemListElement":[{"@type":"ListItem","position":1,"name":"Home","item":"https:\/\/dana.com.br\/canaldana\/"},{"@type":"ListItem","position":2,"name":"Entrevista","item":"https:\/\/dana.com.br\/canaldana\/entrevista\/"},{"@type":"ListItem","position":3,"name":"&#8220;Setor automotivo deve cair 30% em 2020&#8221;"}]},{"@type":"WebSite","@id":"https:\/\/dana.com.br\/canaldana\/#website","url":"https:\/\/dana.com.br\/canaldana\/","name":"Canal Dana","description":"Informativo com as principais not\u00edcias da ind\u00fastria automotiva","potentialAction":[{"@type":"SearchAction","target":{"@type":"EntryPoint","urlTemplate":"https:\/\/dana.com.br\/canaldana\/?s={search_term_string}"},"query-input":{"@type":"PropertyValueSpecification","valueRequired":true,"valueName":"search_term_string"}}],"inLanguage":"pt-BR"},{"@type":"Person","@id":"https:\/\/dana.com.br\/canaldana\/#\/schema\/person\/3c21f22f56fcf3bc46b94bc60ea4fef6","name":"Canal Dana","image":{"@type":"ImageObject","inLanguage":"pt-BR","@id":"https:\/\/secure.gravatar.com\/avatar\/420aaf9278582877d9018637c6817617705899d2858d7572ef0fe59a6b6454b4?s=96&d=mm&r=g","url":"https:\/\/secure.gravatar.com\/avatar\/420aaf9278582877d9018637c6817617705899d2858d7572ef0fe59a6b6454b4?s=96&d=mm&r=g","contentUrl":"https:\/\/secure.gravatar.com\/avatar\/420aaf9278582877d9018637c6817617705899d2858d7572ef0fe59a6b6454b4?s=96&d=mm&r=g","caption":"Canal Dana"},"url":"https:\/\/dana.com.br\/canaldana\/author\/cdeditor\/"}]}},"_links":{"self":[{"href":"https:\/\/dana.com.br\/canaldana\/wp-json\/wp\/v2\/posts\/45116","targetHints":{"allow":["GET"]}}],"collection":[{"href":"https:\/\/dana.com.br\/canaldana\/wp-json\/wp\/v2\/posts"}],"about":[{"href":"https:\/\/dana.com.br\/canaldana\/wp-json\/wp\/v2\/types\/post"}],"author":[{"embeddable":true,"href":"https:\/\/dana.com.br\/canaldana\/wp-json\/wp\/v2\/users\/3"}],"replies":[{"embeddable":true,"href":"https:\/\/dana.com.br\/canaldana\/wp-json\/wp\/v2\/comments?post=45116"}],"version-history":[{"count":0,"href":"https:\/\/dana.com.br\/canaldana\/wp-json\/wp\/v2\/posts\/45116\/revisions"}],"wp:attachment":[{"href":"https:\/\/dana.com.br\/canaldana\/wp-json\/wp\/v2\/media?parent=45116"}],"wp:term":[{"taxonomy":"category","embeddable":true,"href":"https:\/\/dana.com.br\/canaldana\/wp-json\/wp\/v2\/categories?post=45116"},{"taxonomy":"post_tag","embeddable":true,"href":"https:\/\/dana.com.br\/canaldana\/wp-json\/wp\/v2\/tags?post=45116"}],"curies":[{"name":"wp","href":"https:\/\/api.w.org\/{rel}","templated":true}]}}