{"id":45042,"date":"2020-09-23T08:29:22","date_gmt":"2020-09-23T11:29:22","guid":{"rendered":"https:\/\/dana.com.br\/canaldana\/?p=45042"},"modified":"2020-09-23T08:29:22","modified_gmt":"2020-09-23T11:29:22","slug":"empresas-de-onibus-pedem-que-bndes-prorrogue-suspensao-para-o-pagamento-de-parcelas-do-finame","status":"publish","type":"post","link":"https:\/\/dana.com.br\/canaldana\/2020\/09\/23\/empresas-de-onibus-pedem-que-bndes-prorrogue-suspensao-para-o-pagamento-de-parcelas-do-finame\/","title":{"rendered":"Empresas de \u00f4nibus pedem que BNDES prorrogue suspens\u00e3o para o pagamento de parcelas do Finame"},"content":{"rendered":"<p><em>Di\u00e1rio do Transporte<\/em><\/p>\n<p>&nbsp;<\/p>\n<p>As companhias que operam \u00f4nibus do transporte regular em todo o Pa\u00eds pediram formalmente ao BNDES \u2013 Banco Nacional de Desenvolvimento Econ\u00f4mico e Social que seja prorrogada at\u00e9 o final do ano a suspens\u00e3o do pagamento das parcelas do Finame para o financiamento das compras j\u00e1 realizadas de coletivos novos.<\/p>\n<p>&nbsp;<\/p>\n<p>Por causa dos efeitos da pandemia de Covid-19 sobre a economia, o BNDES suspendeu o pagamento destas parcelas entre abril e setembro, com previs\u00e3o de retomada em outubro, mas as via\u00e7\u00f5es ainda registram quedas expressivas na demanda de passageiros.<\/p>\n<p>&nbsp;<\/p>\n<p>Depois de seis meses de pandemia, o Brasil ainda n\u00e3o foi capaz de controlar o avan\u00e7o do novo coronav\u00edrus e nem de fomentar as atividades econ\u00f4micas essenciais.<\/p>\n<p>&nbsp;<\/p>\n<p>Um of\u00edcio foi encaminhado ao presidente do BNDES, Gustavo Montezano, pelo presidente da NTU \u2013 Associa\u00e7\u00e3o Nacional das Empresas de Transportes Urbanos, Ot\u00e1vio Vieira da Cunha Filho, com data de 21 de setembro de 2020.<\/p>\n<p>&nbsp;<\/p>\n<p>A Fetpesp \u2013 Federa\u00e7\u00e3o das Empresas de Transporte de Passageiros do Estado de S\u00e3o Paulo tamb\u00e9m oficiou a CNT \u2013 Confedera\u00e7\u00e3o Nacional do Transporte e a NTU para que as entidades solicitem ao BNDES a posterga\u00e7\u00e3o do pagamento das parcelas do Finame referente \u00e0 aquisi\u00e7\u00e3o de ve\u00edculos.<\/p>\n<p>&nbsp;<\/p>\n<p>Em alguns sistemas de \u00f4nibus, a demanda de passageiros atualmente ainda est\u00e1 inferior a 50% do que era antes da Covid-19 e, na maioria das opera\u00e7\u00f5es pelo Pa\u00eds, n\u00e3o h\u00e1 subs\u00eddios. No in\u00edcio da pandemia, a demanda chegou a cair em torno de 90% em v\u00e1rias linhas.<\/p>\n<p>&nbsp;<\/p>\n<p>Al\u00e9m da prorroga\u00e7\u00e3o at\u00e9 o fim do ano, as empresas de \u00f4nibus tamb\u00e9m solicitaram que as parcelas suspensas sejam pagas somente nos finais dos contratos para dar tempo de uma recupera\u00e7\u00e3o nas receitas. (Di\u00e1rio do Transporte\/Adamo Bazani)<\/p>\n","protected":false},"excerpt":{"rendered":"<p>Di\u00e1rio do Transporte &nbsp; As companhias que operam \u00f4nibus do transporte regular em todo o Pa\u00eds pediram formalmente ao BNDES \u2013 Banco Nacional de Desenvolvimento Econ\u00f4mico e Social que seja prorrogada at\u00e9 o final do ano a suspens\u00e3o do pagamento das parcelas do Finame para o financiamento das compras j\u00e1 realizadas de coletivos novos. &nbsp;\u2026 <a class=\"readmore\" href=\"https:\/\/dana.com.br\/canaldana\/2020\/09\/23\/empresas-de-onibus-pedem-que-bndes-prorrogue-suspensao-para-o-pagamento-de-parcelas-do-finame\/\">Leia mais \u00bb<\/a><\/p>\n","protected":false},"author":3,"featured_media":0,"comment_status":"closed","ping_status":"closed","sticky":false,"template":"","format":"standard","meta":{"_acf_changed":false,"footnotes":""},"categories":[61],"tags":[],"class_list":["post-45042","post","type-post","status-publish","format-standard","hentry","category-destaques"],"acf":[],"yoast_head":"<!-- This site is optimized with the Yoast SEO plugin v27.5 - https:\/\/yoast.com\/product\/yoast-seo-wordpress\/ -->\n<title>Empresas de \u00f4nibus pedem que BNDES prorrogue suspens\u00e3o para o pagamento de parcelas do Finame - Canal Dana<\/title>\n<meta name=\"robots\" content=\"index, follow, max-snippet:-1, max-image-preview:large, max-video-preview:-1\" \/>\n<link rel=\"canonical\" href=\"https:\/\/dana.com.br\/canaldana\/2020\/09\/23\/empresas-de-onibus-pedem-que-bndes-prorrogue-suspensao-para-o-pagamento-de-parcelas-do-finame\/\" \/>\n<meta property=\"og:locale\" content=\"pt_BR\" \/>\n<meta property=\"og:type\" content=\"article\" \/>\n<meta property=\"og:title\" content=\"Empresas de \u00f4nibus pedem que BNDES prorrogue suspens\u00e3o para o pagamento de parcelas do Finame - Canal Dana\" \/>\n<meta property=\"og:description\" content=\"Di\u00e1rio do Transporte &nbsp; As companhias que operam \u00f4nibus do transporte regular em todo o Pa\u00eds pediram formalmente ao BNDES \u2013 Banco Nacional de Desenvolvimento Econ\u00f4mico e Social que seja prorrogada at\u00e9 o final do ano a suspens\u00e3o do pagamento das parcelas do Finame para o financiamento das compras j\u00e1 realizadas de coletivos novos. &nbsp;\u2026 Leia mais \u00bb\" \/>\n<meta property=\"og:url\" content=\"https:\/\/dana.com.br\/canaldana\/2020\/09\/23\/empresas-de-onibus-pedem-que-bndes-prorrogue-suspensao-para-o-pagamento-de-parcelas-do-finame\/\" \/>\n<meta property=\"og:site_name\" content=\"Canal Dana\" \/>\n<meta property=\"article:published_time\" content=\"2020-09-23T11:29:22+00:00\" \/>\n<meta name=\"author\" content=\"Canal Dana\" \/>\n<meta name=\"twitter:card\" content=\"summary_large_image\" \/>\n<meta name=\"twitter:label1\" content=\"Escrito por\" \/>\n\t<meta name=\"twitter:data1\" content=\"Canal Dana\" \/>\n\t<meta name=\"twitter:label2\" content=\"Est. tempo de leitura\" \/>\n\t<meta name=\"twitter:data2\" content=\"2 minutos\" \/>\n<script type=\"application\/ld+json\" class=\"yoast-schema-graph\">{\"@context\":\"https:\\\/\\\/schema.org\",\"@graph\":[{\"@type\":\"Article\",\"@id\":\"https:\\\/\\\/dana.com.br\\\/canaldana\\\/2020\\\/09\\\/23\\\/empresas-de-onibus-pedem-que-bndes-prorrogue-suspensao-para-o-pagamento-de-parcelas-do-finame\\\/#article\",\"isPartOf\":{\"@id\":\"https:\\\/\\\/dana.com.br\\\/canaldana\\\/2020\\\/09\\\/23\\\/empresas-de-onibus-pedem-que-bndes-prorrogue-suspensao-para-o-pagamento-de-parcelas-do-finame\\\/\"},\"author\":{\"name\":\"Canal Dana\",\"@id\":\"https:\\\/\\\/dana.com.br\\\/canaldana\\\/#\\\/schema\\\/person\\\/3c21f22f56fcf3bc46b94bc60ea4fef6\"},\"headline\":\"Empresas de \u00f4nibus pedem que BNDES prorrogue suspens\u00e3o para o pagamento de parcelas do Finame\",\"datePublished\":\"2020-09-23T11:29:22+00:00\",\"mainEntityOfPage\":{\"@id\":\"https:\\\/\\\/dana.com.br\\\/canaldana\\\/2020\\\/09\\\/23\\\/empresas-de-onibus-pedem-que-bndes-prorrogue-suspensao-para-o-pagamento-de-parcelas-do-finame\\\/\"},\"wordCount\":331,\"articleSection\":[\"Destaques\"],\"inLanguage\":\"pt-BR\"},{\"@type\":\"WebPage\",\"@id\":\"https:\\\/\\\/dana.com.br\\\/canaldana\\\/2020\\\/09\\\/23\\\/empresas-de-onibus-pedem-que-bndes-prorrogue-suspensao-para-o-pagamento-de-parcelas-do-finame\\\/\",\"url\":\"https:\\\/\\\/dana.com.br\\\/canaldana\\\/2020\\\/09\\\/23\\\/empresas-de-onibus-pedem-que-bndes-prorrogue-suspensao-para-o-pagamento-de-parcelas-do-finame\\\/\",\"name\":\"Empresas de \u00f4nibus pedem que BNDES prorrogue suspens\u00e3o para o pagamento de parcelas do Finame - Canal Dana\",\"isPartOf\":{\"@id\":\"https:\\\/\\\/dana.com.br\\\/canaldana\\\/#website\"},\"datePublished\":\"2020-09-23T11:29:22+00:00\",\"author\":{\"@id\":\"https:\\\/\\\/dana.com.br\\\/canaldana\\\/#\\\/schema\\\/person\\\/3c21f22f56fcf3bc46b94bc60ea4fef6\"},\"breadcrumb\":{\"@id\":\"https:\\\/\\\/dana.com.br\\\/canaldana\\\/2020\\\/09\\\/23\\\/empresas-de-onibus-pedem-que-bndes-prorrogue-suspensao-para-o-pagamento-de-parcelas-do-finame\\\/#breadcrumb\"},\"inLanguage\":\"pt-BR\",\"potentialAction\":[{\"@type\":\"ReadAction\",\"target\":[\"https:\\\/\\\/dana.com.br\\\/canaldana\\\/2020\\\/09\\\/23\\\/empresas-de-onibus-pedem-que-bndes-prorrogue-suspensao-para-o-pagamento-de-parcelas-do-finame\\\/\"]}]},{\"@type\":\"BreadcrumbList\",\"@id\":\"https:\\\/\\\/dana.com.br\\\/canaldana\\\/2020\\\/09\\\/23\\\/empresas-de-onibus-pedem-que-bndes-prorrogue-suspensao-para-o-pagamento-de-parcelas-do-finame\\\/#breadcrumb\",\"itemListElement\":[{\"@type\":\"ListItem\",\"position\":1,\"name\":\"Home\",\"item\":\"https:\\\/\\\/dana.com.br\\\/canaldana\\\/\"},{\"@type\":\"ListItem\",\"position\":2,\"name\":\"Destaques\",\"item\":\"https:\\\/\\\/dana.com.br\\\/canaldana\\\/destaques\\\/\"},{\"@type\":\"ListItem\",\"position\":3,\"name\":\"Empresas de \u00f4nibus pedem que BNDES prorrogue suspens\u00e3o para o pagamento de parcelas do Finame\"}]},{\"@type\":\"WebSite\",\"@id\":\"https:\\\/\\\/dana.com.br\\\/canaldana\\\/#website\",\"url\":\"https:\\\/\\\/dana.com.br\\\/canaldana\\\/\",\"name\":\"Canal Dana\",\"description\":\"Informativo com as principais not\u00edcias da ind\u00fastria automotiva\",\"potentialAction\":[{\"@type\":\"SearchAction\",\"target\":{\"@type\":\"EntryPoint\",\"urlTemplate\":\"https:\\\/\\\/dana.com.br\\\/canaldana\\\/?s={search_term_string}\"},\"query-input\":{\"@type\":\"PropertyValueSpecification\",\"valueRequired\":true,\"valueName\":\"search_term_string\"}}],\"inLanguage\":\"pt-BR\"},{\"@type\":\"Person\",\"@id\":\"https:\\\/\\\/dana.com.br\\\/canaldana\\\/#\\\/schema\\\/person\\\/3c21f22f56fcf3bc46b94bc60ea4fef6\",\"name\":\"Canal Dana\",\"image\":{\"@type\":\"ImageObject\",\"inLanguage\":\"pt-BR\",\"@id\":\"https:\\\/\\\/secure.gravatar.com\\\/avatar\\\/420aaf9278582877d9018637c6817617705899d2858d7572ef0fe59a6b6454b4?s=96&d=mm&r=g\",\"url\":\"https:\\\/\\\/secure.gravatar.com\\\/avatar\\\/420aaf9278582877d9018637c6817617705899d2858d7572ef0fe59a6b6454b4?s=96&d=mm&r=g\",\"contentUrl\":\"https:\\\/\\\/secure.gravatar.com\\\/avatar\\\/420aaf9278582877d9018637c6817617705899d2858d7572ef0fe59a6b6454b4?s=96&d=mm&r=g\",\"caption\":\"Canal Dana\"},\"url\":\"https:\\\/\\\/dana.com.br\\\/canaldana\\\/author\\\/cdeditor\\\/\"}]}<\/script>\n<!-- \/ Yoast SEO plugin. -->","yoast_head_json":{"title":"Empresas de \u00f4nibus pedem que BNDES prorrogue suspens\u00e3o para o pagamento de parcelas do Finame - Canal Dana","robots":{"index":"index","follow":"follow","max-snippet":"max-snippet:-1","max-image-preview":"max-image-preview:large","max-video-preview":"max-video-preview:-1"},"canonical":"https:\/\/dana.com.br\/canaldana\/2020\/09\/23\/empresas-de-onibus-pedem-que-bndes-prorrogue-suspensao-para-o-pagamento-de-parcelas-do-finame\/","og_locale":"pt_BR","og_type":"article","og_title":"Empresas de \u00f4nibus pedem que BNDES prorrogue suspens\u00e3o para o pagamento de parcelas do Finame - Canal Dana","og_description":"Di\u00e1rio do Transporte &nbsp; As companhias que operam \u00f4nibus do transporte regular em todo o Pa\u00eds pediram formalmente ao BNDES \u2013 Banco Nacional de Desenvolvimento Econ\u00f4mico e Social que seja prorrogada at\u00e9 o final do ano a suspens\u00e3o do pagamento das parcelas do Finame para o financiamento das compras j\u00e1 realizadas de coletivos novos. &nbsp;\u2026 Leia mais \u00bb","og_url":"https:\/\/dana.com.br\/canaldana\/2020\/09\/23\/empresas-de-onibus-pedem-que-bndes-prorrogue-suspensao-para-o-pagamento-de-parcelas-do-finame\/","og_site_name":"Canal Dana","article_published_time":"2020-09-23T11:29:22+00:00","author":"Canal Dana","twitter_card":"summary_large_image","twitter_misc":{"Escrito por":"Canal Dana","Est. tempo de leitura":"2 minutos"},"schema":{"@context":"https:\/\/schema.org","@graph":[{"@type":"Article","@id":"https:\/\/dana.com.br\/canaldana\/2020\/09\/23\/empresas-de-onibus-pedem-que-bndes-prorrogue-suspensao-para-o-pagamento-de-parcelas-do-finame\/#article","isPartOf":{"@id":"https:\/\/dana.com.br\/canaldana\/2020\/09\/23\/empresas-de-onibus-pedem-que-bndes-prorrogue-suspensao-para-o-pagamento-de-parcelas-do-finame\/"},"author":{"name":"Canal Dana","@id":"https:\/\/dana.com.br\/canaldana\/#\/schema\/person\/3c21f22f56fcf3bc46b94bc60ea4fef6"},"headline":"Empresas de \u00f4nibus pedem que BNDES prorrogue suspens\u00e3o para o pagamento de parcelas do Finame","datePublished":"2020-09-23T11:29:22+00:00","mainEntityOfPage":{"@id":"https:\/\/dana.com.br\/canaldana\/2020\/09\/23\/empresas-de-onibus-pedem-que-bndes-prorrogue-suspensao-para-o-pagamento-de-parcelas-do-finame\/"},"wordCount":331,"articleSection":["Destaques"],"inLanguage":"pt-BR"},{"@type":"WebPage","@id":"https:\/\/dana.com.br\/canaldana\/2020\/09\/23\/empresas-de-onibus-pedem-que-bndes-prorrogue-suspensao-para-o-pagamento-de-parcelas-do-finame\/","url":"https:\/\/dana.com.br\/canaldana\/2020\/09\/23\/empresas-de-onibus-pedem-que-bndes-prorrogue-suspensao-para-o-pagamento-de-parcelas-do-finame\/","name":"Empresas de \u00f4nibus pedem que BNDES prorrogue suspens\u00e3o para o pagamento de parcelas do Finame - Canal Dana","isPartOf":{"@id":"https:\/\/dana.com.br\/canaldana\/#website"},"datePublished":"2020-09-23T11:29:22+00:00","author":{"@id":"https:\/\/dana.com.br\/canaldana\/#\/schema\/person\/3c21f22f56fcf3bc46b94bc60ea4fef6"},"breadcrumb":{"@id":"https:\/\/dana.com.br\/canaldana\/2020\/09\/23\/empresas-de-onibus-pedem-que-bndes-prorrogue-suspensao-para-o-pagamento-de-parcelas-do-finame\/#breadcrumb"},"inLanguage":"pt-BR","potentialAction":[{"@type":"ReadAction","target":["https:\/\/dana.com.br\/canaldana\/2020\/09\/23\/empresas-de-onibus-pedem-que-bndes-prorrogue-suspensao-para-o-pagamento-de-parcelas-do-finame\/"]}]},{"@type":"BreadcrumbList","@id":"https:\/\/dana.com.br\/canaldana\/2020\/09\/23\/empresas-de-onibus-pedem-que-bndes-prorrogue-suspensao-para-o-pagamento-de-parcelas-do-finame\/#breadcrumb","itemListElement":[{"@type":"ListItem","position":1,"name":"Home","item":"https:\/\/dana.com.br\/canaldana\/"},{"@type":"ListItem","position":2,"name":"Destaques","item":"https:\/\/dana.com.br\/canaldana\/destaques\/"},{"@type":"ListItem","position":3,"name":"Empresas de \u00f4nibus pedem que BNDES prorrogue suspens\u00e3o para o pagamento de parcelas do Finame"}]},{"@type":"WebSite","@id":"https:\/\/dana.com.br\/canaldana\/#website","url":"https:\/\/dana.com.br\/canaldana\/","name":"Canal Dana","description":"Informativo com as principais not\u00edcias da ind\u00fastria automotiva","potentialAction":[{"@type":"SearchAction","target":{"@type":"EntryPoint","urlTemplate":"https:\/\/dana.com.br\/canaldana\/?s={search_term_string}"},"query-input":{"@type":"PropertyValueSpecification","valueRequired":true,"valueName":"search_term_string"}}],"inLanguage":"pt-BR"},{"@type":"Person","@id":"https:\/\/dana.com.br\/canaldana\/#\/schema\/person\/3c21f22f56fcf3bc46b94bc60ea4fef6","name":"Canal Dana","image":{"@type":"ImageObject","inLanguage":"pt-BR","@id":"https:\/\/secure.gravatar.com\/avatar\/420aaf9278582877d9018637c6817617705899d2858d7572ef0fe59a6b6454b4?s=96&d=mm&r=g","url":"https:\/\/secure.gravatar.com\/avatar\/420aaf9278582877d9018637c6817617705899d2858d7572ef0fe59a6b6454b4?s=96&d=mm&r=g","contentUrl":"https:\/\/secure.gravatar.com\/avatar\/420aaf9278582877d9018637c6817617705899d2858d7572ef0fe59a6b6454b4?s=96&d=mm&r=g","caption":"Canal Dana"},"url":"https:\/\/dana.com.br\/canaldana\/author\/cdeditor\/"}]}},"_links":{"self":[{"href":"https:\/\/dana.com.br\/canaldana\/wp-json\/wp\/v2\/posts\/45042","targetHints":{"allow":["GET"]}}],"collection":[{"href":"https:\/\/dana.com.br\/canaldana\/wp-json\/wp\/v2\/posts"}],"about":[{"href":"https:\/\/dana.com.br\/canaldana\/wp-json\/wp\/v2\/types\/post"}],"author":[{"embeddable":true,"href":"https:\/\/dana.com.br\/canaldana\/wp-json\/wp\/v2\/users\/3"}],"replies":[{"embeddable":true,"href":"https:\/\/dana.com.br\/canaldana\/wp-json\/wp\/v2\/comments?post=45042"}],"version-history":[{"count":0,"href":"https:\/\/dana.com.br\/canaldana\/wp-json\/wp\/v2\/posts\/45042\/revisions"}],"wp:attachment":[{"href":"https:\/\/dana.com.br\/canaldana\/wp-json\/wp\/v2\/media?parent=45042"}],"wp:term":[{"taxonomy":"category","embeddable":true,"href":"https:\/\/dana.com.br\/canaldana\/wp-json\/wp\/v2\/categories?post=45042"},{"taxonomy":"post_tag","embeddable":true,"href":"https:\/\/dana.com.br\/canaldana\/wp-json\/wp\/v2\/tags?post=45042"}],"curies":[{"name":"wp","href":"https:\/\/api.w.org\/{rel}","templated":true}]}}