{"id":44978,"date":"2020-09-21T08:44:26","date_gmt":"2020-09-21T11:44:26","guid":{"rendered":"https:\/\/dana.com.br\/canaldana\/?p=44978"},"modified":"2020-09-21T08:44:26","modified_gmt":"2020-09-21T11:44:26","slug":"entidade-pede-ao-governo-manutencao-dos-prazos-do-proconve","status":"publish","type":"post","link":"https:\/\/dana.com.br\/canaldana\/2020\/09\/21\/entidade-pede-ao-governo-manutencao-dos-prazos-do-proconve\/","title":{"rendered":"Entidade pede ao governo manuten\u00e7\u00e3o dos prazos do Proconve"},"content":{"rendered":"<p><em>AutoInd\u00fastria<\/em><\/p>\n<p>&nbsp;<\/p>\n<p>A Coaliz\u00e3o Respirar, organiza\u00e7\u00e3o que re\u00fane mais de 20 entidades civis, encaminhou ao Minist\u00e9rio do Meio Ambiente e ao Conama, Conselho Nacional do Meio Ambiente, carta reivindicando a manuten\u00e7\u00e3o dos prazos de implanta\u00e7\u00e3o das pr\u00f3ximas fases do Proconve, Programa de Controle da Polui\u00e7\u00e3o do Ar, para 2022\/2023.<\/p>\n<p>&nbsp;<\/p>\n<p>No come\u00e7o do m\u00eas passado, Luiz Carlos Moraes, presidente da Anfavea confirmou que a entidade pediu ao governo o adiamento do Proconve por 2 ou at\u00e9 3 anos, assim como o reestudo de pontos sobre itens de seguran\u00e7a veicular que constam do Programa Rota 2030.<\/p>\n<p>&nbsp;<\/p>\n<p>Segundo o executivo, a pandemia prejudicou o encaminhamento de projetos que estavam em curso e as montadoras est\u00e3o com problemas de caixa que t\u00eam levado ao congelamento ou adiamento dos investimentos.<\/p>\n<p>&nbsp;<\/p>\n<p>O aporte necess\u00e1rio para o cumprimento das pr\u00f3ximas fases do Proconve \u00e9 da ordem de R$ 12 bilh\u00f5es e as montadoras devem registrar perda de caixa da ordem de R$ 60 bilh\u00f5es a R$ 80 bilh\u00f5es em 2020, segundo a associa\u00e7\u00e3o dos fabricantes.<\/p>\n<p>&nbsp;<\/p>\n<p>De acordo com o presidente da Anfavea, at\u00e9 fevereiro as montadoras vinham cumprindo todo o planejamento para iniciar a homologa\u00e7\u00e3o dos produtos dentro dos novos par\u00e2metros do Proconve j\u00e1 a partir de 2021. Mas com a paralisa\u00e7\u00e3o das montadoras a partir de mar\u00e7o, assegura, os testes de desenvolvimento teriam sido prejudicados e ainda continuam em ritmo mais lento.<\/p>\n<p>&nbsp;<\/p>\n<p>O texto da Coaliz\u00e3o diz que \u201ca norma que estipula prazos para a ind\u00fastria se ajustar foi uma medida urgente e necess\u00e1ria para recuperar os anos de atraso entre os diversos setores da sociedade para que o Brasil garanta uma efetiva redu\u00e7\u00e3o da polui\u00e7\u00e3o do ar, estabelecendo as condi\u00e7\u00f5es necess\u00e1rias para uma futura melhora na sa\u00fade da popula\u00e7\u00e3o, especialmente de \u00e1reas urbanas e das camadas mais vulner\u00e1veis\u201d.<\/p>\n<p>&nbsp;<\/p>\n<p>\u201c\u00c9 inadmiss\u00edvel, portanto, que um novo adiamento, com impactos significativos na sa\u00fade dos brasileiros, venha \u00e0 tona novamente. Mais ainda, valendo-se do subterf\u00fagio de supostos impactos econ\u00f4micos (n\u00e3o comprovados pela Anfavea) decorrentes de uma das maiores emerg\u00eancias de sa\u00fade p\u00fablica da hist\u00f3ria recente da humanidade\u201d, prossegue a carta.<\/p>\n<p>&nbsp;<\/p>\n<p>A organiza\u00e7\u00e3o tamb\u00e9m afirma que o argumento econ\u00f4mico utilizado pela Anfavea n\u00e3o se sustenta. \u201cAl\u00e9m do fato de os pa\u00edses desenvolvidos utilizarem o padr\u00e3o Euro VI h\u00e1 muitos anos, pa\u00edses em desenvolvimento que tamb\u00e9m est\u00e3o passando pela mesma crise gerada pelo impacto do novo coronav\u00edrus, como a \u00cdndia, mantiveram seu compromisso de avan\u00e7ar com o sistema Euro VI [par ve\u00edculos pesados], assim como Col\u00f4mbia e Peru pretendem adot\u00e1-lo em 2023\u201d, argumenta a Coaliz\u00e3o Respirar<\/p>\n<p>&nbsp;<\/p>\n<p>\u201cPostergar o Proconve mais uma vez significar\u00e1, do ponto de vista econ\u00f4mico, colocar o Brasil na vanguarda do atraso em termos de tecnologia veicular para redu\u00e7\u00e3o de emiss\u00f5es. Situa\u00e7\u00e3o essa que tem repercuss\u00f5es negativas em mercados externos mais exigentes\u201d, afirma o documento.<\/p>\n<p>&nbsp;<\/p>\n<p>Segundo a Anfavea, a posterga\u00e7\u00e3o dos prazos do Proconve n\u00e3o afetaria exporta\u00e7\u00f5es para pa\u00edses da Am\u00e9rica Latina, incluindo M\u00e9xico, uma vez que o Brasil est\u00e1 adiantando em legisla\u00e7\u00e3o de emiss\u00f5es de poluentes em rela\u00e7\u00e3o aos demais mercados. (AutoInd\u00fastria)<\/p>\n","protected":false},"excerpt":{"rendered":"<p>AutoInd\u00fastria &nbsp; A Coaliz\u00e3o Respirar, organiza\u00e7\u00e3o que re\u00fane mais de 20 entidades civis, encaminhou ao Minist\u00e9rio do Meio Ambiente e ao Conama, Conselho Nacional do Meio Ambiente, carta reivindicando a manuten\u00e7\u00e3o dos prazos de implanta\u00e7\u00e3o das pr\u00f3ximas fases do Proconve, Programa de Controle da Polui\u00e7\u00e3o do Ar, para 2022\/2023. &nbsp; No come\u00e7o do m\u00eas passado,\u2026 <a class=\"readmore\" href=\"https:\/\/dana.com.br\/canaldana\/2020\/09\/21\/entidade-pede-ao-governo-manutencao-dos-prazos-do-proconve\/\">Leia mais \u00bb<\/a><\/p>\n","protected":false},"author":3,"featured_media":0,"comment_status":"closed","ping_status":"closed","sticky":false,"template":"","format":"standard","meta":{"_acf_changed":false,"footnotes":""},"categories":[61],"tags":[],"class_list":["post-44978","post","type-post","status-publish","format-standard","hentry","category-destaques"],"acf":[],"yoast_head":"<!-- This site is optimized with the Yoast SEO plugin v27.5 - https:\/\/yoast.com\/product\/yoast-seo-wordpress\/ -->\n<title>Entidade pede ao governo manuten\u00e7\u00e3o dos prazos do Proconve - Canal Dana<\/title>\n<meta name=\"robots\" content=\"index, follow, max-snippet:-1, max-image-preview:large, max-video-preview:-1\" \/>\n<link rel=\"canonical\" href=\"https:\/\/dana.com.br\/canaldana\/2020\/09\/21\/entidade-pede-ao-governo-manutencao-dos-prazos-do-proconve\/\" \/>\n<meta property=\"og:locale\" content=\"pt_BR\" \/>\n<meta property=\"og:type\" content=\"article\" \/>\n<meta property=\"og:title\" content=\"Entidade pede ao governo manuten\u00e7\u00e3o dos prazos do Proconve - Canal Dana\" \/>\n<meta property=\"og:description\" content=\"AutoInd\u00fastria &nbsp; A Coaliz\u00e3o Respirar, organiza\u00e7\u00e3o que re\u00fane mais de 20 entidades civis, encaminhou ao Minist\u00e9rio do Meio Ambiente e ao Conama, Conselho Nacional do Meio Ambiente, carta reivindicando a manuten\u00e7\u00e3o dos prazos de implanta\u00e7\u00e3o das pr\u00f3ximas fases do Proconve, Programa de Controle da Polui\u00e7\u00e3o do Ar, para 2022\/2023. &nbsp; No come\u00e7o do m\u00eas passado,\u2026 Leia mais \u00bb\" \/>\n<meta property=\"og:url\" content=\"https:\/\/dana.com.br\/canaldana\/2020\/09\/21\/entidade-pede-ao-governo-manutencao-dos-prazos-do-proconve\/\" \/>\n<meta property=\"og:site_name\" content=\"Canal Dana\" \/>\n<meta property=\"article:published_time\" content=\"2020-09-21T11:44:26+00:00\" \/>\n<meta name=\"author\" content=\"Canal Dana\" \/>\n<meta name=\"twitter:card\" content=\"summary_large_image\" \/>\n<meta name=\"twitter:label1\" content=\"Escrito por\" \/>\n\t<meta name=\"twitter:data1\" content=\"Canal Dana\" \/>\n\t<meta name=\"twitter:label2\" content=\"Est. tempo de leitura\" \/>\n\t<meta name=\"twitter:data2\" content=\"3 minutos\" \/>\n<script type=\"application\/ld+json\" class=\"yoast-schema-graph\">{\"@context\":\"https:\\\/\\\/schema.org\",\"@graph\":[{\"@type\":\"Article\",\"@id\":\"https:\\\/\\\/dana.com.br\\\/canaldana\\\/2020\\\/09\\\/21\\\/entidade-pede-ao-governo-manutencao-dos-prazos-do-proconve\\\/#article\",\"isPartOf\":{\"@id\":\"https:\\\/\\\/dana.com.br\\\/canaldana\\\/2020\\\/09\\\/21\\\/entidade-pede-ao-governo-manutencao-dos-prazos-do-proconve\\\/\"},\"author\":{\"name\":\"Canal Dana\",\"@id\":\"https:\\\/\\\/dana.com.br\\\/canaldana\\\/#\\\/schema\\\/person\\\/3c21f22f56fcf3bc46b94bc60ea4fef6\"},\"headline\":\"Entidade pede ao governo manuten\u00e7\u00e3o dos prazos do Proconve\",\"datePublished\":\"2020-09-21T11:44:26+00:00\",\"mainEntityOfPage\":{\"@id\":\"https:\\\/\\\/dana.com.br\\\/canaldana\\\/2020\\\/09\\\/21\\\/entidade-pede-ao-governo-manutencao-dos-prazos-do-proconve\\\/\"},\"wordCount\":574,\"articleSection\":[\"Destaques\"],\"inLanguage\":\"pt-BR\"},{\"@type\":\"WebPage\",\"@id\":\"https:\\\/\\\/dana.com.br\\\/canaldana\\\/2020\\\/09\\\/21\\\/entidade-pede-ao-governo-manutencao-dos-prazos-do-proconve\\\/\",\"url\":\"https:\\\/\\\/dana.com.br\\\/canaldana\\\/2020\\\/09\\\/21\\\/entidade-pede-ao-governo-manutencao-dos-prazos-do-proconve\\\/\",\"name\":\"Entidade pede ao governo manuten\u00e7\u00e3o dos prazos do Proconve - Canal Dana\",\"isPartOf\":{\"@id\":\"https:\\\/\\\/dana.com.br\\\/canaldana\\\/#website\"},\"datePublished\":\"2020-09-21T11:44:26+00:00\",\"author\":{\"@id\":\"https:\\\/\\\/dana.com.br\\\/canaldana\\\/#\\\/schema\\\/person\\\/3c21f22f56fcf3bc46b94bc60ea4fef6\"},\"breadcrumb\":{\"@id\":\"https:\\\/\\\/dana.com.br\\\/canaldana\\\/2020\\\/09\\\/21\\\/entidade-pede-ao-governo-manutencao-dos-prazos-do-proconve\\\/#breadcrumb\"},\"inLanguage\":\"pt-BR\",\"potentialAction\":[{\"@type\":\"ReadAction\",\"target\":[\"https:\\\/\\\/dana.com.br\\\/canaldana\\\/2020\\\/09\\\/21\\\/entidade-pede-ao-governo-manutencao-dos-prazos-do-proconve\\\/\"]}]},{\"@type\":\"BreadcrumbList\",\"@id\":\"https:\\\/\\\/dana.com.br\\\/canaldana\\\/2020\\\/09\\\/21\\\/entidade-pede-ao-governo-manutencao-dos-prazos-do-proconve\\\/#breadcrumb\",\"itemListElement\":[{\"@type\":\"ListItem\",\"position\":1,\"name\":\"Home\",\"item\":\"https:\\\/\\\/dana.com.br\\\/canaldana\\\/\"},{\"@type\":\"ListItem\",\"position\":2,\"name\":\"Destaques\",\"item\":\"https:\\\/\\\/dana.com.br\\\/canaldana\\\/destaques\\\/\"},{\"@type\":\"ListItem\",\"position\":3,\"name\":\"Entidade pede ao governo manuten\u00e7\u00e3o dos prazos do Proconve\"}]},{\"@type\":\"WebSite\",\"@id\":\"https:\\\/\\\/dana.com.br\\\/canaldana\\\/#website\",\"url\":\"https:\\\/\\\/dana.com.br\\\/canaldana\\\/\",\"name\":\"Canal Dana\",\"description\":\"Informativo com as principais not\u00edcias da ind\u00fastria automotiva\",\"potentialAction\":[{\"@type\":\"SearchAction\",\"target\":{\"@type\":\"EntryPoint\",\"urlTemplate\":\"https:\\\/\\\/dana.com.br\\\/canaldana\\\/?s={search_term_string}\"},\"query-input\":{\"@type\":\"PropertyValueSpecification\",\"valueRequired\":true,\"valueName\":\"search_term_string\"}}],\"inLanguage\":\"pt-BR\"},{\"@type\":\"Person\",\"@id\":\"https:\\\/\\\/dana.com.br\\\/canaldana\\\/#\\\/schema\\\/person\\\/3c21f22f56fcf3bc46b94bc60ea4fef6\",\"name\":\"Canal Dana\",\"image\":{\"@type\":\"ImageObject\",\"inLanguage\":\"pt-BR\",\"@id\":\"https:\\\/\\\/secure.gravatar.com\\\/avatar\\\/420aaf9278582877d9018637c6817617705899d2858d7572ef0fe59a6b6454b4?s=96&d=mm&r=g\",\"url\":\"https:\\\/\\\/secure.gravatar.com\\\/avatar\\\/420aaf9278582877d9018637c6817617705899d2858d7572ef0fe59a6b6454b4?s=96&d=mm&r=g\",\"contentUrl\":\"https:\\\/\\\/secure.gravatar.com\\\/avatar\\\/420aaf9278582877d9018637c6817617705899d2858d7572ef0fe59a6b6454b4?s=96&d=mm&r=g\",\"caption\":\"Canal Dana\"},\"url\":\"https:\\\/\\\/dana.com.br\\\/canaldana\\\/author\\\/cdeditor\\\/\"}]}<\/script>\n<!-- \/ Yoast SEO plugin. -->","yoast_head_json":{"title":"Entidade pede ao governo manuten\u00e7\u00e3o dos prazos do Proconve - Canal Dana","robots":{"index":"index","follow":"follow","max-snippet":"max-snippet:-1","max-image-preview":"max-image-preview:large","max-video-preview":"max-video-preview:-1"},"canonical":"https:\/\/dana.com.br\/canaldana\/2020\/09\/21\/entidade-pede-ao-governo-manutencao-dos-prazos-do-proconve\/","og_locale":"pt_BR","og_type":"article","og_title":"Entidade pede ao governo manuten\u00e7\u00e3o dos prazos do Proconve - Canal Dana","og_description":"AutoInd\u00fastria &nbsp; A Coaliz\u00e3o Respirar, organiza\u00e7\u00e3o que re\u00fane mais de 20 entidades civis, encaminhou ao Minist\u00e9rio do Meio Ambiente e ao Conama, Conselho Nacional do Meio Ambiente, carta reivindicando a manuten\u00e7\u00e3o dos prazos de implanta\u00e7\u00e3o das pr\u00f3ximas fases do Proconve, Programa de Controle da Polui\u00e7\u00e3o do Ar, para 2022\/2023. &nbsp; No come\u00e7o do m\u00eas passado,\u2026 Leia mais \u00bb","og_url":"https:\/\/dana.com.br\/canaldana\/2020\/09\/21\/entidade-pede-ao-governo-manutencao-dos-prazos-do-proconve\/","og_site_name":"Canal Dana","article_published_time":"2020-09-21T11:44:26+00:00","author":"Canal Dana","twitter_card":"summary_large_image","twitter_misc":{"Escrito por":"Canal Dana","Est. tempo de leitura":"3 minutos"},"schema":{"@context":"https:\/\/schema.org","@graph":[{"@type":"Article","@id":"https:\/\/dana.com.br\/canaldana\/2020\/09\/21\/entidade-pede-ao-governo-manutencao-dos-prazos-do-proconve\/#article","isPartOf":{"@id":"https:\/\/dana.com.br\/canaldana\/2020\/09\/21\/entidade-pede-ao-governo-manutencao-dos-prazos-do-proconve\/"},"author":{"name":"Canal Dana","@id":"https:\/\/dana.com.br\/canaldana\/#\/schema\/person\/3c21f22f56fcf3bc46b94bc60ea4fef6"},"headline":"Entidade pede ao governo manuten\u00e7\u00e3o dos prazos do Proconve","datePublished":"2020-09-21T11:44:26+00:00","mainEntityOfPage":{"@id":"https:\/\/dana.com.br\/canaldana\/2020\/09\/21\/entidade-pede-ao-governo-manutencao-dos-prazos-do-proconve\/"},"wordCount":574,"articleSection":["Destaques"],"inLanguage":"pt-BR"},{"@type":"WebPage","@id":"https:\/\/dana.com.br\/canaldana\/2020\/09\/21\/entidade-pede-ao-governo-manutencao-dos-prazos-do-proconve\/","url":"https:\/\/dana.com.br\/canaldana\/2020\/09\/21\/entidade-pede-ao-governo-manutencao-dos-prazos-do-proconve\/","name":"Entidade pede ao governo manuten\u00e7\u00e3o dos prazos do Proconve - Canal Dana","isPartOf":{"@id":"https:\/\/dana.com.br\/canaldana\/#website"},"datePublished":"2020-09-21T11:44:26+00:00","author":{"@id":"https:\/\/dana.com.br\/canaldana\/#\/schema\/person\/3c21f22f56fcf3bc46b94bc60ea4fef6"},"breadcrumb":{"@id":"https:\/\/dana.com.br\/canaldana\/2020\/09\/21\/entidade-pede-ao-governo-manutencao-dos-prazos-do-proconve\/#breadcrumb"},"inLanguage":"pt-BR","potentialAction":[{"@type":"ReadAction","target":["https:\/\/dana.com.br\/canaldana\/2020\/09\/21\/entidade-pede-ao-governo-manutencao-dos-prazos-do-proconve\/"]}]},{"@type":"BreadcrumbList","@id":"https:\/\/dana.com.br\/canaldana\/2020\/09\/21\/entidade-pede-ao-governo-manutencao-dos-prazos-do-proconve\/#breadcrumb","itemListElement":[{"@type":"ListItem","position":1,"name":"Home","item":"https:\/\/dana.com.br\/canaldana\/"},{"@type":"ListItem","position":2,"name":"Destaques","item":"https:\/\/dana.com.br\/canaldana\/destaques\/"},{"@type":"ListItem","position":3,"name":"Entidade pede ao governo manuten\u00e7\u00e3o dos prazos do Proconve"}]},{"@type":"WebSite","@id":"https:\/\/dana.com.br\/canaldana\/#website","url":"https:\/\/dana.com.br\/canaldana\/","name":"Canal Dana","description":"Informativo com as principais not\u00edcias da ind\u00fastria automotiva","potentialAction":[{"@type":"SearchAction","target":{"@type":"EntryPoint","urlTemplate":"https:\/\/dana.com.br\/canaldana\/?s={search_term_string}"},"query-input":{"@type":"PropertyValueSpecification","valueRequired":true,"valueName":"search_term_string"}}],"inLanguage":"pt-BR"},{"@type":"Person","@id":"https:\/\/dana.com.br\/canaldana\/#\/schema\/person\/3c21f22f56fcf3bc46b94bc60ea4fef6","name":"Canal Dana","image":{"@type":"ImageObject","inLanguage":"pt-BR","@id":"https:\/\/secure.gravatar.com\/avatar\/420aaf9278582877d9018637c6817617705899d2858d7572ef0fe59a6b6454b4?s=96&d=mm&r=g","url":"https:\/\/secure.gravatar.com\/avatar\/420aaf9278582877d9018637c6817617705899d2858d7572ef0fe59a6b6454b4?s=96&d=mm&r=g","contentUrl":"https:\/\/secure.gravatar.com\/avatar\/420aaf9278582877d9018637c6817617705899d2858d7572ef0fe59a6b6454b4?s=96&d=mm&r=g","caption":"Canal Dana"},"url":"https:\/\/dana.com.br\/canaldana\/author\/cdeditor\/"}]}},"_links":{"self":[{"href":"https:\/\/dana.com.br\/canaldana\/wp-json\/wp\/v2\/posts\/44978","targetHints":{"allow":["GET"]}}],"collection":[{"href":"https:\/\/dana.com.br\/canaldana\/wp-json\/wp\/v2\/posts"}],"about":[{"href":"https:\/\/dana.com.br\/canaldana\/wp-json\/wp\/v2\/types\/post"}],"author":[{"embeddable":true,"href":"https:\/\/dana.com.br\/canaldana\/wp-json\/wp\/v2\/users\/3"}],"replies":[{"embeddable":true,"href":"https:\/\/dana.com.br\/canaldana\/wp-json\/wp\/v2\/comments?post=44978"}],"version-history":[{"count":0,"href":"https:\/\/dana.com.br\/canaldana\/wp-json\/wp\/v2\/posts\/44978\/revisions"}],"wp:attachment":[{"href":"https:\/\/dana.com.br\/canaldana\/wp-json\/wp\/v2\/media?parent=44978"}],"wp:term":[{"taxonomy":"category","embeddable":true,"href":"https:\/\/dana.com.br\/canaldana\/wp-json\/wp\/v2\/categories?post=44978"},{"taxonomy":"post_tag","embeddable":true,"href":"https:\/\/dana.com.br\/canaldana\/wp-json\/wp\/v2\/tags?post=44978"}],"curies":[{"name":"wp","href":"https:\/\/api.w.org\/{rel}","templated":true}]}}