{"id":44936,"date":"2020-09-18T09:17:30","date_gmt":"2020-09-18T12:17:30","guid":{"rendered":"https:\/\/dana.com.br\/canaldana\/?p=44936"},"modified":"2020-09-18T09:17:30","modified_gmt":"2020-09-18T12:17:30","slug":"carros-por-assinatura-atraem-quem-quer-reduzir-despesas","status":"publish","type":"post","link":"https:\/\/dana.com.br\/canaldana\/2020\/09\/18\/carros-por-assinatura-atraem-quem-quer-reduzir-despesas\/","title":{"rendered":"Carros por assinatura atraem quem quer reduzir despesas"},"content":{"rendered":"<p><em>Jornal do Carro<\/em><\/p>\n<p>&nbsp;<\/p>\n<p>Em meio \u00e0 flexibiliza\u00e7\u00e3o da quarentena, quem tem de voltar ao escrit\u00f3rio certamente est\u00e1 preocupado. Sobretudo os que utilizam transporte coletivo. Para quem n\u00e3o quer ou n\u00e3o pode comprar um ve\u00edculo, o carro por assinatura pode ser uma \u00f3tima op\u00e7\u00e3o. O servi\u00e7o oferece ve\u00edculos por um tempo maior do que a loca\u00e7\u00e3o. Os pre\u00e7os das mensalidades variam de cerca de R$ 750 a R$ 7 mil.<\/p>\n<p>&nbsp;<\/p>\n<p>Nesses valores est\u00e3o inclu\u00eddos todos os custos. Como documenta\u00e7\u00e3o, seguro e revis\u00f5es obrigat\u00f3rias, por exemplo. Despesas com combust\u00edvel, multas e estacionamento, por exemplo, ficam por conta do motorista.<\/p>\n<p>&nbsp;<\/p>\n<p>Uma das primeiras empresas a atuar no setor foi Porto Seguro. Lan\u00e7ado em 2016, o Porto F\u00e1cil oferece ve\u00edculos por per\u00edodos que v\u00e3o de 12 a 24 meses. O motorista precisa ter uma ideia de quanto ir\u00e1 rodar por ano ano. H\u00e1 op\u00e7\u00f5es de 6 mil a 60 mil km anuais. Quanto mais o carro rodar, maior ser\u00e1 o pre\u00e7o da assinatura.<\/p>\n<p>&nbsp;<\/p>\n<p><strong>Pre\u00e7os da assinatura<\/strong><\/p>\n<p>&nbsp;<\/p>\n<p>Os planos de assinatura de carros partem de R$ 999 por m\u00eas. Esse \u00e9 o pre\u00e7o da mensalidade de Renault Kwid com limite de 6 mil km por ano. Os contratos mais caros incluem SUVs como o Volkswagen T-Cross 1.4 Highline 250 TSI. Nesse caso o valor mensal \u00e9 de cerca de R$ 3 mil.<\/p>\n<p>&nbsp;<\/p>\n<p>Gerente do Porto Seguro Carro F\u00e1cil, David Pereira diz que o diferencial \u00e9 que a assinatura \u00e9 sempre de modelos zero-km. \u201cVoc\u00ea n\u00e3o vai compartilhar o carro com mais ningu\u00e9m. Quando o carro for devolvido, ser\u00e1 vendido como seminovo e vai para um outro mercado\u201d. O contrato inclui o seguro da Porto Seguros para autom\u00f3veis, que tamb\u00e9m oferece servi\u00e7os de assist\u00eancia residencial.<\/p>\n<p>&nbsp;<\/p>\n<p><strong>Aumento na procura<\/strong><\/p>\n<p>&nbsp;<\/p>\n<p>Pereira afirma que o segmento est\u00e1 em expans\u00e3o. De acordo com ele, a procura cresceu cerca de 15% considerando o per\u00edodo de pr\u00e9-pandemia, no in\u00edcio de mar\u00e7o.<\/p>\n<p>&nbsp;<\/p>\n<p>A locadora de ve\u00edculos Unidas tem um programa semelhante. O Unidas Livre conta com carros zero-km e quilometragem entre mil e 5 mil km por m\u00eas. O tempo de contrato varia de 12 a 40 meses. Por R$ 755 mensais o interessado pode sair rodando a bordo de um Fiat Argo Drive 1.0 com c\u00e2mbio manual. O contrato \u00e9 por um ano e o limite de quilometragem \u00e9 de mil km por m\u00eas.<\/p>\n<p>&nbsp;<\/p>\n<p>A empresa oferece at\u00e9 modelos premium, como o Audi Q5. A mensalidade para o SUV da marca alem\u00e3 \u00e9 de R$ 7 mil. A gama de modelos da empresa inclui hatches e sed\u00e3s compactos, sed\u00e3s premium, picapes, SUVs compactos, m\u00e9dios e premium.<\/p>\n<p>&nbsp;<\/p>\n<p>Outra grande companhia no setor de loca\u00e7\u00e3o de ve\u00edculos tamb\u00e9m expandiu sua frota para a \u00e1rea de assinatura. A Movida tem em sua oferta modelos como Fiat Mobi, VW Virtus, Fiat Toro, Renault Captur e Jeep Compass. Os custos variam de R$ 978,30 a R$ 2.216. O tempo de contrato varia de um a dois anos bem como a quilometragem, de 1 mil a 2 mil km mensais.<\/p>\n<p>&nbsp;<\/p>\n<p>A Movida ainda oferece esse tipo de franquia a modelos seminovos. Neste caso, o contrato \u00e9 exclusivo de 12 meses com quilometragem m\u00e1xima de 3 mil km ao m\u00eas. Devido ao carro n\u00e3o ser 0 km, o contrato torna-se um pouco mais barato. Nessa modalidade, entram na gama outras classes como minivans e modelos de luxo.<\/p>\n<p>&nbsp;<\/p>\n<p><strong>Diversos segmentos<\/strong><\/p>\n<p>&nbsp;<\/p>\n<p>A Localiza Hertz tamb\u00e9m trabalha com o contrato de carros novos. Assim como as outras empresas, o conjunto de ve\u00edculos abrange hatches, sed\u00e3s e SUVs compactos e m\u00e9dios, al\u00e9m de comerciais leves. O contrato pode ser de 12, 24 e 36 meses e a franquia mensal \u00e9 de 1 mil, 2 mil ou 3 mil km mensais.<\/p>\n<p>&nbsp;<\/p>\n<p>Vale lembrar que despesas relacionadas a revis\u00f5es, manuten\u00e7\u00f5es, e IPVA j\u00e1 est\u00e3o inclusas nos contratos. O seguro tamb\u00e9m j\u00e1 vem inserido, mas cada empresa oferece um tipo de cobertura diferente. \u00c9 poss\u00edvel ter condutores adicionais, por\u00e9m depende da pol\u00edtica da empresa sobre a quantidade de motoristas e o seguro para os mesmos.<\/p>\n<p>&nbsp;<\/p>\n<p>A Osten Group, rede de concession\u00e1rias de carros premium tamb\u00e9m entrou nesse segmento, s\u00f3 que ofertando carros de luxo para pessoa f\u00edsica ou jur\u00eddica. Chamado de Osten Fleet, a contrata\u00e7\u00e3o \u00e9 feita mediante aprova\u00e7\u00e3o de cr\u00e9dito, comprova\u00e7\u00e3o de renda e consulta no Serasa.<\/p>\n<p>&nbsp;<\/p>\n<p>Os pre\u00e7os ficam na faixa de R$ 4 mil a R$ 6 mil reais mensais. Se quiser contratar um BMW S\u00e9rie 3, 320i GP durante dois anos com limite de 1 mil km por m\u00eas, por exemplo, a cobran\u00e7a mensal \u00e9 de R$ 5.190. Destaque do grupo para a disponibilidade de ve\u00edculos h\u00edbridos e el\u00e9tricos como BMW i3, Jaguar I-Pace e Land Rover Range Rover Sport PHEV HSE. Segundo a Osten, o contratante pode \u201cpersonalizar todo o autom\u00f3vel, como a cor dos bancos por exemplo\u201d.<\/p>\n<p>&nbsp;<\/p>\n<p><strong>Itens variados por assinatura cativam os viciados em carros<\/strong><\/p>\n<p>&nbsp;<\/p>\n<p>Voc\u00ea provavelmente j\u00e1 deve ter se deparado com um desses clubes por assinatura, desde aqueles que entregam vinhos e bebidas \u00e0 maquiagens e artigos para animais. Como n\u00e3o poder\u00edamos ser esquecidos, hoje existe um grupo especialmente para os apaixonados por carros \u2013 os gearheads<\/p>\n<p>&nbsp;<\/p>\n<p>Atuando no mercado mar\u00e7o desse ano, o Carclub veio para suprir o nicho dos gearheads. Por R$ 49,90 ao m\u00eas, o assinante recebe itens que variam mensalmente entre camisetas, bon\u00e9s, itens de limpeza e aromatizantes automotivos, revistas, colecion\u00e1veis e chaveiros. A marca garante que seus produtos s\u00e3o exclusivos.<\/p>\n<p>&nbsp;<\/p>\n<p>O propriet\u00e1rio da empresa, o curitibano Leonardo Reis, de 23 anos, conta que a empresa abriu assim que a pandemia for\u00e7ou os governantes a fecharem o com\u00e9rcio. \u201cNo primeiro m\u00eas eu fiquei bem preocupado, pois teve um confinamento (lockdown) em Curitiba. No fim deu tudo certo e estamos seguindo at\u00e9 hoje. Crescemos bastante durante a pandemia.\u201d<\/p>\n<p>&nbsp;<\/p>\n<p>Leonardo sempre foi apaixonado por carros e no ano passado surgiu a vontade de empreender. \u201cPesquisando bastante sobre o assunto, achei esse nicho de clubes por assinatura bem interessante. Foi onde eu descobri que o Brasil n\u00e3o tinha nenhum relacionado a carros\u201d. Hoje j\u00e1 s\u00e3o mais de 5 mil assinantes.<\/p>\n<p>&nbsp;<\/p>\n<p><strong>Lavagem a seco<\/strong><\/p>\n<p>&nbsp;<\/p>\n<p>Se voc\u00ea \u00e9 adepto da limpeza de carro a seco e utiliza o servi\u00e7o com frequ\u00eancia at\u00e9 para isso tem assinatura. A rede DryWash oferece dois tipos de lavagem sem o uso de \u00e1gua. De acordo com o CEO da empresa, Lito Rodrigues, s\u00e3o dois modelos de assinatura recorrente. \u201cIlimitado para um carro e ilimitado para dois ou mais carros\u201d, explica. No modelo para um carro, o cliente paga R$ 192,00 por m\u00eas. Para dois ou mais carros, paga-se por ve\u00edculo R$ 169,00 por m\u00eas\u201d. (Jornal do Carro)<\/p>\n","protected":false},"excerpt":{"rendered":"<p>Jornal do Carro &nbsp; Em meio \u00e0 flexibiliza\u00e7\u00e3o da quarentena, quem tem de voltar ao escrit\u00f3rio certamente est\u00e1 preocupado. Sobretudo os que utilizam transporte coletivo. Para quem n\u00e3o quer ou n\u00e3o pode comprar um ve\u00edculo, o carro por assinatura pode ser uma \u00f3tima op\u00e7\u00e3o. O servi\u00e7o oferece ve\u00edculos por um tempo maior do que a\u2026 <a class=\"readmore\" href=\"https:\/\/dana.com.br\/canaldana\/2020\/09\/18\/carros-por-assinatura-atraem-quem-quer-reduzir-despesas\/\">Leia mais \u00bb<\/a><\/p>\n","protected":false},"author":3,"featured_media":0,"comment_status":"closed","ping_status":"closed","sticky":false,"template":"","format":"standard","meta":{"_acf_changed":false,"footnotes":""},"categories":[61],"tags":[],"class_list":["post-44936","post","type-post","status-publish","format-standard","hentry","category-destaques"],"acf":[],"yoast_head":"<!-- This site is optimized with the Yoast SEO plugin v27.5 - https:\/\/yoast.com\/product\/yoast-seo-wordpress\/ -->\n<title>Carros por assinatura atraem quem quer reduzir despesas - Canal Dana<\/title>\n<meta name=\"robots\" content=\"index, follow, max-snippet:-1, max-image-preview:large, max-video-preview:-1\" \/>\n<link rel=\"canonical\" href=\"https:\/\/dana.com.br\/canaldana\/2020\/09\/18\/carros-por-assinatura-atraem-quem-quer-reduzir-despesas\/\" \/>\n<meta property=\"og:locale\" content=\"pt_BR\" \/>\n<meta property=\"og:type\" content=\"article\" \/>\n<meta property=\"og:title\" content=\"Carros por assinatura atraem quem quer reduzir despesas - Canal Dana\" \/>\n<meta property=\"og:description\" content=\"Jornal do Carro &nbsp; Em meio \u00e0 flexibiliza\u00e7\u00e3o da quarentena, quem tem de voltar ao escrit\u00f3rio certamente est\u00e1 preocupado. Sobretudo os que utilizam transporte coletivo. Para quem n\u00e3o quer ou n\u00e3o pode comprar um ve\u00edculo, o carro por assinatura pode ser uma \u00f3tima op\u00e7\u00e3o. O servi\u00e7o oferece ve\u00edculos por um tempo maior do que a\u2026 Leia mais \u00bb\" \/>\n<meta property=\"og:url\" content=\"https:\/\/dana.com.br\/canaldana\/2020\/09\/18\/carros-por-assinatura-atraem-quem-quer-reduzir-despesas\/\" \/>\n<meta property=\"og:site_name\" content=\"Canal Dana\" \/>\n<meta property=\"article:published_time\" content=\"2020-09-18T12:17:30+00:00\" \/>\n<meta name=\"author\" content=\"Canal Dana\" \/>\n<meta name=\"twitter:card\" content=\"summary_large_image\" \/>\n<meta name=\"twitter:label1\" content=\"Escrito por\" \/>\n\t<meta name=\"twitter:data1\" content=\"Canal Dana\" \/>\n\t<meta name=\"twitter:label2\" content=\"Est. tempo de leitura\" \/>\n\t<meta name=\"twitter:data2\" content=\"6 minutos\" \/>\n<script type=\"application\/ld+json\" class=\"yoast-schema-graph\">{\"@context\":\"https:\\\/\\\/schema.org\",\"@graph\":[{\"@type\":\"Article\",\"@id\":\"https:\\\/\\\/dana.com.br\\\/canaldana\\\/2020\\\/09\\\/18\\\/carros-por-assinatura-atraem-quem-quer-reduzir-despesas\\\/#article\",\"isPartOf\":{\"@id\":\"https:\\\/\\\/dana.com.br\\\/canaldana\\\/2020\\\/09\\\/18\\\/carros-por-assinatura-atraem-quem-quer-reduzir-despesas\\\/\"},\"author\":{\"name\":\"Canal Dana\",\"@id\":\"https:\\\/\\\/dana.com.br\\\/canaldana\\\/#\\\/schema\\\/person\\\/3c21f22f56fcf3bc46b94bc60ea4fef6\"},\"headline\":\"Carros por assinatura atraem quem quer reduzir despesas\",\"datePublished\":\"2020-09-18T12:17:30+00:00\",\"mainEntityOfPage\":{\"@id\":\"https:\\\/\\\/dana.com.br\\\/canaldana\\\/2020\\\/09\\\/18\\\/carros-por-assinatura-atraem-quem-quer-reduzir-despesas\\\/\"},\"wordCount\":1157,\"articleSection\":[\"Destaques\"],\"inLanguage\":\"pt-BR\"},{\"@type\":\"WebPage\",\"@id\":\"https:\\\/\\\/dana.com.br\\\/canaldana\\\/2020\\\/09\\\/18\\\/carros-por-assinatura-atraem-quem-quer-reduzir-despesas\\\/\",\"url\":\"https:\\\/\\\/dana.com.br\\\/canaldana\\\/2020\\\/09\\\/18\\\/carros-por-assinatura-atraem-quem-quer-reduzir-despesas\\\/\",\"name\":\"Carros por assinatura atraem quem quer reduzir despesas - Canal Dana\",\"isPartOf\":{\"@id\":\"https:\\\/\\\/dana.com.br\\\/canaldana\\\/#website\"},\"datePublished\":\"2020-09-18T12:17:30+00:00\",\"author\":{\"@id\":\"https:\\\/\\\/dana.com.br\\\/canaldana\\\/#\\\/schema\\\/person\\\/3c21f22f56fcf3bc46b94bc60ea4fef6\"},\"breadcrumb\":{\"@id\":\"https:\\\/\\\/dana.com.br\\\/canaldana\\\/2020\\\/09\\\/18\\\/carros-por-assinatura-atraem-quem-quer-reduzir-despesas\\\/#breadcrumb\"},\"inLanguage\":\"pt-BR\",\"potentialAction\":[{\"@type\":\"ReadAction\",\"target\":[\"https:\\\/\\\/dana.com.br\\\/canaldana\\\/2020\\\/09\\\/18\\\/carros-por-assinatura-atraem-quem-quer-reduzir-despesas\\\/\"]}]},{\"@type\":\"BreadcrumbList\",\"@id\":\"https:\\\/\\\/dana.com.br\\\/canaldana\\\/2020\\\/09\\\/18\\\/carros-por-assinatura-atraem-quem-quer-reduzir-despesas\\\/#breadcrumb\",\"itemListElement\":[{\"@type\":\"ListItem\",\"position\":1,\"name\":\"Home\",\"item\":\"https:\\\/\\\/dana.com.br\\\/canaldana\\\/\"},{\"@type\":\"ListItem\",\"position\":2,\"name\":\"Destaques\",\"item\":\"https:\\\/\\\/dana.com.br\\\/canaldana\\\/destaques\\\/\"},{\"@type\":\"ListItem\",\"position\":3,\"name\":\"Carros por assinatura atraem quem quer reduzir despesas\"}]},{\"@type\":\"WebSite\",\"@id\":\"https:\\\/\\\/dana.com.br\\\/canaldana\\\/#website\",\"url\":\"https:\\\/\\\/dana.com.br\\\/canaldana\\\/\",\"name\":\"Canal Dana\",\"description\":\"Informativo com as principais not\u00edcias da ind\u00fastria automotiva\",\"potentialAction\":[{\"@type\":\"SearchAction\",\"target\":{\"@type\":\"EntryPoint\",\"urlTemplate\":\"https:\\\/\\\/dana.com.br\\\/canaldana\\\/?s={search_term_string}\"},\"query-input\":{\"@type\":\"PropertyValueSpecification\",\"valueRequired\":true,\"valueName\":\"search_term_string\"}}],\"inLanguage\":\"pt-BR\"},{\"@type\":\"Person\",\"@id\":\"https:\\\/\\\/dana.com.br\\\/canaldana\\\/#\\\/schema\\\/person\\\/3c21f22f56fcf3bc46b94bc60ea4fef6\",\"name\":\"Canal Dana\",\"image\":{\"@type\":\"ImageObject\",\"inLanguage\":\"pt-BR\",\"@id\":\"https:\\\/\\\/secure.gravatar.com\\\/avatar\\\/420aaf9278582877d9018637c6817617705899d2858d7572ef0fe59a6b6454b4?s=96&d=mm&r=g\",\"url\":\"https:\\\/\\\/secure.gravatar.com\\\/avatar\\\/420aaf9278582877d9018637c6817617705899d2858d7572ef0fe59a6b6454b4?s=96&d=mm&r=g\",\"contentUrl\":\"https:\\\/\\\/secure.gravatar.com\\\/avatar\\\/420aaf9278582877d9018637c6817617705899d2858d7572ef0fe59a6b6454b4?s=96&d=mm&r=g\",\"caption\":\"Canal Dana\"},\"url\":\"https:\\\/\\\/dana.com.br\\\/canaldana\\\/author\\\/cdeditor\\\/\"}]}<\/script>\n<!-- \/ Yoast SEO plugin. -->","yoast_head_json":{"title":"Carros por assinatura atraem quem quer reduzir despesas - Canal Dana","robots":{"index":"index","follow":"follow","max-snippet":"max-snippet:-1","max-image-preview":"max-image-preview:large","max-video-preview":"max-video-preview:-1"},"canonical":"https:\/\/dana.com.br\/canaldana\/2020\/09\/18\/carros-por-assinatura-atraem-quem-quer-reduzir-despesas\/","og_locale":"pt_BR","og_type":"article","og_title":"Carros por assinatura atraem quem quer reduzir despesas - Canal Dana","og_description":"Jornal do Carro &nbsp; Em meio \u00e0 flexibiliza\u00e7\u00e3o da quarentena, quem tem de voltar ao escrit\u00f3rio certamente est\u00e1 preocupado. Sobretudo os que utilizam transporte coletivo. Para quem n\u00e3o quer ou n\u00e3o pode comprar um ve\u00edculo, o carro por assinatura pode ser uma \u00f3tima op\u00e7\u00e3o. O servi\u00e7o oferece ve\u00edculos por um tempo maior do que a\u2026 Leia mais \u00bb","og_url":"https:\/\/dana.com.br\/canaldana\/2020\/09\/18\/carros-por-assinatura-atraem-quem-quer-reduzir-despesas\/","og_site_name":"Canal Dana","article_published_time":"2020-09-18T12:17:30+00:00","author":"Canal Dana","twitter_card":"summary_large_image","twitter_misc":{"Escrito por":"Canal Dana","Est. tempo de leitura":"6 minutos"},"schema":{"@context":"https:\/\/schema.org","@graph":[{"@type":"Article","@id":"https:\/\/dana.com.br\/canaldana\/2020\/09\/18\/carros-por-assinatura-atraem-quem-quer-reduzir-despesas\/#article","isPartOf":{"@id":"https:\/\/dana.com.br\/canaldana\/2020\/09\/18\/carros-por-assinatura-atraem-quem-quer-reduzir-despesas\/"},"author":{"name":"Canal Dana","@id":"https:\/\/dana.com.br\/canaldana\/#\/schema\/person\/3c21f22f56fcf3bc46b94bc60ea4fef6"},"headline":"Carros por assinatura atraem quem quer reduzir despesas","datePublished":"2020-09-18T12:17:30+00:00","mainEntityOfPage":{"@id":"https:\/\/dana.com.br\/canaldana\/2020\/09\/18\/carros-por-assinatura-atraem-quem-quer-reduzir-despesas\/"},"wordCount":1157,"articleSection":["Destaques"],"inLanguage":"pt-BR"},{"@type":"WebPage","@id":"https:\/\/dana.com.br\/canaldana\/2020\/09\/18\/carros-por-assinatura-atraem-quem-quer-reduzir-despesas\/","url":"https:\/\/dana.com.br\/canaldana\/2020\/09\/18\/carros-por-assinatura-atraem-quem-quer-reduzir-despesas\/","name":"Carros por assinatura atraem quem quer reduzir despesas - Canal Dana","isPartOf":{"@id":"https:\/\/dana.com.br\/canaldana\/#website"},"datePublished":"2020-09-18T12:17:30+00:00","author":{"@id":"https:\/\/dana.com.br\/canaldana\/#\/schema\/person\/3c21f22f56fcf3bc46b94bc60ea4fef6"},"breadcrumb":{"@id":"https:\/\/dana.com.br\/canaldana\/2020\/09\/18\/carros-por-assinatura-atraem-quem-quer-reduzir-despesas\/#breadcrumb"},"inLanguage":"pt-BR","potentialAction":[{"@type":"ReadAction","target":["https:\/\/dana.com.br\/canaldana\/2020\/09\/18\/carros-por-assinatura-atraem-quem-quer-reduzir-despesas\/"]}]},{"@type":"BreadcrumbList","@id":"https:\/\/dana.com.br\/canaldana\/2020\/09\/18\/carros-por-assinatura-atraem-quem-quer-reduzir-despesas\/#breadcrumb","itemListElement":[{"@type":"ListItem","position":1,"name":"Home","item":"https:\/\/dana.com.br\/canaldana\/"},{"@type":"ListItem","position":2,"name":"Destaques","item":"https:\/\/dana.com.br\/canaldana\/destaques\/"},{"@type":"ListItem","position":3,"name":"Carros por assinatura atraem quem quer reduzir despesas"}]},{"@type":"WebSite","@id":"https:\/\/dana.com.br\/canaldana\/#website","url":"https:\/\/dana.com.br\/canaldana\/","name":"Canal Dana","description":"Informativo com as principais not\u00edcias da ind\u00fastria automotiva","potentialAction":[{"@type":"SearchAction","target":{"@type":"EntryPoint","urlTemplate":"https:\/\/dana.com.br\/canaldana\/?s={search_term_string}"},"query-input":{"@type":"PropertyValueSpecification","valueRequired":true,"valueName":"search_term_string"}}],"inLanguage":"pt-BR"},{"@type":"Person","@id":"https:\/\/dana.com.br\/canaldana\/#\/schema\/person\/3c21f22f56fcf3bc46b94bc60ea4fef6","name":"Canal Dana","image":{"@type":"ImageObject","inLanguage":"pt-BR","@id":"https:\/\/secure.gravatar.com\/avatar\/420aaf9278582877d9018637c6817617705899d2858d7572ef0fe59a6b6454b4?s=96&d=mm&r=g","url":"https:\/\/secure.gravatar.com\/avatar\/420aaf9278582877d9018637c6817617705899d2858d7572ef0fe59a6b6454b4?s=96&d=mm&r=g","contentUrl":"https:\/\/secure.gravatar.com\/avatar\/420aaf9278582877d9018637c6817617705899d2858d7572ef0fe59a6b6454b4?s=96&d=mm&r=g","caption":"Canal Dana"},"url":"https:\/\/dana.com.br\/canaldana\/author\/cdeditor\/"}]}},"_links":{"self":[{"href":"https:\/\/dana.com.br\/canaldana\/wp-json\/wp\/v2\/posts\/44936","targetHints":{"allow":["GET"]}}],"collection":[{"href":"https:\/\/dana.com.br\/canaldana\/wp-json\/wp\/v2\/posts"}],"about":[{"href":"https:\/\/dana.com.br\/canaldana\/wp-json\/wp\/v2\/types\/post"}],"author":[{"embeddable":true,"href":"https:\/\/dana.com.br\/canaldana\/wp-json\/wp\/v2\/users\/3"}],"replies":[{"embeddable":true,"href":"https:\/\/dana.com.br\/canaldana\/wp-json\/wp\/v2\/comments?post=44936"}],"version-history":[{"count":0,"href":"https:\/\/dana.com.br\/canaldana\/wp-json\/wp\/v2\/posts\/44936\/revisions"}],"wp:attachment":[{"href":"https:\/\/dana.com.br\/canaldana\/wp-json\/wp\/v2\/media?parent=44936"}],"wp:term":[{"taxonomy":"category","embeddable":true,"href":"https:\/\/dana.com.br\/canaldana\/wp-json\/wp\/v2\/categories?post=44936"},{"taxonomy":"post_tag","embeddable":true,"href":"https:\/\/dana.com.br\/canaldana\/wp-json\/wp\/v2\/tags?post=44936"}],"curies":[{"name":"wp","href":"https:\/\/api.w.org\/{rel}","templated":true}]}}