{"id":44876,"date":"2020-09-16T08:47:26","date_gmt":"2020-09-16T11:47:26","guid":{"rendered":"https:\/\/dana.com.br\/canaldana\/?p=44876"},"modified":"2020-09-16T08:47:26","modified_gmt":"2020-09-16T11:47:26","slug":"nem-novos-concorrentes-barram-ascensao-da-jeep","status":"publish","type":"post","link":"https:\/\/dana.com.br\/canaldana\/2020\/09\/16\/nem-novos-concorrentes-barram-ascensao-da-jeep\/","title":{"rendered":"Nem novos concorrentes barram ascens\u00e3o da Jeep"},"content":{"rendered":"<p><em>AutoInd\u00fastria <\/em><\/p>\n<p>&nbsp;<\/p>\n<p>\u00c9 certo que a concorr\u00eancia tem investido muito nos SUVs tamb\u00e9m e, com o Volkswagen T-Cross, at\u00e9 j\u00e1 roubou a lideran\u00e7a o Renegade em 2020. Mesmo assim, a Jeep segue ladeira acima no mercado brasileiro.<\/p>\n<p>&nbsp;<\/p>\n<p>Com quase 58,6 mil licenciamentos de janeiro a agosto, a participa\u00e7\u00e3o acumulada da marca chegou a 5,3%, a maior de sua hist\u00f3ria no Pa\u00eds. Sem considerar comerciais leves, segmento do qual n\u00e3o participa, a marca tem 6,4% do mercado de autom\u00f3veis, s\u00f3 0,3 ponto porcentual atr\u00e1s da Toyota, que vendeu 2,5 mil unidades a mais nos primeiros oito meses do ano.<\/p>\n<p>&nbsp;<\/p>\n<p>A ascens\u00e3o \u00e9 cont\u00ednua. Em 2014, a Jeep vendeu pouco mais de 3 mil ve\u00edculos no Brasil, equivalentes a 0,1% do mercado. Com a chegada do Renegade, seu primeiro carro nacional, j\u00e1 no ano seguinte ficou com 1,7% dos licenciamentos, saltou para 3% em 2016, 4% em 2017 e atingiu 4,3% em 2018. Fechou o ano passado com 4,9%, j\u00e1 na oitava coloca\u00e7\u00e3o no ranking.<\/p>\n<p>&nbsp;<\/p>\n<p>Apenas em agosto a Jeep somou 10,5 mil licenciamentos de autom\u00f3veis e atingiu surpreendentes 7,4% de penetra\u00e7\u00e3o. Foi a quinta marca mais negociada, imediatamente \u00e0 frente da montadora japonesa, que teve quase 8,9 mil emplacamentos. E mesmo inclu\u00eddos os comerciais leves, a participa\u00e7\u00e3o superou os 6%.<\/p>\n<p>&nbsp;<\/p>\n<p>N\u00e3o ser\u00e1 surpresa, portanto, se a Jeep encerrar 2020 como a s\u00e9tima marca mais vendida do mercado interno de autom\u00f3veis. At\u00e9 porque seus dois principais produtos &#8211; Renegade e Compass, respons\u00e1veis por 99,5% das vendas &#8211; seguem garantido a lideran\u00e7a folgada da marca entre os SUVs e 20% de participa\u00e7\u00e3o.<\/p>\n<p>&nbsp;<\/p>\n<p>Se o Renegade tem sofrido um pouco mais com o avan\u00e7o dos concorrentes compactos, o Compass cravou em agosto sua maior participa\u00e7\u00e3o entre os SUVs m\u00e9dios desde outubro de 2016, quando foi lan\u00e7ado. Os 5.221 licenciamentos efetivados representaram 64,9% da categoria. Em 2020, j\u00e1 s\u00e3o mais de 27,6 mil unidades negociadas do modelo, 9,5% das 290,4 mil unidades de quarenta SUVs oferecidos no Brasil.<\/p>\n<p>&nbsp;<\/p>\n<p>A Jeep tamb\u00e9m comemora os 3% de participa\u00e7\u00e3o do Compass sobre o mercado total de autom\u00f3veis e comerciais leves em agosto, seu melhor resultado at\u00e9 agora. \u201cSe pensarmos que o l\u00edder de vendas entre todos os carros comercializados do Pa\u00eds teve 6,1% de participa\u00e7\u00e3o, custando cerca de 25% do valor do Compass, podemos dizer que motivos para comemorar n\u00e3o faltam\u201d, destaca Alexandre Aquino, gerente-s\u00eanior do Brand Jeep para a Am\u00e9rica Latina.<\/p>\n<p>&nbsp;<\/p>\n<p>O Compass \u00e9 respons\u00e1vel por 47% das vendas da Jeep em 2020 e desde que a primeira unidade saiu da linha de montagem da f\u00e1brica de Goiana, PE, ultrapassou 200 mil unidades comercializadas no mercado interno &#8211; \u00e9 vendido tamb\u00e9m na Europa, Am\u00e9rica do Norte e \u00c1sia.<\/p>\n<p>&nbsp;<\/p>\n<p>Esses n\u00fameros n\u00e3o t\u00eam passado despercebidos aos olhos das demais montadoras, que depois de investirem nos SUVs compactos agora querem roubar um naco da Jeep nos utilit\u00e1rios esportivos m\u00e9dios, segmento sabidamente de lucratividade ainda maior.<\/p>\n<p>&nbsp;<\/p>\n<p>N\u00e3o por coincid\u00eancia, somente no m\u00eas passado chegaram \u00e0s lojas o Caoa Chery Tiggo 8 e o Ford Territory, dois concorrentes diretos do Compass, que j\u00e1 disputa a prefer\u00eancia dos consumidores com Volkswagen Tiguan, Chevrolet Equinox e mais meia d\u00fazia de alternativas nacionais e importadas.<\/p>\n<p>&nbsp;<\/p>\n<p>Mas Jeep n\u00e3o est\u00e1 parada e um contragolpe, com v\u00e1rias vertentes, est\u00e1 sendo gestado pela marca. Em 2021, apresentar\u00e1 finalmente seus motores turbo, altera\u00e7\u00f5es est\u00e9ticas importantes, algumas j\u00e1 apresentadas no exterior e iniciar\u00e1 a produ\u00e7\u00e3o de seu terceiro modelo nacional, de sete lugares. Tudo para manter a dire\u00e7\u00e3o da curva iniciada h\u00e1 cinco anos e que desde ent\u00e3o \u00e9 a mesma: para cima. (AutoInd\u00fastria\/George Guimar\u00e3es)<\/p>\n","protected":false},"excerpt":{"rendered":"<p>AutoInd\u00fastria &nbsp; \u00c9 certo que a concorr\u00eancia tem investido muito nos SUVs tamb\u00e9m e, com o Volkswagen T-Cross, at\u00e9 j\u00e1 roubou a lideran\u00e7a o Renegade em 2020. Mesmo assim, a Jeep segue ladeira acima no mercado brasileiro. &nbsp; Com quase 58,6 mil licenciamentos de janeiro a agosto, a participa\u00e7\u00e3o acumulada da marca chegou a 5,3%,\u2026 <a class=\"readmore\" href=\"https:\/\/dana.com.br\/canaldana\/2020\/09\/16\/nem-novos-concorrentes-barram-ascensao-da-jeep\/\">Leia mais \u00bb<\/a><\/p>\n","protected":false},"author":3,"featured_media":0,"comment_status":"closed","ping_status":"closed","sticky":false,"template":"","format":"standard","meta":{"_acf_changed":false,"footnotes":""},"categories":[61],"tags":[],"class_list":["post-44876","post","type-post","status-publish","format-standard","hentry","category-destaques"],"acf":[],"yoast_head":"<!-- This site is optimized with the Yoast SEO plugin v27.5 - https:\/\/yoast.com\/product\/yoast-seo-wordpress\/ -->\n<title>Nem novos concorrentes barram ascens\u00e3o da Jeep - Canal Dana<\/title>\n<meta name=\"robots\" content=\"index, follow, max-snippet:-1, max-image-preview:large, max-video-preview:-1\" \/>\n<link rel=\"canonical\" href=\"https:\/\/dana.com.br\/canaldana\/2020\/09\/16\/nem-novos-concorrentes-barram-ascensao-da-jeep\/\" \/>\n<meta property=\"og:locale\" content=\"pt_BR\" \/>\n<meta property=\"og:type\" content=\"article\" \/>\n<meta property=\"og:title\" content=\"Nem novos concorrentes barram ascens\u00e3o da Jeep - Canal Dana\" \/>\n<meta property=\"og:description\" content=\"AutoInd\u00fastria &nbsp; \u00c9 certo que a concorr\u00eancia tem investido muito nos SUVs tamb\u00e9m e, com o Volkswagen T-Cross, at\u00e9 j\u00e1 roubou a lideran\u00e7a o Renegade em 2020. Mesmo assim, a Jeep segue ladeira acima no mercado brasileiro. &nbsp; Com quase 58,6 mil licenciamentos de janeiro a agosto, a participa\u00e7\u00e3o acumulada da marca chegou a 5,3%,\u2026 Leia mais \u00bb\" \/>\n<meta property=\"og:url\" content=\"https:\/\/dana.com.br\/canaldana\/2020\/09\/16\/nem-novos-concorrentes-barram-ascensao-da-jeep\/\" \/>\n<meta property=\"og:site_name\" content=\"Canal Dana\" \/>\n<meta property=\"article:published_time\" content=\"2020-09-16T11:47:26+00:00\" \/>\n<meta name=\"author\" content=\"Canal Dana\" \/>\n<meta name=\"twitter:card\" content=\"summary_large_image\" \/>\n<meta name=\"twitter:label1\" content=\"Escrito por\" \/>\n\t<meta name=\"twitter:data1\" content=\"Canal Dana\" \/>\n\t<meta name=\"twitter:label2\" content=\"Est. tempo de leitura\" \/>\n\t<meta name=\"twitter:data2\" content=\"3 minutos\" \/>\n<script type=\"application\/ld+json\" class=\"yoast-schema-graph\">{\"@context\":\"https:\\\/\\\/schema.org\",\"@graph\":[{\"@type\":\"Article\",\"@id\":\"https:\\\/\\\/dana.com.br\\\/canaldana\\\/2020\\\/09\\\/16\\\/nem-novos-concorrentes-barram-ascensao-da-jeep\\\/#article\",\"isPartOf\":{\"@id\":\"https:\\\/\\\/dana.com.br\\\/canaldana\\\/2020\\\/09\\\/16\\\/nem-novos-concorrentes-barram-ascensao-da-jeep\\\/\"},\"author\":{\"name\":\"Canal Dana\",\"@id\":\"https:\\\/\\\/dana.com.br\\\/canaldana\\\/#\\\/schema\\\/person\\\/3c21f22f56fcf3bc46b94bc60ea4fef6\"},\"headline\":\"Nem novos concorrentes barram ascens\u00e3o da Jeep\",\"datePublished\":\"2020-09-16T11:47:26+00:00\",\"mainEntityOfPage\":{\"@id\":\"https:\\\/\\\/dana.com.br\\\/canaldana\\\/2020\\\/09\\\/16\\\/nem-novos-concorrentes-barram-ascensao-da-jeep\\\/\"},\"wordCount\":621,\"articleSection\":[\"Destaques\"],\"inLanguage\":\"pt-BR\"},{\"@type\":\"WebPage\",\"@id\":\"https:\\\/\\\/dana.com.br\\\/canaldana\\\/2020\\\/09\\\/16\\\/nem-novos-concorrentes-barram-ascensao-da-jeep\\\/\",\"url\":\"https:\\\/\\\/dana.com.br\\\/canaldana\\\/2020\\\/09\\\/16\\\/nem-novos-concorrentes-barram-ascensao-da-jeep\\\/\",\"name\":\"Nem novos concorrentes barram ascens\u00e3o da Jeep - Canal Dana\",\"isPartOf\":{\"@id\":\"https:\\\/\\\/dana.com.br\\\/canaldana\\\/#website\"},\"datePublished\":\"2020-09-16T11:47:26+00:00\",\"author\":{\"@id\":\"https:\\\/\\\/dana.com.br\\\/canaldana\\\/#\\\/schema\\\/person\\\/3c21f22f56fcf3bc46b94bc60ea4fef6\"},\"breadcrumb\":{\"@id\":\"https:\\\/\\\/dana.com.br\\\/canaldana\\\/2020\\\/09\\\/16\\\/nem-novos-concorrentes-barram-ascensao-da-jeep\\\/#breadcrumb\"},\"inLanguage\":\"pt-BR\",\"potentialAction\":[{\"@type\":\"ReadAction\",\"target\":[\"https:\\\/\\\/dana.com.br\\\/canaldana\\\/2020\\\/09\\\/16\\\/nem-novos-concorrentes-barram-ascensao-da-jeep\\\/\"]}]},{\"@type\":\"BreadcrumbList\",\"@id\":\"https:\\\/\\\/dana.com.br\\\/canaldana\\\/2020\\\/09\\\/16\\\/nem-novos-concorrentes-barram-ascensao-da-jeep\\\/#breadcrumb\",\"itemListElement\":[{\"@type\":\"ListItem\",\"position\":1,\"name\":\"Home\",\"item\":\"https:\\\/\\\/dana.com.br\\\/canaldana\\\/\"},{\"@type\":\"ListItem\",\"position\":2,\"name\":\"Destaques\",\"item\":\"https:\\\/\\\/dana.com.br\\\/canaldana\\\/destaques\\\/\"},{\"@type\":\"ListItem\",\"position\":3,\"name\":\"Nem novos concorrentes barram ascens\u00e3o da Jeep\"}]},{\"@type\":\"WebSite\",\"@id\":\"https:\\\/\\\/dana.com.br\\\/canaldana\\\/#website\",\"url\":\"https:\\\/\\\/dana.com.br\\\/canaldana\\\/\",\"name\":\"Canal Dana\",\"description\":\"Informativo com as principais not\u00edcias da ind\u00fastria automotiva\",\"potentialAction\":[{\"@type\":\"SearchAction\",\"target\":{\"@type\":\"EntryPoint\",\"urlTemplate\":\"https:\\\/\\\/dana.com.br\\\/canaldana\\\/?s={search_term_string}\"},\"query-input\":{\"@type\":\"PropertyValueSpecification\",\"valueRequired\":true,\"valueName\":\"search_term_string\"}}],\"inLanguage\":\"pt-BR\"},{\"@type\":\"Person\",\"@id\":\"https:\\\/\\\/dana.com.br\\\/canaldana\\\/#\\\/schema\\\/person\\\/3c21f22f56fcf3bc46b94bc60ea4fef6\",\"name\":\"Canal Dana\",\"image\":{\"@type\":\"ImageObject\",\"inLanguage\":\"pt-BR\",\"@id\":\"https:\\\/\\\/secure.gravatar.com\\\/avatar\\\/420aaf9278582877d9018637c6817617705899d2858d7572ef0fe59a6b6454b4?s=96&d=mm&r=g\",\"url\":\"https:\\\/\\\/secure.gravatar.com\\\/avatar\\\/420aaf9278582877d9018637c6817617705899d2858d7572ef0fe59a6b6454b4?s=96&d=mm&r=g\",\"contentUrl\":\"https:\\\/\\\/secure.gravatar.com\\\/avatar\\\/420aaf9278582877d9018637c6817617705899d2858d7572ef0fe59a6b6454b4?s=96&d=mm&r=g\",\"caption\":\"Canal Dana\"},\"url\":\"https:\\\/\\\/dana.com.br\\\/canaldana\\\/author\\\/cdeditor\\\/\"}]}<\/script>\n<!-- \/ Yoast SEO plugin. -->","yoast_head_json":{"title":"Nem novos concorrentes barram ascens\u00e3o da Jeep - Canal Dana","robots":{"index":"index","follow":"follow","max-snippet":"max-snippet:-1","max-image-preview":"max-image-preview:large","max-video-preview":"max-video-preview:-1"},"canonical":"https:\/\/dana.com.br\/canaldana\/2020\/09\/16\/nem-novos-concorrentes-barram-ascensao-da-jeep\/","og_locale":"pt_BR","og_type":"article","og_title":"Nem novos concorrentes barram ascens\u00e3o da Jeep - Canal Dana","og_description":"AutoInd\u00fastria &nbsp; \u00c9 certo que a concorr\u00eancia tem investido muito nos SUVs tamb\u00e9m e, com o Volkswagen T-Cross, at\u00e9 j\u00e1 roubou a lideran\u00e7a o Renegade em 2020. Mesmo assim, a Jeep segue ladeira acima no mercado brasileiro. &nbsp; Com quase 58,6 mil licenciamentos de janeiro a agosto, a participa\u00e7\u00e3o acumulada da marca chegou a 5,3%,\u2026 Leia mais \u00bb","og_url":"https:\/\/dana.com.br\/canaldana\/2020\/09\/16\/nem-novos-concorrentes-barram-ascensao-da-jeep\/","og_site_name":"Canal Dana","article_published_time":"2020-09-16T11:47:26+00:00","author":"Canal Dana","twitter_card":"summary_large_image","twitter_misc":{"Escrito por":"Canal Dana","Est. tempo de leitura":"3 minutos"},"schema":{"@context":"https:\/\/schema.org","@graph":[{"@type":"Article","@id":"https:\/\/dana.com.br\/canaldana\/2020\/09\/16\/nem-novos-concorrentes-barram-ascensao-da-jeep\/#article","isPartOf":{"@id":"https:\/\/dana.com.br\/canaldana\/2020\/09\/16\/nem-novos-concorrentes-barram-ascensao-da-jeep\/"},"author":{"name":"Canal Dana","@id":"https:\/\/dana.com.br\/canaldana\/#\/schema\/person\/3c21f22f56fcf3bc46b94bc60ea4fef6"},"headline":"Nem novos concorrentes barram ascens\u00e3o da Jeep","datePublished":"2020-09-16T11:47:26+00:00","mainEntityOfPage":{"@id":"https:\/\/dana.com.br\/canaldana\/2020\/09\/16\/nem-novos-concorrentes-barram-ascensao-da-jeep\/"},"wordCount":621,"articleSection":["Destaques"],"inLanguage":"pt-BR"},{"@type":"WebPage","@id":"https:\/\/dana.com.br\/canaldana\/2020\/09\/16\/nem-novos-concorrentes-barram-ascensao-da-jeep\/","url":"https:\/\/dana.com.br\/canaldana\/2020\/09\/16\/nem-novos-concorrentes-barram-ascensao-da-jeep\/","name":"Nem novos concorrentes barram ascens\u00e3o da Jeep - Canal Dana","isPartOf":{"@id":"https:\/\/dana.com.br\/canaldana\/#website"},"datePublished":"2020-09-16T11:47:26+00:00","author":{"@id":"https:\/\/dana.com.br\/canaldana\/#\/schema\/person\/3c21f22f56fcf3bc46b94bc60ea4fef6"},"breadcrumb":{"@id":"https:\/\/dana.com.br\/canaldana\/2020\/09\/16\/nem-novos-concorrentes-barram-ascensao-da-jeep\/#breadcrumb"},"inLanguage":"pt-BR","potentialAction":[{"@type":"ReadAction","target":["https:\/\/dana.com.br\/canaldana\/2020\/09\/16\/nem-novos-concorrentes-barram-ascensao-da-jeep\/"]}]},{"@type":"BreadcrumbList","@id":"https:\/\/dana.com.br\/canaldana\/2020\/09\/16\/nem-novos-concorrentes-barram-ascensao-da-jeep\/#breadcrumb","itemListElement":[{"@type":"ListItem","position":1,"name":"Home","item":"https:\/\/dana.com.br\/canaldana\/"},{"@type":"ListItem","position":2,"name":"Destaques","item":"https:\/\/dana.com.br\/canaldana\/destaques\/"},{"@type":"ListItem","position":3,"name":"Nem novos concorrentes barram ascens\u00e3o da Jeep"}]},{"@type":"WebSite","@id":"https:\/\/dana.com.br\/canaldana\/#website","url":"https:\/\/dana.com.br\/canaldana\/","name":"Canal Dana","description":"Informativo com as principais not\u00edcias da ind\u00fastria automotiva","potentialAction":[{"@type":"SearchAction","target":{"@type":"EntryPoint","urlTemplate":"https:\/\/dana.com.br\/canaldana\/?s={search_term_string}"},"query-input":{"@type":"PropertyValueSpecification","valueRequired":true,"valueName":"search_term_string"}}],"inLanguage":"pt-BR"},{"@type":"Person","@id":"https:\/\/dana.com.br\/canaldana\/#\/schema\/person\/3c21f22f56fcf3bc46b94bc60ea4fef6","name":"Canal Dana","image":{"@type":"ImageObject","inLanguage":"pt-BR","@id":"https:\/\/secure.gravatar.com\/avatar\/420aaf9278582877d9018637c6817617705899d2858d7572ef0fe59a6b6454b4?s=96&d=mm&r=g","url":"https:\/\/secure.gravatar.com\/avatar\/420aaf9278582877d9018637c6817617705899d2858d7572ef0fe59a6b6454b4?s=96&d=mm&r=g","contentUrl":"https:\/\/secure.gravatar.com\/avatar\/420aaf9278582877d9018637c6817617705899d2858d7572ef0fe59a6b6454b4?s=96&d=mm&r=g","caption":"Canal Dana"},"url":"https:\/\/dana.com.br\/canaldana\/author\/cdeditor\/"}]}},"_links":{"self":[{"href":"https:\/\/dana.com.br\/canaldana\/wp-json\/wp\/v2\/posts\/44876","targetHints":{"allow":["GET"]}}],"collection":[{"href":"https:\/\/dana.com.br\/canaldana\/wp-json\/wp\/v2\/posts"}],"about":[{"href":"https:\/\/dana.com.br\/canaldana\/wp-json\/wp\/v2\/types\/post"}],"author":[{"embeddable":true,"href":"https:\/\/dana.com.br\/canaldana\/wp-json\/wp\/v2\/users\/3"}],"replies":[{"embeddable":true,"href":"https:\/\/dana.com.br\/canaldana\/wp-json\/wp\/v2\/comments?post=44876"}],"version-history":[{"count":0,"href":"https:\/\/dana.com.br\/canaldana\/wp-json\/wp\/v2\/posts\/44876\/revisions"}],"wp:attachment":[{"href":"https:\/\/dana.com.br\/canaldana\/wp-json\/wp\/v2\/media?parent=44876"}],"wp:term":[{"taxonomy":"category","embeddable":true,"href":"https:\/\/dana.com.br\/canaldana\/wp-json\/wp\/v2\/categories?post=44876"},{"taxonomy":"post_tag","embeddable":true,"href":"https:\/\/dana.com.br\/canaldana\/wp-json\/wp\/v2\/tags?post=44876"}],"curies":[{"name":"wp","href":"https:\/\/api.w.org\/{rel}","templated":true}]}}