{"id":44860,"date":"2020-09-16T08:40:46","date_gmt":"2020-09-16T11:40:46","guid":{"rendered":"https:\/\/dana.com.br\/canaldana\/?p=44860"},"modified":"2020-09-16T08:40:46","modified_gmt":"2020-09-16T11:40:46","slug":"traton-da-volkswagen-aumenta-oferta-para-assumir-navistar","status":"publish","type":"post","link":"https:\/\/dana.com.br\/canaldana\/2020\/09\/16\/traton-da-volkswagen-aumenta-oferta-para-assumir-navistar\/","title":{"rendered":"TRATON, da Volkswagen, aumenta oferta para assumir Navistar"},"content":{"rendered":"<p><em>Di\u00e1rio do Transporte<\/em><\/p>\n<p>&nbsp;<\/p>\n<p>A TRATON, holding do Grupo Volkswagen de ve\u00edculos pesados, aumentou a oferta por a\u00e7\u00e3o para assumir o controle da norte-americana Navistar, que produz caminh\u00f5es, ve\u00edculos de defesa e \u00f4nibus, entre os quais, modelos dos famosos escolares norte-americanos.<\/p>\n<p>&nbsp;<\/p>\n<p>Atualmente, a TRATON possui 16,8% da Navistar Internacional, que tem sede em Lisle, em Illinois.<\/p>\n<p>&nbsp;<\/p>\n<p>Como mostrou o Di\u00e1rio do Transporte, em 05 de fevereiro de 2020, na \u00e9poca, a holding ofereceu US$ 35 por a\u00e7\u00e3o at\u00e9 deter todas as a\u00e7\u00f5es ordin\u00e1rias em circula\u00e7\u00e3o. O valor, segundo a TRATON, \u00e9 19% superior \u00e0 cota\u00e7\u00e3o de mercado. Na ocis\u00e3o, o CEO da Traton, Andreas Renschler, disse em comunicado \u00e0 imprensa que a inten\u00e7\u00e3o \u00e9 finalizar o neg\u00f3cio at\u00e9 dezembro de 2020.<\/p>\n<p>&nbsp;<\/p>\n<p>Agora, em setembro de 2020, a TRATON ofereceu US$ 43 por a\u00e7\u00e3o, o que aumentaria seu capital em 23% na Navistar.<\/p>\n<p>&nbsp;<\/p>\n<p>Com isso, a oferta passou de US$ 2,9 milh\u00f5es para US$ 3,6 bilh\u00f5es.<\/p>\n<p>&nbsp;<\/p>\n<p>TRATON e Navistar j\u00e1 t\u00eam coopera\u00e7\u00f5es em desenvolvimentos de novos modelos de \u00f4nibus e caminh\u00f5es, em especial, el\u00e9tricos.<\/p>\n<p>&nbsp;<\/p>\n<p>Nesta segunda-feira, 14 de setembro de 2020, o Conselho de Administra\u00e7\u00e3o da Navistar informou que recusou a proposta, mas que a oferta pode ser considerada um ponto de partida para as negocia\u00e7\u00f5es. O conselho ainda entendeu que a oferta subestima o potencial da Navistar.<\/p>\n<p>&nbsp;<\/p>\n<p>\u201cO Conselho de Administra\u00e7\u00e3o da Navistar, ap\u00f3s considera\u00e7\u00e3o cuidadosa com a assist\u00eancia de seus consultores financeiros e jur\u00eddicos, concluiu por unanimidade que, embora a proposta revisada da Traton de $ 43,00 por a\u00e7\u00e3o subestime significativamente a Empresa e as sinergias substanciais de uma combina\u00e7\u00e3o, ela representa um ponto de partida para mais explorando a possibilidade de uma transa\u00e7\u00e3o\u201d \u2013 diz o comunicado.<\/p>\n<p>&nbsp;<\/p>\n<p><strong>As negocia\u00e7\u00f5es devem continuar.<\/strong><\/p>\n<p>&nbsp;<\/p>\n<p>A compra \u00e9 estrat\u00e9gica para a holding da Volkswagen ampliar sua participa\u00e7\u00e3o global e sua posi\u00e7\u00e3o de gigante do segmento de ve\u00edculos pesados.<\/p>\n<p>&nbsp;<\/p>\n<p>A TRATON re\u00fane a empresa de tecnologia RIO e as fabricantes de ve\u00edculos pesados MAN, Scania e Volkswagen Caminh\u00f5es &amp; \u00d4nibus. (Di\u00e1rio do Transporte\/Adamo Bazani)<\/p>\n","protected":false},"excerpt":{"rendered":"<p>Di\u00e1rio do Transporte &nbsp; A TRATON, holding do Grupo Volkswagen de ve\u00edculos pesados, aumentou a oferta por a\u00e7\u00e3o para assumir o controle da norte-americana Navistar, que produz caminh\u00f5es, ve\u00edculos de defesa e \u00f4nibus, entre os quais, modelos dos famosos escolares norte-americanos. &nbsp; Atualmente, a TRATON possui 16,8% da Navistar Internacional, que tem sede em Lisle,\u2026 <a class=\"readmore\" href=\"https:\/\/dana.com.br\/canaldana\/2020\/09\/16\/traton-da-volkswagen-aumenta-oferta-para-assumir-navistar\/\">Leia mais \u00bb<\/a><\/p>\n","protected":false},"author":3,"featured_media":0,"comment_status":"closed","ping_status":"closed","sticky":false,"template":"","format":"standard","meta":{"_acf_changed":false,"footnotes":""},"categories":[79],"tags":[],"class_list":["post-44860","post","type-post","status-publish","format-standard","hentry","category-mercado"],"acf":[],"yoast_head":"<!-- This site is optimized with the Yoast SEO plugin v27.5 - https:\/\/yoast.com\/product\/yoast-seo-wordpress\/ -->\n<title>TRATON, da Volkswagen, aumenta oferta para assumir Navistar - Canal Dana<\/title>\n<meta name=\"robots\" content=\"index, follow, max-snippet:-1, max-image-preview:large, max-video-preview:-1\" \/>\n<link rel=\"canonical\" href=\"https:\/\/dana.com.br\/canaldana\/2020\/09\/16\/traton-da-volkswagen-aumenta-oferta-para-assumir-navistar\/\" \/>\n<meta property=\"og:locale\" content=\"pt_BR\" \/>\n<meta property=\"og:type\" content=\"article\" \/>\n<meta property=\"og:title\" content=\"TRATON, da Volkswagen, aumenta oferta para assumir Navistar - Canal Dana\" \/>\n<meta property=\"og:description\" content=\"Di\u00e1rio do Transporte &nbsp; A TRATON, holding do Grupo Volkswagen de ve\u00edculos pesados, aumentou a oferta por a\u00e7\u00e3o para assumir o controle da norte-americana Navistar, que produz caminh\u00f5es, ve\u00edculos de defesa e \u00f4nibus, entre os quais, modelos dos famosos escolares norte-americanos. &nbsp; Atualmente, a TRATON possui 16,8% da Navistar Internacional, que tem sede em Lisle,\u2026 Leia mais \u00bb\" \/>\n<meta property=\"og:url\" content=\"https:\/\/dana.com.br\/canaldana\/2020\/09\/16\/traton-da-volkswagen-aumenta-oferta-para-assumir-navistar\/\" \/>\n<meta property=\"og:site_name\" content=\"Canal Dana\" \/>\n<meta property=\"article:published_time\" content=\"2020-09-16T11:40:46+00:00\" \/>\n<meta name=\"author\" content=\"Canal Dana\" \/>\n<meta name=\"twitter:card\" content=\"summary_large_image\" \/>\n<meta name=\"twitter:label1\" content=\"Escrito por\" \/>\n\t<meta name=\"twitter:data1\" content=\"Canal Dana\" \/>\n\t<meta name=\"twitter:label2\" content=\"Est. tempo de leitura\" \/>\n\t<meta name=\"twitter:data2\" content=\"2 minutos\" \/>\n<script type=\"application\/ld+json\" class=\"yoast-schema-graph\">{\"@context\":\"https:\\\/\\\/schema.org\",\"@graph\":[{\"@type\":\"Article\",\"@id\":\"https:\\\/\\\/dana.com.br\\\/canaldana\\\/2020\\\/09\\\/16\\\/traton-da-volkswagen-aumenta-oferta-para-assumir-navistar\\\/#article\",\"isPartOf\":{\"@id\":\"https:\\\/\\\/dana.com.br\\\/canaldana\\\/2020\\\/09\\\/16\\\/traton-da-volkswagen-aumenta-oferta-para-assumir-navistar\\\/\"},\"author\":{\"name\":\"Canal Dana\",\"@id\":\"https:\\\/\\\/dana.com.br\\\/canaldana\\\/#\\\/schema\\\/person\\\/3c21f22f56fcf3bc46b94bc60ea4fef6\"},\"headline\":\"TRATON, da Volkswagen, aumenta oferta para assumir Navistar\",\"datePublished\":\"2020-09-16T11:40:46+00:00\",\"mainEntityOfPage\":{\"@id\":\"https:\\\/\\\/dana.com.br\\\/canaldana\\\/2020\\\/09\\\/16\\\/traton-da-volkswagen-aumenta-oferta-para-assumir-navistar\\\/\"},\"wordCount\":369,\"articleSection\":[\"Mercado\"],\"inLanguage\":\"pt-BR\"},{\"@type\":\"WebPage\",\"@id\":\"https:\\\/\\\/dana.com.br\\\/canaldana\\\/2020\\\/09\\\/16\\\/traton-da-volkswagen-aumenta-oferta-para-assumir-navistar\\\/\",\"url\":\"https:\\\/\\\/dana.com.br\\\/canaldana\\\/2020\\\/09\\\/16\\\/traton-da-volkswagen-aumenta-oferta-para-assumir-navistar\\\/\",\"name\":\"TRATON, da Volkswagen, aumenta oferta para assumir Navistar - Canal Dana\",\"isPartOf\":{\"@id\":\"https:\\\/\\\/dana.com.br\\\/canaldana\\\/#website\"},\"datePublished\":\"2020-09-16T11:40:46+00:00\",\"author\":{\"@id\":\"https:\\\/\\\/dana.com.br\\\/canaldana\\\/#\\\/schema\\\/person\\\/3c21f22f56fcf3bc46b94bc60ea4fef6\"},\"breadcrumb\":{\"@id\":\"https:\\\/\\\/dana.com.br\\\/canaldana\\\/2020\\\/09\\\/16\\\/traton-da-volkswagen-aumenta-oferta-para-assumir-navistar\\\/#breadcrumb\"},\"inLanguage\":\"pt-BR\",\"potentialAction\":[{\"@type\":\"ReadAction\",\"target\":[\"https:\\\/\\\/dana.com.br\\\/canaldana\\\/2020\\\/09\\\/16\\\/traton-da-volkswagen-aumenta-oferta-para-assumir-navistar\\\/\"]}]},{\"@type\":\"BreadcrumbList\",\"@id\":\"https:\\\/\\\/dana.com.br\\\/canaldana\\\/2020\\\/09\\\/16\\\/traton-da-volkswagen-aumenta-oferta-para-assumir-navistar\\\/#breadcrumb\",\"itemListElement\":[{\"@type\":\"ListItem\",\"position\":1,\"name\":\"Home\",\"item\":\"https:\\\/\\\/dana.com.br\\\/canaldana\\\/\"},{\"@type\":\"ListItem\",\"position\":2,\"name\":\"Mercado\",\"item\":\"https:\\\/\\\/dana.com.br\\\/canaldana\\\/mercado\\\/\"},{\"@type\":\"ListItem\",\"position\":3,\"name\":\"TRATON, da Volkswagen, aumenta oferta para assumir Navistar\"}]},{\"@type\":\"WebSite\",\"@id\":\"https:\\\/\\\/dana.com.br\\\/canaldana\\\/#website\",\"url\":\"https:\\\/\\\/dana.com.br\\\/canaldana\\\/\",\"name\":\"Canal Dana\",\"description\":\"Informativo com as principais not\u00edcias da ind\u00fastria automotiva\",\"potentialAction\":[{\"@type\":\"SearchAction\",\"target\":{\"@type\":\"EntryPoint\",\"urlTemplate\":\"https:\\\/\\\/dana.com.br\\\/canaldana\\\/?s={search_term_string}\"},\"query-input\":{\"@type\":\"PropertyValueSpecification\",\"valueRequired\":true,\"valueName\":\"search_term_string\"}}],\"inLanguage\":\"pt-BR\"},{\"@type\":\"Person\",\"@id\":\"https:\\\/\\\/dana.com.br\\\/canaldana\\\/#\\\/schema\\\/person\\\/3c21f22f56fcf3bc46b94bc60ea4fef6\",\"name\":\"Canal Dana\",\"image\":{\"@type\":\"ImageObject\",\"inLanguage\":\"pt-BR\",\"@id\":\"https:\\\/\\\/secure.gravatar.com\\\/avatar\\\/420aaf9278582877d9018637c6817617705899d2858d7572ef0fe59a6b6454b4?s=96&d=mm&r=g\",\"url\":\"https:\\\/\\\/secure.gravatar.com\\\/avatar\\\/420aaf9278582877d9018637c6817617705899d2858d7572ef0fe59a6b6454b4?s=96&d=mm&r=g\",\"contentUrl\":\"https:\\\/\\\/secure.gravatar.com\\\/avatar\\\/420aaf9278582877d9018637c6817617705899d2858d7572ef0fe59a6b6454b4?s=96&d=mm&r=g\",\"caption\":\"Canal Dana\"},\"url\":\"https:\\\/\\\/dana.com.br\\\/canaldana\\\/author\\\/cdeditor\\\/\"}]}<\/script>\n<!-- \/ Yoast SEO plugin. -->","yoast_head_json":{"title":"TRATON, da Volkswagen, aumenta oferta para assumir Navistar - Canal Dana","robots":{"index":"index","follow":"follow","max-snippet":"max-snippet:-1","max-image-preview":"max-image-preview:large","max-video-preview":"max-video-preview:-1"},"canonical":"https:\/\/dana.com.br\/canaldana\/2020\/09\/16\/traton-da-volkswagen-aumenta-oferta-para-assumir-navistar\/","og_locale":"pt_BR","og_type":"article","og_title":"TRATON, da Volkswagen, aumenta oferta para assumir Navistar - Canal Dana","og_description":"Di\u00e1rio do Transporte &nbsp; A TRATON, holding do Grupo Volkswagen de ve\u00edculos pesados, aumentou a oferta por a\u00e7\u00e3o para assumir o controle da norte-americana Navistar, que produz caminh\u00f5es, ve\u00edculos de defesa e \u00f4nibus, entre os quais, modelos dos famosos escolares norte-americanos. &nbsp; Atualmente, a TRATON possui 16,8% da Navistar Internacional, que tem sede em Lisle,\u2026 Leia mais \u00bb","og_url":"https:\/\/dana.com.br\/canaldana\/2020\/09\/16\/traton-da-volkswagen-aumenta-oferta-para-assumir-navistar\/","og_site_name":"Canal Dana","article_published_time":"2020-09-16T11:40:46+00:00","author":"Canal Dana","twitter_card":"summary_large_image","twitter_misc":{"Escrito por":"Canal Dana","Est. tempo de leitura":"2 minutos"},"schema":{"@context":"https:\/\/schema.org","@graph":[{"@type":"Article","@id":"https:\/\/dana.com.br\/canaldana\/2020\/09\/16\/traton-da-volkswagen-aumenta-oferta-para-assumir-navistar\/#article","isPartOf":{"@id":"https:\/\/dana.com.br\/canaldana\/2020\/09\/16\/traton-da-volkswagen-aumenta-oferta-para-assumir-navistar\/"},"author":{"name":"Canal Dana","@id":"https:\/\/dana.com.br\/canaldana\/#\/schema\/person\/3c21f22f56fcf3bc46b94bc60ea4fef6"},"headline":"TRATON, da Volkswagen, aumenta oferta para assumir Navistar","datePublished":"2020-09-16T11:40:46+00:00","mainEntityOfPage":{"@id":"https:\/\/dana.com.br\/canaldana\/2020\/09\/16\/traton-da-volkswagen-aumenta-oferta-para-assumir-navistar\/"},"wordCount":369,"articleSection":["Mercado"],"inLanguage":"pt-BR"},{"@type":"WebPage","@id":"https:\/\/dana.com.br\/canaldana\/2020\/09\/16\/traton-da-volkswagen-aumenta-oferta-para-assumir-navistar\/","url":"https:\/\/dana.com.br\/canaldana\/2020\/09\/16\/traton-da-volkswagen-aumenta-oferta-para-assumir-navistar\/","name":"TRATON, da Volkswagen, aumenta oferta para assumir Navistar - Canal Dana","isPartOf":{"@id":"https:\/\/dana.com.br\/canaldana\/#website"},"datePublished":"2020-09-16T11:40:46+00:00","author":{"@id":"https:\/\/dana.com.br\/canaldana\/#\/schema\/person\/3c21f22f56fcf3bc46b94bc60ea4fef6"},"breadcrumb":{"@id":"https:\/\/dana.com.br\/canaldana\/2020\/09\/16\/traton-da-volkswagen-aumenta-oferta-para-assumir-navistar\/#breadcrumb"},"inLanguage":"pt-BR","potentialAction":[{"@type":"ReadAction","target":["https:\/\/dana.com.br\/canaldana\/2020\/09\/16\/traton-da-volkswagen-aumenta-oferta-para-assumir-navistar\/"]}]},{"@type":"BreadcrumbList","@id":"https:\/\/dana.com.br\/canaldana\/2020\/09\/16\/traton-da-volkswagen-aumenta-oferta-para-assumir-navistar\/#breadcrumb","itemListElement":[{"@type":"ListItem","position":1,"name":"Home","item":"https:\/\/dana.com.br\/canaldana\/"},{"@type":"ListItem","position":2,"name":"Mercado","item":"https:\/\/dana.com.br\/canaldana\/mercado\/"},{"@type":"ListItem","position":3,"name":"TRATON, da Volkswagen, aumenta oferta para assumir Navistar"}]},{"@type":"WebSite","@id":"https:\/\/dana.com.br\/canaldana\/#website","url":"https:\/\/dana.com.br\/canaldana\/","name":"Canal Dana","description":"Informativo com as principais not\u00edcias da ind\u00fastria automotiva","potentialAction":[{"@type":"SearchAction","target":{"@type":"EntryPoint","urlTemplate":"https:\/\/dana.com.br\/canaldana\/?s={search_term_string}"},"query-input":{"@type":"PropertyValueSpecification","valueRequired":true,"valueName":"search_term_string"}}],"inLanguage":"pt-BR"},{"@type":"Person","@id":"https:\/\/dana.com.br\/canaldana\/#\/schema\/person\/3c21f22f56fcf3bc46b94bc60ea4fef6","name":"Canal Dana","image":{"@type":"ImageObject","inLanguage":"pt-BR","@id":"https:\/\/secure.gravatar.com\/avatar\/420aaf9278582877d9018637c6817617705899d2858d7572ef0fe59a6b6454b4?s=96&d=mm&r=g","url":"https:\/\/secure.gravatar.com\/avatar\/420aaf9278582877d9018637c6817617705899d2858d7572ef0fe59a6b6454b4?s=96&d=mm&r=g","contentUrl":"https:\/\/secure.gravatar.com\/avatar\/420aaf9278582877d9018637c6817617705899d2858d7572ef0fe59a6b6454b4?s=96&d=mm&r=g","caption":"Canal Dana"},"url":"https:\/\/dana.com.br\/canaldana\/author\/cdeditor\/"}]}},"_links":{"self":[{"href":"https:\/\/dana.com.br\/canaldana\/wp-json\/wp\/v2\/posts\/44860","targetHints":{"allow":["GET"]}}],"collection":[{"href":"https:\/\/dana.com.br\/canaldana\/wp-json\/wp\/v2\/posts"}],"about":[{"href":"https:\/\/dana.com.br\/canaldana\/wp-json\/wp\/v2\/types\/post"}],"author":[{"embeddable":true,"href":"https:\/\/dana.com.br\/canaldana\/wp-json\/wp\/v2\/users\/3"}],"replies":[{"embeddable":true,"href":"https:\/\/dana.com.br\/canaldana\/wp-json\/wp\/v2\/comments?post=44860"}],"version-history":[{"count":0,"href":"https:\/\/dana.com.br\/canaldana\/wp-json\/wp\/v2\/posts\/44860\/revisions"}],"wp:attachment":[{"href":"https:\/\/dana.com.br\/canaldana\/wp-json\/wp\/v2\/media?parent=44860"}],"wp:term":[{"taxonomy":"category","embeddable":true,"href":"https:\/\/dana.com.br\/canaldana\/wp-json\/wp\/v2\/categories?post=44860"},{"taxonomy":"post_tag","embeddable":true,"href":"https:\/\/dana.com.br\/canaldana\/wp-json\/wp\/v2\/tags?post=44860"}],"curies":[{"name":"wp","href":"https:\/\/api.w.org\/{rel}","templated":true}]}}