{"id":44852,"date":"2020-09-16T08:35:51","date_gmt":"2020-09-16T11:35:51","guid":{"rendered":"https:\/\/dana.com.br\/canaldana\/?p=44852"},"modified":"2020-09-16T08:35:51","modified_gmt":"2020-09-16T11:35:51","slug":"caminhoes-e-onibus-eletricos-da-daimler-alcancam-7-milhoes-de-quilometros-rodados","status":"publish","type":"post","link":"https:\/\/dana.com.br\/canaldana\/2020\/09\/16\/caminhoes-e-onibus-eletricos-da-daimler-alcancam-7-milhoes-de-quilometros-rodados\/","title":{"rendered":"Caminh\u00f5es e \u00f4nibus el\u00e9tricos da Daimler alcan\u00e7am 7 milh\u00f5es de quil\u00f4metros rodados"},"content":{"rendered":"<p><em>Coisas de Agora<\/em><\/p>\n<p>&nbsp;<\/p>\n<p>A Daimler Trucks &amp; Buses est\u00e1 comemorando mais um marco expressivo no caminho da eletrifica\u00e7\u00e3o no seu portf\u00f3lio de ve\u00edculos comerciais: clientes de v\u00e1rias partes do mundo j\u00e1 rodaram mais de 7 milh\u00f5es de quil\u00f4metros com caminh\u00f5es e \u00f4nibus movidos a bateria e neutros em CO2.<\/p>\n<p>&nbsp;<\/p>\n<p>A resposta positiva das empresas parceiras e as descobertas derivadas dos testes pr\u00e1ticos intensivos com caminh\u00f5es el\u00e9tricos da Mercedes-Benz, FUSO e Freightliner mostram que a eletrifica\u00e7\u00e3o do transporte rodovi\u00e1rio j\u00e1 \u00e9 vi\u00e1vel nesses mercados. Al\u00e9m disso, o \u00f4nibus el\u00e9trico urbano Mercedes-Benz eCitaro \u00e9 produzido em s\u00e9rie desde 2018, sendo utilizado regularmente em v\u00e1rias cidades europeias.<\/p>\n<p>&nbsp;<\/p>\n<p>Como parte de sua estrat\u00e9gia de eletrifica\u00e7\u00e3o, a Daimler Trucks planeja oferecer ve\u00edculos el\u00e9tricos em todas as suas principais regi\u00f5es de vendas at\u00e9 2022: o FUSO eCanter no segmento de caminh\u00f5es leves, o Freightliner eM2 na categoria dos m\u00e9dios e o Mercedes-Benz eActros e o Freightliner eCascadia entre os pesados.<\/p>\n<p>&nbsp;<\/p>\n<p>\u201cComo uma das maiores fabricantes mundiais de ve\u00edculos comerciais, temos a ambi\u00e7\u00e3o de sermos l\u00edderes em inova\u00e7\u00e3o e tecnologia tamb\u00e9m em sistemas de propuls\u00e3o alternativos\u201d, afirma Martin Daum, CEO da Daimler Truck AG e membro do Conselho de Administra\u00e7\u00e3o da Daimler AG. \u201cNosso \u00f4nibus urbano eCitaro, neutro em CO2, por exemplo, est\u00e1 sendo produzido em s\u00e9rie desde 2018. Com nossos el\u00e9tricos, queremos oferecer aos clientes ve\u00edculos que estejam \u00e0 altura dos modelos tradicionais, tanto em termos de disponibilidade como de desempenho. Isso nos motivou a colocar caminh\u00f5es el\u00e9tricos nas m\u00e3os de clientes num est\u00e1gio inicial. Gra\u00e7as \u00e0 nossa presen\u00e7a global, parceiros de todo o mundo est\u00e3o testando ve\u00edculos conceituais em v\u00e1rias aplica\u00e7\u00f5es pr\u00e1ticas. Isso representa uma forte vantagem competitiva. Gra\u00e7as ao di\u00e1logo direto com esses clientes e aos muitos quil\u00f4metros de testes que percorremos, importantes descobertas est\u00e3o sendo direcionadas, j\u00e1 h\u00e1 alguns anos, diretamente para o desenvolvimento da nossa s\u00e9rie de caminh\u00f5es el\u00e9tricos\u201d.<\/p>\n<p>&nbsp;<\/p>\n<p>A Mercedes-Benz Trucks foi a primeira fabricante do mundo a apresentar um caminh\u00e3o el\u00e9trico pesado, o Urban eTruck, atra\u00e7\u00e3o no IAA 2016 (Sal\u00e3o Internacional de Ve\u00edculos Comerciais de Hanover, na Alemanha). Hoje, com o pesado eActros totalmente el\u00e9trico, a marca demonstra que a distribui\u00e7\u00e3o urbana j\u00e1 pode ser feita livre de emiss\u00f5es. Com autonomia de cerca de 200 quil\u00f4metros, o eActros tem comprovado sua efici\u00eancia em uma ampla variedade de aplica\u00e7\u00f5es pr\u00e1ticas de clientes na Europa desde 2018. O in\u00edcio da produ\u00e7\u00e3o em s\u00e9rie est\u00e1 previsto para 2021.<\/p>\n<p>&nbsp;<\/p>\n<p>As primeiras aplica\u00e7\u00f5es pr\u00e1ticas do caminh\u00e3o Mercedes-Benz eEconic de piso baixo, modelo baseado no eActros, foram anunciadas em 2020 e est\u00e3o planejadas para o ano que vem. A produ\u00e7\u00e3o em s\u00e9rie est\u00e1 prevista para 2022. O eEconic \u00e9 utilizado principalmente na coleta urbana de res\u00edduos. Essa \u00e1rea \u00e9 muito apropriada para caminh\u00f5es el\u00e9tricos a bateria, gra\u00e7as \u00e0s rotas curtas, de cerca de 100 quil\u00f4metros.<\/p>\n<p>&nbsp;<\/p>\n<p>Apresentado em setembro de 2017, o FUSO eCanter foi entregue a clientes de v\u00e1rias partes do mundo. Esse caminh\u00e3o leve totalmente el\u00e9trico \u00e9 a resposta da FUSO para a demanda por caminh\u00f5es livres de emiss\u00f5es na distribui\u00e7\u00e3o urbana. Mais de 170 unidades deste modelo est\u00e3o sendo utilizadas por clientes no Jap\u00e3o, Estados Unidos e Europa e mais deles continuar\u00e3o a ser entregues. A autonomia da vers\u00e3o de 7,49 toneladas \u00e9 de 100 quil\u00f4metros, atendendo \u00e0s necessidades do transporte urbano. Com um carregador r\u00e1pido, o tempo de recarga pode ser reduzido para cerca de uma hora e meia. O eCanter \u00e9 produzido em Kawasaki, no Jap\u00e3o, e em Tramagal, em Portugal.<\/p>\n<p>&nbsp;<\/p>\n<p>Nos Estados Unidos, o pesado eCascadia e o m\u00e9dio eM2 foram lan\u00e7ados em Portland em junho de 2018. Os dois caminh\u00f5es el\u00e9tricos Freightliner est\u00e3o passando por testes pr\u00e1ticos em v\u00e1rios clientes. A frota de testes tem 38 ve\u00edculos, utilizados em aplica\u00e7\u00f5es que incluem transporte local e regional, distribui\u00e7\u00e3o de alimentos e entrega de encomendas. Os ve\u00edculos t\u00eam uma autonomia projetada de at\u00e9 370 km para o eM2 e de at\u00e9 400 km para o eCascadia. A produ\u00e7\u00e3o em s\u00e9rie do eCascadia est\u00e1 prevista para meados de 2022 e a do Freightliner eM2 no final de 2022.<\/p>\n<p>&nbsp;<\/p>\n<p><strong>eCitaro \u00e9 o primeiro e \u00fanico \u00f4nibus el\u00e9trico desenvolvido e fabricado na Alemanha<\/strong><\/p>\n<p>&nbsp;<\/p>\n<p>Com o Mercedes-Benz eCitaro totalmente el\u00e9trico, a Daimler Buses vem oferecendo, desde 2018, um \u00f4nibus urbano livre de emiss\u00f5es para um transporte p\u00fablico ambientalmente amig\u00e1vel em \u00e1reas metropolitanas. O eCitaro \u00e9 baseado no modelo Citaro, amplamente reconhecido por sua qualidade e efici\u00eancia. Ele \u00e9 o primeiro e \u00fanico \u00f4nibus urbano totalmente el\u00e9trico desenvolvido e fabricado na Alemanha, destacando-se pelo design elegante, exemplar gerenciamento t\u00e9rmico que minimiza o consumo de energia e compartimento de passageiros funcional.<\/p>\n<p>&nbsp;<\/p>\n<p>A Daimler Trucks projeta oferecer, at\u00e9 2039, apenas ve\u00edculos que sejam neutros em CO2 para Europa, Jap\u00e3o e Am\u00e9rica do Norte. Em 2022, o portf\u00f3lio de ve\u00edculos nas principais regi\u00f5es de vendas desses mercados j\u00e1 dever\u00e1 incluir ve\u00edculos produzidos em s\u00e9rie com propuls\u00e3o el\u00e9trica a baterias.<\/p>\n<p>&nbsp;<\/p>\n<p>No segundo semestre de 2020, a Daimler Trucks planeja acrescentar ao seu portf\u00f3lio de produ\u00e7\u00e3o em s\u00e9rie caminh\u00f5es el\u00e9tricos alimentados por c\u00e9lulas de combust\u00edvel a hidrog\u00eanio l\u00edquido. O objetivo final \u00e9 chegar a um transporte neutro em CO2 nas estradas at\u00e9 2050. (Coisas de Agora)<\/p>\n","protected":false},"excerpt":{"rendered":"<p>Coisas de Agora &nbsp; A Daimler Trucks &amp; Buses est\u00e1 comemorando mais um marco expressivo no caminho da eletrifica\u00e7\u00e3o no seu portf\u00f3lio de ve\u00edculos comerciais: clientes de v\u00e1rias partes do mundo j\u00e1 rodaram mais de 7 milh\u00f5es de quil\u00f4metros com caminh\u00f5es e \u00f4nibus movidos a bateria e neutros em CO2. &nbsp; A resposta positiva das\u2026 <a class=\"readmore\" href=\"https:\/\/dana.com.br\/canaldana\/2020\/09\/16\/caminhoes-e-onibus-eletricos-da-daimler-alcancam-7-milhoes-de-quilometros-rodados\/\">Leia mais \u00bb<\/a><\/p>\n","protected":false},"author":3,"featured_media":0,"comment_status":"closed","ping_status":"closed","sticky":false,"template":"","format":"standard","meta":{"_acf_changed":false,"footnotes":""},"categories":[110],"tags":[],"class_list":["post-44852","post","type-post","status-publish","format-standard","hentry","category-eletricos"],"acf":[],"yoast_head":"<!-- This site is optimized with the Yoast SEO plugin v27.5 - https:\/\/yoast.com\/product\/yoast-seo-wordpress\/ -->\n<title>Caminh\u00f5es e \u00f4nibus el\u00e9tricos da Daimler alcan\u00e7am 7 milh\u00f5es de quil\u00f4metros rodados - Canal Dana<\/title>\n<meta name=\"robots\" content=\"index, follow, max-snippet:-1, max-image-preview:large, max-video-preview:-1\" \/>\n<link rel=\"canonical\" href=\"https:\/\/dana.com.br\/canaldana\/2020\/09\/16\/caminhoes-e-onibus-eletricos-da-daimler-alcancam-7-milhoes-de-quilometros-rodados\/\" \/>\n<meta property=\"og:locale\" content=\"pt_BR\" \/>\n<meta property=\"og:type\" content=\"article\" \/>\n<meta property=\"og:title\" content=\"Caminh\u00f5es e \u00f4nibus el\u00e9tricos da Daimler alcan\u00e7am 7 milh\u00f5es de quil\u00f4metros rodados - Canal Dana\" \/>\n<meta property=\"og:description\" content=\"Coisas de Agora &nbsp; A Daimler Trucks &amp; Buses est\u00e1 comemorando mais um marco expressivo no caminho da eletrifica\u00e7\u00e3o no seu portf\u00f3lio de ve\u00edculos comerciais: clientes de v\u00e1rias partes do mundo j\u00e1 rodaram mais de 7 milh\u00f5es de quil\u00f4metros com caminh\u00f5es e \u00f4nibus movidos a bateria e neutros em CO2. &nbsp; A resposta positiva das\u2026 Leia mais \u00bb\" \/>\n<meta property=\"og:url\" content=\"https:\/\/dana.com.br\/canaldana\/2020\/09\/16\/caminhoes-e-onibus-eletricos-da-daimler-alcancam-7-milhoes-de-quilometros-rodados\/\" \/>\n<meta property=\"og:site_name\" content=\"Canal Dana\" \/>\n<meta property=\"article:published_time\" content=\"2020-09-16T11:35:51+00:00\" \/>\n<meta name=\"author\" content=\"Canal Dana\" \/>\n<meta name=\"twitter:card\" content=\"summary_large_image\" \/>\n<meta name=\"twitter:label1\" content=\"Escrito por\" \/>\n\t<meta name=\"twitter:data1\" content=\"Canal Dana\" \/>\n\t<meta name=\"twitter:label2\" content=\"Est. tempo de leitura\" \/>\n\t<meta name=\"twitter:data2\" content=\"5 minutos\" \/>\n<script type=\"application\/ld+json\" class=\"yoast-schema-graph\">{\"@context\":\"https:\\\/\\\/schema.org\",\"@graph\":[{\"@type\":\"Article\",\"@id\":\"https:\\\/\\\/dana.com.br\\\/canaldana\\\/2020\\\/09\\\/16\\\/caminhoes-e-onibus-eletricos-da-daimler-alcancam-7-milhoes-de-quilometros-rodados\\\/#article\",\"isPartOf\":{\"@id\":\"https:\\\/\\\/dana.com.br\\\/canaldana\\\/2020\\\/09\\\/16\\\/caminhoes-e-onibus-eletricos-da-daimler-alcancam-7-milhoes-de-quilometros-rodados\\\/\"},\"author\":{\"name\":\"Canal Dana\",\"@id\":\"https:\\\/\\\/dana.com.br\\\/canaldana\\\/#\\\/schema\\\/person\\\/3c21f22f56fcf3bc46b94bc60ea4fef6\"},\"headline\":\"Caminh\u00f5es e \u00f4nibus el\u00e9tricos da Daimler alcan\u00e7am 7 milh\u00f5es de quil\u00f4metros rodados\",\"datePublished\":\"2020-09-16T11:35:51+00:00\",\"mainEntityOfPage\":{\"@id\":\"https:\\\/\\\/dana.com.br\\\/canaldana\\\/2020\\\/09\\\/16\\\/caminhoes-e-onibus-eletricos-da-daimler-alcancam-7-milhoes-de-quilometros-rodados\\\/\"},\"wordCount\":965,\"articleSection\":[\"El\u00e9tricos\"],\"inLanguage\":\"pt-BR\"},{\"@type\":\"WebPage\",\"@id\":\"https:\\\/\\\/dana.com.br\\\/canaldana\\\/2020\\\/09\\\/16\\\/caminhoes-e-onibus-eletricos-da-daimler-alcancam-7-milhoes-de-quilometros-rodados\\\/\",\"url\":\"https:\\\/\\\/dana.com.br\\\/canaldana\\\/2020\\\/09\\\/16\\\/caminhoes-e-onibus-eletricos-da-daimler-alcancam-7-milhoes-de-quilometros-rodados\\\/\",\"name\":\"Caminh\u00f5es e \u00f4nibus el\u00e9tricos da Daimler alcan\u00e7am 7 milh\u00f5es de quil\u00f4metros rodados - Canal Dana\",\"isPartOf\":{\"@id\":\"https:\\\/\\\/dana.com.br\\\/canaldana\\\/#website\"},\"datePublished\":\"2020-09-16T11:35:51+00:00\",\"author\":{\"@id\":\"https:\\\/\\\/dana.com.br\\\/canaldana\\\/#\\\/schema\\\/person\\\/3c21f22f56fcf3bc46b94bc60ea4fef6\"},\"breadcrumb\":{\"@id\":\"https:\\\/\\\/dana.com.br\\\/canaldana\\\/2020\\\/09\\\/16\\\/caminhoes-e-onibus-eletricos-da-daimler-alcancam-7-milhoes-de-quilometros-rodados\\\/#breadcrumb\"},\"inLanguage\":\"pt-BR\",\"potentialAction\":[{\"@type\":\"ReadAction\",\"target\":[\"https:\\\/\\\/dana.com.br\\\/canaldana\\\/2020\\\/09\\\/16\\\/caminhoes-e-onibus-eletricos-da-daimler-alcancam-7-milhoes-de-quilometros-rodados\\\/\"]}]},{\"@type\":\"BreadcrumbList\",\"@id\":\"https:\\\/\\\/dana.com.br\\\/canaldana\\\/2020\\\/09\\\/16\\\/caminhoes-e-onibus-eletricos-da-daimler-alcancam-7-milhoes-de-quilometros-rodados\\\/#breadcrumb\",\"itemListElement\":[{\"@type\":\"ListItem\",\"position\":1,\"name\":\"Home\",\"item\":\"https:\\\/\\\/dana.com.br\\\/canaldana\\\/\"},{\"@type\":\"ListItem\",\"position\":2,\"name\":\"El\u00e9tricos\",\"item\":\"https:\\\/\\\/dana.com.br\\\/canaldana\\\/eletricos\\\/\"},{\"@type\":\"ListItem\",\"position\":3,\"name\":\"Caminh\u00f5es e \u00f4nibus el\u00e9tricos da Daimler alcan\u00e7am 7 milh\u00f5es de quil\u00f4metros rodados\"}]},{\"@type\":\"WebSite\",\"@id\":\"https:\\\/\\\/dana.com.br\\\/canaldana\\\/#website\",\"url\":\"https:\\\/\\\/dana.com.br\\\/canaldana\\\/\",\"name\":\"Canal Dana\",\"description\":\"Informativo com as principais not\u00edcias da ind\u00fastria automotiva\",\"potentialAction\":[{\"@type\":\"SearchAction\",\"target\":{\"@type\":\"EntryPoint\",\"urlTemplate\":\"https:\\\/\\\/dana.com.br\\\/canaldana\\\/?s={search_term_string}\"},\"query-input\":{\"@type\":\"PropertyValueSpecification\",\"valueRequired\":true,\"valueName\":\"search_term_string\"}}],\"inLanguage\":\"pt-BR\"},{\"@type\":\"Person\",\"@id\":\"https:\\\/\\\/dana.com.br\\\/canaldana\\\/#\\\/schema\\\/person\\\/3c21f22f56fcf3bc46b94bc60ea4fef6\",\"name\":\"Canal Dana\",\"image\":{\"@type\":\"ImageObject\",\"inLanguage\":\"pt-BR\",\"@id\":\"https:\\\/\\\/secure.gravatar.com\\\/avatar\\\/420aaf9278582877d9018637c6817617705899d2858d7572ef0fe59a6b6454b4?s=96&d=mm&r=g\",\"url\":\"https:\\\/\\\/secure.gravatar.com\\\/avatar\\\/420aaf9278582877d9018637c6817617705899d2858d7572ef0fe59a6b6454b4?s=96&d=mm&r=g\",\"contentUrl\":\"https:\\\/\\\/secure.gravatar.com\\\/avatar\\\/420aaf9278582877d9018637c6817617705899d2858d7572ef0fe59a6b6454b4?s=96&d=mm&r=g\",\"caption\":\"Canal Dana\"},\"url\":\"https:\\\/\\\/dana.com.br\\\/canaldana\\\/author\\\/cdeditor\\\/\"}]}<\/script>\n<!-- \/ Yoast SEO plugin. -->","yoast_head_json":{"title":"Caminh\u00f5es e \u00f4nibus el\u00e9tricos da Daimler alcan\u00e7am 7 milh\u00f5es de quil\u00f4metros rodados - Canal Dana","robots":{"index":"index","follow":"follow","max-snippet":"max-snippet:-1","max-image-preview":"max-image-preview:large","max-video-preview":"max-video-preview:-1"},"canonical":"https:\/\/dana.com.br\/canaldana\/2020\/09\/16\/caminhoes-e-onibus-eletricos-da-daimler-alcancam-7-milhoes-de-quilometros-rodados\/","og_locale":"pt_BR","og_type":"article","og_title":"Caminh\u00f5es e \u00f4nibus el\u00e9tricos da Daimler alcan\u00e7am 7 milh\u00f5es de quil\u00f4metros rodados - Canal Dana","og_description":"Coisas de Agora &nbsp; A Daimler Trucks &amp; Buses est\u00e1 comemorando mais um marco expressivo no caminho da eletrifica\u00e7\u00e3o no seu portf\u00f3lio de ve\u00edculos comerciais: clientes de v\u00e1rias partes do mundo j\u00e1 rodaram mais de 7 milh\u00f5es de quil\u00f4metros com caminh\u00f5es e \u00f4nibus movidos a bateria e neutros em CO2. &nbsp; A resposta positiva das\u2026 Leia mais \u00bb","og_url":"https:\/\/dana.com.br\/canaldana\/2020\/09\/16\/caminhoes-e-onibus-eletricos-da-daimler-alcancam-7-milhoes-de-quilometros-rodados\/","og_site_name":"Canal Dana","article_published_time":"2020-09-16T11:35:51+00:00","author":"Canal Dana","twitter_card":"summary_large_image","twitter_misc":{"Escrito por":"Canal Dana","Est. tempo de leitura":"5 minutos"},"schema":{"@context":"https:\/\/schema.org","@graph":[{"@type":"Article","@id":"https:\/\/dana.com.br\/canaldana\/2020\/09\/16\/caminhoes-e-onibus-eletricos-da-daimler-alcancam-7-milhoes-de-quilometros-rodados\/#article","isPartOf":{"@id":"https:\/\/dana.com.br\/canaldana\/2020\/09\/16\/caminhoes-e-onibus-eletricos-da-daimler-alcancam-7-milhoes-de-quilometros-rodados\/"},"author":{"name":"Canal Dana","@id":"https:\/\/dana.com.br\/canaldana\/#\/schema\/person\/3c21f22f56fcf3bc46b94bc60ea4fef6"},"headline":"Caminh\u00f5es e \u00f4nibus el\u00e9tricos da Daimler alcan\u00e7am 7 milh\u00f5es de quil\u00f4metros rodados","datePublished":"2020-09-16T11:35:51+00:00","mainEntityOfPage":{"@id":"https:\/\/dana.com.br\/canaldana\/2020\/09\/16\/caminhoes-e-onibus-eletricos-da-daimler-alcancam-7-milhoes-de-quilometros-rodados\/"},"wordCount":965,"articleSection":["El\u00e9tricos"],"inLanguage":"pt-BR"},{"@type":"WebPage","@id":"https:\/\/dana.com.br\/canaldana\/2020\/09\/16\/caminhoes-e-onibus-eletricos-da-daimler-alcancam-7-milhoes-de-quilometros-rodados\/","url":"https:\/\/dana.com.br\/canaldana\/2020\/09\/16\/caminhoes-e-onibus-eletricos-da-daimler-alcancam-7-milhoes-de-quilometros-rodados\/","name":"Caminh\u00f5es e \u00f4nibus el\u00e9tricos da Daimler alcan\u00e7am 7 milh\u00f5es de quil\u00f4metros rodados - Canal Dana","isPartOf":{"@id":"https:\/\/dana.com.br\/canaldana\/#website"},"datePublished":"2020-09-16T11:35:51+00:00","author":{"@id":"https:\/\/dana.com.br\/canaldana\/#\/schema\/person\/3c21f22f56fcf3bc46b94bc60ea4fef6"},"breadcrumb":{"@id":"https:\/\/dana.com.br\/canaldana\/2020\/09\/16\/caminhoes-e-onibus-eletricos-da-daimler-alcancam-7-milhoes-de-quilometros-rodados\/#breadcrumb"},"inLanguage":"pt-BR","potentialAction":[{"@type":"ReadAction","target":["https:\/\/dana.com.br\/canaldana\/2020\/09\/16\/caminhoes-e-onibus-eletricos-da-daimler-alcancam-7-milhoes-de-quilometros-rodados\/"]}]},{"@type":"BreadcrumbList","@id":"https:\/\/dana.com.br\/canaldana\/2020\/09\/16\/caminhoes-e-onibus-eletricos-da-daimler-alcancam-7-milhoes-de-quilometros-rodados\/#breadcrumb","itemListElement":[{"@type":"ListItem","position":1,"name":"Home","item":"https:\/\/dana.com.br\/canaldana\/"},{"@type":"ListItem","position":2,"name":"El\u00e9tricos","item":"https:\/\/dana.com.br\/canaldana\/eletricos\/"},{"@type":"ListItem","position":3,"name":"Caminh\u00f5es e \u00f4nibus el\u00e9tricos da Daimler alcan\u00e7am 7 milh\u00f5es de quil\u00f4metros rodados"}]},{"@type":"WebSite","@id":"https:\/\/dana.com.br\/canaldana\/#website","url":"https:\/\/dana.com.br\/canaldana\/","name":"Canal Dana","description":"Informativo com as principais not\u00edcias da ind\u00fastria automotiva","potentialAction":[{"@type":"SearchAction","target":{"@type":"EntryPoint","urlTemplate":"https:\/\/dana.com.br\/canaldana\/?s={search_term_string}"},"query-input":{"@type":"PropertyValueSpecification","valueRequired":true,"valueName":"search_term_string"}}],"inLanguage":"pt-BR"},{"@type":"Person","@id":"https:\/\/dana.com.br\/canaldana\/#\/schema\/person\/3c21f22f56fcf3bc46b94bc60ea4fef6","name":"Canal Dana","image":{"@type":"ImageObject","inLanguage":"pt-BR","@id":"https:\/\/secure.gravatar.com\/avatar\/420aaf9278582877d9018637c6817617705899d2858d7572ef0fe59a6b6454b4?s=96&d=mm&r=g","url":"https:\/\/secure.gravatar.com\/avatar\/420aaf9278582877d9018637c6817617705899d2858d7572ef0fe59a6b6454b4?s=96&d=mm&r=g","contentUrl":"https:\/\/secure.gravatar.com\/avatar\/420aaf9278582877d9018637c6817617705899d2858d7572ef0fe59a6b6454b4?s=96&d=mm&r=g","caption":"Canal Dana"},"url":"https:\/\/dana.com.br\/canaldana\/author\/cdeditor\/"}]}},"_links":{"self":[{"href":"https:\/\/dana.com.br\/canaldana\/wp-json\/wp\/v2\/posts\/44852","targetHints":{"allow":["GET"]}}],"collection":[{"href":"https:\/\/dana.com.br\/canaldana\/wp-json\/wp\/v2\/posts"}],"about":[{"href":"https:\/\/dana.com.br\/canaldana\/wp-json\/wp\/v2\/types\/post"}],"author":[{"embeddable":true,"href":"https:\/\/dana.com.br\/canaldana\/wp-json\/wp\/v2\/users\/3"}],"replies":[{"embeddable":true,"href":"https:\/\/dana.com.br\/canaldana\/wp-json\/wp\/v2\/comments?post=44852"}],"version-history":[{"count":0,"href":"https:\/\/dana.com.br\/canaldana\/wp-json\/wp\/v2\/posts\/44852\/revisions"}],"wp:attachment":[{"href":"https:\/\/dana.com.br\/canaldana\/wp-json\/wp\/v2\/media?parent=44852"}],"wp:term":[{"taxonomy":"category","embeddable":true,"href":"https:\/\/dana.com.br\/canaldana\/wp-json\/wp\/v2\/categories?post=44852"},{"taxonomy":"post_tag","embeddable":true,"href":"https:\/\/dana.com.br\/canaldana\/wp-json\/wp\/v2\/tags?post=44852"}],"curies":[{"name":"wp","href":"https:\/\/api.w.org\/{rel}","templated":true}]}}