{"id":44837,"date":"2020-09-15T09:09:32","date_gmt":"2020-09-15T12:09:32","guid":{"rendered":"https:\/\/dana.com.br\/canaldana\/?p=44837"},"modified":"2020-09-15T09:09:32","modified_gmt":"2020-09-15T12:09:32","slug":"ritmo-de-demissoes-comeca-a-desacelerar-no-setor-de-transporte","status":"publish","type":"post","link":"https:\/\/dana.com.br\/canaldana\/2020\/09\/15\/ritmo-de-demissoes-comeca-a-desacelerar-no-setor-de-transporte\/","title":{"rendered":"Ritmo de demiss\u00f5es come\u00e7a a desacelerar no setor de transporte"},"content":{"rendered":"<p><em>Carga Pesada\/CNT<\/em><\/p>\n<p>&nbsp;<\/p>\n<p>Nova rodada da Pesquisa de Impacto no Transporte \u2013 Covid-19, da CNT, mostra que empresas de transporte est\u00e3o mais otimistas com o p\u00f3s-pandemia, mas ainda enfrentam dificuldades de acesso a cr\u00e9dito e temem fim da desonera\u00e7\u00e3o da folha de pagamento<\/p>\n<p>&nbsp;<\/p>\n<p>Pela primeira vez, em tr\u00eas meses, houve uma estabiliza\u00e7\u00e3o do n\u00famero de empresas do setor de transporte que tiveram de adotar demiss\u00f5es durante a pandemia do novo coronav\u00edrus, apresentando, at\u00e9 mesmo, uma pequena tend\u00eancia de queda. \u00c9 o que constata a quinta rodada da Pesquisa de Impacto no Transporte \u2013 Covid-19, divulgada pela CNT (Confedera\u00e7\u00e3o Nacional do Transporte).<\/p>\n<p>&nbsp;<\/p>\n<p>De acordo com o levantamento, dos 40,6% transportadores que tiveram de promover redu\u00e7\u00e3o em seus quadros de empregados, 55,3% n\u00e3o pretendem promover demiss\u00f5es em setembro. J\u00e1 entre os que n\u00e3o demitiram, esse percentual \u00e9 ainda mais elevado: 83,8% n\u00e3o devem demitir empregados.<\/p>\n<p>&nbsp;<\/p>\n<p>A pesquisa da CNT \u2013 que ouviu 914 empresas de cargas e de passageiros, de todos os modais de transporte, entre os dias 25 de agosto e 3 de setembro \u2013 revela ainda que 52,3% dos transportadores consultados que promoveram demiss\u00f5es esperam readmitir os empregados ap\u00f3s o fim da pandemia. O levantamento tamb\u00e9m mostra que 35,9% dos entrevistados esperam um aumento da demanda e da receita em 2021. Mas o impasse entre o governo e o Congresso Nacional em rela\u00e7\u00e3o \u00e0 prorroga\u00e7\u00e3o da desonera\u00e7\u00e3o da folha de pagamentos preocupa. Para quase 40,0% das empresas transportadoras brasileiras, ser\u00e1 negativo o impacto de um poss\u00edvel fim da desonera\u00e7\u00e3o da folha de pagamento; 18,1% n\u00e3o souberam avaliar o impacto.<\/p>\n<p>&nbsp;<\/p>\n<p>O presidente da CNT, Vander Costa, considera que os transportadores est\u00e3o mais otimistas em rela\u00e7\u00e3o ao futuro p\u00f3s-pandemia e que isso ser\u00e1 fundamental para reaquecer o setor nos pr\u00f3ximos meses. \u201cOs resultados dessa rodada demonstram que as empresas transportadoras est\u00e3o comprometidas com a retomada da atividade econ\u00f4mica do pa\u00eds, indicando at\u00e9 mesmo uma eventual recupera\u00e7\u00e3o de parte dos postos de trabalho perdidos durante a pandemia. Mas, para que essa possibilidade tenha mais chance de se concretizar, \u00e9 necess\u00e1rio que haja uma r\u00e1pida e favor\u00e1vel defini\u00e7\u00e3o sobre a prorroga\u00e7\u00e3o da desonera\u00e7\u00e3o da folha de pagamentos\u201d.<\/p>\n<p>&nbsp;<\/p>\n<p>O setor, por\u00e9m, ainda enfrenta os efeitos da maior crise j\u00e1 enfrentada: 63,6% das transportadoras apontaram queda de demanda em rela\u00e7\u00e3o ao mesmo per\u00edodo de anos anteriores, sendo que, para 46,6%, a retra\u00e7\u00e3o foi bastante acentuada. Das empresas consultadas pela CNT, 67,4% declararam que tiveram preju\u00edzos durante a pandemia. A queda de faturamento, por sua vez, foi indicada por 50,8% das empresas de transporte, e mais de um ter\u00e7o das transportadoras (36,2%) tem a capacidade de pagamento muito comprometida (folha de pagamento, financiamentos, tributos, fornecedores e aluguel, entre outros). Nesse sentido, para 52,5%, levar\u00e1 pelo menos um ano para sua empresa voltar aos n\u00edveis de demanda e faturamento anteriores \u00e0 pandemia; 8,5% afirmam que a empresa n\u00e3o voltar\u00e1 a ter o n\u00edvel de faturamento anterior \u00e0 pandemia.<\/p>\n<p>&nbsp;<\/p>\n<p><strong>Dificuldades j\u00e1 conhecidas<\/strong><\/p>\n<p>&nbsp;<\/p>\n<p>Desde o in\u00edcio da crise, 51,8% das empresas de transporte solicitaram aos bancos algum tipo de financiamento, sendo que quase dois ter\u00e7os delas (61,3%) tiveram a sua solicita\u00e7\u00e3o negada. No levantamento, 62,4% afirmam n\u00e3o conhecer o PEAC (Programa Emergencial de Acesso a Cr\u00e9dito) \u2013 nova iniciativa do governo federal que busca viabilizar cr\u00e9dito para pequenas e m\u00e9dias empresas. Sobre a atua\u00e7\u00e3o do Minist\u00e9rio da Economia em rela\u00e7\u00e3o ao apoio \u00e0s empresas durante a pandemia, 67,5% a avaliam como negativa; enquanto 25,6% a consideram positiva.<\/p>\n<p>&nbsp;<\/p>\n<p>A exemplo das rodadas anteriores, 58,8% das empresas destacaram \u2013 entre as medidas consideradas priorit\u00e1rias pelo setor para o atual momento \u2013 a import\u00e2ncia da disponibiliza\u00e7\u00e3o de linhas de cr\u00e9dito com car\u00eancia estendida e taxas de juros reduzidas (incluindo capital de giro) tamb\u00e9m para grandes empresas. Al\u00e9m disso, 52,2% citaram a isen\u00e7\u00e3o de tributos federais durante a pandemia. A necessidade da manuten\u00e7\u00e3o da desonera\u00e7\u00e3o da folha para o setor transportador foi lembrada por 39,9%.<\/p>\n<p>&nbsp;<\/p>\n<p><strong>Novos padr\u00f5es de atendimento<\/strong><\/p>\n<p>&nbsp;<\/p>\n<p>Desde o in\u00edcio da pandemia, 58,2% dos entrevistados perceberam mudan\u00e7as de exig\u00eancias dos clientes. Para 65,1% das empresas, os protocolos de higiene e de seguran\u00e7a sanit\u00e1ria representam a principal mudan\u00e7a exigida durante a pandemia. Na sequ\u00eancia, aparecem a redu\u00e7\u00e3o do valor cobrado pelo servi\u00e7o (11,5%) e pontualidade (6,5%). (Carga Pesada\/CNT)<\/p>\n","protected":false},"excerpt":{"rendered":"<p>Carga Pesada\/CNT &nbsp; Nova rodada da Pesquisa de Impacto no Transporte \u2013 Covid-19, da CNT, mostra que empresas de transporte est\u00e3o mais otimistas com o p\u00f3s-pandemia, mas ainda enfrentam dificuldades de acesso a cr\u00e9dito e temem fim da desonera\u00e7\u00e3o da folha de pagamento &nbsp; Pela primeira vez, em tr\u00eas meses, houve uma estabiliza\u00e7\u00e3o do n\u00famero\u2026 <a class=\"readmore\" href=\"https:\/\/dana.com.br\/canaldana\/2020\/09\/15\/ritmo-de-demissoes-comeca-a-desacelerar-no-setor-de-transporte\/\">Leia mais \u00bb<\/a><\/p>\n","protected":false},"author":3,"featured_media":0,"comment_status":"closed","ping_status":"closed","sticky":false,"template":"","format":"standard","meta":{"_acf_changed":false,"footnotes":""},"categories":[79],"tags":[],"class_list":["post-44837","post","type-post","status-publish","format-standard","hentry","category-mercado"],"acf":[],"yoast_head":"<!-- This site is optimized with the Yoast SEO plugin v27.5 - https:\/\/yoast.com\/product\/yoast-seo-wordpress\/ -->\n<title>Ritmo de demiss\u00f5es come\u00e7a a desacelerar no setor de transporte - Canal Dana<\/title>\n<meta name=\"robots\" content=\"index, follow, max-snippet:-1, max-image-preview:large, max-video-preview:-1\" \/>\n<link rel=\"canonical\" href=\"https:\/\/dana.com.br\/canaldana\/2020\/09\/15\/ritmo-de-demissoes-comeca-a-desacelerar-no-setor-de-transporte\/\" \/>\n<meta property=\"og:locale\" content=\"pt_BR\" \/>\n<meta property=\"og:type\" content=\"article\" \/>\n<meta property=\"og:title\" content=\"Ritmo de demiss\u00f5es come\u00e7a a desacelerar no setor de transporte - Canal Dana\" \/>\n<meta property=\"og:description\" content=\"Carga Pesada\/CNT &nbsp; Nova rodada da Pesquisa de Impacto no Transporte \u2013 Covid-19, da CNT, mostra que empresas de transporte est\u00e3o mais otimistas com o p\u00f3s-pandemia, mas ainda enfrentam dificuldades de acesso a cr\u00e9dito e temem fim da desonera\u00e7\u00e3o da folha de pagamento &nbsp; Pela primeira vez, em tr\u00eas meses, houve uma estabiliza\u00e7\u00e3o do n\u00famero\u2026 Leia mais \u00bb\" \/>\n<meta property=\"og:url\" content=\"https:\/\/dana.com.br\/canaldana\/2020\/09\/15\/ritmo-de-demissoes-comeca-a-desacelerar-no-setor-de-transporte\/\" \/>\n<meta property=\"og:site_name\" content=\"Canal Dana\" \/>\n<meta property=\"article:published_time\" content=\"2020-09-15T12:09:32+00:00\" \/>\n<meta name=\"author\" content=\"Canal Dana\" \/>\n<meta name=\"twitter:card\" content=\"summary_large_image\" \/>\n<meta name=\"twitter:label1\" content=\"Escrito por\" \/>\n\t<meta name=\"twitter:data1\" content=\"Canal Dana\" \/>\n\t<meta name=\"twitter:label2\" content=\"Est. tempo de leitura\" \/>\n\t<meta name=\"twitter:data2\" content=\"4 minutos\" \/>\n<script type=\"application\/ld+json\" class=\"yoast-schema-graph\">{\"@context\":\"https:\\\/\\\/schema.org\",\"@graph\":[{\"@type\":\"Article\",\"@id\":\"https:\\\/\\\/dana.com.br\\\/canaldana\\\/2020\\\/09\\\/15\\\/ritmo-de-demissoes-comeca-a-desacelerar-no-setor-de-transporte\\\/#article\",\"isPartOf\":{\"@id\":\"https:\\\/\\\/dana.com.br\\\/canaldana\\\/2020\\\/09\\\/15\\\/ritmo-de-demissoes-comeca-a-desacelerar-no-setor-de-transporte\\\/\"},\"author\":{\"name\":\"Canal Dana\",\"@id\":\"https:\\\/\\\/dana.com.br\\\/canaldana\\\/#\\\/schema\\\/person\\\/3c21f22f56fcf3bc46b94bc60ea4fef6\"},\"headline\":\"Ritmo de demiss\u00f5es come\u00e7a a desacelerar no setor de transporte\",\"datePublished\":\"2020-09-15T12:09:32+00:00\",\"mainEntityOfPage\":{\"@id\":\"https:\\\/\\\/dana.com.br\\\/canaldana\\\/2020\\\/09\\\/15\\\/ritmo-de-demissoes-comeca-a-desacelerar-no-setor-de-transporte\\\/\"},\"wordCount\":754,\"articleSection\":[\"Mercado\"],\"inLanguage\":\"pt-BR\"},{\"@type\":\"WebPage\",\"@id\":\"https:\\\/\\\/dana.com.br\\\/canaldana\\\/2020\\\/09\\\/15\\\/ritmo-de-demissoes-comeca-a-desacelerar-no-setor-de-transporte\\\/\",\"url\":\"https:\\\/\\\/dana.com.br\\\/canaldana\\\/2020\\\/09\\\/15\\\/ritmo-de-demissoes-comeca-a-desacelerar-no-setor-de-transporte\\\/\",\"name\":\"Ritmo de demiss\u00f5es come\u00e7a a desacelerar no setor de transporte - Canal Dana\",\"isPartOf\":{\"@id\":\"https:\\\/\\\/dana.com.br\\\/canaldana\\\/#website\"},\"datePublished\":\"2020-09-15T12:09:32+00:00\",\"author\":{\"@id\":\"https:\\\/\\\/dana.com.br\\\/canaldana\\\/#\\\/schema\\\/person\\\/3c21f22f56fcf3bc46b94bc60ea4fef6\"},\"breadcrumb\":{\"@id\":\"https:\\\/\\\/dana.com.br\\\/canaldana\\\/2020\\\/09\\\/15\\\/ritmo-de-demissoes-comeca-a-desacelerar-no-setor-de-transporte\\\/#breadcrumb\"},\"inLanguage\":\"pt-BR\",\"potentialAction\":[{\"@type\":\"ReadAction\",\"target\":[\"https:\\\/\\\/dana.com.br\\\/canaldana\\\/2020\\\/09\\\/15\\\/ritmo-de-demissoes-comeca-a-desacelerar-no-setor-de-transporte\\\/\"]}]},{\"@type\":\"BreadcrumbList\",\"@id\":\"https:\\\/\\\/dana.com.br\\\/canaldana\\\/2020\\\/09\\\/15\\\/ritmo-de-demissoes-comeca-a-desacelerar-no-setor-de-transporte\\\/#breadcrumb\",\"itemListElement\":[{\"@type\":\"ListItem\",\"position\":1,\"name\":\"Home\",\"item\":\"https:\\\/\\\/dana.com.br\\\/canaldana\\\/\"},{\"@type\":\"ListItem\",\"position\":2,\"name\":\"Mercado\",\"item\":\"https:\\\/\\\/dana.com.br\\\/canaldana\\\/mercado\\\/\"},{\"@type\":\"ListItem\",\"position\":3,\"name\":\"Ritmo de demiss\u00f5es come\u00e7a a desacelerar no setor de transporte\"}]},{\"@type\":\"WebSite\",\"@id\":\"https:\\\/\\\/dana.com.br\\\/canaldana\\\/#website\",\"url\":\"https:\\\/\\\/dana.com.br\\\/canaldana\\\/\",\"name\":\"Canal Dana\",\"description\":\"Informativo com as principais not\u00edcias da ind\u00fastria automotiva\",\"potentialAction\":[{\"@type\":\"SearchAction\",\"target\":{\"@type\":\"EntryPoint\",\"urlTemplate\":\"https:\\\/\\\/dana.com.br\\\/canaldana\\\/?s={search_term_string}\"},\"query-input\":{\"@type\":\"PropertyValueSpecification\",\"valueRequired\":true,\"valueName\":\"search_term_string\"}}],\"inLanguage\":\"pt-BR\"},{\"@type\":\"Person\",\"@id\":\"https:\\\/\\\/dana.com.br\\\/canaldana\\\/#\\\/schema\\\/person\\\/3c21f22f56fcf3bc46b94bc60ea4fef6\",\"name\":\"Canal Dana\",\"image\":{\"@type\":\"ImageObject\",\"inLanguage\":\"pt-BR\",\"@id\":\"https:\\\/\\\/secure.gravatar.com\\\/avatar\\\/420aaf9278582877d9018637c6817617705899d2858d7572ef0fe59a6b6454b4?s=96&d=mm&r=g\",\"url\":\"https:\\\/\\\/secure.gravatar.com\\\/avatar\\\/420aaf9278582877d9018637c6817617705899d2858d7572ef0fe59a6b6454b4?s=96&d=mm&r=g\",\"contentUrl\":\"https:\\\/\\\/secure.gravatar.com\\\/avatar\\\/420aaf9278582877d9018637c6817617705899d2858d7572ef0fe59a6b6454b4?s=96&d=mm&r=g\",\"caption\":\"Canal Dana\"},\"url\":\"https:\\\/\\\/dana.com.br\\\/canaldana\\\/author\\\/cdeditor\\\/\"}]}<\/script>\n<!-- \/ Yoast SEO plugin. -->","yoast_head_json":{"title":"Ritmo de demiss\u00f5es come\u00e7a a desacelerar no setor de transporte - Canal Dana","robots":{"index":"index","follow":"follow","max-snippet":"max-snippet:-1","max-image-preview":"max-image-preview:large","max-video-preview":"max-video-preview:-1"},"canonical":"https:\/\/dana.com.br\/canaldana\/2020\/09\/15\/ritmo-de-demissoes-comeca-a-desacelerar-no-setor-de-transporte\/","og_locale":"pt_BR","og_type":"article","og_title":"Ritmo de demiss\u00f5es come\u00e7a a desacelerar no setor de transporte - Canal Dana","og_description":"Carga Pesada\/CNT &nbsp; Nova rodada da Pesquisa de Impacto no Transporte \u2013 Covid-19, da CNT, mostra que empresas de transporte est\u00e3o mais otimistas com o p\u00f3s-pandemia, mas ainda enfrentam dificuldades de acesso a cr\u00e9dito e temem fim da desonera\u00e7\u00e3o da folha de pagamento &nbsp; Pela primeira vez, em tr\u00eas meses, houve uma estabiliza\u00e7\u00e3o do n\u00famero\u2026 Leia mais \u00bb","og_url":"https:\/\/dana.com.br\/canaldana\/2020\/09\/15\/ritmo-de-demissoes-comeca-a-desacelerar-no-setor-de-transporte\/","og_site_name":"Canal Dana","article_published_time":"2020-09-15T12:09:32+00:00","author":"Canal Dana","twitter_card":"summary_large_image","twitter_misc":{"Escrito por":"Canal Dana","Est. tempo de leitura":"4 minutos"},"schema":{"@context":"https:\/\/schema.org","@graph":[{"@type":"Article","@id":"https:\/\/dana.com.br\/canaldana\/2020\/09\/15\/ritmo-de-demissoes-comeca-a-desacelerar-no-setor-de-transporte\/#article","isPartOf":{"@id":"https:\/\/dana.com.br\/canaldana\/2020\/09\/15\/ritmo-de-demissoes-comeca-a-desacelerar-no-setor-de-transporte\/"},"author":{"name":"Canal Dana","@id":"https:\/\/dana.com.br\/canaldana\/#\/schema\/person\/3c21f22f56fcf3bc46b94bc60ea4fef6"},"headline":"Ritmo de demiss\u00f5es come\u00e7a a desacelerar no setor de transporte","datePublished":"2020-09-15T12:09:32+00:00","mainEntityOfPage":{"@id":"https:\/\/dana.com.br\/canaldana\/2020\/09\/15\/ritmo-de-demissoes-comeca-a-desacelerar-no-setor-de-transporte\/"},"wordCount":754,"articleSection":["Mercado"],"inLanguage":"pt-BR"},{"@type":"WebPage","@id":"https:\/\/dana.com.br\/canaldana\/2020\/09\/15\/ritmo-de-demissoes-comeca-a-desacelerar-no-setor-de-transporte\/","url":"https:\/\/dana.com.br\/canaldana\/2020\/09\/15\/ritmo-de-demissoes-comeca-a-desacelerar-no-setor-de-transporte\/","name":"Ritmo de demiss\u00f5es come\u00e7a a desacelerar no setor de transporte - Canal Dana","isPartOf":{"@id":"https:\/\/dana.com.br\/canaldana\/#website"},"datePublished":"2020-09-15T12:09:32+00:00","author":{"@id":"https:\/\/dana.com.br\/canaldana\/#\/schema\/person\/3c21f22f56fcf3bc46b94bc60ea4fef6"},"breadcrumb":{"@id":"https:\/\/dana.com.br\/canaldana\/2020\/09\/15\/ritmo-de-demissoes-comeca-a-desacelerar-no-setor-de-transporte\/#breadcrumb"},"inLanguage":"pt-BR","potentialAction":[{"@type":"ReadAction","target":["https:\/\/dana.com.br\/canaldana\/2020\/09\/15\/ritmo-de-demissoes-comeca-a-desacelerar-no-setor-de-transporte\/"]}]},{"@type":"BreadcrumbList","@id":"https:\/\/dana.com.br\/canaldana\/2020\/09\/15\/ritmo-de-demissoes-comeca-a-desacelerar-no-setor-de-transporte\/#breadcrumb","itemListElement":[{"@type":"ListItem","position":1,"name":"Home","item":"https:\/\/dana.com.br\/canaldana\/"},{"@type":"ListItem","position":2,"name":"Mercado","item":"https:\/\/dana.com.br\/canaldana\/mercado\/"},{"@type":"ListItem","position":3,"name":"Ritmo de demiss\u00f5es come\u00e7a a desacelerar no setor de transporte"}]},{"@type":"WebSite","@id":"https:\/\/dana.com.br\/canaldana\/#website","url":"https:\/\/dana.com.br\/canaldana\/","name":"Canal Dana","description":"Informativo com as principais not\u00edcias da ind\u00fastria automotiva","potentialAction":[{"@type":"SearchAction","target":{"@type":"EntryPoint","urlTemplate":"https:\/\/dana.com.br\/canaldana\/?s={search_term_string}"},"query-input":{"@type":"PropertyValueSpecification","valueRequired":true,"valueName":"search_term_string"}}],"inLanguage":"pt-BR"},{"@type":"Person","@id":"https:\/\/dana.com.br\/canaldana\/#\/schema\/person\/3c21f22f56fcf3bc46b94bc60ea4fef6","name":"Canal Dana","image":{"@type":"ImageObject","inLanguage":"pt-BR","@id":"https:\/\/secure.gravatar.com\/avatar\/420aaf9278582877d9018637c6817617705899d2858d7572ef0fe59a6b6454b4?s=96&d=mm&r=g","url":"https:\/\/secure.gravatar.com\/avatar\/420aaf9278582877d9018637c6817617705899d2858d7572ef0fe59a6b6454b4?s=96&d=mm&r=g","contentUrl":"https:\/\/secure.gravatar.com\/avatar\/420aaf9278582877d9018637c6817617705899d2858d7572ef0fe59a6b6454b4?s=96&d=mm&r=g","caption":"Canal Dana"},"url":"https:\/\/dana.com.br\/canaldana\/author\/cdeditor\/"}]}},"_links":{"self":[{"href":"https:\/\/dana.com.br\/canaldana\/wp-json\/wp\/v2\/posts\/44837","targetHints":{"allow":["GET"]}}],"collection":[{"href":"https:\/\/dana.com.br\/canaldana\/wp-json\/wp\/v2\/posts"}],"about":[{"href":"https:\/\/dana.com.br\/canaldana\/wp-json\/wp\/v2\/types\/post"}],"author":[{"embeddable":true,"href":"https:\/\/dana.com.br\/canaldana\/wp-json\/wp\/v2\/users\/3"}],"replies":[{"embeddable":true,"href":"https:\/\/dana.com.br\/canaldana\/wp-json\/wp\/v2\/comments?post=44837"}],"version-history":[{"count":0,"href":"https:\/\/dana.com.br\/canaldana\/wp-json\/wp\/v2\/posts\/44837\/revisions"}],"wp:attachment":[{"href":"https:\/\/dana.com.br\/canaldana\/wp-json\/wp\/v2\/media?parent=44837"}],"wp:term":[{"taxonomy":"category","embeddable":true,"href":"https:\/\/dana.com.br\/canaldana\/wp-json\/wp\/v2\/categories?post=44837"},{"taxonomy":"post_tag","embeddable":true,"href":"https:\/\/dana.com.br\/canaldana\/wp-json\/wp\/v2\/tags?post=44837"}],"curies":[{"name":"wp","href":"https:\/\/api.w.org\/{rel}","templated":true}]}}