{"id":44835,"date":"2020-09-15T09:08:42","date_gmt":"2020-09-15T12:08:42","guid":{"rendered":"https:\/\/dana.com.br\/canaldana\/?p=44835"},"modified":"2020-09-15T09:08:42","modified_gmt":"2020-09-15T12:08:42","slug":"na-volkswagen-quem-nao-aderir-ao-pdv-tera-5-anos-de-estabilidade","status":"publish","type":"post","link":"https:\/\/dana.com.br\/canaldana\/2020\/09\/15\/na-volkswagen-quem-nao-aderir-ao-pdv-tera-5-anos-de-estabilidade\/","title":{"rendered":"Na Volkswagen, quem n\u00e3o aderir ao PDV ter\u00e1 5 anos de estabilidade"},"content":{"rendered":"<p><em>AutoInd\u00fastria<\/em><\/p>\n<p>&nbsp;<\/p>\n<p>Ap\u00f3s amea\u00e7ar um corte de 35% de seu efetivo no Brasil, a Volkswagen acertou uma proposta de acordo com os Sindicatos de Metal\u00fargicos nas localidades onde opera que ser\u00e1 apreciada agora pelos seus funcion\u00e1rios. Na f\u00e1brica da Anchieta, em S\u00e3o Bernardo do Campo, SP, a proposta ser\u00e1 votada nesta ter\u00e7a-feira, 14, \u00e0s 14h, em assembleia presencial, a primeira desde que come\u00e7ou a pandemia da Covid-19.<\/p>\n<p>&nbsp;<\/p>\n<p>Conforme j\u00e1 havia sido divulgado, ser\u00e1 aberto PDV, Programa de Demiss\u00e3o Volunt\u00e1ria, em todas as suas unidades. Quem aderir em uma primeira fase, cujo prazo ainda n\u00e3o foi definido, receber\u00e1 20 sal\u00e1rios adicionais. Numa segunda etapa, ser\u00e3o 10 sal\u00e1rios adicionais. Quem n\u00e3o aderir ter\u00e1 garantia de estabilidade no emprego por 5 anos, segundo informa\u00e7\u00f5es do Sindicato dos Metal\u00fargicos do ABC.<\/p>\n<p>&nbsp;<\/p>\n<p>A proposta tamb\u00e9m vale para as f\u00e1bricas de Taubat\u00e9 e S\u00e3o Carlos, SP, e S\u00e3o Jos\u00e9 dos Pinhais, PR. Na avalia\u00e7\u00e3o do presidente do Sindicato do ABC, Wagner Santana, diante do atual cen\u00e1rio a conquista de garantia de estabilidade por um per\u00edodo longo \u00e9 positiva. Ele refor\u00e7a, no entanto, que caber\u00e1 ao trabalhador avaliar e decidir se o conjunto da proposta \u00e9 do seu interesse.<\/p>\n<p>&nbsp;<\/p>\n<p>A proposta de acordo tamb\u00e9m estabelece crit\u00e9rios para reajustes salariais at\u00e9 2023. Este ano, por exemplo, n\u00e3o ser\u00e1 aplicado o INPC no limite de 5%, \u201csendo este convertido em abono no valor de R$ 6 mil a ser pago junto com a 2\u00aa parcela da PPR, Participa\u00e7\u00e3o nos Lucros e Resultados, de 2020. A PPR deste ano foi fixada em R$12.800 e as dos pr\u00f3ximos anos ser\u00e3o reajustadas pelo INPC do ano anterior.<\/p>\n<p>&nbsp;<\/p>\n<p>J\u00e1 ficou pr\u00e9-acertado que caso o n\u00famero de ve\u00edculos produzidos nas quatro plantas no ano exceda o limite de 580 mil, as partes se comprometem a reavaliar as condi\u00e7\u00f5es estabelecidas para o referido ano. Al\u00e9m disso, a Volkswagen poder\u00e1 aplicar lay-off at\u00e9 o limite de 10 meses, garantindo pelo menos 82,5% do sal\u00e1rio l\u00edquido do trabalhador.<\/p>\n<p>&nbsp;<\/p>\n<p>O pagamento do 13\u00ba sal\u00e1rio e da PPR ser\u00e1 calculado considerando a proporcionalidade de 70% para cada 1\/12 avos do valor por m\u00eas, ao longo dos cinco primeiros meses do per\u00edodo em que o funcion\u00e1rio estiver em lay-off. Do sexto ao d\u00e9cimo m\u00eas, n\u00e3o haver\u00e1 impacto em 13\u00b0sal\u00e1rio e PPR. (AutoInd\u00fastria)<\/p>\n","protected":false},"excerpt":{"rendered":"<p>AutoInd\u00fastria &nbsp; Ap\u00f3s amea\u00e7ar um corte de 35% de seu efetivo no Brasil, a Volkswagen acertou uma proposta de acordo com os Sindicatos de Metal\u00fargicos nas localidades onde opera que ser\u00e1 apreciada agora pelos seus funcion\u00e1rios. Na f\u00e1brica da Anchieta, em S\u00e3o Bernardo do Campo, SP, a proposta ser\u00e1 votada nesta ter\u00e7a-feira, 14, \u00e0s 14h,\u2026 <a class=\"readmore\" href=\"https:\/\/dana.com.br\/canaldana\/2020\/09\/15\/na-volkswagen-quem-nao-aderir-ao-pdv-tera-5-anos-de-estabilidade\/\">Leia mais \u00bb<\/a><\/p>\n","protected":false},"author":3,"featured_media":0,"comment_status":"closed","ping_status":"closed","sticky":false,"template":"","format":"standard","meta":{"_acf_changed":false,"footnotes":""},"categories":[79],"tags":[],"class_list":["post-44835","post","type-post","status-publish","format-standard","hentry","category-mercado"],"acf":[],"yoast_head":"<!-- This site is optimized with the Yoast SEO plugin v27.5 - https:\/\/yoast.com\/product\/yoast-seo-wordpress\/ -->\n<title>Na Volkswagen, quem n\u00e3o aderir ao PDV ter\u00e1 5 anos de estabilidade - Canal Dana<\/title>\n<meta name=\"robots\" content=\"index, follow, max-snippet:-1, max-image-preview:large, max-video-preview:-1\" \/>\n<link rel=\"canonical\" href=\"https:\/\/dana.com.br\/canaldana\/2020\/09\/15\/na-volkswagen-quem-nao-aderir-ao-pdv-tera-5-anos-de-estabilidade\/\" \/>\n<meta property=\"og:locale\" content=\"pt_BR\" \/>\n<meta property=\"og:type\" content=\"article\" \/>\n<meta property=\"og:title\" content=\"Na Volkswagen, quem n\u00e3o aderir ao PDV ter\u00e1 5 anos de estabilidade - Canal Dana\" \/>\n<meta property=\"og:description\" content=\"AutoInd\u00fastria &nbsp; Ap\u00f3s amea\u00e7ar um corte de 35% de seu efetivo no Brasil, a Volkswagen acertou uma proposta de acordo com os Sindicatos de Metal\u00fargicos nas localidades onde opera que ser\u00e1 apreciada agora pelos seus funcion\u00e1rios. Na f\u00e1brica da Anchieta, em S\u00e3o Bernardo do Campo, SP, a proposta ser\u00e1 votada nesta ter\u00e7a-feira, 14, \u00e0s 14h,\u2026 Leia mais \u00bb\" \/>\n<meta property=\"og:url\" content=\"https:\/\/dana.com.br\/canaldana\/2020\/09\/15\/na-volkswagen-quem-nao-aderir-ao-pdv-tera-5-anos-de-estabilidade\/\" \/>\n<meta property=\"og:site_name\" content=\"Canal Dana\" \/>\n<meta property=\"article:published_time\" content=\"2020-09-15T12:08:42+00:00\" \/>\n<meta name=\"author\" content=\"Canal Dana\" \/>\n<meta name=\"twitter:card\" content=\"summary_large_image\" \/>\n<meta name=\"twitter:label1\" content=\"Escrito por\" \/>\n\t<meta name=\"twitter:data1\" content=\"Canal Dana\" \/>\n\t<meta name=\"twitter:label2\" content=\"Est. tempo de leitura\" \/>\n\t<meta name=\"twitter:data2\" content=\"2 minutos\" \/>\n<script type=\"application\/ld+json\" class=\"yoast-schema-graph\">{\"@context\":\"https:\\\/\\\/schema.org\",\"@graph\":[{\"@type\":\"Article\",\"@id\":\"https:\\\/\\\/dana.com.br\\\/canaldana\\\/2020\\\/09\\\/15\\\/na-volkswagen-quem-nao-aderir-ao-pdv-tera-5-anos-de-estabilidade\\\/#article\",\"isPartOf\":{\"@id\":\"https:\\\/\\\/dana.com.br\\\/canaldana\\\/2020\\\/09\\\/15\\\/na-volkswagen-quem-nao-aderir-ao-pdv-tera-5-anos-de-estabilidade\\\/\"},\"author\":{\"name\":\"Canal Dana\",\"@id\":\"https:\\\/\\\/dana.com.br\\\/canaldana\\\/#\\\/schema\\\/person\\\/3c21f22f56fcf3bc46b94bc60ea4fef6\"},\"headline\":\"Na Volkswagen, quem n\u00e3o aderir ao PDV ter\u00e1 5 anos de estabilidade\",\"datePublished\":\"2020-09-15T12:08:42+00:00\",\"mainEntityOfPage\":{\"@id\":\"https:\\\/\\\/dana.com.br\\\/canaldana\\\/2020\\\/09\\\/15\\\/na-volkswagen-quem-nao-aderir-ao-pdv-tera-5-anos-de-estabilidade\\\/\"},\"wordCount\":419,\"articleSection\":[\"Mercado\"],\"inLanguage\":\"pt-BR\"},{\"@type\":\"WebPage\",\"@id\":\"https:\\\/\\\/dana.com.br\\\/canaldana\\\/2020\\\/09\\\/15\\\/na-volkswagen-quem-nao-aderir-ao-pdv-tera-5-anos-de-estabilidade\\\/\",\"url\":\"https:\\\/\\\/dana.com.br\\\/canaldana\\\/2020\\\/09\\\/15\\\/na-volkswagen-quem-nao-aderir-ao-pdv-tera-5-anos-de-estabilidade\\\/\",\"name\":\"Na Volkswagen, quem n\u00e3o aderir ao PDV ter\u00e1 5 anos de estabilidade - Canal Dana\",\"isPartOf\":{\"@id\":\"https:\\\/\\\/dana.com.br\\\/canaldana\\\/#website\"},\"datePublished\":\"2020-09-15T12:08:42+00:00\",\"author\":{\"@id\":\"https:\\\/\\\/dana.com.br\\\/canaldana\\\/#\\\/schema\\\/person\\\/3c21f22f56fcf3bc46b94bc60ea4fef6\"},\"breadcrumb\":{\"@id\":\"https:\\\/\\\/dana.com.br\\\/canaldana\\\/2020\\\/09\\\/15\\\/na-volkswagen-quem-nao-aderir-ao-pdv-tera-5-anos-de-estabilidade\\\/#breadcrumb\"},\"inLanguage\":\"pt-BR\",\"potentialAction\":[{\"@type\":\"ReadAction\",\"target\":[\"https:\\\/\\\/dana.com.br\\\/canaldana\\\/2020\\\/09\\\/15\\\/na-volkswagen-quem-nao-aderir-ao-pdv-tera-5-anos-de-estabilidade\\\/\"]}]},{\"@type\":\"BreadcrumbList\",\"@id\":\"https:\\\/\\\/dana.com.br\\\/canaldana\\\/2020\\\/09\\\/15\\\/na-volkswagen-quem-nao-aderir-ao-pdv-tera-5-anos-de-estabilidade\\\/#breadcrumb\",\"itemListElement\":[{\"@type\":\"ListItem\",\"position\":1,\"name\":\"Home\",\"item\":\"https:\\\/\\\/dana.com.br\\\/canaldana\\\/\"},{\"@type\":\"ListItem\",\"position\":2,\"name\":\"Mercado\",\"item\":\"https:\\\/\\\/dana.com.br\\\/canaldana\\\/mercado\\\/\"},{\"@type\":\"ListItem\",\"position\":3,\"name\":\"Na Volkswagen, quem n\u00e3o aderir ao PDV ter\u00e1 5 anos de estabilidade\"}]},{\"@type\":\"WebSite\",\"@id\":\"https:\\\/\\\/dana.com.br\\\/canaldana\\\/#website\",\"url\":\"https:\\\/\\\/dana.com.br\\\/canaldana\\\/\",\"name\":\"Canal Dana\",\"description\":\"Informativo com as principais not\u00edcias da ind\u00fastria automotiva\",\"potentialAction\":[{\"@type\":\"SearchAction\",\"target\":{\"@type\":\"EntryPoint\",\"urlTemplate\":\"https:\\\/\\\/dana.com.br\\\/canaldana\\\/?s={search_term_string}\"},\"query-input\":{\"@type\":\"PropertyValueSpecification\",\"valueRequired\":true,\"valueName\":\"search_term_string\"}}],\"inLanguage\":\"pt-BR\"},{\"@type\":\"Person\",\"@id\":\"https:\\\/\\\/dana.com.br\\\/canaldana\\\/#\\\/schema\\\/person\\\/3c21f22f56fcf3bc46b94bc60ea4fef6\",\"name\":\"Canal Dana\",\"image\":{\"@type\":\"ImageObject\",\"inLanguage\":\"pt-BR\",\"@id\":\"https:\\\/\\\/secure.gravatar.com\\\/avatar\\\/420aaf9278582877d9018637c6817617705899d2858d7572ef0fe59a6b6454b4?s=96&d=mm&r=g\",\"url\":\"https:\\\/\\\/secure.gravatar.com\\\/avatar\\\/420aaf9278582877d9018637c6817617705899d2858d7572ef0fe59a6b6454b4?s=96&d=mm&r=g\",\"contentUrl\":\"https:\\\/\\\/secure.gravatar.com\\\/avatar\\\/420aaf9278582877d9018637c6817617705899d2858d7572ef0fe59a6b6454b4?s=96&d=mm&r=g\",\"caption\":\"Canal Dana\"},\"url\":\"https:\\\/\\\/dana.com.br\\\/canaldana\\\/author\\\/cdeditor\\\/\"}]}<\/script>\n<!-- \/ Yoast SEO plugin. -->","yoast_head_json":{"title":"Na Volkswagen, quem n\u00e3o aderir ao PDV ter\u00e1 5 anos de estabilidade - Canal Dana","robots":{"index":"index","follow":"follow","max-snippet":"max-snippet:-1","max-image-preview":"max-image-preview:large","max-video-preview":"max-video-preview:-1"},"canonical":"https:\/\/dana.com.br\/canaldana\/2020\/09\/15\/na-volkswagen-quem-nao-aderir-ao-pdv-tera-5-anos-de-estabilidade\/","og_locale":"pt_BR","og_type":"article","og_title":"Na Volkswagen, quem n\u00e3o aderir ao PDV ter\u00e1 5 anos de estabilidade - Canal Dana","og_description":"AutoInd\u00fastria &nbsp; Ap\u00f3s amea\u00e7ar um corte de 35% de seu efetivo no Brasil, a Volkswagen acertou uma proposta de acordo com os Sindicatos de Metal\u00fargicos nas localidades onde opera que ser\u00e1 apreciada agora pelos seus funcion\u00e1rios. Na f\u00e1brica da Anchieta, em S\u00e3o Bernardo do Campo, SP, a proposta ser\u00e1 votada nesta ter\u00e7a-feira, 14, \u00e0s 14h,\u2026 Leia mais \u00bb","og_url":"https:\/\/dana.com.br\/canaldana\/2020\/09\/15\/na-volkswagen-quem-nao-aderir-ao-pdv-tera-5-anos-de-estabilidade\/","og_site_name":"Canal Dana","article_published_time":"2020-09-15T12:08:42+00:00","author":"Canal Dana","twitter_card":"summary_large_image","twitter_misc":{"Escrito por":"Canal Dana","Est. tempo de leitura":"2 minutos"},"schema":{"@context":"https:\/\/schema.org","@graph":[{"@type":"Article","@id":"https:\/\/dana.com.br\/canaldana\/2020\/09\/15\/na-volkswagen-quem-nao-aderir-ao-pdv-tera-5-anos-de-estabilidade\/#article","isPartOf":{"@id":"https:\/\/dana.com.br\/canaldana\/2020\/09\/15\/na-volkswagen-quem-nao-aderir-ao-pdv-tera-5-anos-de-estabilidade\/"},"author":{"name":"Canal Dana","@id":"https:\/\/dana.com.br\/canaldana\/#\/schema\/person\/3c21f22f56fcf3bc46b94bc60ea4fef6"},"headline":"Na Volkswagen, quem n\u00e3o aderir ao PDV ter\u00e1 5 anos de estabilidade","datePublished":"2020-09-15T12:08:42+00:00","mainEntityOfPage":{"@id":"https:\/\/dana.com.br\/canaldana\/2020\/09\/15\/na-volkswagen-quem-nao-aderir-ao-pdv-tera-5-anos-de-estabilidade\/"},"wordCount":419,"articleSection":["Mercado"],"inLanguage":"pt-BR"},{"@type":"WebPage","@id":"https:\/\/dana.com.br\/canaldana\/2020\/09\/15\/na-volkswagen-quem-nao-aderir-ao-pdv-tera-5-anos-de-estabilidade\/","url":"https:\/\/dana.com.br\/canaldana\/2020\/09\/15\/na-volkswagen-quem-nao-aderir-ao-pdv-tera-5-anos-de-estabilidade\/","name":"Na Volkswagen, quem n\u00e3o aderir ao PDV ter\u00e1 5 anos de estabilidade - Canal Dana","isPartOf":{"@id":"https:\/\/dana.com.br\/canaldana\/#website"},"datePublished":"2020-09-15T12:08:42+00:00","author":{"@id":"https:\/\/dana.com.br\/canaldana\/#\/schema\/person\/3c21f22f56fcf3bc46b94bc60ea4fef6"},"breadcrumb":{"@id":"https:\/\/dana.com.br\/canaldana\/2020\/09\/15\/na-volkswagen-quem-nao-aderir-ao-pdv-tera-5-anos-de-estabilidade\/#breadcrumb"},"inLanguage":"pt-BR","potentialAction":[{"@type":"ReadAction","target":["https:\/\/dana.com.br\/canaldana\/2020\/09\/15\/na-volkswagen-quem-nao-aderir-ao-pdv-tera-5-anos-de-estabilidade\/"]}]},{"@type":"BreadcrumbList","@id":"https:\/\/dana.com.br\/canaldana\/2020\/09\/15\/na-volkswagen-quem-nao-aderir-ao-pdv-tera-5-anos-de-estabilidade\/#breadcrumb","itemListElement":[{"@type":"ListItem","position":1,"name":"Home","item":"https:\/\/dana.com.br\/canaldana\/"},{"@type":"ListItem","position":2,"name":"Mercado","item":"https:\/\/dana.com.br\/canaldana\/mercado\/"},{"@type":"ListItem","position":3,"name":"Na Volkswagen, quem n\u00e3o aderir ao PDV ter\u00e1 5 anos de estabilidade"}]},{"@type":"WebSite","@id":"https:\/\/dana.com.br\/canaldana\/#website","url":"https:\/\/dana.com.br\/canaldana\/","name":"Canal Dana","description":"Informativo com as principais not\u00edcias da ind\u00fastria automotiva","potentialAction":[{"@type":"SearchAction","target":{"@type":"EntryPoint","urlTemplate":"https:\/\/dana.com.br\/canaldana\/?s={search_term_string}"},"query-input":{"@type":"PropertyValueSpecification","valueRequired":true,"valueName":"search_term_string"}}],"inLanguage":"pt-BR"},{"@type":"Person","@id":"https:\/\/dana.com.br\/canaldana\/#\/schema\/person\/3c21f22f56fcf3bc46b94bc60ea4fef6","name":"Canal Dana","image":{"@type":"ImageObject","inLanguage":"pt-BR","@id":"https:\/\/secure.gravatar.com\/avatar\/420aaf9278582877d9018637c6817617705899d2858d7572ef0fe59a6b6454b4?s=96&d=mm&r=g","url":"https:\/\/secure.gravatar.com\/avatar\/420aaf9278582877d9018637c6817617705899d2858d7572ef0fe59a6b6454b4?s=96&d=mm&r=g","contentUrl":"https:\/\/secure.gravatar.com\/avatar\/420aaf9278582877d9018637c6817617705899d2858d7572ef0fe59a6b6454b4?s=96&d=mm&r=g","caption":"Canal Dana"},"url":"https:\/\/dana.com.br\/canaldana\/author\/cdeditor\/"}]}},"_links":{"self":[{"href":"https:\/\/dana.com.br\/canaldana\/wp-json\/wp\/v2\/posts\/44835","targetHints":{"allow":["GET"]}}],"collection":[{"href":"https:\/\/dana.com.br\/canaldana\/wp-json\/wp\/v2\/posts"}],"about":[{"href":"https:\/\/dana.com.br\/canaldana\/wp-json\/wp\/v2\/types\/post"}],"author":[{"embeddable":true,"href":"https:\/\/dana.com.br\/canaldana\/wp-json\/wp\/v2\/users\/3"}],"replies":[{"embeddable":true,"href":"https:\/\/dana.com.br\/canaldana\/wp-json\/wp\/v2\/comments?post=44835"}],"version-history":[{"count":0,"href":"https:\/\/dana.com.br\/canaldana\/wp-json\/wp\/v2\/posts\/44835\/revisions"}],"wp:attachment":[{"href":"https:\/\/dana.com.br\/canaldana\/wp-json\/wp\/v2\/media?parent=44835"}],"wp:term":[{"taxonomy":"category","embeddable":true,"href":"https:\/\/dana.com.br\/canaldana\/wp-json\/wp\/v2\/categories?post=44835"},{"taxonomy":"post_tag","embeddable":true,"href":"https:\/\/dana.com.br\/canaldana\/wp-json\/wp\/v2\/tags?post=44835"}],"curies":[{"name":"wp","href":"https:\/\/api.w.org\/{rel}","templated":true}]}}