{"id":44782,"date":"2020-09-11T08:39:02","date_gmt":"2020-09-11T11:39:02","guid":{"rendered":"https:\/\/dana.com.br\/canaldana\/?p=44782"},"modified":"2020-09-11T08:39:02","modified_gmt":"2020-09-11T11:39:02","slug":"centro-de-design-da-nissan-no-brasil-vai-desenvolver-produtos-fora-do-setor-automotivo","status":"publish","type":"post","link":"https:\/\/dana.com.br\/canaldana\/2020\/09\/11\/centro-de-design-da-nissan-no-brasil-vai-desenvolver-produtos-fora-do-setor-automotivo\/","title":{"rendered":"Centro de design da Nissan no Brasil vai desenvolver produtos fora do setor automotivo"},"content":{"rendered":"<p><em>O Estado de S. Paulo <\/em><\/p>\n<p>&nbsp;<\/p>\n<p>A Nissan anunciou ontem quinta-feira, 10, um novo neg\u00f3cio do grupo no Brasil, que \u00e9 a venda de servi\u00e7os de consultoria de design para outros segmentos fora da ind\u00fastria automotiva, como projetos de mobilidade, design de ambientes internos e externos, pe\u00e7as em geral e comunica\u00e7\u00e3o visual. O objetivo da a\u00e7\u00e3o in\u00e9dita no setor, segundo a empresa, \u00e9 levar a marca para dentro das casas dos clientes \u201ce gerar inova\u00e7\u00e3o e paix\u00e3o\u201d.<\/p>\n<p>&nbsp;<\/p>\n<p>O novo Est\u00fadio de Design da Nissan Am\u00e9rica Latina, instalado em S\u00e3o Paulo e batizado como The Box, \u00e9 o \u00fanico da regi\u00e3o e um dos oito que o grupo tem globalmente. Mesmo antes de sua instala\u00e7\u00e3o, a empresa j\u00e1 tinha sido respons\u00e1vel pelo projeto global do utilit\u00e1rio-esportivo Kicks, o mais vendido da marca no mercado brasileiro, e pela renova\u00e7\u00e3o de outros modelos.<\/p>\n<p>&nbsp;<\/p>\n<p>John Sahs, designer chefe da Nissan Am\u00e9rica Latina, afirma que a ideia \u00e9 \u201cexpandir a criatividade da marca para fora da ind\u00fastria automotiva\u201d. A empresa, diz, poder\u00e1 oferecer a diversificados clientes produtos com design inovadores. Como exemplos, ele cita bicicletas el\u00e9tricas, l\u00e2mpadas, hashi, m\u00f3veis e parklets (espa\u00e7os p\u00fablicos nas cal\u00e7adas).<\/p>\n<p>&nbsp;<\/p>\n<p>Segundo o executivo que j\u00e1 trabalhou no Jap\u00e3o e nos Estados Unidos, entre outros pa\u00edses, o est\u00fadio brasileiro ser\u00e1 o primeiro a oferecer servi\u00e7os de consultoria para consumidores em geral, projeto que futuramente tamb\u00e9m ser\u00e1 estendido aos centros de outros pa\u00edses como Jap\u00e3o, \u00cdndia e Inglaterra.<\/p>\n<p>&nbsp;<\/p>\n<p>Sahs ressalta que o desenvolvimento de um carro incorpora criatividade em v\u00e1rias \u00e1reas, internas e externas. \u201cCom a experi\u00eancia no setor, podemos desenvolver diferentes solu\u00e7\u00f5es para outros segmentos\u201d, afirma. O desenvolvimento do banco de um carro, por exemplo, ajuda na cria\u00e7\u00e3o de bancos para outros tipos de uso.<\/p>\n<p>&nbsp;<\/p>\n<p>Ele informa que a empresa j\u00e1 tem um cliente n\u00e3o automotivo, que ainda n\u00e3o pode ser revelado, e cujo projeto s\u00f3 est\u00e1 atrasado em raz\u00e3o da pandemia. \u201cO desafio \u00e9 encontrar clientes que buscam um estilo art\u00edstico, criado por um est\u00fadio reconhecido pelo design automotivo\u201d, afirma ele. \u201c\u00c9 muito bacana ter este desafio e levar o nosso DNA do design da Nissan para outros setores; \u00e9 uma oportunidade para fazer diferen\u00e7a positiva na sociedade e para a Am\u00e9rica Latina.\u201d<\/p>\n<p>&nbsp;<\/p>\n<p>O The Box, nome inspirado na arquitetura externa do est\u00fadio, que se assemelha a uma caixa, foi inaugurado no ano passado e tem o objetivo de ser um laborat\u00f3rio de cria\u00e7\u00e3o de design para solu\u00e7\u00f5es de mobilidade do futuro. A empresa informa ter parcerias com institui\u00e7\u00f5es de ensino para contribuir no desenvolvimento das futuras gera\u00e7\u00f5es, por meio da troca de experi\u00eancias com foco em diversidade e boas pr\u00e1ticas dentro e fora da ind\u00fastria automotiva.<\/p>\n<p>&nbsp;<\/p>\n<p><strong>Reestrutura\u00e7\u00e3o <\/strong><\/p>\n<p>&nbsp;<\/p>\n<p>A Nissan vem passando por grande reestrutura\u00e7\u00e3o no Brasil e aguarda aval da matriz japonesa para iniciar a produ\u00e7\u00e3o de novos ve\u00edculos na f\u00e1brica de Resende (RJ). Em junho, foi a primeira montadora a anunciar corte significativo de pessoal durante a pandemia, de 398 funcion\u00e1rios \u2013 cerca de 15% de sua m\u00e3o de obra. Depois informou que, a partir deste m\u00eas, deixou de produzir o compacto March. Atualmente a marca, produz no Pa\u00eds apenas o SUV Kicks e o sed\u00e3 Versa V-Drive.<\/p>\n<p>&nbsp;<\/p>\n<p>A marca faz parte da alian\u00e7a Renault\/Nissan\/Mitsubishi cuja dire\u00e7\u00e3o global anunciou em junho que o grupo passar\u00e1 a operar em plataformas unificadas, ou seja, nos casos de Nissan e Renault, os ve\u00edculos fabricados no Brasil ser\u00e3o feitos nas mesmas bases, cada um com sua marca.\u00a0 O objetivo principal \u00e9 reduzir custos. (O Estado de S. Paulo\/Cleide Silva)<\/p>\n","protected":false},"excerpt":{"rendered":"<p>O Estado de S. Paulo &nbsp; A Nissan anunciou ontem quinta-feira, 10, um novo neg\u00f3cio do grupo no Brasil, que \u00e9 a venda de servi\u00e7os de consultoria de design para outros segmentos fora da ind\u00fastria automotiva, como projetos de mobilidade, design de ambientes internos e externos, pe\u00e7as em geral e comunica\u00e7\u00e3o visual. O objetivo da\u2026 <a class=\"readmore\" href=\"https:\/\/dana.com.br\/canaldana\/2020\/09\/11\/centro-de-design-da-nissan-no-brasil-vai-desenvolver-produtos-fora-do-setor-automotivo\/\">Leia mais \u00bb<\/a><\/p>\n","protected":false},"author":3,"featured_media":0,"comment_status":"closed","ping_status":"closed","sticky":false,"template":"","format":"standard","meta":{"_acf_changed":false,"footnotes":""},"categories":[61],"tags":[],"class_list":["post-44782","post","type-post","status-publish","format-standard","hentry","category-destaques"],"acf":[],"yoast_head":"<!-- This site is optimized with the Yoast SEO plugin v27.5 - https:\/\/yoast.com\/product\/yoast-seo-wordpress\/ -->\n<title>Centro de design da Nissan no Brasil vai desenvolver produtos fora do setor automotivo - Canal Dana<\/title>\n<meta name=\"robots\" content=\"index, follow, max-snippet:-1, max-image-preview:large, max-video-preview:-1\" \/>\n<link rel=\"canonical\" href=\"https:\/\/dana.com.br\/canaldana\/2020\/09\/11\/centro-de-design-da-nissan-no-brasil-vai-desenvolver-produtos-fora-do-setor-automotivo\/\" \/>\n<meta property=\"og:locale\" content=\"pt_BR\" \/>\n<meta property=\"og:type\" content=\"article\" \/>\n<meta property=\"og:title\" content=\"Centro de design da Nissan no Brasil vai desenvolver produtos fora do setor automotivo - Canal Dana\" \/>\n<meta property=\"og:description\" content=\"O Estado de S. Paulo &nbsp; A Nissan anunciou ontem quinta-feira, 10, um novo neg\u00f3cio do grupo no Brasil, que \u00e9 a venda de servi\u00e7os de consultoria de design para outros segmentos fora da ind\u00fastria automotiva, como projetos de mobilidade, design de ambientes internos e externos, pe\u00e7as em geral e comunica\u00e7\u00e3o visual. O objetivo da\u2026 Leia mais \u00bb\" \/>\n<meta property=\"og:url\" content=\"https:\/\/dana.com.br\/canaldana\/2020\/09\/11\/centro-de-design-da-nissan-no-brasil-vai-desenvolver-produtos-fora-do-setor-automotivo\/\" \/>\n<meta property=\"og:site_name\" content=\"Canal Dana\" \/>\n<meta property=\"article:published_time\" content=\"2020-09-11T11:39:02+00:00\" \/>\n<meta name=\"author\" content=\"Canal Dana\" \/>\n<meta name=\"twitter:card\" content=\"summary_large_image\" \/>\n<meta name=\"twitter:label1\" content=\"Escrito por\" \/>\n\t<meta name=\"twitter:data1\" content=\"Canal Dana\" \/>\n\t<meta name=\"twitter:label2\" content=\"Est. tempo de leitura\" \/>\n\t<meta name=\"twitter:data2\" content=\"3 minutos\" \/>\n<script type=\"application\/ld+json\" class=\"yoast-schema-graph\">{\"@context\":\"https:\\\/\\\/schema.org\",\"@graph\":[{\"@type\":\"Article\",\"@id\":\"https:\\\/\\\/dana.com.br\\\/canaldana\\\/2020\\\/09\\\/11\\\/centro-de-design-da-nissan-no-brasil-vai-desenvolver-produtos-fora-do-setor-automotivo\\\/#article\",\"isPartOf\":{\"@id\":\"https:\\\/\\\/dana.com.br\\\/canaldana\\\/2020\\\/09\\\/11\\\/centro-de-design-da-nissan-no-brasil-vai-desenvolver-produtos-fora-do-setor-automotivo\\\/\"},\"author\":{\"name\":\"Canal Dana\",\"@id\":\"https:\\\/\\\/dana.com.br\\\/canaldana\\\/#\\\/schema\\\/person\\\/3c21f22f56fcf3bc46b94bc60ea4fef6\"},\"headline\":\"Centro de design da Nissan no Brasil vai desenvolver produtos fora do setor automotivo\",\"datePublished\":\"2020-09-11T11:39:02+00:00\",\"mainEntityOfPage\":{\"@id\":\"https:\\\/\\\/dana.com.br\\\/canaldana\\\/2020\\\/09\\\/11\\\/centro-de-design-da-nissan-no-brasil-vai-desenvolver-produtos-fora-do-setor-automotivo\\\/\"},\"wordCount\":656,\"articleSection\":[\"Destaques\"],\"inLanguage\":\"pt-BR\"},{\"@type\":\"WebPage\",\"@id\":\"https:\\\/\\\/dana.com.br\\\/canaldana\\\/2020\\\/09\\\/11\\\/centro-de-design-da-nissan-no-brasil-vai-desenvolver-produtos-fora-do-setor-automotivo\\\/\",\"url\":\"https:\\\/\\\/dana.com.br\\\/canaldana\\\/2020\\\/09\\\/11\\\/centro-de-design-da-nissan-no-brasil-vai-desenvolver-produtos-fora-do-setor-automotivo\\\/\",\"name\":\"Centro de design da Nissan no Brasil vai desenvolver produtos fora do setor automotivo - Canal Dana\",\"isPartOf\":{\"@id\":\"https:\\\/\\\/dana.com.br\\\/canaldana\\\/#website\"},\"datePublished\":\"2020-09-11T11:39:02+00:00\",\"author\":{\"@id\":\"https:\\\/\\\/dana.com.br\\\/canaldana\\\/#\\\/schema\\\/person\\\/3c21f22f56fcf3bc46b94bc60ea4fef6\"},\"breadcrumb\":{\"@id\":\"https:\\\/\\\/dana.com.br\\\/canaldana\\\/2020\\\/09\\\/11\\\/centro-de-design-da-nissan-no-brasil-vai-desenvolver-produtos-fora-do-setor-automotivo\\\/#breadcrumb\"},\"inLanguage\":\"pt-BR\",\"potentialAction\":[{\"@type\":\"ReadAction\",\"target\":[\"https:\\\/\\\/dana.com.br\\\/canaldana\\\/2020\\\/09\\\/11\\\/centro-de-design-da-nissan-no-brasil-vai-desenvolver-produtos-fora-do-setor-automotivo\\\/\"]}]},{\"@type\":\"BreadcrumbList\",\"@id\":\"https:\\\/\\\/dana.com.br\\\/canaldana\\\/2020\\\/09\\\/11\\\/centro-de-design-da-nissan-no-brasil-vai-desenvolver-produtos-fora-do-setor-automotivo\\\/#breadcrumb\",\"itemListElement\":[{\"@type\":\"ListItem\",\"position\":1,\"name\":\"Home\",\"item\":\"https:\\\/\\\/dana.com.br\\\/canaldana\\\/\"},{\"@type\":\"ListItem\",\"position\":2,\"name\":\"Destaques\",\"item\":\"https:\\\/\\\/dana.com.br\\\/canaldana\\\/destaques\\\/\"},{\"@type\":\"ListItem\",\"position\":3,\"name\":\"Centro de design da Nissan no Brasil vai desenvolver produtos fora do setor automotivo\"}]},{\"@type\":\"WebSite\",\"@id\":\"https:\\\/\\\/dana.com.br\\\/canaldana\\\/#website\",\"url\":\"https:\\\/\\\/dana.com.br\\\/canaldana\\\/\",\"name\":\"Canal Dana\",\"description\":\"Informativo com as principais not\u00edcias da ind\u00fastria automotiva\",\"potentialAction\":[{\"@type\":\"SearchAction\",\"target\":{\"@type\":\"EntryPoint\",\"urlTemplate\":\"https:\\\/\\\/dana.com.br\\\/canaldana\\\/?s={search_term_string}\"},\"query-input\":{\"@type\":\"PropertyValueSpecification\",\"valueRequired\":true,\"valueName\":\"search_term_string\"}}],\"inLanguage\":\"pt-BR\"},{\"@type\":\"Person\",\"@id\":\"https:\\\/\\\/dana.com.br\\\/canaldana\\\/#\\\/schema\\\/person\\\/3c21f22f56fcf3bc46b94bc60ea4fef6\",\"name\":\"Canal Dana\",\"image\":{\"@type\":\"ImageObject\",\"inLanguage\":\"pt-BR\",\"@id\":\"https:\\\/\\\/secure.gravatar.com\\\/avatar\\\/420aaf9278582877d9018637c6817617705899d2858d7572ef0fe59a6b6454b4?s=96&d=mm&r=g\",\"url\":\"https:\\\/\\\/secure.gravatar.com\\\/avatar\\\/420aaf9278582877d9018637c6817617705899d2858d7572ef0fe59a6b6454b4?s=96&d=mm&r=g\",\"contentUrl\":\"https:\\\/\\\/secure.gravatar.com\\\/avatar\\\/420aaf9278582877d9018637c6817617705899d2858d7572ef0fe59a6b6454b4?s=96&d=mm&r=g\",\"caption\":\"Canal Dana\"},\"url\":\"https:\\\/\\\/dana.com.br\\\/canaldana\\\/author\\\/cdeditor\\\/\"}]}<\/script>\n<!-- \/ Yoast SEO plugin. -->","yoast_head_json":{"title":"Centro de design da Nissan no Brasil vai desenvolver produtos fora do setor automotivo - Canal Dana","robots":{"index":"index","follow":"follow","max-snippet":"max-snippet:-1","max-image-preview":"max-image-preview:large","max-video-preview":"max-video-preview:-1"},"canonical":"https:\/\/dana.com.br\/canaldana\/2020\/09\/11\/centro-de-design-da-nissan-no-brasil-vai-desenvolver-produtos-fora-do-setor-automotivo\/","og_locale":"pt_BR","og_type":"article","og_title":"Centro de design da Nissan no Brasil vai desenvolver produtos fora do setor automotivo - Canal Dana","og_description":"O Estado de S. Paulo &nbsp; A Nissan anunciou ontem quinta-feira, 10, um novo neg\u00f3cio do grupo no Brasil, que \u00e9 a venda de servi\u00e7os de consultoria de design para outros segmentos fora da ind\u00fastria automotiva, como projetos de mobilidade, design de ambientes internos e externos, pe\u00e7as em geral e comunica\u00e7\u00e3o visual. O objetivo da\u2026 Leia mais \u00bb","og_url":"https:\/\/dana.com.br\/canaldana\/2020\/09\/11\/centro-de-design-da-nissan-no-brasil-vai-desenvolver-produtos-fora-do-setor-automotivo\/","og_site_name":"Canal Dana","article_published_time":"2020-09-11T11:39:02+00:00","author":"Canal Dana","twitter_card":"summary_large_image","twitter_misc":{"Escrito por":"Canal Dana","Est. tempo de leitura":"3 minutos"},"schema":{"@context":"https:\/\/schema.org","@graph":[{"@type":"Article","@id":"https:\/\/dana.com.br\/canaldana\/2020\/09\/11\/centro-de-design-da-nissan-no-brasil-vai-desenvolver-produtos-fora-do-setor-automotivo\/#article","isPartOf":{"@id":"https:\/\/dana.com.br\/canaldana\/2020\/09\/11\/centro-de-design-da-nissan-no-brasil-vai-desenvolver-produtos-fora-do-setor-automotivo\/"},"author":{"name":"Canal Dana","@id":"https:\/\/dana.com.br\/canaldana\/#\/schema\/person\/3c21f22f56fcf3bc46b94bc60ea4fef6"},"headline":"Centro de design da Nissan no Brasil vai desenvolver produtos fora do setor automotivo","datePublished":"2020-09-11T11:39:02+00:00","mainEntityOfPage":{"@id":"https:\/\/dana.com.br\/canaldana\/2020\/09\/11\/centro-de-design-da-nissan-no-brasil-vai-desenvolver-produtos-fora-do-setor-automotivo\/"},"wordCount":656,"articleSection":["Destaques"],"inLanguage":"pt-BR"},{"@type":"WebPage","@id":"https:\/\/dana.com.br\/canaldana\/2020\/09\/11\/centro-de-design-da-nissan-no-brasil-vai-desenvolver-produtos-fora-do-setor-automotivo\/","url":"https:\/\/dana.com.br\/canaldana\/2020\/09\/11\/centro-de-design-da-nissan-no-brasil-vai-desenvolver-produtos-fora-do-setor-automotivo\/","name":"Centro de design da Nissan no Brasil vai desenvolver produtos fora do setor automotivo - Canal Dana","isPartOf":{"@id":"https:\/\/dana.com.br\/canaldana\/#website"},"datePublished":"2020-09-11T11:39:02+00:00","author":{"@id":"https:\/\/dana.com.br\/canaldana\/#\/schema\/person\/3c21f22f56fcf3bc46b94bc60ea4fef6"},"breadcrumb":{"@id":"https:\/\/dana.com.br\/canaldana\/2020\/09\/11\/centro-de-design-da-nissan-no-brasil-vai-desenvolver-produtos-fora-do-setor-automotivo\/#breadcrumb"},"inLanguage":"pt-BR","potentialAction":[{"@type":"ReadAction","target":["https:\/\/dana.com.br\/canaldana\/2020\/09\/11\/centro-de-design-da-nissan-no-brasil-vai-desenvolver-produtos-fora-do-setor-automotivo\/"]}]},{"@type":"BreadcrumbList","@id":"https:\/\/dana.com.br\/canaldana\/2020\/09\/11\/centro-de-design-da-nissan-no-brasil-vai-desenvolver-produtos-fora-do-setor-automotivo\/#breadcrumb","itemListElement":[{"@type":"ListItem","position":1,"name":"Home","item":"https:\/\/dana.com.br\/canaldana\/"},{"@type":"ListItem","position":2,"name":"Destaques","item":"https:\/\/dana.com.br\/canaldana\/destaques\/"},{"@type":"ListItem","position":3,"name":"Centro de design da Nissan no Brasil vai desenvolver produtos fora do setor automotivo"}]},{"@type":"WebSite","@id":"https:\/\/dana.com.br\/canaldana\/#website","url":"https:\/\/dana.com.br\/canaldana\/","name":"Canal Dana","description":"Informativo com as principais not\u00edcias da ind\u00fastria automotiva","potentialAction":[{"@type":"SearchAction","target":{"@type":"EntryPoint","urlTemplate":"https:\/\/dana.com.br\/canaldana\/?s={search_term_string}"},"query-input":{"@type":"PropertyValueSpecification","valueRequired":true,"valueName":"search_term_string"}}],"inLanguage":"pt-BR"},{"@type":"Person","@id":"https:\/\/dana.com.br\/canaldana\/#\/schema\/person\/3c21f22f56fcf3bc46b94bc60ea4fef6","name":"Canal Dana","image":{"@type":"ImageObject","inLanguage":"pt-BR","@id":"https:\/\/secure.gravatar.com\/avatar\/420aaf9278582877d9018637c6817617705899d2858d7572ef0fe59a6b6454b4?s=96&d=mm&r=g","url":"https:\/\/secure.gravatar.com\/avatar\/420aaf9278582877d9018637c6817617705899d2858d7572ef0fe59a6b6454b4?s=96&d=mm&r=g","contentUrl":"https:\/\/secure.gravatar.com\/avatar\/420aaf9278582877d9018637c6817617705899d2858d7572ef0fe59a6b6454b4?s=96&d=mm&r=g","caption":"Canal Dana"},"url":"https:\/\/dana.com.br\/canaldana\/author\/cdeditor\/"}]}},"_links":{"self":[{"href":"https:\/\/dana.com.br\/canaldana\/wp-json\/wp\/v2\/posts\/44782","targetHints":{"allow":["GET"]}}],"collection":[{"href":"https:\/\/dana.com.br\/canaldana\/wp-json\/wp\/v2\/posts"}],"about":[{"href":"https:\/\/dana.com.br\/canaldana\/wp-json\/wp\/v2\/types\/post"}],"author":[{"embeddable":true,"href":"https:\/\/dana.com.br\/canaldana\/wp-json\/wp\/v2\/users\/3"}],"replies":[{"embeddable":true,"href":"https:\/\/dana.com.br\/canaldana\/wp-json\/wp\/v2\/comments?post=44782"}],"version-history":[{"count":0,"href":"https:\/\/dana.com.br\/canaldana\/wp-json\/wp\/v2\/posts\/44782\/revisions"}],"wp:attachment":[{"href":"https:\/\/dana.com.br\/canaldana\/wp-json\/wp\/v2\/media?parent=44782"}],"wp:term":[{"taxonomy":"category","embeddable":true,"href":"https:\/\/dana.com.br\/canaldana\/wp-json\/wp\/v2\/categories?post=44782"},{"taxonomy":"post_tag","embeddable":true,"href":"https:\/\/dana.com.br\/canaldana\/wp-json\/wp\/v2\/tags?post=44782"}],"curies":[{"name":"wp","href":"https:\/\/api.w.org\/{rel}","templated":true}]}}