{"id":44780,"date":"2020-09-11T08:38:22","date_gmt":"2020-09-11T11:38:22","guid":{"rendered":"https:\/\/dana.com.br\/canaldana\/?p=44780"},"modified":"2020-09-11T08:38:22","modified_gmt":"2020-09-11T11:38:22","slug":"fca-cria-parceria-para-realizar-residencia-tecnologica-em-pernambuco","status":"publish","type":"post","link":"https:\/\/dana.com.br\/canaldana\/2020\/09\/11\/fca-cria-parceria-para-realizar-residencia-tecnologica-em-pernambuco\/","title":{"rendered":"FCA cria parceria para realizar Resid\u00eancia Tecnol\u00f3gica em Pernambuco"},"content":{"rendered":"<p><em>Di\u00e1rio do Poder <\/em><\/p>\n<p>&nbsp;<\/p>\n<p>A Fiat Chrysler Autom\u00f3veis (FCA) firmou no \u00faltimo dia 4\/9, uma parceria com o Governo de Pernambuco, por meio da Secretaria de Ci\u00eancia, Tecnologia e Inova\u00e7\u00e3o (SECTI), e com a Universidade Estadual de Pernambuco (UPE), atrav\u00e9s da Funda\u00e7\u00e3o de Amparo \u00e0 Pesquisa de Pernambuco (Facepe) para a realiza\u00e7\u00e3o de um Programa de Resid\u00eancia Tecnol\u00f3gica em Ci\u00eancia de Dados para o Setor Automotivo.<\/p>\n<p>&nbsp;<\/p>\n<p>O projeto visa ampliar o conhecimento e aplica\u00e7\u00f5es pr\u00e1ticas da an\u00e1lise de dados tanto para a Jeep quanto para o ecossistema do qual faz parte, visando o desenvolvimento do know-how espec\u00edfico da ind\u00fastria automotiva. O programa ter\u00e1 oito meses de dura\u00e7\u00e3o.<\/p>\n<p>&nbsp;<\/p>\n<p>\u201cA inova\u00e7\u00e3o est\u00e1 no DNA da FCA e esse modelo de inova\u00e7\u00e3o colaborativa nos ajuda a acelerar nossos processos e a criar oportunidades de desenvolvimento, que demandam compet\u00eancias e conhecimentos dos quais nem sempre dispomos\u201d, aponta Juliana Coelho, gestora do Polo Automotivo Jeep.<\/p>\n<p>&nbsp;<\/p>\n<p>Durante a cerim\u00f4nia de assinatura do programa, o governador de Pernambuco, Paulo C\u00e2mara, lembrou a parceria entre o estado e a Jeep, desde a inaugura\u00e7\u00e3o do Polo Automotivo, h\u00e1 cinco anos,<\/p>\n<p>&nbsp;<\/p>\n<p>\u201cEssa \u00e9 uma nova etapa na qual a parceria entre a Universidade de Pernambuco e a Jeep est\u00e1 com o olhar voltado para formar pessoas com foco em pesquisa, inova\u00e7\u00e3o e sustentabilidade de uma ind\u00fastria que hoje faz parte do desenvolvimento de Pernambuco\u201d, destacou.<\/p>\n<p>O programa de resid\u00eancia \u00e9 fruto de uma proposta apresentada pela FCA e aprovada por meio do edital PITEC 13\/2019 da Facepe. A resid\u00eancia tecnol\u00f3gica em ci\u00eancia e an\u00e1lise de dados foi formatada pela UPE para atender demandas espec\u00edficas da planta Jeep, localizada em Goiana, para desenvolver solu\u00e7\u00f5es inovadoras por meio de an\u00e1lise de dados coletados da f\u00e1brica.<\/p>\n<p>&nbsp;<\/p>\n<p>\u201cEstamos dando continuidade a parceria com a Jeep e consolidando cada vez mais a qualifica\u00e7\u00e3o de profissionais dentro do ecossistema de Pernambuco\u201d, comemora Pedro Falc\u00e3o, reitor da UPE.<\/p>\n<p>&nbsp;<\/p>\n<p>O secret\u00e1rio estadual de Ci\u00eancia, Tecnologia e Inova\u00e7\u00e3o destaca o trabalho conjunto das institui\u00e7\u00f5es para o fortalecimento do setor.<\/p>\n<p>&nbsp;<\/p>\n<p>\u201cA importante e in\u00e9dita iniciativa vai permitir a cria\u00e7\u00e3o de um ambiente prop\u00edcio para o desenvolvimento de solu\u00e7\u00f5es inovadoras em Pernambuco. O Instituto de Inova\u00e7\u00e3o Tecnol\u00f3gica da UPE, localizado no Parqtel, vai disponibilizar uma estrutura de qualidade para os residentes, com todo o suporte necess\u00e1rio para que essa parceria garanta maior competitividade para a empresa\u201d afirma.<\/p>\n<p>&nbsp;<\/p>\n<p>Ser\u00e3o formados oito residentes e quatro colaboradores da FCA, os quais ser\u00e3o, ao mesmo tempo, alunos do curso e mentores dos residentes. O programa vai mesclar atividades acad\u00eamicas gerenciadas pela UPE e atividades pr\u00e1ticas desenvolvidas dentro da f\u00e1brica da Jeep, com desafios reais da manufatura.<\/p>\n<p>&nbsp;<\/p>\n<p>\u201cMobilizar parceiros em um processo de cocria\u00e7\u00e3o para o desenvolvimento de solu\u00e7\u00f5es nos traz agilidade e vantagens competitivas em um mercado em transforma\u00e7\u00e3o acelerada\u201d, acrescenta Juliana.<\/p>\n<p>&nbsp;<\/p>\n<p>As aulas te\u00f3ricas ser\u00e3o ministradas de forma virtual. Para as atividades presenciais, al\u00e9m da planta Jeep, o grupo vai contar tamb\u00e9m com a estrutura do Instituto de Inova\u00e7\u00e3o Tecnol\u00f3gica da UPE, localizado no Parqtel.<\/p>\n<p>&nbsp;<\/p>\n<p>As inscri\u00e7\u00f5es para a sele\u00e7\u00e3o dos residentes est\u00e3o abertas at\u00e9 o dia 16 de outubro. A aula inaugural est\u00e1 prevista para o in\u00edcio de dezembro. Todos receber\u00e3o certificado de Especialista em Ci\u00eancias de Dados (lato sensu) pela Universidade de Pernambuco.<\/p>\n<p>&nbsp;<\/p>\n<p>A iniciativa integra o \u201cEcossistema de Inova\u00e7\u00e3o FCA\u201d, um circuito interconectado e totalmente localizado em Pernambuco para o desenvolvimento de solu\u00e7\u00f5es aplicada \u00e0s \u00e1reas de Manufatura 4.0 e desenvolvimento de softwares para ve\u00edculos da FCA vendidos em todo o mundo.<\/p>\n<p>&nbsp;<\/p>\n<p>Este ecossistema compreende recursos de pesquisa e desenvolvimento pr\u00f3prios da FCA e de parceiros. Seus resultados transformam Pernambuco em um centro de intelig\u00eancia automotiva, integrado aos centros de pesquisa e desenvolvimento que a FCA mant\u00e9m na Europa e Estados Unidos. (Di\u00e1rio do Poder\/Geison Guedes)<\/p>\n","protected":false},"excerpt":{"rendered":"<p>Di\u00e1rio do Poder &nbsp; A Fiat Chrysler Autom\u00f3veis (FCA) firmou no \u00faltimo dia 4\/9, uma parceria com o Governo de Pernambuco, por meio da Secretaria de Ci\u00eancia, Tecnologia e Inova\u00e7\u00e3o (SECTI), e com a Universidade Estadual de Pernambuco (UPE), atrav\u00e9s da Funda\u00e7\u00e3o de Amparo \u00e0 Pesquisa de Pernambuco (Facepe) para a realiza\u00e7\u00e3o de um Programa\u2026 <a class=\"readmore\" href=\"https:\/\/dana.com.br\/canaldana\/2020\/09\/11\/fca-cria-parceria-para-realizar-residencia-tecnologica-em-pernambuco\/\">Leia mais \u00bb<\/a><\/p>\n","protected":false},"author":3,"featured_media":0,"comment_status":"closed","ping_status":"closed","sticky":false,"template":"","format":"standard","meta":{"_acf_changed":false,"footnotes":""},"categories":[61],"tags":[],"class_list":["post-44780","post","type-post","status-publish","format-standard","hentry","category-destaques"],"acf":[],"yoast_head":"<!-- This site is optimized with the Yoast SEO plugin v27.5 - https:\/\/yoast.com\/product\/yoast-seo-wordpress\/ -->\n<title>FCA cria parceria para realizar Resid\u00eancia Tecnol\u00f3gica em Pernambuco - Canal Dana<\/title>\n<meta name=\"robots\" content=\"index, follow, max-snippet:-1, max-image-preview:large, max-video-preview:-1\" \/>\n<link rel=\"canonical\" href=\"https:\/\/dana.com.br\/canaldana\/2020\/09\/11\/fca-cria-parceria-para-realizar-residencia-tecnologica-em-pernambuco\/\" \/>\n<meta property=\"og:locale\" content=\"pt_BR\" \/>\n<meta property=\"og:type\" content=\"article\" \/>\n<meta property=\"og:title\" content=\"FCA cria parceria para realizar Resid\u00eancia Tecnol\u00f3gica em Pernambuco - Canal Dana\" \/>\n<meta property=\"og:description\" content=\"Di\u00e1rio do Poder &nbsp; A Fiat Chrysler Autom\u00f3veis (FCA) firmou no \u00faltimo dia 4\/9, uma parceria com o Governo de Pernambuco, por meio da Secretaria de Ci\u00eancia, Tecnologia e Inova\u00e7\u00e3o (SECTI), e com a Universidade Estadual de Pernambuco (UPE), atrav\u00e9s da Funda\u00e7\u00e3o de Amparo \u00e0 Pesquisa de Pernambuco (Facepe) para a realiza\u00e7\u00e3o de um Programa\u2026 Leia mais \u00bb\" \/>\n<meta property=\"og:url\" content=\"https:\/\/dana.com.br\/canaldana\/2020\/09\/11\/fca-cria-parceria-para-realizar-residencia-tecnologica-em-pernambuco\/\" \/>\n<meta property=\"og:site_name\" content=\"Canal Dana\" \/>\n<meta property=\"article:published_time\" content=\"2020-09-11T11:38:22+00:00\" \/>\n<meta name=\"author\" content=\"Canal Dana\" \/>\n<meta name=\"twitter:card\" content=\"summary_large_image\" \/>\n<meta name=\"twitter:label1\" content=\"Escrito por\" \/>\n\t<meta name=\"twitter:data1\" content=\"Canal Dana\" \/>\n\t<meta name=\"twitter:label2\" content=\"Est. tempo de leitura\" \/>\n\t<meta name=\"twitter:data2\" content=\"3 minutos\" \/>\n<script type=\"application\/ld+json\" class=\"yoast-schema-graph\">{\"@context\":\"https:\\\/\\\/schema.org\",\"@graph\":[{\"@type\":\"Article\",\"@id\":\"https:\\\/\\\/dana.com.br\\\/canaldana\\\/2020\\\/09\\\/11\\\/fca-cria-parceria-para-realizar-residencia-tecnologica-em-pernambuco\\\/#article\",\"isPartOf\":{\"@id\":\"https:\\\/\\\/dana.com.br\\\/canaldana\\\/2020\\\/09\\\/11\\\/fca-cria-parceria-para-realizar-residencia-tecnologica-em-pernambuco\\\/\"},\"author\":{\"name\":\"Canal Dana\",\"@id\":\"https:\\\/\\\/dana.com.br\\\/canaldana\\\/#\\\/schema\\\/person\\\/3c21f22f56fcf3bc46b94bc60ea4fef6\"},\"headline\":\"FCA cria parceria para realizar Resid\u00eancia Tecnol\u00f3gica em Pernambuco\",\"datePublished\":\"2020-09-11T11:38:22+00:00\",\"mainEntityOfPage\":{\"@id\":\"https:\\\/\\\/dana.com.br\\\/canaldana\\\/2020\\\/09\\\/11\\\/fca-cria-parceria-para-realizar-residencia-tecnologica-em-pernambuco\\\/\"},\"wordCount\":706,\"articleSection\":[\"Destaques\"],\"inLanguage\":\"pt-BR\"},{\"@type\":\"WebPage\",\"@id\":\"https:\\\/\\\/dana.com.br\\\/canaldana\\\/2020\\\/09\\\/11\\\/fca-cria-parceria-para-realizar-residencia-tecnologica-em-pernambuco\\\/\",\"url\":\"https:\\\/\\\/dana.com.br\\\/canaldana\\\/2020\\\/09\\\/11\\\/fca-cria-parceria-para-realizar-residencia-tecnologica-em-pernambuco\\\/\",\"name\":\"FCA cria parceria para realizar Resid\u00eancia Tecnol\u00f3gica em Pernambuco - Canal Dana\",\"isPartOf\":{\"@id\":\"https:\\\/\\\/dana.com.br\\\/canaldana\\\/#website\"},\"datePublished\":\"2020-09-11T11:38:22+00:00\",\"author\":{\"@id\":\"https:\\\/\\\/dana.com.br\\\/canaldana\\\/#\\\/schema\\\/person\\\/3c21f22f56fcf3bc46b94bc60ea4fef6\"},\"breadcrumb\":{\"@id\":\"https:\\\/\\\/dana.com.br\\\/canaldana\\\/2020\\\/09\\\/11\\\/fca-cria-parceria-para-realizar-residencia-tecnologica-em-pernambuco\\\/#breadcrumb\"},\"inLanguage\":\"pt-BR\",\"potentialAction\":[{\"@type\":\"ReadAction\",\"target\":[\"https:\\\/\\\/dana.com.br\\\/canaldana\\\/2020\\\/09\\\/11\\\/fca-cria-parceria-para-realizar-residencia-tecnologica-em-pernambuco\\\/\"]}]},{\"@type\":\"BreadcrumbList\",\"@id\":\"https:\\\/\\\/dana.com.br\\\/canaldana\\\/2020\\\/09\\\/11\\\/fca-cria-parceria-para-realizar-residencia-tecnologica-em-pernambuco\\\/#breadcrumb\",\"itemListElement\":[{\"@type\":\"ListItem\",\"position\":1,\"name\":\"Home\",\"item\":\"https:\\\/\\\/dana.com.br\\\/canaldana\\\/\"},{\"@type\":\"ListItem\",\"position\":2,\"name\":\"Destaques\",\"item\":\"https:\\\/\\\/dana.com.br\\\/canaldana\\\/destaques\\\/\"},{\"@type\":\"ListItem\",\"position\":3,\"name\":\"FCA cria parceria para realizar Resid\u00eancia Tecnol\u00f3gica em Pernambuco\"}]},{\"@type\":\"WebSite\",\"@id\":\"https:\\\/\\\/dana.com.br\\\/canaldana\\\/#website\",\"url\":\"https:\\\/\\\/dana.com.br\\\/canaldana\\\/\",\"name\":\"Canal Dana\",\"description\":\"Informativo com as principais not\u00edcias da ind\u00fastria automotiva\",\"potentialAction\":[{\"@type\":\"SearchAction\",\"target\":{\"@type\":\"EntryPoint\",\"urlTemplate\":\"https:\\\/\\\/dana.com.br\\\/canaldana\\\/?s={search_term_string}\"},\"query-input\":{\"@type\":\"PropertyValueSpecification\",\"valueRequired\":true,\"valueName\":\"search_term_string\"}}],\"inLanguage\":\"pt-BR\"},{\"@type\":\"Person\",\"@id\":\"https:\\\/\\\/dana.com.br\\\/canaldana\\\/#\\\/schema\\\/person\\\/3c21f22f56fcf3bc46b94bc60ea4fef6\",\"name\":\"Canal Dana\",\"image\":{\"@type\":\"ImageObject\",\"inLanguage\":\"pt-BR\",\"@id\":\"https:\\\/\\\/secure.gravatar.com\\\/avatar\\\/420aaf9278582877d9018637c6817617705899d2858d7572ef0fe59a6b6454b4?s=96&d=mm&r=g\",\"url\":\"https:\\\/\\\/secure.gravatar.com\\\/avatar\\\/420aaf9278582877d9018637c6817617705899d2858d7572ef0fe59a6b6454b4?s=96&d=mm&r=g\",\"contentUrl\":\"https:\\\/\\\/secure.gravatar.com\\\/avatar\\\/420aaf9278582877d9018637c6817617705899d2858d7572ef0fe59a6b6454b4?s=96&d=mm&r=g\",\"caption\":\"Canal Dana\"},\"url\":\"https:\\\/\\\/dana.com.br\\\/canaldana\\\/author\\\/cdeditor\\\/\"}]}<\/script>\n<!-- \/ Yoast SEO plugin. -->","yoast_head_json":{"title":"FCA cria parceria para realizar Resid\u00eancia Tecnol\u00f3gica em Pernambuco - Canal Dana","robots":{"index":"index","follow":"follow","max-snippet":"max-snippet:-1","max-image-preview":"max-image-preview:large","max-video-preview":"max-video-preview:-1"},"canonical":"https:\/\/dana.com.br\/canaldana\/2020\/09\/11\/fca-cria-parceria-para-realizar-residencia-tecnologica-em-pernambuco\/","og_locale":"pt_BR","og_type":"article","og_title":"FCA cria parceria para realizar Resid\u00eancia Tecnol\u00f3gica em Pernambuco - Canal Dana","og_description":"Di\u00e1rio do Poder &nbsp; A Fiat Chrysler Autom\u00f3veis (FCA) firmou no \u00faltimo dia 4\/9, uma parceria com o Governo de Pernambuco, por meio da Secretaria de Ci\u00eancia, Tecnologia e Inova\u00e7\u00e3o (SECTI), e com a Universidade Estadual de Pernambuco (UPE), atrav\u00e9s da Funda\u00e7\u00e3o de Amparo \u00e0 Pesquisa de Pernambuco (Facepe) para a realiza\u00e7\u00e3o de um Programa\u2026 Leia mais \u00bb","og_url":"https:\/\/dana.com.br\/canaldana\/2020\/09\/11\/fca-cria-parceria-para-realizar-residencia-tecnologica-em-pernambuco\/","og_site_name":"Canal Dana","article_published_time":"2020-09-11T11:38:22+00:00","author":"Canal Dana","twitter_card":"summary_large_image","twitter_misc":{"Escrito por":"Canal Dana","Est. tempo de leitura":"3 minutos"},"schema":{"@context":"https:\/\/schema.org","@graph":[{"@type":"Article","@id":"https:\/\/dana.com.br\/canaldana\/2020\/09\/11\/fca-cria-parceria-para-realizar-residencia-tecnologica-em-pernambuco\/#article","isPartOf":{"@id":"https:\/\/dana.com.br\/canaldana\/2020\/09\/11\/fca-cria-parceria-para-realizar-residencia-tecnologica-em-pernambuco\/"},"author":{"name":"Canal Dana","@id":"https:\/\/dana.com.br\/canaldana\/#\/schema\/person\/3c21f22f56fcf3bc46b94bc60ea4fef6"},"headline":"FCA cria parceria para realizar Resid\u00eancia Tecnol\u00f3gica em Pernambuco","datePublished":"2020-09-11T11:38:22+00:00","mainEntityOfPage":{"@id":"https:\/\/dana.com.br\/canaldana\/2020\/09\/11\/fca-cria-parceria-para-realizar-residencia-tecnologica-em-pernambuco\/"},"wordCount":706,"articleSection":["Destaques"],"inLanguage":"pt-BR"},{"@type":"WebPage","@id":"https:\/\/dana.com.br\/canaldana\/2020\/09\/11\/fca-cria-parceria-para-realizar-residencia-tecnologica-em-pernambuco\/","url":"https:\/\/dana.com.br\/canaldana\/2020\/09\/11\/fca-cria-parceria-para-realizar-residencia-tecnologica-em-pernambuco\/","name":"FCA cria parceria para realizar Resid\u00eancia Tecnol\u00f3gica em Pernambuco - Canal Dana","isPartOf":{"@id":"https:\/\/dana.com.br\/canaldana\/#website"},"datePublished":"2020-09-11T11:38:22+00:00","author":{"@id":"https:\/\/dana.com.br\/canaldana\/#\/schema\/person\/3c21f22f56fcf3bc46b94bc60ea4fef6"},"breadcrumb":{"@id":"https:\/\/dana.com.br\/canaldana\/2020\/09\/11\/fca-cria-parceria-para-realizar-residencia-tecnologica-em-pernambuco\/#breadcrumb"},"inLanguage":"pt-BR","potentialAction":[{"@type":"ReadAction","target":["https:\/\/dana.com.br\/canaldana\/2020\/09\/11\/fca-cria-parceria-para-realizar-residencia-tecnologica-em-pernambuco\/"]}]},{"@type":"BreadcrumbList","@id":"https:\/\/dana.com.br\/canaldana\/2020\/09\/11\/fca-cria-parceria-para-realizar-residencia-tecnologica-em-pernambuco\/#breadcrumb","itemListElement":[{"@type":"ListItem","position":1,"name":"Home","item":"https:\/\/dana.com.br\/canaldana\/"},{"@type":"ListItem","position":2,"name":"Destaques","item":"https:\/\/dana.com.br\/canaldana\/destaques\/"},{"@type":"ListItem","position":3,"name":"FCA cria parceria para realizar Resid\u00eancia Tecnol\u00f3gica em Pernambuco"}]},{"@type":"WebSite","@id":"https:\/\/dana.com.br\/canaldana\/#website","url":"https:\/\/dana.com.br\/canaldana\/","name":"Canal Dana","description":"Informativo com as principais not\u00edcias da ind\u00fastria automotiva","potentialAction":[{"@type":"SearchAction","target":{"@type":"EntryPoint","urlTemplate":"https:\/\/dana.com.br\/canaldana\/?s={search_term_string}"},"query-input":{"@type":"PropertyValueSpecification","valueRequired":true,"valueName":"search_term_string"}}],"inLanguage":"pt-BR"},{"@type":"Person","@id":"https:\/\/dana.com.br\/canaldana\/#\/schema\/person\/3c21f22f56fcf3bc46b94bc60ea4fef6","name":"Canal Dana","image":{"@type":"ImageObject","inLanguage":"pt-BR","@id":"https:\/\/secure.gravatar.com\/avatar\/420aaf9278582877d9018637c6817617705899d2858d7572ef0fe59a6b6454b4?s=96&d=mm&r=g","url":"https:\/\/secure.gravatar.com\/avatar\/420aaf9278582877d9018637c6817617705899d2858d7572ef0fe59a6b6454b4?s=96&d=mm&r=g","contentUrl":"https:\/\/secure.gravatar.com\/avatar\/420aaf9278582877d9018637c6817617705899d2858d7572ef0fe59a6b6454b4?s=96&d=mm&r=g","caption":"Canal Dana"},"url":"https:\/\/dana.com.br\/canaldana\/author\/cdeditor\/"}]}},"_links":{"self":[{"href":"https:\/\/dana.com.br\/canaldana\/wp-json\/wp\/v2\/posts\/44780","targetHints":{"allow":["GET"]}}],"collection":[{"href":"https:\/\/dana.com.br\/canaldana\/wp-json\/wp\/v2\/posts"}],"about":[{"href":"https:\/\/dana.com.br\/canaldana\/wp-json\/wp\/v2\/types\/post"}],"author":[{"embeddable":true,"href":"https:\/\/dana.com.br\/canaldana\/wp-json\/wp\/v2\/users\/3"}],"replies":[{"embeddable":true,"href":"https:\/\/dana.com.br\/canaldana\/wp-json\/wp\/v2\/comments?post=44780"}],"version-history":[{"count":0,"href":"https:\/\/dana.com.br\/canaldana\/wp-json\/wp\/v2\/posts\/44780\/revisions"}],"wp:attachment":[{"href":"https:\/\/dana.com.br\/canaldana\/wp-json\/wp\/v2\/media?parent=44780"}],"wp:term":[{"taxonomy":"category","embeddable":true,"href":"https:\/\/dana.com.br\/canaldana\/wp-json\/wp\/v2\/categories?post=44780"},{"taxonomy":"post_tag","embeddable":true,"href":"https:\/\/dana.com.br\/canaldana\/wp-json\/wp\/v2\/tags?post=44780"}],"curies":[{"name":"wp","href":"https:\/\/api.w.org\/{rel}","templated":true}]}}