{"id":44776,"date":"2020-09-11T08:36:54","date_gmt":"2020-09-11T11:36:54","guid":{"rendered":"https:\/\/dana.com.br\/canaldana\/?p=44776"},"modified":"2020-09-11T08:36:54","modified_gmt":"2020-09-11T11:36:54","slug":"setor-de-maquinas-agricolas-visa-cooperacao-com-o-marrocos","status":"publish","type":"post","link":"https:\/\/dana.com.br\/canaldana\/2020\/09\/11\/setor-de-maquinas-agricolas-visa-cooperacao-com-o-marrocos\/","title":{"rendered":"Setor de m\u00e1quinas agr\u00edcolas visa coopera\u00e7\u00e3o com o Marrocos"},"content":{"rendered":"<p><em>Ag\u00eancia de Not\u00edcias Brasil-\u00c1rabe <\/em><\/p>\n<p>&nbsp;<\/p>\n<p>Especializada em tecnologia no campo, a empresa de maquin\u00e1rio agr\u00edcola Jacto quer estabelecer la\u00e7os de coopera\u00e7\u00e3o com o Marrocos. Entre as poss\u00edveis trocas de conhecimento, o gerente comercial da companhia, Gustavo Serizawa, destaca as possibilidades na \u00e1rea de equipamentos de pulveriza\u00e7\u00e3o e de agricultura de precis\u00e3o em geral. \u201cQueremos fazer coopera\u00e7\u00e3o para implanta\u00e7\u00e3o de novas tecnologias. Temos muito orgulho de contribuir um pouco nesse crescimento [de tecnologia no campo]\u201d, pontuou Serizawa durante o webinar \u201cMarrocos e Brasil: O Agroneg\u00f3cio Conectando os Continentes\u201d. O evento foi promovido pela C\u00e2mara de Com\u00e9rcio \u00c1rabe Brasileira nesta quarta-feira (09) e reuniu 880 pessoas do Brasil e do exterior.<\/p>\n<p>&nbsp;<\/p>\n<p>Visando as oportunidades que o pa\u00eds \u00e1rabe oferece no campo, a Jacto j\u00e1 participou da Sal\u00e3o Internacional de Agricultura do Marrocos (Siam), h\u00e1 dois anos. \u201c\u00c9 uma feira muito interessante, esperamos participar mais. Falamos com importadores e distribuidores. [Encontramos um] mercado aberto para mecaniza\u00e7\u00e3o. E pensamos em desenvolver a Jacto Port\u00e1teis, devido \u00e0s caracter\u00edsticas de produ\u00e7\u00e3o de tomate na parte litor\u00e2nea, e sistema hidrop\u00f4nico, al\u00e9m de c\u00edtricos no leste do pa\u00eds e a produ\u00e7\u00e3o de oliva. H\u00e1 grandes oportunidades de neg\u00f3cios para m\u00e1quinas agr\u00edcolas e [troca de] conhecimento\u201d.<\/p>\n<p>&nbsp;<\/p>\n<p>O gerente explicou que a companhia chegou a participar de negocia\u00e7\u00f5es, mas n\u00e3o avan\u00e7ou ap\u00f3s os primeiros contatos. \u201cNossas maiores dificuldades s\u00e3o a log\u00edstica, e o segundo ponto \u00e9 a taxa\u00e7\u00e3o. H\u00e1 pol\u00edticas que beneficiam parceiros mais pr\u00f3ximos do Marrocos e acredito que podemos trabalhar mais nisso\u201d, explicou ele, elencando tamb\u00e9m a possibilidade de financiamento como um terceiro ponto a ser melhorado.<\/p>\n<p>&nbsp;<\/p>\n<p>Tamb\u00e9m presente no painel, Patr\u00edcia Gomes, diretora executiva de mercado externo da Associa\u00e7\u00e3o Brasileira da Ind\u00fastria de M\u00e1quinas e Equipamentos (Abimaq), abordou a complementariedade do Brasil e Marrocos no agroneg\u00f3cio, suas oportunidades e desafios. Gomes citou planos nos quais o governo marroquino vem trabalhando e que incluem oportunidades para o setor como \u00e9 o Plan Maroc Vert, onde h\u00e1 destaque para a revitaliza\u00e7\u00e3o da agricultura familiar e os investimentos em tecnologia. \u201cNo setor de m\u00e1quinas e equipamentos, do que \u00e9 exportado para o Marrocos, o Brasil n\u00e3o tem participa\u00e7\u00e3o relevante, ent\u00e3o \u00e9 uma oportunidade para aproxima\u00e7\u00e3o. O Brasil \u00e9 o 8\u00ba maior produtor de m\u00e1quinas e equipamentos do mundo. [Devemos] Pensar o Brasil como produtor de tecnologia\u201d, pontuou ela.<\/p>\n<p>&nbsp;<\/p>\n<p>A diretora lembrou que as colheitadeiras e os pulverizadores s\u00e3o os principais maquin\u00e1rios exportados pelo Brasil. E sobre a vontade do setor de expandir o com\u00e9rcio com o Marrocos, Gomes explica que a import\u00e2ncia do pa\u00eds extrapola as oportunidades no mercado interno, chegando a toda regi\u00e3o em seu entorno. \u201cO Marrocos \u00e9 um hub na regi\u00e3o\u201d, explicou.<\/p>\n<p>&nbsp;<\/p>\n<p>Da abertura do webinar participam o embaixador do Brasil em Rabat, Julio Bitelli, e o embaixador do Marrocos em Bras\u00edlia, Nabil Adghoghi. Para Adghoghi, eventos como o webinar s\u00e3o fundamentais para gerar a\u00e7\u00f5es que facilitem o com\u00e9rcio entre os dois pa\u00edses. \u201cO Marrocos j\u00e1 \u00e9 um mercado bom. A agricultura marroquina para alcan\u00e7ar um [n\u00edvel de] performance, vai necessitar de um maquin\u00e1rio agr\u00edcola altamente competitivo. E o maquin\u00e1rio agr\u00edcola brasileiro tem todo espa\u00e7o para se posicionar nesse agroneg\u00f3cio marroquino\u201d, afirmou.<\/p>\n<p>&nbsp;<\/p>\n<p>&nbsp;<\/p>\n<p>Neste sentido, Bitelli destacou o bom momento da rela\u00e7\u00e3o Brasil e Marrocos e os setores mais promissores. \u201cMel, ra\u00e7\u00e3o para animais, l\u00e1cteos, embri\u00f5es bovinos s\u00e3o \u00e1reas em que podemos conseguir resultados importantes em um prazo relativamente curto\u201d, frisou o embaixador do Brasil em Rabat.<\/p>\n<p>&nbsp;<\/p>\n<p>As apresenta\u00e7\u00f5es foram mediadas pela gerente de Rela\u00e7\u00f5es Institucionais da C\u00e2mara \u00c1rabe, Fernanda Baltazar. \u201cFoi excelente este debate. Todos trouxeram pontos em comum [a respeito] da coopera\u00e7\u00e3o e qualifica\u00e7\u00e3o. [Vamos] deixar esses mercados conhecerem um ao outro para amplificar a balan\u00e7a comercial que pode ser t\u00e3o mais rica\u201d, afirmou Baltazar.<\/p>\n<p>&nbsp;<\/p>\n<p>O evento tamb\u00e9m contou com abertura do presidente da C\u00e2mara \u00c1rabe, Rubens Hannun. O webinar contou com outros panelistas, entre eles Olavio Takenaka, head da OCP no Brasil, a maior ind\u00fastria de fertilizantes marroquina, que destacou o Brasil como mercado estrat\u00e9gico. Tamb\u00e9m falaram na ocasi\u00e3o, Alexandre Morais do Amaral, pesquisador, gerente e coordenador internacional da Empresa Brasileira de Pesquisa Agropecu\u00e1ria (Embrapa), sobre a agricultura brasileira e as oportunidades de parceria em inova\u00e7\u00e3o e tecnologia. Al\u00e9m do adido agr\u00edcola do Brasil no Marrocos, Nilson C\u00e9sar Castanheira Guimar\u00e3es, que explanou sobre como fortalecer e intensificar a complementaridade econ\u00f4mica entre os pa\u00edses. (Ag\u00eancia de Not\u00edcias Brasil-\u00c1rabe\/Thais Sousa)<\/p>\n","protected":false},"excerpt":{"rendered":"<p>Ag\u00eancia de Not\u00edcias Brasil-\u00c1rabe &nbsp; Especializada em tecnologia no campo, a empresa de maquin\u00e1rio agr\u00edcola Jacto quer estabelecer la\u00e7os de coopera\u00e7\u00e3o com o Marrocos. Entre as poss\u00edveis trocas de conhecimento, o gerente comercial da companhia, Gustavo Serizawa, destaca as possibilidades na \u00e1rea de equipamentos de pulveriza\u00e7\u00e3o e de agricultura de precis\u00e3o em geral. \u201cQueremos fazer\u2026 <a class=\"readmore\" href=\"https:\/\/dana.com.br\/canaldana\/2020\/09\/11\/setor-de-maquinas-agricolas-visa-cooperacao-com-o-marrocos\/\">Leia mais \u00bb<\/a><\/p>\n","protected":false},"author":3,"featured_media":0,"comment_status":"closed","ping_status":"closed","sticky":false,"template":"","format":"standard","meta":{"_acf_changed":false,"footnotes":""},"categories":[79],"tags":[],"class_list":["post-44776","post","type-post","status-publish","format-standard","hentry","category-mercado"],"acf":[],"yoast_head":"<!-- This site is optimized with the Yoast SEO plugin v27.5 - https:\/\/yoast.com\/product\/yoast-seo-wordpress\/ -->\n<title>Setor de m\u00e1quinas agr\u00edcolas visa coopera\u00e7\u00e3o com o Marrocos - Canal Dana<\/title>\n<meta name=\"robots\" content=\"index, follow, max-snippet:-1, max-image-preview:large, max-video-preview:-1\" \/>\n<link rel=\"canonical\" href=\"https:\/\/dana.com.br\/canaldana\/2020\/09\/11\/setor-de-maquinas-agricolas-visa-cooperacao-com-o-marrocos\/\" \/>\n<meta property=\"og:locale\" content=\"pt_BR\" \/>\n<meta property=\"og:type\" content=\"article\" \/>\n<meta property=\"og:title\" content=\"Setor de m\u00e1quinas agr\u00edcolas visa coopera\u00e7\u00e3o com o Marrocos - Canal Dana\" \/>\n<meta property=\"og:description\" content=\"Ag\u00eancia de Not\u00edcias Brasil-\u00c1rabe &nbsp; Especializada em tecnologia no campo, a empresa de maquin\u00e1rio agr\u00edcola Jacto quer estabelecer la\u00e7os de coopera\u00e7\u00e3o com o Marrocos. Entre as poss\u00edveis trocas de conhecimento, o gerente comercial da companhia, Gustavo Serizawa, destaca as possibilidades na \u00e1rea de equipamentos de pulveriza\u00e7\u00e3o e de agricultura de precis\u00e3o em geral. \u201cQueremos fazer\u2026 Leia mais \u00bb\" \/>\n<meta property=\"og:url\" content=\"https:\/\/dana.com.br\/canaldana\/2020\/09\/11\/setor-de-maquinas-agricolas-visa-cooperacao-com-o-marrocos\/\" \/>\n<meta property=\"og:site_name\" content=\"Canal Dana\" \/>\n<meta property=\"article:published_time\" content=\"2020-09-11T11:36:54+00:00\" \/>\n<meta name=\"author\" content=\"Canal Dana\" \/>\n<meta name=\"twitter:card\" content=\"summary_large_image\" \/>\n<meta name=\"twitter:label1\" content=\"Escrito por\" \/>\n\t<meta name=\"twitter:data1\" content=\"Canal Dana\" \/>\n\t<meta name=\"twitter:label2\" content=\"Est. tempo de leitura\" \/>\n\t<meta name=\"twitter:data2\" content=\"4 minutos\" \/>\n<script type=\"application\/ld+json\" class=\"yoast-schema-graph\">{\"@context\":\"https:\\\/\\\/schema.org\",\"@graph\":[{\"@type\":\"Article\",\"@id\":\"https:\\\/\\\/dana.com.br\\\/canaldana\\\/2020\\\/09\\\/11\\\/setor-de-maquinas-agricolas-visa-cooperacao-com-o-marrocos\\\/#article\",\"isPartOf\":{\"@id\":\"https:\\\/\\\/dana.com.br\\\/canaldana\\\/2020\\\/09\\\/11\\\/setor-de-maquinas-agricolas-visa-cooperacao-com-o-marrocos\\\/\"},\"author\":{\"name\":\"Canal Dana\",\"@id\":\"https:\\\/\\\/dana.com.br\\\/canaldana\\\/#\\\/schema\\\/person\\\/3c21f22f56fcf3bc46b94bc60ea4fef6\"},\"headline\":\"Setor de m\u00e1quinas agr\u00edcolas visa coopera\u00e7\u00e3o com o Marrocos\",\"datePublished\":\"2020-09-11T11:36:54+00:00\",\"mainEntityOfPage\":{\"@id\":\"https:\\\/\\\/dana.com.br\\\/canaldana\\\/2020\\\/09\\\/11\\\/setor-de-maquinas-agricolas-visa-cooperacao-com-o-marrocos\\\/\"},\"wordCount\":826,\"articleSection\":[\"Mercado\"],\"inLanguage\":\"pt-BR\"},{\"@type\":\"WebPage\",\"@id\":\"https:\\\/\\\/dana.com.br\\\/canaldana\\\/2020\\\/09\\\/11\\\/setor-de-maquinas-agricolas-visa-cooperacao-com-o-marrocos\\\/\",\"url\":\"https:\\\/\\\/dana.com.br\\\/canaldana\\\/2020\\\/09\\\/11\\\/setor-de-maquinas-agricolas-visa-cooperacao-com-o-marrocos\\\/\",\"name\":\"Setor de m\u00e1quinas agr\u00edcolas visa coopera\u00e7\u00e3o com o Marrocos - Canal Dana\",\"isPartOf\":{\"@id\":\"https:\\\/\\\/dana.com.br\\\/canaldana\\\/#website\"},\"datePublished\":\"2020-09-11T11:36:54+00:00\",\"author\":{\"@id\":\"https:\\\/\\\/dana.com.br\\\/canaldana\\\/#\\\/schema\\\/person\\\/3c21f22f56fcf3bc46b94bc60ea4fef6\"},\"breadcrumb\":{\"@id\":\"https:\\\/\\\/dana.com.br\\\/canaldana\\\/2020\\\/09\\\/11\\\/setor-de-maquinas-agricolas-visa-cooperacao-com-o-marrocos\\\/#breadcrumb\"},\"inLanguage\":\"pt-BR\",\"potentialAction\":[{\"@type\":\"ReadAction\",\"target\":[\"https:\\\/\\\/dana.com.br\\\/canaldana\\\/2020\\\/09\\\/11\\\/setor-de-maquinas-agricolas-visa-cooperacao-com-o-marrocos\\\/\"]}]},{\"@type\":\"BreadcrumbList\",\"@id\":\"https:\\\/\\\/dana.com.br\\\/canaldana\\\/2020\\\/09\\\/11\\\/setor-de-maquinas-agricolas-visa-cooperacao-com-o-marrocos\\\/#breadcrumb\",\"itemListElement\":[{\"@type\":\"ListItem\",\"position\":1,\"name\":\"Home\",\"item\":\"https:\\\/\\\/dana.com.br\\\/canaldana\\\/\"},{\"@type\":\"ListItem\",\"position\":2,\"name\":\"Mercado\",\"item\":\"https:\\\/\\\/dana.com.br\\\/canaldana\\\/mercado\\\/\"},{\"@type\":\"ListItem\",\"position\":3,\"name\":\"Setor de m\u00e1quinas agr\u00edcolas visa coopera\u00e7\u00e3o com o Marrocos\"}]},{\"@type\":\"WebSite\",\"@id\":\"https:\\\/\\\/dana.com.br\\\/canaldana\\\/#website\",\"url\":\"https:\\\/\\\/dana.com.br\\\/canaldana\\\/\",\"name\":\"Canal Dana\",\"description\":\"Informativo com as principais not\u00edcias da ind\u00fastria automotiva\",\"potentialAction\":[{\"@type\":\"SearchAction\",\"target\":{\"@type\":\"EntryPoint\",\"urlTemplate\":\"https:\\\/\\\/dana.com.br\\\/canaldana\\\/?s={search_term_string}\"},\"query-input\":{\"@type\":\"PropertyValueSpecification\",\"valueRequired\":true,\"valueName\":\"search_term_string\"}}],\"inLanguage\":\"pt-BR\"},{\"@type\":\"Person\",\"@id\":\"https:\\\/\\\/dana.com.br\\\/canaldana\\\/#\\\/schema\\\/person\\\/3c21f22f56fcf3bc46b94bc60ea4fef6\",\"name\":\"Canal Dana\",\"image\":{\"@type\":\"ImageObject\",\"inLanguage\":\"pt-BR\",\"@id\":\"https:\\\/\\\/secure.gravatar.com\\\/avatar\\\/420aaf9278582877d9018637c6817617705899d2858d7572ef0fe59a6b6454b4?s=96&d=mm&r=g\",\"url\":\"https:\\\/\\\/secure.gravatar.com\\\/avatar\\\/420aaf9278582877d9018637c6817617705899d2858d7572ef0fe59a6b6454b4?s=96&d=mm&r=g\",\"contentUrl\":\"https:\\\/\\\/secure.gravatar.com\\\/avatar\\\/420aaf9278582877d9018637c6817617705899d2858d7572ef0fe59a6b6454b4?s=96&d=mm&r=g\",\"caption\":\"Canal Dana\"},\"url\":\"https:\\\/\\\/dana.com.br\\\/canaldana\\\/author\\\/cdeditor\\\/\"}]}<\/script>\n<!-- \/ Yoast SEO plugin. -->","yoast_head_json":{"title":"Setor de m\u00e1quinas agr\u00edcolas visa coopera\u00e7\u00e3o com o Marrocos - Canal Dana","robots":{"index":"index","follow":"follow","max-snippet":"max-snippet:-1","max-image-preview":"max-image-preview:large","max-video-preview":"max-video-preview:-1"},"canonical":"https:\/\/dana.com.br\/canaldana\/2020\/09\/11\/setor-de-maquinas-agricolas-visa-cooperacao-com-o-marrocos\/","og_locale":"pt_BR","og_type":"article","og_title":"Setor de m\u00e1quinas agr\u00edcolas visa coopera\u00e7\u00e3o com o Marrocos - Canal Dana","og_description":"Ag\u00eancia de Not\u00edcias Brasil-\u00c1rabe &nbsp; Especializada em tecnologia no campo, a empresa de maquin\u00e1rio agr\u00edcola Jacto quer estabelecer la\u00e7os de coopera\u00e7\u00e3o com o Marrocos. Entre as poss\u00edveis trocas de conhecimento, o gerente comercial da companhia, Gustavo Serizawa, destaca as possibilidades na \u00e1rea de equipamentos de pulveriza\u00e7\u00e3o e de agricultura de precis\u00e3o em geral. \u201cQueremos fazer\u2026 Leia mais \u00bb","og_url":"https:\/\/dana.com.br\/canaldana\/2020\/09\/11\/setor-de-maquinas-agricolas-visa-cooperacao-com-o-marrocos\/","og_site_name":"Canal Dana","article_published_time":"2020-09-11T11:36:54+00:00","author":"Canal Dana","twitter_card":"summary_large_image","twitter_misc":{"Escrito por":"Canal Dana","Est. tempo de leitura":"4 minutos"},"schema":{"@context":"https:\/\/schema.org","@graph":[{"@type":"Article","@id":"https:\/\/dana.com.br\/canaldana\/2020\/09\/11\/setor-de-maquinas-agricolas-visa-cooperacao-com-o-marrocos\/#article","isPartOf":{"@id":"https:\/\/dana.com.br\/canaldana\/2020\/09\/11\/setor-de-maquinas-agricolas-visa-cooperacao-com-o-marrocos\/"},"author":{"name":"Canal Dana","@id":"https:\/\/dana.com.br\/canaldana\/#\/schema\/person\/3c21f22f56fcf3bc46b94bc60ea4fef6"},"headline":"Setor de m\u00e1quinas agr\u00edcolas visa coopera\u00e7\u00e3o com o Marrocos","datePublished":"2020-09-11T11:36:54+00:00","mainEntityOfPage":{"@id":"https:\/\/dana.com.br\/canaldana\/2020\/09\/11\/setor-de-maquinas-agricolas-visa-cooperacao-com-o-marrocos\/"},"wordCount":826,"articleSection":["Mercado"],"inLanguage":"pt-BR"},{"@type":"WebPage","@id":"https:\/\/dana.com.br\/canaldana\/2020\/09\/11\/setor-de-maquinas-agricolas-visa-cooperacao-com-o-marrocos\/","url":"https:\/\/dana.com.br\/canaldana\/2020\/09\/11\/setor-de-maquinas-agricolas-visa-cooperacao-com-o-marrocos\/","name":"Setor de m\u00e1quinas agr\u00edcolas visa coopera\u00e7\u00e3o com o Marrocos - Canal Dana","isPartOf":{"@id":"https:\/\/dana.com.br\/canaldana\/#website"},"datePublished":"2020-09-11T11:36:54+00:00","author":{"@id":"https:\/\/dana.com.br\/canaldana\/#\/schema\/person\/3c21f22f56fcf3bc46b94bc60ea4fef6"},"breadcrumb":{"@id":"https:\/\/dana.com.br\/canaldana\/2020\/09\/11\/setor-de-maquinas-agricolas-visa-cooperacao-com-o-marrocos\/#breadcrumb"},"inLanguage":"pt-BR","potentialAction":[{"@type":"ReadAction","target":["https:\/\/dana.com.br\/canaldana\/2020\/09\/11\/setor-de-maquinas-agricolas-visa-cooperacao-com-o-marrocos\/"]}]},{"@type":"BreadcrumbList","@id":"https:\/\/dana.com.br\/canaldana\/2020\/09\/11\/setor-de-maquinas-agricolas-visa-cooperacao-com-o-marrocos\/#breadcrumb","itemListElement":[{"@type":"ListItem","position":1,"name":"Home","item":"https:\/\/dana.com.br\/canaldana\/"},{"@type":"ListItem","position":2,"name":"Mercado","item":"https:\/\/dana.com.br\/canaldana\/mercado\/"},{"@type":"ListItem","position":3,"name":"Setor de m\u00e1quinas agr\u00edcolas visa coopera\u00e7\u00e3o com o Marrocos"}]},{"@type":"WebSite","@id":"https:\/\/dana.com.br\/canaldana\/#website","url":"https:\/\/dana.com.br\/canaldana\/","name":"Canal Dana","description":"Informativo com as principais not\u00edcias da ind\u00fastria automotiva","potentialAction":[{"@type":"SearchAction","target":{"@type":"EntryPoint","urlTemplate":"https:\/\/dana.com.br\/canaldana\/?s={search_term_string}"},"query-input":{"@type":"PropertyValueSpecification","valueRequired":true,"valueName":"search_term_string"}}],"inLanguage":"pt-BR"},{"@type":"Person","@id":"https:\/\/dana.com.br\/canaldana\/#\/schema\/person\/3c21f22f56fcf3bc46b94bc60ea4fef6","name":"Canal Dana","image":{"@type":"ImageObject","inLanguage":"pt-BR","@id":"https:\/\/secure.gravatar.com\/avatar\/420aaf9278582877d9018637c6817617705899d2858d7572ef0fe59a6b6454b4?s=96&d=mm&r=g","url":"https:\/\/secure.gravatar.com\/avatar\/420aaf9278582877d9018637c6817617705899d2858d7572ef0fe59a6b6454b4?s=96&d=mm&r=g","contentUrl":"https:\/\/secure.gravatar.com\/avatar\/420aaf9278582877d9018637c6817617705899d2858d7572ef0fe59a6b6454b4?s=96&d=mm&r=g","caption":"Canal Dana"},"url":"https:\/\/dana.com.br\/canaldana\/author\/cdeditor\/"}]}},"_links":{"self":[{"href":"https:\/\/dana.com.br\/canaldana\/wp-json\/wp\/v2\/posts\/44776","targetHints":{"allow":["GET"]}}],"collection":[{"href":"https:\/\/dana.com.br\/canaldana\/wp-json\/wp\/v2\/posts"}],"about":[{"href":"https:\/\/dana.com.br\/canaldana\/wp-json\/wp\/v2\/types\/post"}],"author":[{"embeddable":true,"href":"https:\/\/dana.com.br\/canaldana\/wp-json\/wp\/v2\/users\/3"}],"replies":[{"embeddable":true,"href":"https:\/\/dana.com.br\/canaldana\/wp-json\/wp\/v2\/comments?post=44776"}],"version-history":[{"count":0,"href":"https:\/\/dana.com.br\/canaldana\/wp-json\/wp\/v2\/posts\/44776\/revisions"}],"wp:attachment":[{"href":"https:\/\/dana.com.br\/canaldana\/wp-json\/wp\/v2\/media?parent=44776"}],"wp:term":[{"taxonomy":"category","embeddable":true,"href":"https:\/\/dana.com.br\/canaldana\/wp-json\/wp\/v2\/categories?post=44776"},{"taxonomy":"post_tag","embeddable":true,"href":"https:\/\/dana.com.br\/canaldana\/wp-json\/wp\/v2\/tags?post=44776"}],"curies":[{"name":"wp","href":"https:\/\/api.w.org\/{rel}","templated":true}]}}