{"id":4467,"date":"2015-11-26T08:25:05","date_gmt":"2015-11-26T10:25:05","guid":{"rendered":"http:\/\/dana.com.br\/canaldana\/?p=4467"},"modified":"2015-11-27T07:58:35","modified_gmt":"2015-11-27T09:58:35","slug":"toyota-para-producao-por-falta-de-componentes","status":"publish","type":"post","link":"https:\/\/dana.com.br\/canaldana\/2015\/11\/26\/toyota-para-producao-por-falta-de-componentes\/","title":{"rendered":"Toyota para produ\u00e7\u00e3o por falta de componentes"},"content":{"rendered":"<p><em>O Estado de S. Paulo<\/em><\/p>\n<p>&nbsp;<\/p>\n<p>A Toyota, uma das poucas montadoras do Brasil que n\u00e3o adotou medidas de corte de produ\u00e7\u00e3o neste ano e opera com horas extras, teve de suspender as opera\u00e7\u00f5es no in\u00edcio da tarde de ontem na f\u00e1brica de Indaiatuba (SP) por falta de pe\u00e7as. A parada deve ser mantida hoje e amanh\u00e3 e os cerca de 2 mil trabalhadores foram dispensados.<\/p>\n<p>&nbsp;<\/p>\n<p>A unidade produz o Corolla, l\u00edder no Pa\u00eds no segmento de sed\u00e3s m\u00e9dios, cujas vendas cresceram 11,4% neste ano em rela\u00e7\u00e3o ao anterior. A parada se deve a uma greve de funcion\u00e1rios na f\u00e1brica Intertrim, de Ca\u00e7apava (SP), fornecedora de pe\u00e7as estofadas para bancos e tetos.<\/p>\n<p>&nbsp;<\/p>\n<p>Os 715 trabalhadores da empresa est\u00e3o parados desde o dia 12 e reivindicam reajuste salarial de 12%. Tamb\u00e9m querem ser representados pelo Sindicato dos Metal\u00fargicos de S\u00e3o Jos\u00e9 dos Campos e regi\u00e3o, e n\u00e3o pelo Sindicato dos T\u00eaxteis local, como ocorre atualmente.<\/p>\n<p>&nbsp;<\/p>\n<p>Segundo a Toyota, cerca de 320 carros deixar\u00e3o de ser produzidos por dia. N\u00e3o h\u00e1 informa\u00e7\u00f5es se a unidade de Sorocaba (SP), onde \u00e9 feito o compacto Etios, tamb\u00e9m foi afetada pela falta de pe\u00e7as.<\/p>\n<p>&nbsp;<\/p>\n<p>A Toyota vendeu at\u00e9 outubro 118,6 mil ve\u00edculos, 1,6% a menos que em 2014. O mercado total de autom\u00f3veis e comerciais leves registra queda de 23,3%.<\/p>\n<p>&nbsp;<\/p>\n<p>O diretor do Sindicato dos Metal\u00fargicos de Campinas e regi\u00e3o, Sidalino Orsi Junior, disse que a Toyota opera em m\u00e9dia com 2 horas extras di\u00e1rias e em alguns s\u00e1bados.<\/p>\n<p>&nbsp;<\/p>\n<p><strong>Lay-off<\/strong><\/p>\n<p>&nbsp;<\/p>\n<p>Na lista das empresas que enfrentam grandes dificuldades por causa da crise, a General Motors vai colocar em lay-off (suspens\u00e3o tempor\u00e1ria de contratos) 825 trabalhadores da f\u00e1brica de Gravata\u00ed (RS).<\/p>\n<p>&nbsp;<\/p>\n<p>\u00c9 a primeira vez que a medida, j\u00e1 adotada na f\u00e1brica do ABC paulista, ser\u00e1 aplicada nessa unidade. A planta produz os modelos Onix (segundo autom\u00f3vel mais vendido no Pa\u00eds) e Prisma.<\/p>\n<p>&nbsp;<\/p>\n<p>Os trabalhadores ficar\u00e3o em casa por cinco meses a partir de 10 de dezembro. Outro grupo de oper\u00e1rios das fornecedoras de pe\u00e7as que atuam no complexo tamb\u00e9m ficar\u00e3o em lay-off, mas o n\u00famero n\u00e3o foi divulgado.<\/p>\n<p>&nbsp;<\/p>\n<p>Esses trabalhadores atuam no terceiro turno, que ser\u00e1 suspenso. O diretor do Sindicato dos Metal\u00fargicos de Gravata\u00ed, Edson Dornelles, disse que a GM tem 28 mil carros no p\u00e1tio da f\u00e1brica e de duas \u00e1reas alugadas, os estacionamentos dos aut\u00f3dromos Velopark e Tarum\u00e3, ambos na Grande Porto Alegre.<\/p>\n<p>&nbsp;<\/p>\n<p>A GM n\u00e3o comentou o assunto ontem. &#8220;Estamos preocupados, e vamos brigar para garantir o retomo desse pessoal ap\u00f3s o lay-off&#8221;, disse Dornelles.<\/p>\n<p>&nbsp;<\/p>\n<p>No lay-off, o funcion\u00e1rio recebe parte do sal\u00e1rio pelo Fundo de Amparo ao trabalhador (F AT) &#8211; o equivalente ao sal\u00e1rio desemprego-, em forma de bolsa qualifica\u00e7\u00e3o. O restante \u00e9 completado pela empresa, mas n\u00e3o h\u00e1 recolhimento de encargos trabalhistas, como FGTS.<\/p>\n<p>&nbsp;<\/p>\n<p>As montadoras t\u00eam hoje 6,6 mil funcion\u00e1rios em Iay-off, 35,6 mil inscritos no Programa de Prote\u00e7\u00e3o ao Emprego (PPE), que reduz jornada e sal\u00e1rios, e 2,8 mil em f\u00e9rias coletivas. (O Estado de S. Paulo\/Cleide Silva)<\/p>\n","protected":false},"excerpt":{"rendered":"<p>O Estado de S. Paulo &nbsp; A Toyota, uma das poucas montadoras do Brasil que n\u00e3o adotou medidas de corte de produ\u00e7\u00e3o neste ano e opera com horas extras, teve de suspender as opera\u00e7\u00f5es no in\u00edcio da tarde de ontem na f\u00e1brica de Indaiatuba (SP) por falta de pe\u00e7as. A parada deve ser mantida hoje\u2026 <a class=\"readmore\" href=\"https:\/\/dana.com.br\/canaldana\/2015\/11\/26\/toyota-para-producao-por-falta-de-componentes\/\">Leia mais \u00bb<\/a><\/p>\n","protected":false},"author":3,"featured_media":0,"comment_status":"closed","ping_status":"closed","sticky":false,"template":"","format":"standard","meta":{"_acf_changed":false,"footnotes":""},"categories":[61],"tags":[],"class_list":["post-4467","post","type-post","status-publish","format-standard","hentry","category-destaques"],"acf":[],"yoast_head":"<!-- This site is optimized with the Yoast SEO plugin v27.3 - https:\/\/yoast.com\/product\/yoast-seo-wordpress\/ -->\n<title>Toyota para produ\u00e7\u00e3o por falta de componentes - Canal Dana<\/title>\n<meta name=\"robots\" content=\"index, follow, max-snippet:-1, max-image-preview:large, max-video-preview:-1\" \/>\n<link rel=\"canonical\" href=\"https:\/\/dana.com.br\/canaldana\/2015\/11\/26\/toyota-para-producao-por-falta-de-componentes\/\" \/>\n<meta property=\"og:locale\" content=\"pt_BR\" \/>\n<meta property=\"og:type\" content=\"article\" \/>\n<meta property=\"og:title\" content=\"Toyota para produ\u00e7\u00e3o por falta de componentes - Canal Dana\" \/>\n<meta property=\"og:description\" content=\"O Estado de S. Paulo &nbsp; A Toyota, uma das poucas montadoras do Brasil que n\u00e3o adotou medidas de corte de produ\u00e7\u00e3o neste ano e opera com horas extras, teve de suspender as opera\u00e7\u00f5es no in\u00edcio da tarde de ontem na f\u00e1brica de Indaiatuba (SP) por falta de pe\u00e7as. A parada deve ser mantida hoje\u2026 Leia mais \u00bb\" \/>\n<meta property=\"og:url\" content=\"https:\/\/dana.com.br\/canaldana\/2015\/11\/26\/toyota-para-producao-por-falta-de-componentes\/\" \/>\n<meta property=\"og:site_name\" content=\"Canal Dana\" \/>\n<meta property=\"article:published_time\" content=\"2015-11-26T10:25:05+00:00\" \/>\n<meta property=\"article:modified_time\" content=\"2015-11-27T09:58:35+00:00\" \/>\n<meta name=\"author\" content=\"Canal Dana\" \/>\n<meta name=\"twitter:card\" content=\"summary_large_image\" \/>\n<meta name=\"twitter:label1\" content=\"Escrito por\" \/>\n\t<meta name=\"twitter:data1\" content=\"Canal Dana\" \/>\n\t<meta name=\"twitter:label2\" content=\"Est. tempo de leitura\" \/>\n\t<meta name=\"twitter:data2\" content=\"3 minutos\" \/>\n<script type=\"application\/ld+json\" class=\"yoast-schema-graph\">{\"@context\":\"https:\\\/\\\/schema.org\",\"@graph\":[{\"@type\":\"Article\",\"@id\":\"https:\\\/\\\/dana.com.br\\\/canaldana\\\/2015\\\/11\\\/26\\\/toyota-para-producao-por-falta-de-componentes\\\/#article\",\"isPartOf\":{\"@id\":\"https:\\\/\\\/dana.com.br\\\/canaldana\\\/2015\\\/11\\\/26\\\/toyota-para-producao-por-falta-de-componentes\\\/\"},\"author\":{\"name\":\"Canal Dana\",\"@id\":\"https:\\\/\\\/dana.com.br\\\/canaldana\\\/#\\\/schema\\\/person\\\/3c21f22f56fcf3bc46b94bc60ea4fef6\"},\"headline\":\"Toyota para produ\u00e7\u00e3o por falta de componentes\",\"datePublished\":\"2015-11-26T10:25:05+00:00\",\"dateModified\":\"2015-11-27T09:58:35+00:00\",\"mainEntityOfPage\":{\"@id\":\"https:\\\/\\\/dana.com.br\\\/canaldana\\\/2015\\\/11\\\/26\\\/toyota-para-producao-por-falta-de-componentes\\\/\"},\"wordCount\":557,\"articleSection\":[\"Destaques\"],\"inLanguage\":\"pt-BR\"},{\"@type\":\"WebPage\",\"@id\":\"https:\\\/\\\/dana.com.br\\\/canaldana\\\/2015\\\/11\\\/26\\\/toyota-para-producao-por-falta-de-componentes\\\/\",\"url\":\"https:\\\/\\\/dana.com.br\\\/canaldana\\\/2015\\\/11\\\/26\\\/toyota-para-producao-por-falta-de-componentes\\\/\",\"name\":\"Toyota para produ\u00e7\u00e3o por falta de componentes - Canal Dana\",\"isPartOf\":{\"@id\":\"https:\\\/\\\/dana.com.br\\\/canaldana\\\/#website\"},\"datePublished\":\"2015-11-26T10:25:05+00:00\",\"dateModified\":\"2015-11-27T09:58:35+00:00\",\"author\":{\"@id\":\"https:\\\/\\\/dana.com.br\\\/canaldana\\\/#\\\/schema\\\/person\\\/3c21f22f56fcf3bc46b94bc60ea4fef6\"},\"breadcrumb\":{\"@id\":\"https:\\\/\\\/dana.com.br\\\/canaldana\\\/2015\\\/11\\\/26\\\/toyota-para-producao-por-falta-de-componentes\\\/#breadcrumb\"},\"inLanguage\":\"pt-BR\",\"potentialAction\":[{\"@type\":\"ReadAction\",\"target\":[\"https:\\\/\\\/dana.com.br\\\/canaldana\\\/2015\\\/11\\\/26\\\/toyota-para-producao-por-falta-de-componentes\\\/\"]}]},{\"@type\":\"BreadcrumbList\",\"@id\":\"https:\\\/\\\/dana.com.br\\\/canaldana\\\/2015\\\/11\\\/26\\\/toyota-para-producao-por-falta-de-componentes\\\/#breadcrumb\",\"itemListElement\":[{\"@type\":\"ListItem\",\"position\":1,\"name\":\"Home\",\"item\":\"https:\\\/\\\/dana.com.br\\\/canaldana\\\/\"},{\"@type\":\"ListItem\",\"position\":2,\"name\":\"Destaques\",\"item\":\"https:\\\/\\\/dana.com.br\\\/canaldana\\\/destaques\\\/\"},{\"@type\":\"ListItem\",\"position\":3,\"name\":\"Toyota para produ\u00e7\u00e3o por falta de componentes\"}]},{\"@type\":\"WebSite\",\"@id\":\"https:\\\/\\\/dana.com.br\\\/canaldana\\\/#website\",\"url\":\"https:\\\/\\\/dana.com.br\\\/canaldana\\\/\",\"name\":\"Canal Dana\",\"description\":\"Informativo com as principais not\u00edcias da ind\u00fastria automotiva\",\"potentialAction\":[{\"@type\":\"SearchAction\",\"target\":{\"@type\":\"EntryPoint\",\"urlTemplate\":\"https:\\\/\\\/dana.com.br\\\/canaldana\\\/?s={search_term_string}\"},\"query-input\":{\"@type\":\"PropertyValueSpecification\",\"valueRequired\":true,\"valueName\":\"search_term_string\"}}],\"inLanguage\":\"pt-BR\"},{\"@type\":\"Person\",\"@id\":\"https:\\\/\\\/dana.com.br\\\/canaldana\\\/#\\\/schema\\\/person\\\/3c21f22f56fcf3bc46b94bc60ea4fef6\",\"name\":\"Canal Dana\",\"image\":{\"@type\":\"ImageObject\",\"inLanguage\":\"pt-BR\",\"@id\":\"https:\\\/\\\/secure.gravatar.com\\\/avatar\\\/420aaf9278582877d9018637c6817617705899d2858d7572ef0fe59a6b6454b4?s=96&d=mm&r=g\",\"url\":\"https:\\\/\\\/secure.gravatar.com\\\/avatar\\\/420aaf9278582877d9018637c6817617705899d2858d7572ef0fe59a6b6454b4?s=96&d=mm&r=g\",\"contentUrl\":\"https:\\\/\\\/secure.gravatar.com\\\/avatar\\\/420aaf9278582877d9018637c6817617705899d2858d7572ef0fe59a6b6454b4?s=96&d=mm&r=g\",\"caption\":\"Canal Dana\"},\"url\":\"https:\\\/\\\/dana.com.br\\\/canaldana\\\/author\\\/cdeditor\\\/\"}]}<\/script>\n<!-- \/ Yoast SEO plugin. -->","yoast_head_json":{"title":"Toyota para produ\u00e7\u00e3o por falta de componentes - Canal Dana","robots":{"index":"index","follow":"follow","max-snippet":"max-snippet:-1","max-image-preview":"max-image-preview:large","max-video-preview":"max-video-preview:-1"},"canonical":"https:\/\/dana.com.br\/canaldana\/2015\/11\/26\/toyota-para-producao-por-falta-de-componentes\/","og_locale":"pt_BR","og_type":"article","og_title":"Toyota para produ\u00e7\u00e3o por falta de componentes - Canal Dana","og_description":"O Estado de S. Paulo &nbsp; A Toyota, uma das poucas montadoras do Brasil que n\u00e3o adotou medidas de corte de produ\u00e7\u00e3o neste ano e opera com horas extras, teve de suspender as opera\u00e7\u00f5es no in\u00edcio da tarde de ontem na f\u00e1brica de Indaiatuba (SP) por falta de pe\u00e7as. A parada deve ser mantida hoje\u2026 Leia mais \u00bb","og_url":"https:\/\/dana.com.br\/canaldana\/2015\/11\/26\/toyota-para-producao-por-falta-de-componentes\/","og_site_name":"Canal Dana","article_published_time":"2015-11-26T10:25:05+00:00","article_modified_time":"2015-11-27T09:58:35+00:00","author":"Canal Dana","twitter_card":"summary_large_image","twitter_misc":{"Escrito por":"Canal Dana","Est. tempo de leitura":"3 minutos"},"schema":{"@context":"https:\/\/schema.org","@graph":[{"@type":"Article","@id":"https:\/\/dana.com.br\/canaldana\/2015\/11\/26\/toyota-para-producao-por-falta-de-componentes\/#article","isPartOf":{"@id":"https:\/\/dana.com.br\/canaldana\/2015\/11\/26\/toyota-para-producao-por-falta-de-componentes\/"},"author":{"name":"Canal Dana","@id":"https:\/\/dana.com.br\/canaldana\/#\/schema\/person\/3c21f22f56fcf3bc46b94bc60ea4fef6"},"headline":"Toyota para produ\u00e7\u00e3o por falta de componentes","datePublished":"2015-11-26T10:25:05+00:00","dateModified":"2015-11-27T09:58:35+00:00","mainEntityOfPage":{"@id":"https:\/\/dana.com.br\/canaldana\/2015\/11\/26\/toyota-para-producao-por-falta-de-componentes\/"},"wordCount":557,"articleSection":["Destaques"],"inLanguage":"pt-BR"},{"@type":"WebPage","@id":"https:\/\/dana.com.br\/canaldana\/2015\/11\/26\/toyota-para-producao-por-falta-de-componentes\/","url":"https:\/\/dana.com.br\/canaldana\/2015\/11\/26\/toyota-para-producao-por-falta-de-componentes\/","name":"Toyota para produ\u00e7\u00e3o por falta de componentes - Canal Dana","isPartOf":{"@id":"https:\/\/dana.com.br\/canaldana\/#website"},"datePublished":"2015-11-26T10:25:05+00:00","dateModified":"2015-11-27T09:58:35+00:00","author":{"@id":"https:\/\/dana.com.br\/canaldana\/#\/schema\/person\/3c21f22f56fcf3bc46b94bc60ea4fef6"},"breadcrumb":{"@id":"https:\/\/dana.com.br\/canaldana\/2015\/11\/26\/toyota-para-producao-por-falta-de-componentes\/#breadcrumb"},"inLanguage":"pt-BR","potentialAction":[{"@type":"ReadAction","target":["https:\/\/dana.com.br\/canaldana\/2015\/11\/26\/toyota-para-producao-por-falta-de-componentes\/"]}]},{"@type":"BreadcrumbList","@id":"https:\/\/dana.com.br\/canaldana\/2015\/11\/26\/toyota-para-producao-por-falta-de-componentes\/#breadcrumb","itemListElement":[{"@type":"ListItem","position":1,"name":"Home","item":"https:\/\/dana.com.br\/canaldana\/"},{"@type":"ListItem","position":2,"name":"Destaques","item":"https:\/\/dana.com.br\/canaldana\/destaques\/"},{"@type":"ListItem","position":3,"name":"Toyota para produ\u00e7\u00e3o por falta de componentes"}]},{"@type":"WebSite","@id":"https:\/\/dana.com.br\/canaldana\/#website","url":"https:\/\/dana.com.br\/canaldana\/","name":"Canal Dana","description":"Informativo com as principais not\u00edcias da ind\u00fastria automotiva","potentialAction":[{"@type":"SearchAction","target":{"@type":"EntryPoint","urlTemplate":"https:\/\/dana.com.br\/canaldana\/?s={search_term_string}"},"query-input":{"@type":"PropertyValueSpecification","valueRequired":true,"valueName":"search_term_string"}}],"inLanguage":"pt-BR"},{"@type":"Person","@id":"https:\/\/dana.com.br\/canaldana\/#\/schema\/person\/3c21f22f56fcf3bc46b94bc60ea4fef6","name":"Canal Dana","image":{"@type":"ImageObject","inLanguage":"pt-BR","@id":"https:\/\/secure.gravatar.com\/avatar\/420aaf9278582877d9018637c6817617705899d2858d7572ef0fe59a6b6454b4?s=96&d=mm&r=g","url":"https:\/\/secure.gravatar.com\/avatar\/420aaf9278582877d9018637c6817617705899d2858d7572ef0fe59a6b6454b4?s=96&d=mm&r=g","contentUrl":"https:\/\/secure.gravatar.com\/avatar\/420aaf9278582877d9018637c6817617705899d2858d7572ef0fe59a6b6454b4?s=96&d=mm&r=g","caption":"Canal Dana"},"url":"https:\/\/dana.com.br\/canaldana\/author\/cdeditor\/"}]}},"_links":{"self":[{"href":"https:\/\/dana.com.br\/canaldana\/wp-json\/wp\/v2\/posts\/4467","targetHints":{"allow":["GET"]}}],"collection":[{"href":"https:\/\/dana.com.br\/canaldana\/wp-json\/wp\/v2\/posts"}],"about":[{"href":"https:\/\/dana.com.br\/canaldana\/wp-json\/wp\/v2\/types\/post"}],"author":[{"embeddable":true,"href":"https:\/\/dana.com.br\/canaldana\/wp-json\/wp\/v2\/users\/3"}],"replies":[{"embeddable":true,"href":"https:\/\/dana.com.br\/canaldana\/wp-json\/wp\/v2\/comments?post=4467"}],"version-history":[{"count":0,"href":"https:\/\/dana.com.br\/canaldana\/wp-json\/wp\/v2\/posts\/4467\/revisions"}],"wp:attachment":[{"href":"https:\/\/dana.com.br\/canaldana\/wp-json\/wp\/v2\/media?parent=4467"}],"wp:term":[{"taxonomy":"category","embeddable":true,"href":"https:\/\/dana.com.br\/canaldana\/wp-json\/wp\/v2\/categories?post=4467"},{"taxonomy":"post_tag","embeddable":true,"href":"https:\/\/dana.com.br\/canaldana\/wp-json\/wp\/v2\/tags?post=4467"}],"curies":[{"name":"wp","href":"https:\/\/api.w.org\/{rel}","templated":true}]}}