{"id":44608,"date":"2020-09-03T08:43:20","date_gmt":"2020-09-03T11:43:20","guid":{"rendered":"https:\/\/dana.com.br\/canaldana\/?p=44608"},"modified":"2020-09-03T08:43:20","modified_gmt":"2020-09-03T11:43:20","slug":"mercado-automotivo-se-reinventa-para-retomada-da-economia","status":"publish","type":"post","link":"https:\/\/dana.com.br\/canaldana\/2020\/09\/03\/mercado-automotivo-se-reinventa-para-retomada-da-economia\/","title":{"rendered":"Mercado automotivo se reinventa para retomada da economia"},"content":{"rendered":"<p><em>Clima Tempo\/DINO<\/em><\/p>\n<p>&nbsp;<\/p>\n<p>Dizer que a pandemia da covid-19 mudou o mundo j\u00e1 caiu em todos os clich\u00eas poss\u00edveis e imagin\u00e1veis; entretanto, ainda \u00e9 interessante observar como ela promoveu altera\u00e7\u00f5es, nos mais diversos aspectos, e quais foram as alternativas e solu\u00e7\u00f5es utilizadas para sobreviver \u00e0 crise.<\/p>\n<p>&nbsp;<\/p>\n<p>Segundo Almir Nogueira J\u00fanior, CEO da Damato Marketing Automotivo, as vendas ca\u00edram, e ca\u00edram muito: &#8220;Ca\u00edram 90% tanto a venda como os financiamentos. Os bancos sentiram uma queda ainda maior; claro que as duas coisas andam praticamente juntas, mas os bancos perderam mais ainda, pois ningu\u00e9m queria financiar nada&#8221;, conta ele, lembrando que n\u00e3o houve regi\u00f5es mais ou menos afetadas. O golpe foi grande no Brasil todo, e as raz\u00f5es do p\u00fablico s\u00e3o as mais variadas como inseguran\u00e7a, desemprego e foco na sobreviv\u00eancia.<\/p>\n<p>&nbsp;<\/p>\n<p>Assim sendo, as empresas tiveram que buscar alternativas, e uma das principais \u00e9 o live marketing. O termo \u00e9 relativamente novo, mas j\u00e1 ganha adeptos e, pelo menos nesse setor, tem a Damato como pioneira. A proposta consiste basicamente em levar os produtos para as salas das casas das pessoas e foi aceita prontamente pelas montadoras e concession\u00e1rias. Para se ter uma ideia do potencial da a\u00e7\u00e3o, a FIAT pulou de um s\u00e1bado de pandemia com 10 carros vendidos em uma concession\u00e1ria para 48 vendas no dia da primeira live, o que, segundo a DMA, em n\u00fameros percentuais, indica crescimento de 380%, que j\u00e1 seria excepcional em circunst\u00e2ncias normais; para uma \u00e9poca de pandemia, \u00e9 um sonho, agora poss\u00edvel. A empresa revelou que, al\u00e9m da Fiat, outras marcas tiveram n\u00fameros excelentes: a Jeep obteve crescimento de 42%; a GM, de 26%; a Ford, de 55%; e a Renault, de 41%, entre outros exemplos.<\/p>\n<p>&nbsp;<\/p>\n<p>A ideia \u00e9 claramente um sucesso. Veio para suprir as necessidades comerciais durante a pandemia, mas o plano \u00e9 que seja mantida. Afinal, a tecnologia hoje permite o avan\u00e7o, o qual facilita tamb\u00e9m a vida do consumidor, que n\u00e3o precisa mais se locomover. &#8220;Acredito que esse formato siga com sucesso; e, se n\u00e3o for assim, reinventar novamente \u00e9 a ordem&#8221;, conclui Almir. (Clima Tempo\/DINO)<\/p>\n","protected":false},"excerpt":{"rendered":"<p>Clima Tempo\/DINO &nbsp; Dizer que a pandemia da covid-19 mudou o mundo j\u00e1 caiu em todos os clich\u00eas poss\u00edveis e imagin\u00e1veis; entretanto, ainda \u00e9 interessante observar como ela promoveu altera\u00e7\u00f5es, nos mais diversos aspectos, e quais foram as alternativas e solu\u00e7\u00f5es utilizadas para sobreviver \u00e0 crise. &nbsp; Segundo Almir Nogueira J\u00fanior, CEO da Damato Marketing\u2026 <a class=\"readmore\" href=\"https:\/\/dana.com.br\/canaldana\/2020\/09\/03\/mercado-automotivo-se-reinventa-para-retomada-da-economia\/\">Leia mais \u00bb<\/a><\/p>\n","protected":false},"author":3,"featured_media":0,"comment_status":"closed","ping_status":"closed","sticky":false,"template":"","format":"standard","meta":{"_acf_changed":false,"footnotes":""},"categories":[79],"tags":[],"class_list":["post-44608","post","type-post","status-publish","format-standard","hentry","category-mercado"],"acf":[],"yoast_head":"<!-- This site is optimized with the Yoast SEO plugin v27.5 - https:\/\/yoast.com\/product\/yoast-seo-wordpress\/ -->\n<title>Mercado automotivo se reinventa para retomada da economia - Canal Dana<\/title>\n<meta name=\"robots\" content=\"index, follow, max-snippet:-1, max-image-preview:large, max-video-preview:-1\" \/>\n<link rel=\"canonical\" href=\"https:\/\/dana.com.br\/canaldana\/2020\/09\/03\/mercado-automotivo-se-reinventa-para-retomada-da-economia\/\" \/>\n<meta property=\"og:locale\" content=\"pt_BR\" \/>\n<meta property=\"og:type\" content=\"article\" \/>\n<meta property=\"og:title\" content=\"Mercado automotivo se reinventa para retomada da economia - Canal Dana\" \/>\n<meta property=\"og:description\" content=\"Clima Tempo\/DINO &nbsp; Dizer que a pandemia da covid-19 mudou o mundo j\u00e1 caiu em todos os clich\u00eas poss\u00edveis e imagin\u00e1veis; entretanto, ainda \u00e9 interessante observar como ela promoveu altera\u00e7\u00f5es, nos mais diversos aspectos, e quais foram as alternativas e solu\u00e7\u00f5es utilizadas para sobreviver \u00e0 crise. &nbsp; Segundo Almir Nogueira J\u00fanior, CEO da Damato Marketing\u2026 Leia mais \u00bb\" \/>\n<meta property=\"og:url\" content=\"https:\/\/dana.com.br\/canaldana\/2020\/09\/03\/mercado-automotivo-se-reinventa-para-retomada-da-economia\/\" \/>\n<meta property=\"og:site_name\" content=\"Canal Dana\" \/>\n<meta property=\"article:published_time\" content=\"2020-09-03T11:43:20+00:00\" \/>\n<meta name=\"author\" content=\"Canal Dana\" \/>\n<meta name=\"twitter:card\" content=\"summary_large_image\" \/>\n<meta name=\"twitter:label1\" content=\"Escrito por\" \/>\n\t<meta name=\"twitter:data1\" content=\"Canal Dana\" \/>\n\t<meta name=\"twitter:label2\" content=\"Est. tempo de leitura\" \/>\n\t<meta name=\"twitter:data2\" content=\"2 minutos\" \/>\n<script type=\"application\/ld+json\" class=\"yoast-schema-graph\">{\"@context\":\"https:\\\/\\\/schema.org\",\"@graph\":[{\"@type\":\"Article\",\"@id\":\"https:\\\/\\\/dana.com.br\\\/canaldana\\\/2020\\\/09\\\/03\\\/mercado-automotivo-se-reinventa-para-retomada-da-economia\\\/#article\",\"isPartOf\":{\"@id\":\"https:\\\/\\\/dana.com.br\\\/canaldana\\\/2020\\\/09\\\/03\\\/mercado-automotivo-se-reinventa-para-retomada-da-economia\\\/\"},\"author\":{\"name\":\"Canal Dana\",\"@id\":\"https:\\\/\\\/dana.com.br\\\/canaldana\\\/#\\\/schema\\\/person\\\/3c21f22f56fcf3bc46b94bc60ea4fef6\"},\"headline\":\"Mercado automotivo se reinventa para retomada da economia\",\"datePublished\":\"2020-09-03T11:43:20+00:00\",\"mainEntityOfPage\":{\"@id\":\"https:\\\/\\\/dana.com.br\\\/canaldana\\\/2020\\\/09\\\/03\\\/mercado-automotivo-se-reinventa-para-retomada-da-economia\\\/\"},\"wordCount\":373,\"articleSection\":[\"Mercado\"],\"inLanguage\":\"pt-BR\"},{\"@type\":\"WebPage\",\"@id\":\"https:\\\/\\\/dana.com.br\\\/canaldana\\\/2020\\\/09\\\/03\\\/mercado-automotivo-se-reinventa-para-retomada-da-economia\\\/\",\"url\":\"https:\\\/\\\/dana.com.br\\\/canaldana\\\/2020\\\/09\\\/03\\\/mercado-automotivo-se-reinventa-para-retomada-da-economia\\\/\",\"name\":\"Mercado automotivo se reinventa para retomada da economia - Canal Dana\",\"isPartOf\":{\"@id\":\"https:\\\/\\\/dana.com.br\\\/canaldana\\\/#website\"},\"datePublished\":\"2020-09-03T11:43:20+00:00\",\"author\":{\"@id\":\"https:\\\/\\\/dana.com.br\\\/canaldana\\\/#\\\/schema\\\/person\\\/3c21f22f56fcf3bc46b94bc60ea4fef6\"},\"breadcrumb\":{\"@id\":\"https:\\\/\\\/dana.com.br\\\/canaldana\\\/2020\\\/09\\\/03\\\/mercado-automotivo-se-reinventa-para-retomada-da-economia\\\/#breadcrumb\"},\"inLanguage\":\"pt-BR\",\"potentialAction\":[{\"@type\":\"ReadAction\",\"target\":[\"https:\\\/\\\/dana.com.br\\\/canaldana\\\/2020\\\/09\\\/03\\\/mercado-automotivo-se-reinventa-para-retomada-da-economia\\\/\"]}]},{\"@type\":\"BreadcrumbList\",\"@id\":\"https:\\\/\\\/dana.com.br\\\/canaldana\\\/2020\\\/09\\\/03\\\/mercado-automotivo-se-reinventa-para-retomada-da-economia\\\/#breadcrumb\",\"itemListElement\":[{\"@type\":\"ListItem\",\"position\":1,\"name\":\"Home\",\"item\":\"https:\\\/\\\/dana.com.br\\\/canaldana\\\/\"},{\"@type\":\"ListItem\",\"position\":2,\"name\":\"Mercado\",\"item\":\"https:\\\/\\\/dana.com.br\\\/canaldana\\\/mercado\\\/\"},{\"@type\":\"ListItem\",\"position\":3,\"name\":\"Mercado automotivo se reinventa para retomada da economia\"}]},{\"@type\":\"WebSite\",\"@id\":\"https:\\\/\\\/dana.com.br\\\/canaldana\\\/#website\",\"url\":\"https:\\\/\\\/dana.com.br\\\/canaldana\\\/\",\"name\":\"Canal Dana\",\"description\":\"Informativo com as principais not\u00edcias da ind\u00fastria automotiva\",\"potentialAction\":[{\"@type\":\"SearchAction\",\"target\":{\"@type\":\"EntryPoint\",\"urlTemplate\":\"https:\\\/\\\/dana.com.br\\\/canaldana\\\/?s={search_term_string}\"},\"query-input\":{\"@type\":\"PropertyValueSpecification\",\"valueRequired\":true,\"valueName\":\"search_term_string\"}}],\"inLanguage\":\"pt-BR\"},{\"@type\":\"Person\",\"@id\":\"https:\\\/\\\/dana.com.br\\\/canaldana\\\/#\\\/schema\\\/person\\\/3c21f22f56fcf3bc46b94bc60ea4fef6\",\"name\":\"Canal Dana\",\"image\":{\"@type\":\"ImageObject\",\"inLanguage\":\"pt-BR\",\"@id\":\"https:\\\/\\\/secure.gravatar.com\\\/avatar\\\/420aaf9278582877d9018637c6817617705899d2858d7572ef0fe59a6b6454b4?s=96&d=mm&r=g\",\"url\":\"https:\\\/\\\/secure.gravatar.com\\\/avatar\\\/420aaf9278582877d9018637c6817617705899d2858d7572ef0fe59a6b6454b4?s=96&d=mm&r=g\",\"contentUrl\":\"https:\\\/\\\/secure.gravatar.com\\\/avatar\\\/420aaf9278582877d9018637c6817617705899d2858d7572ef0fe59a6b6454b4?s=96&d=mm&r=g\",\"caption\":\"Canal Dana\"},\"url\":\"https:\\\/\\\/dana.com.br\\\/canaldana\\\/author\\\/cdeditor\\\/\"}]}<\/script>\n<!-- \/ Yoast SEO plugin. -->","yoast_head_json":{"title":"Mercado automotivo se reinventa para retomada da economia - Canal Dana","robots":{"index":"index","follow":"follow","max-snippet":"max-snippet:-1","max-image-preview":"max-image-preview:large","max-video-preview":"max-video-preview:-1"},"canonical":"https:\/\/dana.com.br\/canaldana\/2020\/09\/03\/mercado-automotivo-se-reinventa-para-retomada-da-economia\/","og_locale":"pt_BR","og_type":"article","og_title":"Mercado automotivo se reinventa para retomada da economia - Canal Dana","og_description":"Clima Tempo\/DINO &nbsp; Dizer que a pandemia da covid-19 mudou o mundo j\u00e1 caiu em todos os clich\u00eas poss\u00edveis e imagin\u00e1veis; entretanto, ainda \u00e9 interessante observar como ela promoveu altera\u00e7\u00f5es, nos mais diversos aspectos, e quais foram as alternativas e solu\u00e7\u00f5es utilizadas para sobreviver \u00e0 crise. &nbsp; Segundo Almir Nogueira J\u00fanior, CEO da Damato Marketing\u2026 Leia mais \u00bb","og_url":"https:\/\/dana.com.br\/canaldana\/2020\/09\/03\/mercado-automotivo-se-reinventa-para-retomada-da-economia\/","og_site_name":"Canal Dana","article_published_time":"2020-09-03T11:43:20+00:00","author":"Canal Dana","twitter_card":"summary_large_image","twitter_misc":{"Escrito por":"Canal Dana","Est. tempo de leitura":"2 minutos"},"schema":{"@context":"https:\/\/schema.org","@graph":[{"@type":"Article","@id":"https:\/\/dana.com.br\/canaldana\/2020\/09\/03\/mercado-automotivo-se-reinventa-para-retomada-da-economia\/#article","isPartOf":{"@id":"https:\/\/dana.com.br\/canaldana\/2020\/09\/03\/mercado-automotivo-se-reinventa-para-retomada-da-economia\/"},"author":{"name":"Canal Dana","@id":"https:\/\/dana.com.br\/canaldana\/#\/schema\/person\/3c21f22f56fcf3bc46b94bc60ea4fef6"},"headline":"Mercado automotivo se reinventa para retomada da economia","datePublished":"2020-09-03T11:43:20+00:00","mainEntityOfPage":{"@id":"https:\/\/dana.com.br\/canaldana\/2020\/09\/03\/mercado-automotivo-se-reinventa-para-retomada-da-economia\/"},"wordCount":373,"articleSection":["Mercado"],"inLanguage":"pt-BR"},{"@type":"WebPage","@id":"https:\/\/dana.com.br\/canaldana\/2020\/09\/03\/mercado-automotivo-se-reinventa-para-retomada-da-economia\/","url":"https:\/\/dana.com.br\/canaldana\/2020\/09\/03\/mercado-automotivo-se-reinventa-para-retomada-da-economia\/","name":"Mercado automotivo se reinventa para retomada da economia - Canal Dana","isPartOf":{"@id":"https:\/\/dana.com.br\/canaldana\/#website"},"datePublished":"2020-09-03T11:43:20+00:00","author":{"@id":"https:\/\/dana.com.br\/canaldana\/#\/schema\/person\/3c21f22f56fcf3bc46b94bc60ea4fef6"},"breadcrumb":{"@id":"https:\/\/dana.com.br\/canaldana\/2020\/09\/03\/mercado-automotivo-se-reinventa-para-retomada-da-economia\/#breadcrumb"},"inLanguage":"pt-BR","potentialAction":[{"@type":"ReadAction","target":["https:\/\/dana.com.br\/canaldana\/2020\/09\/03\/mercado-automotivo-se-reinventa-para-retomada-da-economia\/"]}]},{"@type":"BreadcrumbList","@id":"https:\/\/dana.com.br\/canaldana\/2020\/09\/03\/mercado-automotivo-se-reinventa-para-retomada-da-economia\/#breadcrumb","itemListElement":[{"@type":"ListItem","position":1,"name":"Home","item":"https:\/\/dana.com.br\/canaldana\/"},{"@type":"ListItem","position":2,"name":"Mercado","item":"https:\/\/dana.com.br\/canaldana\/mercado\/"},{"@type":"ListItem","position":3,"name":"Mercado automotivo se reinventa para retomada da economia"}]},{"@type":"WebSite","@id":"https:\/\/dana.com.br\/canaldana\/#website","url":"https:\/\/dana.com.br\/canaldana\/","name":"Canal Dana","description":"Informativo com as principais not\u00edcias da ind\u00fastria automotiva","potentialAction":[{"@type":"SearchAction","target":{"@type":"EntryPoint","urlTemplate":"https:\/\/dana.com.br\/canaldana\/?s={search_term_string}"},"query-input":{"@type":"PropertyValueSpecification","valueRequired":true,"valueName":"search_term_string"}}],"inLanguage":"pt-BR"},{"@type":"Person","@id":"https:\/\/dana.com.br\/canaldana\/#\/schema\/person\/3c21f22f56fcf3bc46b94bc60ea4fef6","name":"Canal Dana","image":{"@type":"ImageObject","inLanguage":"pt-BR","@id":"https:\/\/secure.gravatar.com\/avatar\/420aaf9278582877d9018637c6817617705899d2858d7572ef0fe59a6b6454b4?s=96&d=mm&r=g","url":"https:\/\/secure.gravatar.com\/avatar\/420aaf9278582877d9018637c6817617705899d2858d7572ef0fe59a6b6454b4?s=96&d=mm&r=g","contentUrl":"https:\/\/secure.gravatar.com\/avatar\/420aaf9278582877d9018637c6817617705899d2858d7572ef0fe59a6b6454b4?s=96&d=mm&r=g","caption":"Canal Dana"},"url":"https:\/\/dana.com.br\/canaldana\/author\/cdeditor\/"}]}},"_links":{"self":[{"href":"https:\/\/dana.com.br\/canaldana\/wp-json\/wp\/v2\/posts\/44608","targetHints":{"allow":["GET"]}}],"collection":[{"href":"https:\/\/dana.com.br\/canaldana\/wp-json\/wp\/v2\/posts"}],"about":[{"href":"https:\/\/dana.com.br\/canaldana\/wp-json\/wp\/v2\/types\/post"}],"author":[{"embeddable":true,"href":"https:\/\/dana.com.br\/canaldana\/wp-json\/wp\/v2\/users\/3"}],"replies":[{"embeddable":true,"href":"https:\/\/dana.com.br\/canaldana\/wp-json\/wp\/v2\/comments?post=44608"}],"version-history":[{"count":0,"href":"https:\/\/dana.com.br\/canaldana\/wp-json\/wp\/v2\/posts\/44608\/revisions"}],"wp:attachment":[{"href":"https:\/\/dana.com.br\/canaldana\/wp-json\/wp\/v2\/media?parent=44608"}],"wp:term":[{"taxonomy":"category","embeddable":true,"href":"https:\/\/dana.com.br\/canaldana\/wp-json\/wp\/v2\/categories?post=44608"},{"taxonomy":"post_tag","embeddable":true,"href":"https:\/\/dana.com.br\/canaldana\/wp-json\/wp\/v2\/tags?post=44608"}],"curies":[{"name":"wp","href":"https:\/\/api.w.org\/{rel}","templated":true}]}}