{"id":44590,"date":"2020-09-03T08:37:22","date_gmt":"2020-09-03T11:37:22","guid":{"rendered":"https:\/\/dana.com.br\/canaldana\/?p=44590"},"modified":"2020-09-03T08:37:22","modified_gmt":"2020-09-03T11:37:22","slug":"ford-inicia-mes-global-do-voluntariado-com-novas-acoes-de-apoio-a-comunidade","status":"publish","type":"post","link":"https:\/\/dana.com.br\/canaldana\/2020\/09\/03\/ford-inicia-mes-global-do-voluntariado-com-novas-acoes-de-apoio-a-comunidade\/","title":{"rendered":"Ford inicia M\u00eas Global do Voluntariado com novas a\u00e7\u00f5es de apoio \u00e0 comunidade"},"content":{"rendered":"<p><em>ABC do ABC<\/em><\/p>\n<p>&nbsp;<\/p>\n<p>A Ford iniciou as atividades do M\u00eas Global do Voluntariado, programa que h\u00e1 15 anos incentiva os empregados da empresa em todo o mundo a participar de servi\u00e7os comunit\u00e1rios durante o m\u00eas de setembro. Este ano, foram criadas duas novas iniciativas para que eles possam ajudar organiza\u00e7\u00f5es do terceiro setor e tornar a vida das pessoas melhor com seguran\u00e7a, em meio \u00e0 pandemia de Covid-19.<\/p>\n<p>&nbsp;<\/p>\n<p>\u201cEste ano, o M\u00eas Global do Voluntariado tem uma import\u00e2ncia especial\u201d, diz Todd Nissen, diretor do Corpo de Volunt\u00e1rios da Ford. \u201cEm todo o mundo, as pessoas est\u00e3o sofrendo com a pandemia e as comunidades est\u00e3o em convuls\u00e3o devido \u00e0 injusti\u00e7a racial e social. Nossas iniciativas do M\u00eas Global do Voluntariado s\u00e3o projetadas para que os empregados possam fazer a diferen\u00e7a na vida das pessoas e apoiar as comunidades necessitadas nestes tempos sem precedentes.\u201d<\/p>\n<p>&nbsp;<\/p>\n<p>Normalmente, milhares de volunt\u00e1rios da Ford em seis continentes participam de a\u00e7\u00f5es pr\u00e1ticas nas comunidades durante o M\u00eas Global do Voluntariado. Este ano, para manter a sa\u00fade e a seguran\u00e7a, em vez de plantar jardins, limpar e reformar abrigos ou abastecer despensas com alimentos, os empregados da Ford v\u00e3o concentrar seus esfor\u00e7os em duas atividades:<\/p>\n<p>&nbsp;<\/p>\n<ul>\n<li>Fundos de gratid\u00e3o: os empregados podem indicar uma organiza\u00e7\u00e3o sem fins lucrativos ou n\u00e3o governamental para receber um \u201csubs\u00eddio de gratid\u00e3o\u201d, em reconhecimento ao trabalho realizado em resposta ao Covid-19. O Corpo de Volunt\u00e1rios da Ford dar\u00e1 subs\u00eddios de at\u00e9 US$ 5.000 a organiza\u00e7\u00f5es selecionadas, indicadas por empregados, para ajudar a manter ou ampliar seus esfor\u00e7os no atendimento \u00e0s necessidades da comunidade relacionadas \u00e0 pandemia.<\/li>\n<\/ul>\n<p>&nbsp;<\/p>\n<ul>\n<li>Atos de gentileza: o Corpo de Volunt\u00e1rios da Ford incentiva os empregados a ajudar seus amigos, vizinhos ou familiares necessitados, realizando um ato de gentileza \u2013 grande ou pequeno. Seja ligando para algu\u00e9m que mora sozinho, doando sangue, se voluntariando virtualmente ou realizando alguma outra a\u00e7\u00e3o. Aqueles que enviarem uma foto realizando a a\u00e7\u00e3o receber\u00e3o um cart\u00e3o-presente de US$ 15 \u2013 em reconhecimento ao 15\u00ba anivers\u00e1rio do Corpo de Volunt\u00e1rios da Ford \u2013 que pode ser usado para apoiar um dos milhares de projetos de caridade aprovados em mais de 160 pa\u00edses.<\/li>\n<\/ul>\n<p>&nbsp;<\/p>\n<p>\u201cOs empregados da Ford est\u00e3o fortemente comprometidos em apoiar o trabalho de organiza\u00e7\u00f5es comunit\u00e1rias em todo o mundo \u2013 muitas das quais est\u00e3o atendendo a mais pessoas e com menos recursos, devido \u00e0s necessidades crescentes da pandemia\u201d, diz Nissen. \u201cSabemos que eles atender\u00e3o ao chamado para mostrar aos nossos parceiros do terceiro setor o quanto apreciamos o importante trabalho que eles est\u00e3o fazendo para ajudar a criar um mundo melhor.\u201d<\/p>\n<p>&nbsp;<\/p>\n<p>Embora a Covid-19 tenha trazido obst\u00e1culos ao trabalho volunt\u00e1rio presencial, ela tamb\u00e9m inspirou novas abordagens criativas para servir aos outros \u2013 n\u00e3o s\u00f3 durante o M\u00eas Global do Voluntariado, como nos \u00faltimos cinco meses, desde o in\u00edcio da pandemia.<\/p>\n<p>&nbsp;<\/p>\n<p>Criado em resposta aos empregados da Ford que pediram maneiras de ajudar, o programa \u201cCovid-19 Donation Match\u201d apoiou 47 organiza\u00e7\u00f5es comunit\u00e1rias em 20 pa\u00edses. Superando a meta de US$ 1 milh\u00e3o, o programa arrecadou mais de US$ 633.000 em contribui\u00e7\u00f5es individuais, que foram complementadas por US$ 500.000 do Ford Motor Company Fund \u2013 o bra\u00e7o filantr\u00f3pico da empresa \u2013 e contribui\u00e7\u00f5es pessoais do presidente executivo Bill Ford.<\/p>\n<p>&nbsp;<\/p>\n<p>No Brasil, as doa\u00e7\u00f5es foram destinadas para as Obras Sociais Irm\u00e3 Dulce, institui\u00e7\u00e3o filantr\u00f3pica que abriga um dos maiores complexos de sa\u00fade 100% gratuitos do pa\u00eds e atende diariamente milhares de pessoas carentes na Bahia.<\/p>\n<p>&nbsp;<\/p>\n<p>Al\u00e9m disso, o Ford Fund criou o projeto de voluntariado virtual \u201cLeia e Grave\u201d, convidando volunt\u00e1rios da Ford a ler livros infantis em sua pr\u00f3pria l\u00edngua para as fam\u00edlias ouvirem quando as escolas fecharam e adotaram o ensino \u00e0 dist\u00e2ncia.<\/p>\n<p>&nbsp;<\/p>\n<p>Gerenciado pelo Ford Fund, o Corpo de Volunt\u00e1rios da Ford \u00e9 uma rede global de empregados e aposentados da Ford que j\u00e1 dedicaram mais de 1,4 milh\u00e3o de horas a servi\u00e7os comunit\u00e1rios desde 2005.<\/p>\n<p>&nbsp;<\/p>\n<p><strong>Sobre o Ford Motor Company Fund<\/strong><\/p>\n<p>&nbsp;<\/p>\n<p>Como bra\u00e7o filantr\u00f3pico da Ford, a miss\u00e3o do Ford Fund \u00e9 fortalecer as comunidades e ajudar a tornar a vida das pessoas melhor. Trabalhando com empregados, revendedores e parceiros sem fins lucrativos da Ford em mais de 50 pa\u00edses, o Ford Fund d\u00e1 acesso a oportunidades e recursos que ajudam as pessoas a atingir seu potencial m\u00e1ximo. Desde 1949, o Ford Fund investiu mais de US$ 2 bilh\u00f5es em programas de apoio \u00e0 educa\u00e7\u00e3o, promo\u00e7\u00e3o da dire\u00e7\u00e3o segura, valoriza\u00e7\u00e3o da vida da comunidade e incentivo ao voluntariado dos empregados. Para obter mais informa\u00e7\u00f5es, visite <a href=\"http:\/\/www.fordfund.org\" target=\"_blank\" rel=\"noopener noreferrer\">www.fordfund.org<\/a>, ou\u00a0 @FordFund no Facebook e Twitter. (ABC do ABC)<\/p>\n","protected":false},"excerpt":{"rendered":"<p>ABC do ABC &nbsp; A Ford iniciou as atividades do M\u00eas Global do Voluntariado, programa que h\u00e1 15 anos incentiva os empregados da empresa em todo o mundo a participar de servi\u00e7os comunit\u00e1rios durante o m\u00eas de setembro. Este ano, foram criadas duas novas iniciativas para que eles possam ajudar organiza\u00e7\u00f5es do terceiro setor e\u2026 <a class=\"readmore\" href=\"https:\/\/dana.com.br\/canaldana\/2020\/09\/03\/ford-inicia-mes-global-do-voluntariado-com-novas-acoes-de-apoio-a-comunidade\/\">Leia mais \u00bb<\/a><\/p>\n","protected":false},"author":3,"featured_media":0,"comment_status":"closed","ping_status":"closed","sticky":false,"template":"","format":"standard","meta":{"_acf_changed":false,"footnotes":""},"categories":[46],"tags":[],"class_list":["post-44590","post","type-post","status-publish","format-standard","hentry","category-acoes-sociais"],"acf":[],"yoast_head":"<!-- This site is optimized with the Yoast SEO plugin v27.3 - https:\/\/yoast.com\/product\/yoast-seo-wordpress\/ -->\n<title>Ford inicia M\u00eas Global do Voluntariado com novas a\u00e7\u00f5es de apoio \u00e0 comunidade - Canal Dana<\/title>\n<meta name=\"robots\" content=\"index, follow, max-snippet:-1, max-image-preview:large, max-video-preview:-1\" \/>\n<link rel=\"canonical\" href=\"https:\/\/dana.com.br\/canaldana\/2020\/09\/03\/ford-inicia-mes-global-do-voluntariado-com-novas-acoes-de-apoio-a-comunidade\/\" \/>\n<meta property=\"og:locale\" content=\"pt_BR\" \/>\n<meta property=\"og:type\" content=\"article\" \/>\n<meta property=\"og:title\" content=\"Ford inicia M\u00eas Global do Voluntariado com novas a\u00e7\u00f5es de apoio \u00e0 comunidade - Canal Dana\" \/>\n<meta property=\"og:description\" content=\"ABC do ABC &nbsp; A Ford iniciou as atividades do M\u00eas Global do Voluntariado, programa que h\u00e1 15 anos incentiva os empregados da empresa em todo o mundo a participar de servi\u00e7os comunit\u00e1rios durante o m\u00eas de setembro. Este ano, foram criadas duas novas iniciativas para que eles possam ajudar organiza\u00e7\u00f5es do terceiro setor e\u2026 Leia mais \u00bb\" \/>\n<meta property=\"og:url\" content=\"https:\/\/dana.com.br\/canaldana\/2020\/09\/03\/ford-inicia-mes-global-do-voluntariado-com-novas-acoes-de-apoio-a-comunidade\/\" \/>\n<meta property=\"og:site_name\" content=\"Canal Dana\" \/>\n<meta property=\"article:published_time\" content=\"2020-09-03T11:37:22+00:00\" \/>\n<meta name=\"author\" content=\"Canal Dana\" \/>\n<meta name=\"twitter:card\" content=\"summary_large_image\" \/>\n<meta name=\"twitter:label1\" content=\"Escrito por\" \/>\n\t<meta name=\"twitter:data1\" content=\"Canal Dana\" \/>\n\t<meta name=\"twitter:label2\" content=\"Est. tempo de leitura\" \/>\n\t<meta name=\"twitter:data2\" content=\"4 minutos\" \/>\n<script type=\"application\/ld+json\" class=\"yoast-schema-graph\">{\"@context\":\"https:\\\/\\\/schema.org\",\"@graph\":[{\"@type\":\"Article\",\"@id\":\"https:\\\/\\\/dana.com.br\\\/canaldana\\\/2020\\\/09\\\/03\\\/ford-inicia-mes-global-do-voluntariado-com-novas-acoes-de-apoio-a-comunidade\\\/#article\",\"isPartOf\":{\"@id\":\"https:\\\/\\\/dana.com.br\\\/canaldana\\\/2020\\\/09\\\/03\\\/ford-inicia-mes-global-do-voluntariado-com-novas-acoes-de-apoio-a-comunidade\\\/\"},\"author\":{\"name\":\"Canal Dana\",\"@id\":\"https:\\\/\\\/dana.com.br\\\/canaldana\\\/#\\\/schema\\\/person\\\/3c21f22f56fcf3bc46b94bc60ea4fef6\"},\"headline\":\"Ford inicia M\u00eas Global do Voluntariado com novas a\u00e7\u00f5es de apoio \u00e0 comunidade\",\"datePublished\":\"2020-09-03T11:37:22+00:00\",\"mainEntityOfPage\":{\"@id\":\"https:\\\/\\\/dana.com.br\\\/canaldana\\\/2020\\\/09\\\/03\\\/ford-inicia-mes-global-do-voluntariado-com-novas-acoes-de-apoio-a-comunidade\\\/\"},\"wordCount\":836,\"articleSection\":[\"A\u00e7\u00f5es Sociais\"],\"inLanguage\":\"pt-BR\"},{\"@type\":\"WebPage\",\"@id\":\"https:\\\/\\\/dana.com.br\\\/canaldana\\\/2020\\\/09\\\/03\\\/ford-inicia-mes-global-do-voluntariado-com-novas-acoes-de-apoio-a-comunidade\\\/\",\"url\":\"https:\\\/\\\/dana.com.br\\\/canaldana\\\/2020\\\/09\\\/03\\\/ford-inicia-mes-global-do-voluntariado-com-novas-acoes-de-apoio-a-comunidade\\\/\",\"name\":\"Ford inicia M\u00eas Global do Voluntariado com novas a\u00e7\u00f5es de apoio \u00e0 comunidade - Canal Dana\",\"isPartOf\":{\"@id\":\"https:\\\/\\\/dana.com.br\\\/canaldana\\\/#website\"},\"datePublished\":\"2020-09-03T11:37:22+00:00\",\"author\":{\"@id\":\"https:\\\/\\\/dana.com.br\\\/canaldana\\\/#\\\/schema\\\/person\\\/3c21f22f56fcf3bc46b94bc60ea4fef6\"},\"breadcrumb\":{\"@id\":\"https:\\\/\\\/dana.com.br\\\/canaldana\\\/2020\\\/09\\\/03\\\/ford-inicia-mes-global-do-voluntariado-com-novas-acoes-de-apoio-a-comunidade\\\/#breadcrumb\"},\"inLanguage\":\"pt-BR\",\"potentialAction\":[{\"@type\":\"ReadAction\",\"target\":[\"https:\\\/\\\/dana.com.br\\\/canaldana\\\/2020\\\/09\\\/03\\\/ford-inicia-mes-global-do-voluntariado-com-novas-acoes-de-apoio-a-comunidade\\\/\"]}]},{\"@type\":\"BreadcrumbList\",\"@id\":\"https:\\\/\\\/dana.com.br\\\/canaldana\\\/2020\\\/09\\\/03\\\/ford-inicia-mes-global-do-voluntariado-com-novas-acoes-de-apoio-a-comunidade\\\/#breadcrumb\",\"itemListElement\":[{\"@type\":\"ListItem\",\"position\":1,\"name\":\"Home\",\"item\":\"https:\\\/\\\/dana.com.br\\\/canaldana\\\/\"},{\"@type\":\"ListItem\",\"position\":2,\"name\":\"A\u00e7\u00f5es Sociais\",\"item\":\"https:\\\/\\\/dana.com.br\\\/canaldana\\\/acoes-sociais\\\/\"},{\"@type\":\"ListItem\",\"position\":3,\"name\":\"Ford inicia M\u00eas Global do Voluntariado com novas a\u00e7\u00f5es de apoio \u00e0 comunidade\"}]},{\"@type\":\"WebSite\",\"@id\":\"https:\\\/\\\/dana.com.br\\\/canaldana\\\/#website\",\"url\":\"https:\\\/\\\/dana.com.br\\\/canaldana\\\/\",\"name\":\"Canal Dana\",\"description\":\"Informativo com as principais not\u00edcias da ind\u00fastria automotiva\",\"potentialAction\":[{\"@type\":\"SearchAction\",\"target\":{\"@type\":\"EntryPoint\",\"urlTemplate\":\"https:\\\/\\\/dana.com.br\\\/canaldana\\\/?s={search_term_string}\"},\"query-input\":{\"@type\":\"PropertyValueSpecification\",\"valueRequired\":true,\"valueName\":\"search_term_string\"}}],\"inLanguage\":\"pt-BR\"},{\"@type\":\"Person\",\"@id\":\"https:\\\/\\\/dana.com.br\\\/canaldana\\\/#\\\/schema\\\/person\\\/3c21f22f56fcf3bc46b94bc60ea4fef6\",\"name\":\"Canal Dana\",\"image\":{\"@type\":\"ImageObject\",\"inLanguage\":\"pt-BR\",\"@id\":\"https:\\\/\\\/secure.gravatar.com\\\/avatar\\\/420aaf9278582877d9018637c6817617705899d2858d7572ef0fe59a6b6454b4?s=96&d=mm&r=g\",\"url\":\"https:\\\/\\\/secure.gravatar.com\\\/avatar\\\/420aaf9278582877d9018637c6817617705899d2858d7572ef0fe59a6b6454b4?s=96&d=mm&r=g\",\"contentUrl\":\"https:\\\/\\\/secure.gravatar.com\\\/avatar\\\/420aaf9278582877d9018637c6817617705899d2858d7572ef0fe59a6b6454b4?s=96&d=mm&r=g\",\"caption\":\"Canal Dana\"},\"url\":\"https:\\\/\\\/dana.com.br\\\/canaldana\\\/author\\\/cdeditor\\\/\"}]}<\/script>\n<!-- \/ Yoast SEO plugin. -->","yoast_head_json":{"title":"Ford inicia M\u00eas Global do Voluntariado com novas a\u00e7\u00f5es de apoio \u00e0 comunidade - Canal Dana","robots":{"index":"index","follow":"follow","max-snippet":"max-snippet:-1","max-image-preview":"max-image-preview:large","max-video-preview":"max-video-preview:-1"},"canonical":"https:\/\/dana.com.br\/canaldana\/2020\/09\/03\/ford-inicia-mes-global-do-voluntariado-com-novas-acoes-de-apoio-a-comunidade\/","og_locale":"pt_BR","og_type":"article","og_title":"Ford inicia M\u00eas Global do Voluntariado com novas a\u00e7\u00f5es de apoio \u00e0 comunidade - Canal Dana","og_description":"ABC do ABC &nbsp; A Ford iniciou as atividades do M\u00eas Global do Voluntariado, programa que h\u00e1 15 anos incentiva os empregados da empresa em todo o mundo a participar de servi\u00e7os comunit\u00e1rios durante o m\u00eas de setembro. Este ano, foram criadas duas novas iniciativas para que eles possam ajudar organiza\u00e7\u00f5es do terceiro setor e\u2026 Leia mais \u00bb","og_url":"https:\/\/dana.com.br\/canaldana\/2020\/09\/03\/ford-inicia-mes-global-do-voluntariado-com-novas-acoes-de-apoio-a-comunidade\/","og_site_name":"Canal Dana","article_published_time":"2020-09-03T11:37:22+00:00","author":"Canal Dana","twitter_card":"summary_large_image","twitter_misc":{"Escrito por":"Canal Dana","Est. tempo de leitura":"4 minutos"},"schema":{"@context":"https:\/\/schema.org","@graph":[{"@type":"Article","@id":"https:\/\/dana.com.br\/canaldana\/2020\/09\/03\/ford-inicia-mes-global-do-voluntariado-com-novas-acoes-de-apoio-a-comunidade\/#article","isPartOf":{"@id":"https:\/\/dana.com.br\/canaldana\/2020\/09\/03\/ford-inicia-mes-global-do-voluntariado-com-novas-acoes-de-apoio-a-comunidade\/"},"author":{"name":"Canal Dana","@id":"https:\/\/dana.com.br\/canaldana\/#\/schema\/person\/3c21f22f56fcf3bc46b94bc60ea4fef6"},"headline":"Ford inicia M\u00eas Global do Voluntariado com novas a\u00e7\u00f5es de apoio \u00e0 comunidade","datePublished":"2020-09-03T11:37:22+00:00","mainEntityOfPage":{"@id":"https:\/\/dana.com.br\/canaldana\/2020\/09\/03\/ford-inicia-mes-global-do-voluntariado-com-novas-acoes-de-apoio-a-comunidade\/"},"wordCount":836,"articleSection":["A\u00e7\u00f5es Sociais"],"inLanguage":"pt-BR"},{"@type":"WebPage","@id":"https:\/\/dana.com.br\/canaldana\/2020\/09\/03\/ford-inicia-mes-global-do-voluntariado-com-novas-acoes-de-apoio-a-comunidade\/","url":"https:\/\/dana.com.br\/canaldana\/2020\/09\/03\/ford-inicia-mes-global-do-voluntariado-com-novas-acoes-de-apoio-a-comunidade\/","name":"Ford inicia M\u00eas Global do Voluntariado com novas a\u00e7\u00f5es de apoio \u00e0 comunidade - Canal Dana","isPartOf":{"@id":"https:\/\/dana.com.br\/canaldana\/#website"},"datePublished":"2020-09-03T11:37:22+00:00","author":{"@id":"https:\/\/dana.com.br\/canaldana\/#\/schema\/person\/3c21f22f56fcf3bc46b94bc60ea4fef6"},"breadcrumb":{"@id":"https:\/\/dana.com.br\/canaldana\/2020\/09\/03\/ford-inicia-mes-global-do-voluntariado-com-novas-acoes-de-apoio-a-comunidade\/#breadcrumb"},"inLanguage":"pt-BR","potentialAction":[{"@type":"ReadAction","target":["https:\/\/dana.com.br\/canaldana\/2020\/09\/03\/ford-inicia-mes-global-do-voluntariado-com-novas-acoes-de-apoio-a-comunidade\/"]}]},{"@type":"BreadcrumbList","@id":"https:\/\/dana.com.br\/canaldana\/2020\/09\/03\/ford-inicia-mes-global-do-voluntariado-com-novas-acoes-de-apoio-a-comunidade\/#breadcrumb","itemListElement":[{"@type":"ListItem","position":1,"name":"Home","item":"https:\/\/dana.com.br\/canaldana\/"},{"@type":"ListItem","position":2,"name":"A\u00e7\u00f5es Sociais","item":"https:\/\/dana.com.br\/canaldana\/acoes-sociais\/"},{"@type":"ListItem","position":3,"name":"Ford inicia M\u00eas Global do Voluntariado com novas a\u00e7\u00f5es de apoio \u00e0 comunidade"}]},{"@type":"WebSite","@id":"https:\/\/dana.com.br\/canaldana\/#website","url":"https:\/\/dana.com.br\/canaldana\/","name":"Canal Dana","description":"Informativo com as principais not\u00edcias da ind\u00fastria automotiva","potentialAction":[{"@type":"SearchAction","target":{"@type":"EntryPoint","urlTemplate":"https:\/\/dana.com.br\/canaldana\/?s={search_term_string}"},"query-input":{"@type":"PropertyValueSpecification","valueRequired":true,"valueName":"search_term_string"}}],"inLanguage":"pt-BR"},{"@type":"Person","@id":"https:\/\/dana.com.br\/canaldana\/#\/schema\/person\/3c21f22f56fcf3bc46b94bc60ea4fef6","name":"Canal Dana","image":{"@type":"ImageObject","inLanguage":"pt-BR","@id":"https:\/\/secure.gravatar.com\/avatar\/420aaf9278582877d9018637c6817617705899d2858d7572ef0fe59a6b6454b4?s=96&d=mm&r=g","url":"https:\/\/secure.gravatar.com\/avatar\/420aaf9278582877d9018637c6817617705899d2858d7572ef0fe59a6b6454b4?s=96&d=mm&r=g","contentUrl":"https:\/\/secure.gravatar.com\/avatar\/420aaf9278582877d9018637c6817617705899d2858d7572ef0fe59a6b6454b4?s=96&d=mm&r=g","caption":"Canal Dana"},"url":"https:\/\/dana.com.br\/canaldana\/author\/cdeditor\/"}]}},"_links":{"self":[{"href":"https:\/\/dana.com.br\/canaldana\/wp-json\/wp\/v2\/posts\/44590","targetHints":{"allow":["GET"]}}],"collection":[{"href":"https:\/\/dana.com.br\/canaldana\/wp-json\/wp\/v2\/posts"}],"about":[{"href":"https:\/\/dana.com.br\/canaldana\/wp-json\/wp\/v2\/types\/post"}],"author":[{"embeddable":true,"href":"https:\/\/dana.com.br\/canaldana\/wp-json\/wp\/v2\/users\/3"}],"replies":[{"embeddable":true,"href":"https:\/\/dana.com.br\/canaldana\/wp-json\/wp\/v2\/comments?post=44590"}],"version-history":[{"count":0,"href":"https:\/\/dana.com.br\/canaldana\/wp-json\/wp\/v2\/posts\/44590\/revisions"}],"wp:attachment":[{"href":"https:\/\/dana.com.br\/canaldana\/wp-json\/wp\/v2\/media?parent=44590"}],"wp:term":[{"taxonomy":"category","embeddable":true,"href":"https:\/\/dana.com.br\/canaldana\/wp-json\/wp\/v2\/categories?post=44590"},{"taxonomy":"post_tag","embeddable":true,"href":"https:\/\/dana.com.br\/canaldana\/wp-json\/wp\/v2\/tags?post=44590"}],"curies":[{"name":"wp","href":"https:\/\/api.w.org\/{rel}","templated":true}]}}