{"id":44453,"date":"2020-08-27T08:26:47","date_gmt":"2020-08-27T11:26:47","guid":{"rendered":"https:\/\/dana.com.br\/canaldana\/?p=44453"},"modified":"2020-08-27T08:26:47","modified_gmt":"2020-08-27T11:26:47","slug":"karvi-investe-agora-na-venda-online-de-veiculos-usados","status":"publish","type":"post","link":"https:\/\/dana.com.br\/canaldana\/2020\/08\/27\/karvi-investe-agora-na-venda-online-de-veiculos-usados\/","title":{"rendered":"Karvi investe agora na venda online de ve\u00edculos usados"},"content":{"rendered":"<p><em>AutoInd\u00fastria<\/em><\/p>\n<p>&nbsp;<\/p>\n<p>Ainda que ao longo do ano o mercado tenha recuado para 5,7 milh\u00f5es de unidades, perto de 30% de queda, a Fenauto, Federa\u00e7\u00e3o Nacional das Associa\u00e7\u00f5es dos Revendedores de Ve\u00edculos Automotores, acredita que os neg\u00f3cios de ve\u00edculos usados retornar\u00e3o aos n\u00edveis pr\u00e9-pandemia j\u00e1 este m\u00eas. Em julho, o setor comercializou pouco mais de 1,1 milh\u00e3o de ve\u00edculos, 52,1% a mais do que em junho.<\/p>\n<p>&nbsp;<\/p>\n<p>Essa rea\u00e7\u00e3o dos usados &#8211; mais r\u00e1pida do que a das vendas dos autom\u00f3veis novos &#8211; junto com o crescimento das negocia\u00e7\u00f5es online t\u00eam chamado a aten\u00e7\u00e3o de v\u00e1rias empresas para esse mercado. J\u00e1 s\u00e3o v\u00e1rias iniciativas que resultaram em fortes investimentos no ambiente digital e que hoje respondem pela maioria das transa\u00e7\u00f5es, seja entre revendedores, seja entre eles e o consumidor final.<\/p>\n<p>&nbsp;<\/p>\n<p>A mais recente investida no segmento de usados \u00e9 a Karvi, plataforma criada h\u00e1 apenas dois anos e que j\u00e1 vinha atuando no mercado de novos desde o primeiro trimestre.<\/p>\n<p>&nbsp;<\/p>\n<p>Com investimento agora da ordem de R$ 18 milh\u00f5es, a startup argentina tem a ambi\u00e7\u00e3o de \u201cse transformar na primeira op\u00e7\u00e3o de compra digital de carros novos e usados dos brasileiros\u201d, segundo Mat\u00edas Fern\u00e1ndez Barrio, CEO e cofundador da Karvi.<\/p>\n<p>&nbsp;<\/p>\n<p>A Karvi aportou por aqui em mar\u00e7o por meio de parceria com a Auto Avaliar, empresa brasileira de gest\u00e3o estoque e de vendas de ve\u00edculos usados e centrada em transa\u00e7\u00f5es B2B. Para esse primeiro passo, o fundo ingl\u00eas Pelham Capital LTD e outros investidores teriam desembolsado cerca de US$ 4,5 milh\u00f5es, 80% dos recursos direcionados para o Brasil.<\/p>\n<p>&nbsp;<\/p>\n<p>As medidas de restri\u00e7\u00f5es de circula\u00e7\u00e3o e isolamento social favoreceram o in\u00edcio da opera\u00e7\u00e3o e aceleraram os acessos \u00e0 plataforma nesses cinco meses a ponto de deflagar o segundo passo no Pa\u00eds. A Karvi j\u00e1 est\u00e1 presente em quase todos os estados e acumula estoques e informa\u00e7\u00f5es de autom\u00f3veis de mais de 1 mil revendas cadastradas, quase um quarto de todas as lojas espalhadas por todo o Brasil.<\/p>\n<p>&nbsp;<\/p>\n<p>Ainda assim, Barrio n\u00e3o esconde que o atual leque de servi\u00e7os \u00e9 apenas uma parte do que a startup pretende oferecer aos consumidores nos pr\u00f3ximos anos.<\/p>\n<p>&nbsp;<\/p>\n<p>\u201cMeu sonho \u00e9 que o cliente compre na Karvi e, daqui a tr\u00eas anos, venda o carro dentro da plataforma. Ou seja, queremos que a rela\u00e7\u00e3o com o cliente seja de longo prazo\u201d, afirma o executivo, que j\u00e1 trabalha em programas de fidelidade, financiamento, seguros e garantia de devolu\u00e7\u00e3o sem custo adicional em at\u00e9 7 dias para carros usados. (AutoInd\u00fastria)<\/p>\n","protected":false},"excerpt":{"rendered":"<p>AutoInd\u00fastria &nbsp; Ainda que ao longo do ano o mercado tenha recuado para 5,7 milh\u00f5es de unidades, perto de 30% de queda, a Fenauto, Federa\u00e7\u00e3o Nacional das Associa\u00e7\u00f5es dos Revendedores de Ve\u00edculos Automotores, acredita que os neg\u00f3cios de ve\u00edculos usados retornar\u00e3o aos n\u00edveis pr\u00e9-pandemia j\u00e1 este m\u00eas. Em julho, o setor comercializou pouco mais de\u2026 <a class=\"readmore\" href=\"https:\/\/dana.com.br\/canaldana\/2020\/08\/27\/karvi-investe-agora-na-venda-online-de-veiculos-usados\/\">Leia mais \u00bb<\/a><\/p>\n","protected":false},"author":3,"featured_media":0,"comment_status":"closed","ping_status":"closed","sticky":false,"template":"","format":"standard","meta":{"_acf_changed":false,"footnotes":""},"categories":[61],"tags":[],"class_list":["post-44453","post","type-post","status-publish","format-standard","hentry","category-destaques"],"acf":[],"yoast_head":"<!-- This site is optimized with the Yoast SEO plugin v27.3 - https:\/\/yoast.com\/product\/yoast-seo-wordpress\/ -->\n<title>Karvi investe agora na venda online de ve\u00edculos usados - Canal Dana<\/title>\n<meta name=\"robots\" content=\"index, follow, max-snippet:-1, max-image-preview:large, max-video-preview:-1\" \/>\n<link rel=\"canonical\" href=\"https:\/\/dana.com.br\/canaldana\/2020\/08\/27\/karvi-investe-agora-na-venda-online-de-veiculos-usados\/\" \/>\n<meta property=\"og:locale\" content=\"pt_BR\" \/>\n<meta property=\"og:type\" content=\"article\" \/>\n<meta property=\"og:title\" content=\"Karvi investe agora na venda online de ve\u00edculos usados - Canal Dana\" \/>\n<meta property=\"og:description\" content=\"AutoInd\u00fastria &nbsp; Ainda que ao longo do ano o mercado tenha recuado para 5,7 milh\u00f5es de unidades, perto de 30% de queda, a Fenauto, Federa\u00e7\u00e3o Nacional das Associa\u00e7\u00f5es dos Revendedores de Ve\u00edculos Automotores, acredita que os neg\u00f3cios de ve\u00edculos usados retornar\u00e3o aos n\u00edveis pr\u00e9-pandemia j\u00e1 este m\u00eas. Em julho, o setor comercializou pouco mais de\u2026 Leia mais \u00bb\" \/>\n<meta property=\"og:url\" content=\"https:\/\/dana.com.br\/canaldana\/2020\/08\/27\/karvi-investe-agora-na-venda-online-de-veiculos-usados\/\" \/>\n<meta property=\"og:site_name\" content=\"Canal Dana\" \/>\n<meta property=\"article:published_time\" content=\"2020-08-27T11:26:47+00:00\" \/>\n<meta name=\"author\" content=\"Canal Dana\" \/>\n<meta name=\"twitter:card\" content=\"summary_large_image\" \/>\n<meta name=\"twitter:label1\" content=\"Escrito por\" \/>\n\t<meta name=\"twitter:data1\" content=\"Canal Dana\" \/>\n\t<meta name=\"twitter:label2\" content=\"Est. tempo de leitura\" \/>\n\t<meta name=\"twitter:data2\" content=\"2 minutos\" \/>\n<script type=\"application\/ld+json\" class=\"yoast-schema-graph\">{\"@context\":\"https:\\\/\\\/schema.org\",\"@graph\":[{\"@type\":\"Article\",\"@id\":\"https:\\\/\\\/dana.com.br\\\/canaldana\\\/2020\\\/08\\\/27\\\/karvi-investe-agora-na-venda-online-de-veiculos-usados\\\/#article\",\"isPartOf\":{\"@id\":\"https:\\\/\\\/dana.com.br\\\/canaldana\\\/2020\\\/08\\\/27\\\/karvi-investe-agora-na-venda-online-de-veiculos-usados\\\/\"},\"author\":{\"name\":\"Canal Dana\",\"@id\":\"https:\\\/\\\/dana.com.br\\\/canaldana\\\/#\\\/schema\\\/person\\\/3c21f22f56fcf3bc46b94bc60ea4fef6\"},\"headline\":\"Karvi investe agora na venda online de ve\u00edculos usados\",\"datePublished\":\"2020-08-27T11:26:47+00:00\",\"mainEntityOfPage\":{\"@id\":\"https:\\\/\\\/dana.com.br\\\/canaldana\\\/2020\\\/08\\\/27\\\/karvi-investe-agora-na-venda-online-de-veiculos-usados\\\/\"},\"wordCount\":464,\"articleSection\":[\"Destaques\"],\"inLanguage\":\"pt-BR\"},{\"@type\":\"WebPage\",\"@id\":\"https:\\\/\\\/dana.com.br\\\/canaldana\\\/2020\\\/08\\\/27\\\/karvi-investe-agora-na-venda-online-de-veiculos-usados\\\/\",\"url\":\"https:\\\/\\\/dana.com.br\\\/canaldana\\\/2020\\\/08\\\/27\\\/karvi-investe-agora-na-venda-online-de-veiculos-usados\\\/\",\"name\":\"Karvi investe agora na venda online de ve\u00edculos usados - Canal Dana\",\"isPartOf\":{\"@id\":\"https:\\\/\\\/dana.com.br\\\/canaldana\\\/#website\"},\"datePublished\":\"2020-08-27T11:26:47+00:00\",\"author\":{\"@id\":\"https:\\\/\\\/dana.com.br\\\/canaldana\\\/#\\\/schema\\\/person\\\/3c21f22f56fcf3bc46b94bc60ea4fef6\"},\"breadcrumb\":{\"@id\":\"https:\\\/\\\/dana.com.br\\\/canaldana\\\/2020\\\/08\\\/27\\\/karvi-investe-agora-na-venda-online-de-veiculos-usados\\\/#breadcrumb\"},\"inLanguage\":\"pt-BR\",\"potentialAction\":[{\"@type\":\"ReadAction\",\"target\":[\"https:\\\/\\\/dana.com.br\\\/canaldana\\\/2020\\\/08\\\/27\\\/karvi-investe-agora-na-venda-online-de-veiculos-usados\\\/\"]}]},{\"@type\":\"BreadcrumbList\",\"@id\":\"https:\\\/\\\/dana.com.br\\\/canaldana\\\/2020\\\/08\\\/27\\\/karvi-investe-agora-na-venda-online-de-veiculos-usados\\\/#breadcrumb\",\"itemListElement\":[{\"@type\":\"ListItem\",\"position\":1,\"name\":\"Home\",\"item\":\"https:\\\/\\\/dana.com.br\\\/canaldana\\\/\"},{\"@type\":\"ListItem\",\"position\":2,\"name\":\"Destaques\",\"item\":\"https:\\\/\\\/dana.com.br\\\/canaldana\\\/destaques\\\/\"},{\"@type\":\"ListItem\",\"position\":3,\"name\":\"Karvi investe agora na venda online de ve\u00edculos usados\"}]},{\"@type\":\"WebSite\",\"@id\":\"https:\\\/\\\/dana.com.br\\\/canaldana\\\/#website\",\"url\":\"https:\\\/\\\/dana.com.br\\\/canaldana\\\/\",\"name\":\"Canal Dana\",\"description\":\"Informativo com as principais not\u00edcias da ind\u00fastria automotiva\",\"potentialAction\":[{\"@type\":\"SearchAction\",\"target\":{\"@type\":\"EntryPoint\",\"urlTemplate\":\"https:\\\/\\\/dana.com.br\\\/canaldana\\\/?s={search_term_string}\"},\"query-input\":{\"@type\":\"PropertyValueSpecification\",\"valueRequired\":true,\"valueName\":\"search_term_string\"}}],\"inLanguage\":\"pt-BR\"},{\"@type\":\"Person\",\"@id\":\"https:\\\/\\\/dana.com.br\\\/canaldana\\\/#\\\/schema\\\/person\\\/3c21f22f56fcf3bc46b94bc60ea4fef6\",\"name\":\"Canal Dana\",\"image\":{\"@type\":\"ImageObject\",\"inLanguage\":\"pt-BR\",\"@id\":\"https:\\\/\\\/secure.gravatar.com\\\/avatar\\\/420aaf9278582877d9018637c6817617705899d2858d7572ef0fe59a6b6454b4?s=96&d=mm&r=g\",\"url\":\"https:\\\/\\\/secure.gravatar.com\\\/avatar\\\/420aaf9278582877d9018637c6817617705899d2858d7572ef0fe59a6b6454b4?s=96&d=mm&r=g\",\"contentUrl\":\"https:\\\/\\\/secure.gravatar.com\\\/avatar\\\/420aaf9278582877d9018637c6817617705899d2858d7572ef0fe59a6b6454b4?s=96&d=mm&r=g\",\"caption\":\"Canal Dana\"},\"url\":\"https:\\\/\\\/dana.com.br\\\/canaldana\\\/author\\\/cdeditor\\\/\"}]}<\/script>\n<!-- \/ Yoast SEO plugin. -->","yoast_head_json":{"title":"Karvi investe agora na venda online de ve\u00edculos usados - Canal Dana","robots":{"index":"index","follow":"follow","max-snippet":"max-snippet:-1","max-image-preview":"max-image-preview:large","max-video-preview":"max-video-preview:-1"},"canonical":"https:\/\/dana.com.br\/canaldana\/2020\/08\/27\/karvi-investe-agora-na-venda-online-de-veiculos-usados\/","og_locale":"pt_BR","og_type":"article","og_title":"Karvi investe agora na venda online de ve\u00edculos usados - Canal Dana","og_description":"AutoInd\u00fastria &nbsp; Ainda que ao longo do ano o mercado tenha recuado para 5,7 milh\u00f5es de unidades, perto de 30% de queda, a Fenauto, Federa\u00e7\u00e3o Nacional das Associa\u00e7\u00f5es dos Revendedores de Ve\u00edculos Automotores, acredita que os neg\u00f3cios de ve\u00edculos usados retornar\u00e3o aos n\u00edveis pr\u00e9-pandemia j\u00e1 este m\u00eas. Em julho, o setor comercializou pouco mais de\u2026 Leia mais \u00bb","og_url":"https:\/\/dana.com.br\/canaldana\/2020\/08\/27\/karvi-investe-agora-na-venda-online-de-veiculos-usados\/","og_site_name":"Canal Dana","article_published_time":"2020-08-27T11:26:47+00:00","author":"Canal Dana","twitter_card":"summary_large_image","twitter_misc":{"Escrito por":"Canal Dana","Est. tempo de leitura":"2 minutos"},"schema":{"@context":"https:\/\/schema.org","@graph":[{"@type":"Article","@id":"https:\/\/dana.com.br\/canaldana\/2020\/08\/27\/karvi-investe-agora-na-venda-online-de-veiculos-usados\/#article","isPartOf":{"@id":"https:\/\/dana.com.br\/canaldana\/2020\/08\/27\/karvi-investe-agora-na-venda-online-de-veiculos-usados\/"},"author":{"name":"Canal Dana","@id":"https:\/\/dana.com.br\/canaldana\/#\/schema\/person\/3c21f22f56fcf3bc46b94bc60ea4fef6"},"headline":"Karvi investe agora na venda online de ve\u00edculos usados","datePublished":"2020-08-27T11:26:47+00:00","mainEntityOfPage":{"@id":"https:\/\/dana.com.br\/canaldana\/2020\/08\/27\/karvi-investe-agora-na-venda-online-de-veiculos-usados\/"},"wordCount":464,"articleSection":["Destaques"],"inLanguage":"pt-BR"},{"@type":"WebPage","@id":"https:\/\/dana.com.br\/canaldana\/2020\/08\/27\/karvi-investe-agora-na-venda-online-de-veiculos-usados\/","url":"https:\/\/dana.com.br\/canaldana\/2020\/08\/27\/karvi-investe-agora-na-venda-online-de-veiculos-usados\/","name":"Karvi investe agora na venda online de ve\u00edculos usados - Canal Dana","isPartOf":{"@id":"https:\/\/dana.com.br\/canaldana\/#website"},"datePublished":"2020-08-27T11:26:47+00:00","author":{"@id":"https:\/\/dana.com.br\/canaldana\/#\/schema\/person\/3c21f22f56fcf3bc46b94bc60ea4fef6"},"breadcrumb":{"@id":"https:\/\/dana.com.br\/canaldana\/2020\/08\/27\/karvi-investe-agora-na-venda-online-de-veiculos-usados\/#breadcrumb"},"inLanguage":"pt-BR","potentialAction":[{"@type":"ReadAction","target":["https:\/\/dana.com.br\/canaldana\/2020\/08\/27\/karvi-investe-agora-na-venda-online-de-veiculos-usados\/"]}]},{"@type":"BreadcrumbList","@id":"https:\/\/dana.com.br\/canaldana\/2020\/08\/27\/karvi-investe-agora-na-venda-online-de-veiculos-usados\/#breadcrumb","itemListElement":[{"@type":"ListItem","position":1,"name":"Home","item":"https:\/\/dana.com.br\/canaldana\/"},{"@type":"ListItem","position":2,"name":"Destaques","item":"https:\/\/dana.com.br\/canaldana\/destaques\/"},{"@type":"ListItem","position":3,"name":"Karvi investe agora na venda online de ve\u00edculos usados"}]},{"@type":"WebSite","@id":"https:\/\/dana.com.br\/canaldana\/#website","url":"https:\/\/dana.com.br\/canaldana\/","name":"Canal Dana","description":"Informativo com as principais not\u00edcias da ind\u00fastria automotiva","potentialAction":[{"@type":"SearchAction","target":{"@type":"EntryPoint","urlTemplate":"https:\/\/dana.com.br\/canaldana\/?s={search_term_string}"},"query-input":{"@type":"PropertyValueSpecification","valueRequired":true,"valueName":"search_term_string"}}],"inLanguage":"pt-BR"},{"@type":"Person","@id":"https:\/\/dana.com.br\/canaldana\/#\/schema\/person\/3c21f22f56fcf3bc46b94bc60ea4fef6","name":"Canal Dana","image":{"@type":"ImageObject","inLanguage":"pt-BR","@id":"https:\/\/secure.gravatar.com\/avatar\/420aaf9278582877d9018637c6817617705899d2858d7572ef0fe59a6b6454b4?s=96&d=mm&r=g","url":"https:\/\/secure.gravatar.com\/avatar\/420aaf9278582877d9018637c6817617705899d2858d7572ef0fe59a6b6454b4?s=96&d=mm&r=g","contentUrl":"https:\/\/secure.gravatar.com\/avatar\/420aaf9278582877d9018637c6817617705899d2858d7572ef0fe59a6b6454b4?s=96&d=mm&r=g","caption":"Canal Dana"},"url":"https:\/\/dana.com.br\/canaldana\/author\/cdeditor\/"}]}},"_links":{"self":[{"href":"https:\/\/dana.com.br\/canaldana\/wp-json\/wp\/v2\/posts\/44453","targetHints":{"allow":["GET"]}}],"collection":[{"href":"https:\/\/dana.com.br\/canaldana\/wp-json\/wp\/v2\/posts"}],"about":[{"href":"https:\/\/dana.com.br\/canaldana\/wp-json\/wp\/v2\/types\/post"}],"author":[{"embeddable":true,"href":"https:\/\/dana.com.br\/canaldana\/wp-json\/wp\/v2\/users\/3"}],"replies":[{"embeddable":true,"href":"https:\/\/dana.com.br\/canaldana\/wp-json\/wp\/v2\/comments?post=44453"}],"version-history":[{"count":0,"href":"https:\/\/dana.com.br\/canaldana\/wp-json\/wp\/v2\/posts\/44453\/revisions"}],"wp:attachment":[{"href":"https:\/\/dana.com.br\/canaldana\/wp-json\/wp\/v2\/media?parent=44453"}],"wp:term":[{"taxonomy":"category","embeddable":true,"href":"https:\/\/dana.com.br\/canaldana\/wp-json\/wp\/v2\/categories?post=44453"},{"taxonomy":"post_tag","embeddable":true,"href":"https:\/\/dana.com.br\/canaldana\/wp-json\/wp\/v2\/tags?post=44453"}],"curies":[{"name":"wp","href":"https:\/\/api.w.org\/{rel}","templated":true}]}}