{"id":44449,"date":"2020-08-27T08:25:09","date_gmt":"2020-08-27T11:25:09","guid":{"rendered":"https:\/\/dana.com.br\/canaldana\/?p=44449"},"modified":"2020-08-27T08:25:09","modified_gmt":"2020-08-27T11:25:09","slug":"carro-e-a-opcao-mais-segura-em-tempos-de-pandemia","status":"publish","type":"post","link":"https:\/\/dana.com.br\/canaldana\/2020\/08\/27\/carro-e-a-opcao-mais-segura-em-tempos-de-pandemia\/","title":{"rendered":"Carro \u00e9 a op\u00e7\u00e3o mais segura em tempos de pandemia"},"content":{"rendered":"<p><em>O Estado de S. Paulo\/Movida, Media Lab Estad\u00e3o<\/em><\/p>\n<p>&nbsp;<\/p>\n<p>Apesar da busca por alternativas de locomo\u00e7\u00e3o &#8211; para economizar dinheiro e tempo no tr\u00e2nsito, ter mais comodidade e a liberdade de ir e vir &#8211; em tempos de crise sanit\u00e1ria, o carro assume novo protagonismo na mobilidade urbana. Ele \u00e9 considerado o modal mais seguro quando comparado ao transporte p\u00fablico, sobretudo neste momento com a retomada gradual das atividades nas cidades.<\/p>\n<p>&nbsp;<\/p>\n<p>Para oferecer facilidades a quem opta ou precisa desse modal para se deslocar, os fornecedores de ve\u00edculos tiveram que se adaptar. A Movida &#8211; que atua no varejo (aluguel e venda de seminovos) e no mercado corporativo (terceiriza\u00e7\u00e3o de frotas para empresas) &#8211; reformulou seu portf\u00f3lio para atender \u00e0s necessidades dos \u00faltimos cinco meses. \u201cApesar dos n\u00edveis de isolamento acima de 40% e menos tr\u00e2nsito nas ruas, h\u00e1 a demanda por carros de aplicativo\u201d, avalia Renato Franklin, CEO da empresa. \u201cTanto que j\u00e1 estamos com volume de ve\u00edculos alugados por motoristas de app igual ao per\u00edodo anterior \u00e0 pandemia.\u201d<\/p>\n<p>&nbsp;<\/p>\n<p><strong>Loca\u00e7\u00e3o mensal em crescimento<\/strong><\/p>\n<p>&nbsp;<\/p>\n<p>Mas n\u00e3o s\u00f3 para esse p\u00fablico. De acordo Frankin, o aluguel mensal para pessoa f\u00edsica \u00e9 o que mais cresce na companhia: entre abril e julho, quantidade de di\u00e1rias saltou de 1 milh\u00e3o para 1,4 milh\u00e3o.\u00a0 \u201cS\u00e3o clientes que rodam at\u00e9 1.500 km\/ m\u00eas e j\u00e1 est\u00e3o cientes dos ganhos da loca\u00e7\u00e3o\u201d, explica.<\/p>\n<p>&nbsp;<\/p>\n<p>Para atender aos novos perfis, a Movida criou v\u00e1rios produtos, fundamentais para manter as receitas. \u201cCom eles e em alguns casos, j\u00e1 atingimos patamares superiores ao per\u00edodo pr\u00e9-pandemia, uma vez que o turismo de grandes dist\u00e2ncias ainda n\u00e3o retornou.\u201d<\/p>\n<p>&nbsp;<\/p>\n<p><strong>Aluguel pode ser excelente neg\u00f3cio<\/strong><\/p>\n<p>&nbsp;<\/p>\n<p>A empresa promove v\u00e1rias a\u00e7\u00f5es e descontos para atrair novos p\u00fablicos. \u201cNo passado, modalidade era ainda cara e os clientes ficavam receosos\u201d, lembra Franklin. De acordo com o CEO, em 2018, apenas 3% dos habilitados no Brasil j\u00e1 haviam utilizado o servi\u00e7o, mas o aluguel anual ampliou o acesso \u201cAs pessoas descobrem que \u00e9 vi\u00e1vel, tanto que a classe C j\u00e1 representa 11% de nossos clientes. Existem grandes oportunidades para todos nesse modelo de neg\u00f3cio.\u201d<\/p>\n<p>&nbsp;<\/p>\n<p>A Movida foi a primeira locadora a lan\u00e7ar, em 2017, um modelo de aluguel mensal para pessoa f\u00edsica, com desconto progressivo. \u201cUma di\u00e1ria est\u00e1 na faixa dos R$ 75-80. Se optar por um aluguel mensal (R$1.200), equivale a R$ 40\/dia. No anual esse valor \u00e9 ainda menor, abaixo de R$1.000\u201d, explica o CEO.<\/p>\n<p>&nbsp;<\/p>\n<p>Nessa faixa, um exemplo \u00e9 Movida Zero km, de R$ 869,10\/ m\u00eas (Fiat Mobi, plano 24 meses, franquia 1.000 km), sendo que alguns planos tamb\u00e9m podem contar com outras promo\u00e7\u00f5es. \u201cCom elas, um Fiat Mobi pode chegar a R$ 900, equivalente a R$ 30\/dia. Ou seja, o que muita gente gasta com v\u00e1rias condu\u00e7\u00f5es para ir e voltar. Se dividir o valor entre duas ou tr\u00eas pessoas, todas ganham em tempo, dinheiro, conforto e comodidade.\u201d<\/p>\n<p>&nbsp;<\/p>\n<p><strong>Ofertas para quem atua na linha de frente<\/strong><\/p>\n<p>&nbsp;<\/p>\n<p>A Movida tamb\u00e9m criou descontos e promo\u00e7\u00f5es para os profissionais das \u00e1reas de sa\u00fade. J\u00e1 os motoristas de aplicativo recebem, al\u00e9m da higieniza\u00e7\u00e3o refor\u00e7ada do carro, a desinfec\u00e7\u00e3o do ar-condicionado, gratuita, sem limite de uso e que demora apenas 10 minutos. O servi\u00e7o \u00e9 oferecido em bases localizadas em S\u00e3o Paulo, Rio de Janeiro, Belo Horizonte (e, em breve, em Salvador e Bras\u00edlia).<\/p>\n<p>&nbsp;<\/p>\n<p>Para maior seguran\u00e7a, o cliente pode contratar a pel\u00edcula de acr\u00edlico, que separa o motorista do passageiro. Foram criados ainda planos para quem roda pouco, com menos quilometragem. Para quem contraiu a doen\u00e7a, a empresa isentou duas mensalidades, permitindo que os profissionais se recuperassem em casa sem arcar com essa despesa.<\/p>\n<p>&nbsp;<\/p>\n<p>A Movida tamb\u00e9m oferece servi\u00e7os gratuitos exclusivos para o motorista em suas lojas, com espa\u00e7os para descanso e refei\u00e7\u00f5es, cadeira de massagem, tot\u00f3 e banheiro com chuveiro.<\/p>\n<p>&nbsp;<\/p>\n<p><strong>Alugados ganham espa\u00e7o nas empresas<\/strong><\/p>\n<p>&nbsp;<\/p>\n<p>Com a pandemia, os alugados tornaram-se op\u00e7\u00e3o para algumas companhias: elas passaram a oferecer esse benef\u00edcio no lugar dos \u00f4nibus fretados e do vale-transporte. \u201cCom o valor do VT, em m\u00e9dia de R$ 350, tr\u00eas pessoas se re\u00fanem para um aluguel de R$ 900. Os funcion\u00e1rios v\u00e3o de carro, mais isolados e seguros do no transporte coletivo ou fretado\u201d, comenta o CEO.<\/p>\n<p>&nbsp;<\/p>\n<p><strong>Destaques num\u00e9ricos:<\/strong><\/p>\n<p>&nbsp;<\/p>\n<p>Entre abril e julho, a quantidade de di\u00e1rias saltou de 1 milh\u00e3o para 1,4 milh\u00e3o<\/p>\n<ul>\n<li>No Movida Zero km, um Fiat Mobi pode ser locado por R$ 30\/dia<\/li>\n<li>48% das vendas da Movida s\u00e3o online<\/li>\n<li>No segundo trimestre deste ano, as vendas de seminovos foram 20% maiores que as registradas no mesmo per\u00edodo de 2019<\/li>\n<li>ctv-hch-movida5<\/li>\n<li>Todos os carros que saem das locadoras Movida oferecem total seguran\u00e7a em termos de higiene, limpeza e seguran\u00e7a<\/li>\n<li>Vantagens de alugar um carro<\/li>\n<li>Despesas com manuten\u00e7\u00e3o, impostos, seguro e tags de pagamento autom\u00e1tico inclu\u00eddas na loca\u00e7\u00e3o;<\/li>\n<li>Ve\u00edculos novos e manuten\u00e7\u00f5es sempre em dia;<\/li>\n<li>Em viagens curtas, a di\u00e1ria pode ser mais vantajosa do que adquirir passagens rodovi\u00e1rias para toda a fam\u00edlia;<\/li>\n<li>Mesmo que a parcela do financiamento esteja dentro do or\u00e7amento, h\u00e1 gastos com manuten\u00e7\u00e3o, troca de pneus, seguro e outros imprevistos.<\/li>\n<\/ul>\n<p><strong>\u00a0<\/strong><\/p>\n<p><strong>Solu\u00e7\u00f5es para todos<\/strong><\/p>\n<p>&nbsp;<\/p>\n<ul>\n<li>Mensal Flex &#8211; aluguel mensal para pessoa f\u00edsica pelo per\u00edodo m\u00ednimo de 30 dias. Permite pagar e devolver o carro a qualquer momento; com desconto progressivo (quanto maior o tempo de loca\u00e7\u00e3o, maior o desconto no pre\u00e7o, limitado a 24 meses), com op\u00e7\u00e3o de compartilhamento (condutor adicional).<\/li>\n<li>Movida Zero km &#8211; o cliente assina o carro novo por per\u00edodo m\u00ednimo de 12 meses (ou 18, 24 e at\u00e9 36 meses), sem preocupa\u00e7\u00e3o com desvaloriza\u00e7\u00e3o, documenta\u00e7\u00e3o, IPVA, licenciamento, seguro e manuten\u00e7\u00f5es.<\/li>\n<li>Movida Anual \u2013 aluguel de carro da frota (contrata\u00e7\u00e3o por grupo tarif\u00e1rio, conforme disponibilidade, pelo per\u00edodo de 12 meses) para retirada em uma das lojas, documenta\u00e7\u00e3o, IPVA, manuten\u00e7\u00f5es, licenciamento e seguro inclusos.<\/li>\n<li>Uso de dois CPFs: permite o compartilhamento do mesmo ve\u00edculo (dois cart\u00f5es), ideal para duas pessoas que moram e trabalham pr\u00f3ximas.<\/li>\n<li>Delivery Connection para pessoa f\u00edsica: contrata\u00e7\u00e3o do aluguel de forma digital com entrega e retirada do ve\u00edculo no endere\u00e7o do cliente.<\/li>\n<li>Vendas online: foram incorporadas ferramentas que apoiam a negocia\u00e7\u00e3o, como videoconfer\u00eancias com os consultores, transa\u00e7\u00e3o do cart\u00e3o de cr\u00e9dito de forma digital e delivery<\/li>\n<li>Financiamento de usados, com delivery no endere\u00e7o desejado, planos com entrada ap\u00f3s 180 dias, taxas a 0,99% ou zero.<\/li>\n<li>Feir\u00f5es 100% online: com a pandemia, j\u00e1 \u00e9 parte da programa\u00e7\u00e3o mensal.<\/li>\n<li>B2B Digital: novo servi\u00e7o online de gest\u00e3o de frota para pequenas empresas (menos de dez carros). (O Estado de S. Paulo\/Movida, Media Lab Estad\u00e3o)<\/li>\n<\/ul>\n","protected":false},"excerpt":{"rendered":"<p>O Estado de S. Paulo\/Movida, Media Lab Estad\u00e3o &nbsp; Apesar da busca por alternativas de locomo\u00e7\u00e3o &#8211; para economizar dinheiro e tempo no tr\u00e2nsito, ter mais comodidade e a liberdade de ir e vir &#8211; em tempos de crise sanit\u00e1ria, o carro assume novo protagonismo na mobilidade urbana. Ele \u00e9 considerado o modal mais seguro\u2026 <a class=\"readmore\" href=\"https:\/\/dana.com.br\/canaldana\/2020\/08\/27\/carro-e-a-opcao-mais-segura-em-tempos-de-pandemia\/\">Leia mais \u00bb<\/a><\/p>\n","protected":false},"author":3,"featured_media":0,"comment_status":"closed","ping_status":"closed","sticky":false,"template":"","format":"standard","meta":{"_acf_changed":false,"footnotes":""},"categories":[79],"tags":[],"class_list":["post-44449","post","type-post","status-publish","format-standard","hentry","category-mercado"],"acf":[],"yoast_head":"<!-- This site is optimized with the Yoast SEO plugin v27.3 - https:\/\/yoast.com\/product\/yoast-seo-wordpress\/ -->\n<title>Carro \u00e9 a op\u00e7\u00e3o mais segura em tempos de pandemia - Canal Dana<\/title>\n<meta name=\"robots\" content=\"index, follow, max-snippet:-1, max-image-preview:large, max-video-preview:-1\" \/>\n<link rel=\"canonical\" href=\"https:\/\/dana.com.br\/canaldana\/2020\/08\/27\/carro-e-a-opcao-mais-segura-em-tempos-de-pandemia\/\" \/>\n<meta property=\"og:locale\" content=\"pt_BR\" \/>\n<meta property=\"og:type\" content=\"article\" \/>\n<meta property=\"og:title\" content=\"Carro \u00e9 a op\u00e7\u00e3o mais segura em tempos de pandemia - Canal Dana\" \/>\n<meta property=\"og:description\" content=\"O Estado de S. Paulo\/Movida, Media Lab Estad\u00e3o &nbsp; Apesar da busca por alternativas de locomo\u00e7\u00e3o &#8211; para economizar dinheiro e tempo no tr\u00e2nsito, ter mais comodidade e a liberdade de ir e vir &#8211; em tempos de crise sanit\u00e1ria, o carro assume novo protagonismo na mobilidade urbana. Ele \u00e9 considerado o modal mais seguro\u2026 Leia mais \u00bb\" \/>\n<meta property=\"og:url\" content=\"https:\/\/dana.com.br\/canaldana\/2020\/08\/27\/carro-e-a-opcao-mais-segura-em-tempos-de-pandemia\/\" \/>\n<meta property=\"og:site_name\" content=\"Canal Dana\" \/>\n<meta property=\"article:published_time\" content=\"2020-08-27T11:25:09+00:00\" \/>\n<meta name=\"author\" content=\"Canal Dana\" \/>\n<meta name=\"twitter:card\" content=\"summary_large_image\" \/>\n<meta name=\"twitter:label1\" content=\"Escrito por\" \/>\n\t<meta name=\"twitter:data1\" content=\"Canal Dana\" \/>\n\t<meta name=\"twitter:label2\" content=\"Est. tempo de leitura\" \/>\n\t<meta name=\"twitter:data2\" content=\"6 minutos\" \/>\n<script type=\"application\/ld+json\" class=\"yoast-schema-graph\">{\"@context\":\"https:\\\/\\\/schema.org\",\"@graph\":[{\"@type\":\"Article\",\"@id\":\"https:\\\/\\\/dana.com.br\\\/canaldana\\\/2020\\\/08\\\/27\\\/carro-e-a-opcao-mais-segura-em-tempos-de-pandemia\\\/#article\",\"isPartOf\":{\"@id\":\"https:\\\/\\\/dana.com.br\\\/canaldana\\\/2020\\\/08\\\/27\\\/carro-e-a-opcao-mais-segura-em-tempos-de-pandemia\\\/\"},\"author\":{\"name\":\"Canal Dana\",\"@id\":\"https:\\\/\\\/dana.com.br\\\/canaldana\\\/#\\\/schema\\\/person\\\/3c21f22f56fcf3bc46b94bc60ea4fef6\"},\"headline\":\"Carro \u00e9 a op\u00e7\u00e3o mais segura em tempos de pandemia\",\"datePublished\":\"2020-08-27T11:25:09+00:00\",\"mainEntityOfPage\":{\"@id\":\"https:\\\/\\\/dana.com.br\\\/canaldana\\\/2020\\\/08\\\/27\\\/carro-e-a-opcao-mais-segura-em-tempos-de-pandemia\\\/\"},\"wordCount\":1183,\"articleSection\":[\"Mercado\"],\"inLanguage\":\"pt-BR\"},{\"@type\":\"WebPage\",\"@id\":\"https:\\\/\\\/dana.com.br\\\/canaldana\\\/2020\\\/08\\\/27\\\/carro-e-a-opcao-mais-segura-em-tempos-de-pandemia\\\/\",\"url\":\"https:\\\/\\\/dana.com.br\\\/canaldana\\\/2020\\\/08\\\/27\\\/carro-e-a-opcao-mais-segura-em-tempos-de-pandemia\\\/\",\"name\":\"Carro \u00e9 a op\u00e7\u00e3o mais segura em tempos de pandemia - Canal Dana\",\"isPartOf\":{\"@id\":\"https:\\\/\\\/dana.com.br\\\/canaldana\\\/#website\"},\"datePublished\":\"2020-08-27T11:25:09+00:00\",\"author\":{\"@id\":\"https:\\\/\\\/dana.com.br\\\/canaldana\\\/#\\\/schema\\\/person\\\/3c21f22f56fcf3bc46b94bc60ea4fef6\"},\"breadcrumb\":{\"@id\":\"https:\\\/\\\/dana.com.br\\\/canaldana\\\/2020\\\/08\\\/27\\\/carro-e-a-opcao-mais-segura-em-tempos-de-pandemia\\\/#breadcrumb\"},\"inLanguage\":\"pt-BR\",\"potentialAction\":[{\"@type\":\"ReadAction\",\"target\":[\"https:\\\/\\\/dana.com.br\\\/canaldana\\\/2020\\\/08\\\/27\\\/carro-e-a-opcao-mais-segura-em-tempos-de-pandemia\\\/\"]}]},{\"@type\":\"BreadcrumbList\",\"@id\":\"https:\\\/\\\/dana.com.br\\\/canaldana\\\/2020\\\/08\\\/27\\\/carro-e-a-opcao-mais-segura-em-tempos-de-pandemia\\\/#breadcrumb\",\"itemListElement\":[{\"@type\":\"ListItem\",\"position\":1,\"name\":\"Home\",\"item\":\"https:\\\/\\\/dana.com.br\\\/canaldana\\\/\"},{\"@type\":\"ListItem\",\"position\":2,\"name\":\"Mercado\",\"item\":\"https:\\\/\\\/dana.com.br\\\/canaldana\\\/mercado\\\/\"},{\"@type\":\"ListItem\",\"position\":3,\"name\":\"Carro \u00e9 a op\u00e7\u00e3o mais segura em tempos de pandemia\"}]},{\"@type\":\"WebSite\",\"@id\":\"https:\\\/\\\/dana.com.br\\\/canaldana\\\/#website\",\"url\":\"https:\\\/\\\/dana.com.br\\\/canaldana\\\/\",\"name\":\"Canal Dana\",\"description\":\"Informativo com as principais not\u00edcias da ind\u00fastria automotiva\",\"potentialAction\":[{\"@type\":\"SearchAction\",\"target\":{\"@type\":\"EntryPoint\",\"urlTemplate\":\"https:\\\/\\\/dana.com.br\\\/canaldana\\\/?s={search_term_string}\"},\"query-input\":{\"@type\":\"PropertyValueSpecification\",\"valueRequired\":true,\"valueName\":\"search_term_string\"}}],\"inLanguage\":\"pt-BR\"},{\"@type\":\"Person\",\"@id\":\"https:\\\/\\\/dana.com.br\\\/canaldana\\\/#\\\/schema\\\/person\\\/3c21f22f56fcf3bc46b94bc60ea4fef6\",\"name\":\"Canal Dana\",\"image\":{\"@type\":\"ImageObject\",\"inLanguage\":\"pt-BR\",\"@id\":\"https:\\\/\\\/secure.gravatar.com\\\/avatar\\\/420aaf9278582877d9018637c6817617705899d2858d7572ef0fe59a6b6454b4?s=96&d=mm&r=g\",\"url\":\"https:\\\/\\\/secure.gravatar.com\\\/avatar\\\/420aaf9278582877d9018637c6817617705899d2858d7572ef0fe59a6b6454b4?s=96&d=mm&r=g\",\"contentUrl\":\"https:\\\/\\\/secure.gravatar.com\\\/avatar\\\/420aaf9278582877d9018637c6817617705899d2858d7572ef0fe59a6b6454b4?s=96&d=mm&r=g\",\"caption\":\"Canal Dana\"},\"url\":\"https:\\\/\\\/dana.com.br\\\/canaldana\\\/author\\\/cdeditor\\\/\"}]}<\/script>\n<!-- \/ Yoast SEO plugin. -->","yoast_head_json":{"title":"Carro \u00e9 a op\u00e7\u00e3o mais segura em tempos de pandemia - Canal Dana","robots":{"index":"index","follow":"follow","max-snippet":"max-snippet:-1","max-image-preview":"max-image-preview:large","max-video-preview":"max-video-preview:-1"},"canonical":"https:\/\/dana.com.br\/canaldana\/2020\/08\/27\/carro-e-a-opcao-mais-segura-em-tempos-de-pandemia\/","og_locale":"pt_BR","og_type":"article","og_title":"Carro \u00e9 a op\u00e7\u00e3o mais segura em tempos de pandemia - Canal Dana","og_description":"O Estado de S. Paulo\/Movida, Media Lab Estad\u00e3o &nbsp; Apesar da busca por alternativas de locomo\u00e7\u00e3o &#8211; para economizar dinheiro e tempo no tr\u00e2nsito, ter mais comodidade e a liberdade de ir e vir &#8211; em tempos de crise sanit\u00e1ria, o carro assume novo protagonismo na mobilidade urbana. Ele \u00e9 considerado o modal mais seguro\u2026 Leia mais \u00bb","og_url":"https:\/\/dana.com.br\/canaldana\/2020\/08\/27\/carro-e-a-opcao-mais-segura-em-tempos-de-pandemia\/","og_site_name":"Canal Dana","article_published_time":"2020-08-27T11:25:09+00:00","author":"Canal Dana","twitter_card":"summary_large_image","twitter_misc":{"Escrito por":"Canal Dana","Est. tempo de leitura":"6 minutos"},"schema":{"@context":"https:\/\/schema.org","@graph":[{"@type":"Article","@id":"https:\/\/dana.com.br\/canaldana\/2020\/08\/27\/carro-e-a-opcao-mais-segura-em-tempos-de-pandemia\/#article","isPartOf":{"@id":"https:\/\/dana.com.br\/canaldana\/2020\/08\/27\/carro-e-a-opcao-mais-segura-em-tempos-de-pandemia\/"},"author":{"name":"Canal Dana","@id":"https:\/\/dana.com.br\/canaldana\/#\/schema\/person\/3c21f22f56fcf3bc46b94bc60ea4fef6"},"headline":"Carro \u00e9 a op\u00e7\u00e3o mais segura em tempos de pandemia","datePublished":"2020-08-27T11:25:09+00:00","mainEntityOfPage":{"@id":"https:\/\/dana.com.br\/canaldana\/2020\/08\/27\/carro-e-a-opcao-mais-segura-em-tempos-de-pandemia\/"},"wordCount":1183,"articleSection":["Mercado"],"inLanguage":"pt-BR"},{"@type":"WebPage","@id":"https:\/\/dana.com.br\/canaldana\/2020\/08\/27\/carro-e-a-opcao-mais-segura-em-tempos-de-pandemia\/","url":"https:\/\/dana.com.br\/canaldana\/2020\/08\/27\/carro-e-a-opcao-mais-segura-em-tempos-de-pandemia\/","name":"Carro \u00e9 a op\u00e7\u00e3o mais segura em tempos de pandemia - Canal Dana","isPartOf":{"@id":"https:\/\/dana.com.br\/canaldana\/#website"},"datePublished":"2020-08-27T11:25:09+00:00","author":{"@id":"https:\/\/dana.com.br\/canaldana\/#\/schema\/person\/3c21f22f56fcf3bc46b94bc60ea4fef6"},"breadcrumb":{"@id":"https:\/\/dana.com.br\/canaldana\/2020\/08\/27\/carro-e-a-opcao-mais-segura-em-tempos-de-pandemia\/#breadcrumb"},"inLanguage":"pt-BR","potentialAction":[{"@type":"ReadAction","target":["https:\/\/dana.com.br\/canaldana\/2020\/08\/27\/carro-e-a-opcao-mais-segura-em-tempos-de-pandemia\/"]}]},{"@type":"BreadcrumbList","@id":"https:\/\/dana.com.br\/canaldana\/2020\/08\/27\/carro-e-a-opcao-mais-segura-em-tempos-de-pandemia\/#breadcrumb","itemListElement":[{"@type":"ListItem","position":1,"name":"Home","item":"https:\/\/dana.com.br\/canaldana\/"},{"@type":"ListItem","position":2,"name":"Mercado","item":"https:\/\/dana.com.br\/canaldana\/mercado\/"},{"@type":"ListItem","position":3,"name":"Carro \u00e9 a op\u00e7\u00e3o mais segura em tempos de pandemia"}]},{"@type":"WebSite","@id":"https:\/\/dana.com.br\/canaldana\/#website","url":"https:\/\/dana.com.br\/canaldana\/","name":"Canal Dana","description":"Informativo com as principais not\u00edcias da ind\u00fastria automotiva","potentialAction":[{"@type":"SearchAction","target":{"@type":"EntryPoint","urlTemplate":"https:\/\/dana.com.br\/canaldana\/?s={search_term_string}"},"query-input":{"@type":"PropertyValueSpecification","valueRequired":true,"valueName":"search_term_string"}}],"inLanguage":"pt-BR"},{"@type":"Person","@id":"https:\/\/dana.com.br\/canaldana\/#\/schema\/person\/3c21f22f56fcf3bc46b94bc60ea4fef6","name":"Canal Dana","image":{"@type":"ImageObject","inLanguage":"pt-BR","@id":"https:\/\/secure.gravatar.com\/avatar\/420aaf9278582877d9018637c6817617705899d2858d7572ef0fe59a6b6454b4?s=96&d=mm&r=g","url":"https:\/\/secure.gravatar.com\/avatar\/420aaf9278582877d9018637c6817617705899d2858d7572ef0fe59a6b6454b4?s=96&d=mm&r=g","contentUrl":"https:\/\/secure.gravatar.com\/avatar\/420aaf9278582877d9018637c6817617705899d2858d7572ef0fe59a6b6454b4?s=96&d=mm&r=g","caption":"Canal Dana"},"url":"https:\/\/dana.com.br\/canaldana\/author\/cdeditor\/"}]}},"_links":{"self":[{"href":"https:\/\/dana.com.br\/canaldana\/wp-json\/wp\/v2\/posts\/44449","targetHints":{"allow":["GET"]}}],"collection":[{"href":"https:\/\/dana.com.br\/canaldana\/wp-json\/wp\/v2\/posts"}],"about":[{"href":"https:\/\/dana.com.br\/canaldana\/wp-json\/wp\/v2\/types\/post"}],"author":[{"embeddable":true,"href":"https:\/\/dana.com.br\/canaldana\/wp-json\/wp\/v2\/users\/3"}],"replies":[{"embeddable":true,"href":"https:\/\/dana.com.br\/canaldana\/wp-json\/wp\/v2\/comments?post=44449"}],"version-history":[{"count":0,"href":"https:\/\/dana.com.br\/canaldana\/wp-json\/wp\/v2\/posts\/44449\/revisions"}],"wp:attachment":[{"href":"https:\/\/dana.com.br\/canaldana\/wp-json\/wp\/v2\/media?parent=44449"}],"wp:term":[{"taxonomy":"category","embeddable":true,"href":"https:\/\/dana.com.br\/canaldana\/wp-json\/wp\/v2\/categories?post=44449"},{"taxonomy":"post_tag","embeddable":true,"href":"https:\/\/dana.com.br\/canaldana\/wp-json\/wp\/v2\/tags?post=44449"}],"curies":[{"name":"wp","href":"https:\/\/api.w.org\/{rel}","templated":true}]}}