{"id":44426,"date":"2020-08-26T08:41:46","date_gmt":"2020-08-26T11:41:46","guid":{"rendered":"https:\/\/dana.com.br\/canaldana\/?p=44426"},"modified":"2020-08-26T08:41:46","modified_gmt":"2020-08-26T11:41:46","slug":"previa-da-inflacao-tem-alta-de-023-puxada-pelos-combustiveis","status":"publish","type":"post","link":"https:\/\/dana.com.br\/canaldana\/2020\/08\/26\/previa-da-inflacao-tem-alta-de-023-puxada-pelos-combustiveis\/","title":{"rendered":"Pr\u00e9via da infla\u00e7\u00e3o tem alta de 0,23% puxada pelos combust\u00edveis"},"content":{"rendered":"<p><em>O Estado de S. Paulo <\/em><\/p>\n<p>&nbsp;<\/p>\n<p>Os descontos nas mensalidades escolares decorrentes da suspens\u00e3o das aulas presenciais durante a pandemia do novo coronav\u00edrus frearam a pr\u00e9via da infla\u00e7\u00e3o oficial no Pa\u00eds em agosto. O \u00cdndice Nacional de Pre\u00e7os ao Consumidor Amplo15 (IPCA-15) desacelerou de uma alta de 0,30% em julho para um avan\u00e7o de 0,23%, informou ontem o IBGE.<\/p>\n<p>&nbsp;<\/p>\n<p>Embora n\u00e3o tenha surpreendido, o resultado ainda foi o mais elevado para o m\u00eas desde 2017. A taxa acumulada pelo IPCA-15 em 12 meses subiu a 2,28%, ante uma meta de 4% perseguida pelo Banco Central este ano.<\/p>\n<p>&nbsp;<\/p>\n<p>Em agosto, o grupo Educa\u00e7\u00e3o teve defla\u00e7\u00e3o de 3,27%, o equivalente a uma contribui\u00e7\u00e3o negativa de 0,21 ponto porcentual para o IPCA-15. Os descontos concedidos por diferentes institui\u00e7\u00f5es de ensino desde o in\u00edcio da pandemia foram apropriados pelo IPCA-15 apenas em agosto. Os pre\u00e7os dos cursos regulares recuaram 4,01%, mas a maior queda foi observada na pr\u00e9-escola (-7,30%), seguida por cursos de p\u00f3s-gradua\u00e7\u00e3o (-5,83%) e educa\u00e7\u00e3o de jovens e adultos (-4,74%). O custo do ensino superior encolheu 3,91%.<\/p>\n<p>&nbsp;<\/p>\n<p>\u201cEu esperava uma queda de 2,0% em cursos regulares e veio 4,0%, acabou surpreendendo. Como \u00e9 um item que praticamente repete a taxa do IPCA-15, tem um vi\u00e9s de baixa na minha estimativa de 0,12% para o IPCA de agosto\u201d, disse o economista-chefe da Ativa Investimentos, \u00c9tore Sanchez.<\/p>\n<p>&nbsp;<\/p>\n<p>Segundo o economista Jo\u00e3o Fernandes, da gestora de recursos Quantitas, a queda nos gastos das fam\u00edlias com Educa\u00e7\u00e3o foi relevante e deve ajudar a reduzir a infla\u00e7\u00e3o no fechamento de 2020.<\/p>\n<p>&nbsp;<\/p>\n<p>\u201cIsso \u00e9 relevante porque vai continuar pressionando para baixo at\u00e9 fevereiro, quando tem a pr\u00f3xima coleta, mas vai fazer press\u00e3o para cima no IPCA de 2021, quando as aulas voltarem e os descontos forem retirados\u201d, afirmou Fernandes, que manteve sua proje\u00e7\u00e3o de 1,8% para o IPCA de 2020, seguido por uma alta de 2,8% em 2021.<\/p>\n<p>&nbsp;<\/p>\n<p>Por outro lado, os combust\u00edveis mais caros ainda pressionaram o or\u00e7amento das fam\u00edlias em agosto. A gasolina avan\u00e7ou 2,63%, item de maior press\u00e3o individual sobre a infla\u00e7\u00e3o, respons\u00e1vel por mais da metade do IPCA-15, 0,12 ponto porcentual. As passagens a\u00e9reas ficaram 1,88% mais baratas em agosto. Tamb\u00e9m recuaram o transporte por aplicativo (-6,75%) e o seguro de ve\u00edculo (-1,92%).<\/p>\n<p>&nbsp;<\/p>\n<p>O grupo Alimenta\u00e7\u00e3o e bebidas passou de um recuo de 0,13% em julho para um aumento de 0,34% em agosto. Os alimentos para consumo no domic\u00edlio subiram 0,61%, impulsionados especialmente pelos aumentos nas carnes (3,06%), leite longa vida (4,36%) e frutas (2,47%). Arroz (2,22%) e p\u00e3o franc\u00eas (0,99%) tamb\u00e9m subiram. (O Estado de S. Paulo\/Daniela Amorim e C\u00edcero Cotrim)<\/p>\n","protected":false},"excerpt":{"rendered":"<p>O Estado de S. Paulo &nbsp; Os descontos nas mensalidades escolares decorrentes da suspens\u00e3o das aulas presenciais durante a pandemia do novo coronav\u00edrus frearam a pr\u00e9via da infla\u00e7\u00e3o oficial no Pa\u00eds em agosto. O \u00cdndice Nacional de Pre\u00e7os ao Consumidor Amplo15 (IPCA-15) desacelerou de uma alta de 0,30% em julho para um avan\u00e7o de 0,23%,\u2026 <a class=\"readmore\" href=\"https:\/\/dana.com.br\/canaldana\/2020\/08\/26\/previa-da-inflacao-tem-alta-de-023-puxada-pelos-combustiveis\/\">Leia mais \u00bb<\/a><\/p>\n","protected":false},"author":3,"featured_media":0,"comment_status":"closed","ping_status":"closed","sticky":false,"template":"","format":"standard","meta":{"_acf_changed":false,"footnotes":""},"categories":[79],"tags":[],"class_list":["post-44426","post","type-post","status-publish","format-standard","hentry","category-mercado"],"acf":[],"yoast_head":"<!-- This site is optimized with the Yoast SEO plugin v27.3 - https:\/\/yoast.com\/product\/yoast-seo-wordpress\/ -->\n<title>Pr\u00e9via da infla\u00e7\u00e3o tem alta de 0,23% puxada pelos combust\u00edveis - Canal Dana<\/title>\n<meta name=\"robots\" content=\"index, follow, max-snippet:-1, max-image-preview:large, max-video-preview:-1\" \/>\n<link rel=\"canonical\" href=\"https:\/\/dana.com.br\/canaldana\/2020\/08\/26\/previa-da-inflacao-tem-alta-de-023-puxada-pelos-combustiveis\/\" \/>\n<meta property=\"og:locale\" content=\"pt_BR\" \/>\n<meta property=\"og:type\" content=\"article\" \/>\n<meta property=\"og:title\" content=\"Pr\u00e9via da infla\u00e7\u00e3o tem alta de 0,23% puxada pelos combust\u00edveis - Canal Dana\" \/>\n<meta property=\"og:description\" content=\"O Estado de S. Paulo &nbsp; Os descontos nas mensalidades escolares decorrentes da suspens\u00e3o das aulas presenciais durante a pandemia do novo coronav\u00edrus frearam a pr\u00e9via da infla\u00e7\u00e3o oficial no Pa\u00eds em agosto. O \u00cdndice Nacional de Pre\u00e7os ao Consumidor Amplo15 (IPCA-15) desacelerou de uma alta de 0,30% em julho para um avan\u00e7o de 0,23%,\u2026 Leia mais \u00bb\" \/>\n<meta property=\"og:url\" content=\"https:\/\/dana.com.br\/canaldana\/2020\/08\/26\/previa-da-inflacao-tem-alta-de-023-puxada-pelos-combustiveis\/\" \/>\n<meta property=\"og:site_name\" content=\"Canal Dana\" \/>\n<meta property=\"article:published_time\" content=\"2020-08-26T11:41:46+00:00\" \/>\n<meta name=\"author\" content=\"Canal Dana\" \/>\n<meta name=\"twitter:card\" content=\"summary_large_image\" \/>\n<meta name=\"twitter:label1\" content=\"Escrito por\" \/>\n\t<meta name=\"twitter:data1\" content=\"Canal Dana\" \/>\n\t<meta name=\"twitter:label2\" content=\"Est. tempo de leitura\" \/>\n\t<meta name=\"twitter:data2\" content=\"2 minutos\" \/>\n<script type=\"application\/ld+json\" class=\"yoast-schema-graph\">{\"@context\":\"https:\\\/\\\/schema.org\",\"@graph\":[{\"@type\":\"Article\",\"@id\":\"https:\\\/\\\/dana.com.br\\\/canaldana\\\/2020\\\/08\\\/26\\\/previa-da-inflacao-tem-alta-de-023-puxada-pelos-combustiveis\\\/#article\",\"isPartOf\":{\"@id\":\"https:\\\/\\\/dana.com.br\\\/canaldana\\\/2020\\\/08\\\/26\\\/previa-da-inflacao-tem-alta-de-023-puxada-pelos-combustiveis\\\/\"},\"author\":{\"name\":\"Canal Dana\",\"@id\":\"https:\\\/\\\/dana.com.br\\\/canaldana\\\/#\\\/schema\\\/person\\\/3c21f22f56fcf3bc46b94bc60ea4fef6\"},\"headline\":\"Pr\u00e9via da infla\u00e7\u00e3o tem alta de 0,23% puxada pelos combust\u00edveis\",\"datePublished\":\"2020-08-26T11:41:46+00:00\",\"mainEntityOfPage\":{\"@id\":\"https:\\\/\\\/dana.com.br\\\/canaldana\\\/2020\\\/08\\\/26\\\/previa-da-inflacao-tem-alta-de-023-puxada-pelos-combustiveis\\\/\"},\"wordCount\":459,\"articleSection\":[\"Mercado\"],\"inLanguage\":\"pt-BR\"},{\"@type\":\"WebPage\",\"@id\":\"https:\\\/\\\/dana.com.br\\\/canaldana\\\/2020\\\/08\\\/26\\\/previa-da-inflacao-tem-alta-de-023-puxada-pelos-combustiveis\\\/\",\"url\":\"https:\\\/\\\/dana.com.br\\\/canaldana\\\/2020\\\/08\\\/26\\\/previa-da-inflacao-tem-alta-de-023-puxada-pelos-combustiveis\\\/\",\"name\":\"Pr\u00e9via da infla\u00e7\u00e3o tem alta de 0,23% puxada pelos combust\u00edveis - Canal Dana\",\"isPartOf\":{\"@id\":\"https:\\\/\\\/dana.com.br\\\/canaldana\\\/#website\"},\"datePublished\":\"2020-08-26T11:41:46+00:00\",\"author\":{\"@id\":\"https:\\\/\\\/dana.com.br\\\/canaldana\\\/#\\\/schema\\\/person\\\/3c21f22f56fcf3bc46b94bc60ea4fef6\"},\"breadcrumb\":{\"@id\":\"https:\\\/\\\/dana.com.br\\\/canaldana\\\/2020\\\/08\\\/26\\\/previa-da-inflacao-tem-alta-de-023-puxada-pelos-combustiveis\\\/#breadcrumb\"},\"inLanguage\":\"pt-BR\",\"potentialAction\":[{\"@type\":\"ReadAction\",\"target\":[\"https:\\\/\\\/dana.com.br\\\/canaldana\\\/2020\\\/08\\\/26\\\/previa-da-inflacao-tem-alta-de-023-puxada-pelos-combustiveis\\\/\"]}]},{\"@type\":\"BreadcrumbList\",\"@id\":\"https:\\\/\\\/dana.com.br\\\/canaldana\\\/2020\\\/08\\\/26\\\/previa-da-inflacao-tem-alta-de-023-puxada-pelos-combustiveis\\\/#breadcrumb\",\"itemListElement\":[{\"@type\":\"ListItem\",\"position\":1,\"name\":\"Home\",\"item\":\"https:\\\/\\\/dana.com.br\\\/canaldana\\\/\"},{\"@type\":\"ListItem\",\"position\":2,\"name\":\"Mercado\",\"item\":\"https:\\\/\\\/dana.com.br\\\/canaldana\\\/mercado\\\/\"},{\"@type\":\"ListItem\",\"position\":3,\"name\":\"Pr\u00e9via da infla\u00e7\u00e3o tem alta de 0,23% puxada pelos combust\u00edveis\"}]},{\"@type\":\"WebSite\",\"@id\":\"https:\\\/\\\/dana.com.br\\\/canaldana\\\/#website\",\"url\":\"https:\\\/\\\/dana.com.br\\\/canaldana\\\/\",\"name\":\"Canal Dana\",\"description\":\"Informativo com as principais not\u00edcias da ind\u00fastria automotiva\",\"potentialAction\":[{\"@type\":\"SearchAction\",\"target\":{\"@type\":\"EntryPoint\",\"urlTemplate\":\"https:\\\/\\\/dana.com.br\\\/canaldana\\\/?s={search_term_string}\"},\"query-input\":{\"@type\":\"PropertyValueSpecification\",\"valueRequired\":true,\"valueName\":\"search_term_string\"}}],\"inLanguage\":\"pt-BR\"},{\"@type\":\"Person\",\"@id\":\"https:\\\/\\\/dana.com.br\\\/canaldana\\\/#\\\/schema\\\/person\\\/3c21f22f56fcf3bc46b94bc60ea4fef6\",\"name\":\"Canal Dana\",\"image\":{\"@type\":\"ImageObject\",\"inLanguage\":\"pt-BR\",\"@id\":\"https:\\\/\\\/secure.gravatar.com\\\/avatar\\\/420aaf9278582877d9018637c6817617705899d2858d7572ef0fe59a6b6454b4?s=96&d=mm&r=g\",\"url\":\"https:\\\/\\\/secure.gravatar.com\\\/avatar\\\/420aaf9278582877d9018637c6817617705899d2858d7572ef0fe59a6b6454b4?s=96&d=mm&r=g\",\"contentUrl\":\"https:\\\/\\\/secure.gravatar.com\\\/avatar\\\/420aaf9278582877d9018637c6817617705899d2858d7572ef0fe59a6b6454b4?s=96&d=mm&r=g\",\"caption\":\"Canal Dana\"},\"url\":\"https:\\\/\\\/dana.com.br\\\/canaldana\\\/author\\\/cdeditor\\\/\"}]}<\/script>\n<!-- \/ Yoast SEO plugin. -->","yoast_head_json":{"title":"Pr\u00e9via da infla\u00e7\u00e3o tem alta de 0,23% puxada pelos combust\u00edveis - Canal Dana","robots":{"index":"index","follow":"follow","max-snippet":"max-snippet:-1","max-image-preview":"max-image-preview:large","max-video-preview":"max-video-preview:-1"},"canonical":"https:\/\/dana.com.br\/canaldana\/2020\/08\/26\/previa-da-inflacao-tem-alta-de-023-puxada-pelos-combustiveis\/","og_locale":"pt_BR","og_type":"article","og_title":"Pr\u00e9via da infla\u00e7\u00e3o tem alta de 0,23% puxada pelos combust\u00edveis - Canal Dana","og_description":"O Estado de S. Paulo &nbsp; Os descontos nas mensalidades escolares decorrentes da suspens\u00e3o das aulas presenciais durante a pandemia do novo coronav\u00edrus frearam a pr\u00e9via da infla\u00e7\u00e3o oficial no Pa\u00eds em agosto. O \u00cdndice Nacional de Pre\u00e7os ao Consumidor Amplo15 (IPCA-15) desacelerou de uma alta de 0,30% em julho para um avan\u00e7o de 0,23%,\u2026 Leia mais \u00bb","og_url":"https:\/\/dana.com.br\/canaldana\/2020\/08\/26\/previa-da-inflacao-tem-alta-de-023-puxada-pelos-combustiveis\/","og_site_name":"Canal Dana","article_published_time":"2020-08-26T11:41:46+00:00","author":"Canal Dana","twitter_card":"summary_large_image","twitter_misc":{"Escrito por":"Canal Dana","Est. tempo de leitura":"2 minutos"},"schema":{"@context":"https:\/\/schema.org","@graph":[{"@type":"Article","@id":"https:\/\/dana.com.br\/canaldana\/2020\/08\/26\/previa-da-inflacao-tem-alta-de-023-puxada-pelos-combustiveis\/#article","isPartOf":{"@id":"https:\/\/dana.com.br\/canaldana\/2020\/08\/26\/previa-da-inflacao-tem-alta-de-023-puxada-pelos-combustiveis\/"},"author":{"name":"Canal Dana","@id":"https:\/\/dana.com.br\/canaldana\/#\/schema\/person\/3c21f22f56fcf3bc46b94bc60ea4fef6"},"headline":"Pr\u00e9via da infla\u00e7\u00e3o tem alta de 0,23% puxada pelos combust\u00edveis","datePublished":"2020-08-26T11:41:46+00:00","mainEntityOfPage":{"@id":"https:\/\/dana.com.br\/canaldana\/2020\/08\/26\/previa-da-inflacao-tem-alta-de-023-puxada-pelos-combustiveis\/"},"wordCount":459,"articleSection":["Mercado"],"inLanguage":"pt-BR"},{"@type":"WebPage","@id":"https:\/\/dana.com.br\/canaldana\/2020\/08\/26\/previa-da-inflacao-tem-alta-de-023-puxada-pelos-combustiveis\/","url":"https:\/\/dana.com.br\/canaldana\/2020\/08\/26\/previa-da-inflacao-tem-alta-de-023-puxada-pelos-combustiveis\/","name":"Pr\u00e9via da infla\u00e7\u00e3o tem alta de 0,23% puxada pelos combust\u00edveis - Canal Dana","isPartOf":{"@id":"https:\/\/dana.com.br\/canaldana\/#website"},"datePublished":"2020-08-26T11:41:46+00:00","author":{"@id":"https:\/\/dana.com.br\/canaldana\/#\/schema\/person\/3c21f22f56fcf3bc46b94bc60ea4fef6"},"breadcrumb":{"@id":"https:\/\/dana.com.br\/canaldana\/2020\/08\/26\/previa-da-inflacao-tem-alta-de-023-puxada-pelos-combustiveis\/#breadcrumb"},"inLanguage":"pt-BR","potentialAction":[{"@type":"ReadAction","target":["https:\/\/dana.com.br\/canaldana\/2020\/08\/26\/previa-da-inflacao-tem-alta-de-023-puxada-pelos-combustiveis\/"]}]},{"@type":"BreadcrumbList","@id":"https:\/\/dana.com.br\/canaldana\/2020\/08\/26\/previa-da-inflacao-tem-alta-de-023-puxada-pelos-combustiveis\/#breadcrumb","itemListElement":[{"@type":"ListItem","position":1,"name":"Home","item":"https:\/\/dana.com.br\/canaldana\/"},{"@type":"ListItem","position":2,"name":"Mercado","item":"https:\/\/dana.com.br\/canaldana\/mercado\/"},{"@type":"ListItem","position":3,"name":"Pr\u00e9via da infla\u00e7\u00e3o tem alta de 0,23% puxada pelos combust\u00edveis"}]},{"@type":"WebSite","@id":"https:\/\/dana.com.br\/canaldana\/#website","url":"https:\/\/dana.com.br\/canaldana\/","name":"Canal Dana","description":"Informativo com as principais not\u00edcias da ind\u00fastria automotiva","potentialAction":[{"@type":"SearchAction","target":{"@type":"EntryPoint","urlTemplate":"https:\/\/dana.com.br\/canaldana\/?s={search_term_string}"},"query-input":{"@type":"PropertyValueSpecification","valueRequired":true,"valueName":"search_term_string"}}],"inLanguage":"pt-BR"},{"@type":"Person","@id":"https:\/\/dana.com.br\/canaldana\/#\/schema\/person\/3c21f22f56fcf3bc46b94bc60ea4fef6","name":"Canal Dana","image":{"@type":"ImageObject","inLanguage":"pt-BR","@id":"https:\/\/secure.gravatar.com\/avatar\/420aaf9278582877d9018637c6817617705899d2858d7572ef0fe59a6b6454b4?s=96&d=mm&r=g","url":"https:\/\/secure.gravatar.com\/avatar\/420aaf9278582877d9018637c6817617705899d2858d7572ef0fe59a6b6454b4?s=96&d=mm&r=g","contentUrl":"https:\/\/secure.gravatar.com\/avatar\/420aaf9278582877d9018637c6817617705899d2858d7572ef0fe59a6b6454b4?s=96&d=mm&r=g","caption":"Canal Dana"},"url":"https:\/\/dana.com.br\/canaldana\/author\/cdeditor\/"}]}},"_links":{"self":[{"href":"https:\/\/dana.com.br\/canaldana\/wp-json\/wp\/v2\/posts\/44426","targetHints":{"allow":["GET"]}}],"collection":[{"href":"https:\/\/dana.com.br\/canaldana\/wp-json\/wp\/v2\/posts"}],"about":[{"href":"https:\/\/dana.com.br\/canaldana\/wp-json\/wp\/v2\/types\/post"}],"author":[{"embeddable":true,"href":"https:\/\/dana.com.br\/canaldana\/wp-json\/wp\/v2\/users\/3"}],"replies":[{"embeddable":true,"href":"https:\/\/dana.com.br\/canaldana\/wp-json\/wp\/v2\/comments?post=44426"}],"version-history":[{"count":0,"href":"https:\/\/dana.com.br\/canaldana\/wp-json\/wp\/v2\/posts\/44426\/revisions"}],"wp:attachment":[{"href":"https:\/\/dana.com.br\/canaldana\/wp-json\/wp\/v2\/media?parent=44426"}],"wp:term":[{"taxonomy":"category","embeddable":true,"href":"https:\/\/dana.com.br\/canaldana\/wp-json\/wp\/v2\/categories?post=44426"},{"taxonomy":"post_tag","embeddable":true,"href":"https:\/\/dana.com.br\/canaldana\/wp-json\/wp\/v2\/tags?post=44426"}],"curies":[{"name":"wp","href":"https:\/\/api.w.org\/{rel}","templated":true}]}}